{"id":11861,"date":"2017-06-02T12:55:13","date_gmt":"2017-06-02T10:55:13","guid":{"rendered":"https:\/\/www.rajapack.ch\/verpackungsnews\/?p=11861"},"modified":"2023-05-25T11:52:00","modified_gmt":"2023-05-25T09:52:00","slug":"baustellen-schutzhelme","status":"publish","type":"post","link":"https:\/\/www.rajapack.ch\/verpackungsnews\/baustellen-schutzhelme","title":{"rendered":"Arbeitsschutz auf Baustellen \u2013 Schutzhelme"},"content":{"rendered":"<h5>Der Sommer ist nicht nur Ferienhochzeit sondern auch f\u00fcr den Baubetrieb Hauptsaison. Meist merkt man das auch wenn man auf dem Weg in den Urlaub im Baustellenstau steht. Grund genug uns einmal genauer mit dem Thema Baustellen zu besch\u00e4ftigen. Denn auf Baustellen kommen zahlreiche Materialien zum Einsatz die wir nur zu gut kennen: Paletten, Kartons, Cutter, Leitern\u2026und nat\u00fcrlich\u00a0<a href=\"\/verpackungsnews\/arbeitskleidung-und-schutzkleidung\" target=\"_blank\" rel=\"noopener\">Arbeitsschutzkleidung<\/a>. Und die ist auf dem Bau von ganz entscheidender Bedeutung.<\/h5>\n<div class=\"su-spacer\" style=\"height:20px\"><\/div><div class=\"su-divider su-divider-style-default\" style=\"margin:15px 0;border-width:3px;border-color:#999999\"><\/div><div class=\"su-spacer\" style=\"height:20px\"><\/div>\n<h2>Die Pers\u00f6nliche Schutzausr\u00fcstung als Bestandteil des Arbeitsschutzes<\/h2>\n<div class=\"su-spacer\" style=\"height:20px\"><\/div>\n<p>Mit dem\u00a0<a href=\"https:\/\/www.fedlex.admin.ch\/eli\/cc\/1966\/57_57_57\/de\" target=\"_blank\" rel=\"noopener noreferrer\">Arbeitsgesetz <\/a>\u00a0soll die Gesundheit aller Besch\u00e4ftigten gesichert und verbessert werden.\u00a0 Gem\u00e4ss Unfallversicherungsgesetzt sind Arbeitgeberinnen und Arbeitgeber f\u00fcr die Einhaltung der Sicherheitsregeln im Betrieb zust\u00e4ndig. Ein wesentlicher Bestandteil des Arbeitsschutzes ist die <a href=\"https:\/\/www.ekas.admin.ch\/download.php\" target=\"_blank\" rel=\"noopener noreferrer\">Gefahrenermittlung<\/a>. Alle Arbeitgeber sind verpflichtet eine angemessene Evaluierung f\u00fcr alle Arbeitspl\u00e4tze durchzuf\u00fchren und zwar unabh\u00e4ngig von der Anzahl der Besch\u00e4ftigten. Entsprechend dieser Beurteilung m\u00fcssen Schutzmassnahmen f\u00fcr die Arbeitnehmer ergriffen werden. Ein Bestandteil ist die Pers\u00f6nliche Schutzausr\u00fcstung (PSA). Darunter f\u00e4llt jede Ausr\u00fcstung, die vor einer Gef\u00e4hrdung f\u00fcr Sicherheit und Gesundheit sch\u00fctzen, sowie die damit verbundene Zusatzausr\u00fcstung.<\/p>\n<p>Arbeiten auf Baustellen sind im Vergleich zu anderen Wirtschaftszweigen mit sehr hohen Verletzungsrisiken verbunden. Daher gibt es f\u00fcr Baustellen ein spezielle\u00a0<a href=\"https:\/\/www.fedlex.admin.ch\/eli\/cc\/2021\/384\/de\" target=\"_blank\" rel=\"noopener noreferrer\">Bauarbeitenverordnung (BauAV) <\/a>\u00a0zur Planung und Umsetzung des Arbeitsschutzes.<\/p>\n<p>Im Baugewerbe bestehen zahlreiche Gefahren die eine angemessene Arbeitskleidung unerl\u00e4sslich machen. Neben Fussschutz, Absturzsicherung sind Atemschutzmasken, Schutzhandschuhe, Hautschutz, Schutzkleidung, Augen- und Gesichtsschutz, Knieschutz, Geh\u00f6rschutz und nat\u00fcrlich der Kopfschutz ganz entscheidend. Der Kopf muss also gewissermassen gut \u201everpackt\u201c werden. Und beim Verpacken wissen wir Bescheid.<\/p>\n<h2>Schutzhelme f\u00fcr den Bau<\/h2>\n<div class=\"su-spacer\" style=\"height:20px\"><\/div>\n<p>58.872 Arbeitsunf\u00e4lle mit Kopfverletzungen hat die deutsche <a href=\"https:\/\/publikationen.dguv.de\/widgets\/pdf\/download\/article\/3680\" target=\"_blank\" rel=\"noopener\">BG Bau 2018<\/a> registriert. Von allen Todesf\u00e4llen wird der Kopf mit 86 F\u00e4llen am H\u00e4ufigsten als verletzte K\u00f6rperregion genannt. Bezogen auf die Anzahl der meldepflichtigen Unf\u00e4lle ergeben sich hier 1,4 Todesf\u00e4lle je tausend meldepflichtiger Unf\u00e4lle. Die Gefahren die einen Kopfschutz auf Baustellen notwendig machen sind besonders zahlreich: Gegenst\u00e4nde k\u00f6nnen herunterfallen, pendeln oder wegfliegen und die Gefahr sich den Kopf zu stossen ist sehr hoch. Industrieschutzhelme sind daher absolut notwendig und m\u00fcssen somit vom Arbeitgeber bereitgestellt werden.<br \/>\nDie\u00a0<a href=\"https:\/\/www.rajapack.ch\/de_CH\/arbeitsschutz-reinigungsprodukte\/schutzhelme_C608520.html\" target=\"_blank\" rel=\"noopener\">Schutzhelme<\/a>\u00a0bestehen aus einer \u00e4usseren Helmschale und einer Innenausstattung. Die Helmschale nimmt die von aussen wirkenden Kr\u00e4fte auf und leitet sie auf die Innenausstattung weiter. Bauhelme m\u00fcssen der DIN Norm EN 397 (Industrieschutzhelme) entsprechen und damit die folgenden Grundanforderungen erf\u00fcllen:<\/p>\n<ul>\n<li>Stossd\u00e4mpfung um vor herabfallenden Gegenst\u00e4nden oder pendelnden Lasten zu sch\u00fctzen<\/li>\n<li>Durchdringungsfestigkeit zum Schutz vor Spritzern und gegen Schmutz, aber auch vor spitzen und scharfen Gegenst\u00e4nden<\/li>\n<li>Flammbest\u00e4ndigkeit<\/li>\n<li>Gew\u00e4hrleistung des Sitzes am Kopf durch eine verstellbare Innenausstattung<\/li>\n<\/ul>\n<p>Die Innenausstattung besteht meist aus einer Sechs-Punkt-Textilbandaufh\u00e4ngung sowie einem Drehradsystem f\u00fcr die Weitenregulierung. Variable Ventilations\u00f6ffnungen sorgen f\u00fcr eine gute Bel\u00fcftung auch bei w\u00e4rmeren Temperaturen.<\/p>\n<p>Viele Helme erf\u00fcllen zus\u00e4tzliche Schutzfunktionen wie \u00a0zum Beispiel:<\/p>\n<ul>\n<li>Schutz bei sehr niedrigen Temperaturen (bis -30\u00b0C) oder sehr hohen Temperaturen (+150\u00b0C)<\/li>\n<li>bestimmte elektrisch isolierende Eigenschaften z.B. bis 440 V.<\/li>\n<\/ul>\n<div class=\"su-image-carousel su-image-carousel-has-spacing su-image-carousel-has-outline su-image-carousel-adaptive su-image-carousel-slides-style-default su-image-carousel-controls-style-light su-image-carousel-align-center\" style=\"\" data-flickity-options='{\"groupCells\":true,\"cellSelector\":\".su-image-carousel-item\",\"adaptiveHeight\":true,\"cellAlign\":\"left\",\"prevNextButtons\":true,\"pageDots\":false,\"autoPlay\":3000,\"imagesLoaded\":true,\"contain\":false,\"selectedAttraction\":0.025,\"friction\":0.28}' id=\"su_image_carousel_69f2f99bf2763\"><div class=\"su-image-carousel-item\"><div class=\"su-image-carousel-item-content\"><img loading=\"lazy\" decoding=\"async\" width=\"699\" height=\"513\" src=\"https:\/\/www.rajapack.ch\/verpackungsnews\/wp-content\/uploads\/2017\/06\/quelle-bgbau-medien.jpg\" class=\"\" alt=\"Schutzhelm Aufbau BGBAU\" srcset=\"https:\/\/www.rajapack.ch\/verpackungsnews\/wp-content\/uploads\/2017\/06\/quelle-bgbau-medien.jpg 699w, https:\/\/www.rajapack.ch\/verpackungsnews\/wp-content\/uploads\/2017\/06\/quelle-bgbau-medien-430x316.jpg 430w\" sizes=\"(max-width: 699px) 100vw, 699px\" \/><span>Quelle: BGBau<\/span><\/div><\/div><\/div><script id=\"su_image_carousel_69f2f99bf2763_script\">if(window.SUImageCarousel){setTimeout(function() {window.SUImageCarousel.initGallery(document.getElementById(\"su_image_carousel_69f2f99bf2763\"))}, 0);}var su_image_carousel_69f2f99bf2763_script=document.getElementById(\"su_image_carousel_69f2f99bf2763_script\");if(su_image_carousel_69f2f99bf2763_script){su_image_carousel_69f2f99bf2763_script.parentNode.removeChild(su_image_carousel_69f2f99bf2763_script);}<\/script>\n<p>Zus\u00e4tzlich m\u00fcssen Industrieschutzhelme mit einer Kennzeichnung versehen sein, die folgende Informationen enthalten:<\/p>\n<ul>\n<li>Das CE Kennzeichen sowie die Kennnummer der gemeldeten Stelle die die Produktions\u00fcberwachung durchf\u00fchrt (durch die Anbringung der CE-Kennzeichnung best\u00e4tigt der Hersteller, dass das Produkt den geltenden europ\u00e4ischen Richtlinien entspricht)<\/li>\n<li>Die angewendete Norm (EN 397 f\u00fcr Industrieschutzhelme)<\/li>\n<li>Name und Zeichen des Herstellers<\/li>\n<li>Jahr und Quartal der Herstellung<\/li>\n<li>Typbezeichnung des Herstellers<\/li>\n<li>Gr\u00f6sse oder Gr\u00f6ssenbereich (Kopfumfang in cm)<\/li>\n<li>Bei Industrieschutzhelmen Kurzzeichen des verwendeten Helmmaterials (z. B. PE f\u00fcr Polyethylen)<\/li>\n<\/ul>\n<div class=\"su-image-carousel su-image-carousel-has-spacing su-image-carousel-has-outline su-image-carousel-adaptive su-image-carousel-slides-style-default su-image-carousel-controls-style-light su-image-carousel-align-center\" style=\"\" data-flickity-options='{\"groupCells\":true,\"cellSelector\":\".su-image-carousel-item\",\"adaptiveHeight\":true,\"cellAlign\":\"left\",\"prevNextButtons\":true,\"pageDots\":false,\"autoPlay\":3000,\"imagesLoaded\":true,\"contain\":false,\"selectedAttraction\":0.025,\"friction\":0.28}' id=\"su_image_carousel_69f2f99bf2ff8\"><div class=\"su-image-carousel-item\"><div class=\"su-image-carousel-item-content\"><img loading=\"lazy\" decoding=\"async\" width=\"690\" height=\"380\" src=\"https:\/\/www.rajapack.ch\/verpackungsnews\/wp-content\/uploads\/2017\/06\/helm-kennzeichnung.jpg\" class=\"\" alt=\"Kennzeichnung Schutzhelm\" srcset=\"https:\/\/www.rajapack.ch\/verpackungsnews\/wp-content\/uploads\/2017\/06\/helm-kennzeichnung.jpg 690w, https:\/\/www.rajapack.ch\/verpackungsnews\/wp-content\/uploads\/2017\/06\/helm-kennzeichnung-430x237.jpg 430w\" sizes=\"(max-width: 690px) 100vw, 690px\" \/><span>Beispiel der Helmkennzeichnung<\/span><\/div><\/div><\/div><script id=\"su_image_carousel_69f2f99bf2ff8_script\">if(window.SUImageCarousel){setTimeout(function() {window.SUImageCarousel.initGallery(document.getElementById(\"su_image_carousel_69f2f99bf2ff8\"))}, 0);}var su_image_carousel_69f2f99bf2ff8_script=document.getElementById(\"su_image_carousel_69f2f99bf2ff8_script\");if(su_image_carousel_69f2f99bf2ff8_script){su_image_carousel_69f2f99bf2ff8_script.parentNode.removeChild(su_image_carousel_69f2f99bf2ff8_script);}<\/script>\n<h2>Haltbarkeit von Helmen<\/h2>\n<div class=\"su-spacer\" style=\"height:20px\"><\/div>\n<p>Industriehelme aus thermoplastischen Kunststoffen (PE, PP, PC und ABS) sollten laut DGUV maximal 4 Jahre ab Herstellungsdatum verwendet werden, da ihre Schutzwirkung aufgrund von Faktoren wir Witterungseinfl\u00fcssen, UV-Bestrahlung und Luftverunreinigung nachl\u00e4sst. Nach einem harten Schlag oder wenn der Helm zu Boden gefallen ist sollte er ebenfalls sofort ausgewechselt werden, denn die Stabilit\u00e4t kann auch durch nicht sichtbare Ver\u00e4nderungen eingeschr\u00e4nkt sein.<\/p>\n<div class=\"su-spacer\" style=\"height:20px\"><\/div>\n<h2>Was hat es mit den Farben auf sich?<\/h2>\n<div class=\"su-spacer\" style=\"height:20px\"><\/div>\n<p>Auf Baustellen sind meist sehr viele verschiedene Arbeiter Helmen in unterschiedlichen Farben unterwegs. Und das hat einen Grund, jede Farbe steht f\u00fcr eine Funktion bzw. Aufgabe der jeweiligen Person auf der Baustelle. Zwar handelt es sich hier nicht um eine offizielle Vorgabe und die Helmfarbe unterscheidet sich h\u00e4ufig je nach Bauunternehmen und Gr\u00f6sse der Baustelle. Bei Grossbaustellen ist jedoch h\u00e4ufig die folgende Farbeinteilung vorzufinden:<\/p>\n<ul>\n<li>Weisse Helme werden auf Baustellen h\u00e4ufig von Personen getragen, die keinen permanenten Zugang zur Baustelle haben oder sich nicht permanent dort aufhalten. So werden weisse Helme meist von Besuchern getragen aber auch von Angeh\u00f6rigen der Bauleitung oder Polieren.<\/li>\n<li>Gelbe Helme werden meist von Maurern oder Lagerverwaltern getragen.<\/li>\n<li>Orangefarbene von Eisenflechtern und Stahlbetonbauern, gr\u00fcne Helme f\u00fcr Zimmerer und blaue Helme f\u00fcr Schlosser oder die Sanit\u00e4rbranche.<\/li>\n<\/ul>\n<p>Beim n\u00e4chsten Stau vor der Baustelle wissen wir also ganz genau Bescheid wer da gerade arbeitet. \ud83d\ude42<\/p>\n","protected":false},"excerpt":{"rendered":"<p>Der Sommer ist nicht nur Ferienhochzeit sondern auch f\u00fcr den Baubetrieb Hauptsaison. Meist merkt man das auch wenn man auf dem Weg in den Urlaub im Baustellenstau steht. Grund genug [&#8230;]<\/p>\n","protected":false},"author":20,"featured_media":25556,"comment_status":"open","ping_status":"closed","sticky":false,"template":"","format":"standard","meta":{"_acf_changed":false,"footnotes":""},"categories":[10],"tags":[49,83,763],"class_list":["post-11861","post","type-post","status-publish","format-standard","has-post-thumbnail","hentry","category-branchenloesungen","tag-arbeitsschutz","tag-bauindustrie","tag-psa"],"acf":[],"yoast_head":"\n<title>Arbeitsschutz auf Baustellen \u2013 Schutzhelme - RAJA Blog CH<\/title>\n<meta name=\"description\" content=\"Auf Baustellen bestehen besondere Anforderungen an den Arbeitsschutz: Schutzhelme f\u00fcr den Kopfschutz sind besonders wichtig!\" \/>\n<meta name=\"robots\" content=\"index, follow, max-snippet:-1, max-image-preview:large, max-video-preview:-1\" \/>\n<link rel=\"canonical\" href=\"https:\/\/www.rajapack.ch\/verpackungsnews\/baustellen-schutzhelme\" \/>\n<meta property=\"og:locale\" content=\"de_DE\" \/>\n<meta property=\"og:type\" content=\"article\" \/>\n<meta property=\"og:title\" content=\"Arbeitsschutz auf Baustellen \u2013 Schutzhelme - RAJA Blog CH\" \/>\n<meta property=\"og:description\" content=\"Auf Baustellen bestehen besondere Anforderungen an den Arbeitsschutz: Schutzhelme f\u00fcr den Kopfschutz sind besonders wichtig!\" \/>\n<meta property=\"og:url\" content=\"https:\/\/www.rajapack.ch\/verpackungsnews\/baustellen-schutzhelme\" \/>\n<meta property=\"og:site_name\" content=\"RAJA Blog CH\" \/>\n<meta property=\"article:published_time\" content=\"2017-06-02T10:55:13+00:00\" \/>\n<meta property=\"article:modified_time\" content=\"2023-05-25T09:52:00+00:00\" \/>\n<meta property=\"og:image\" content=\"https:\/\/www.rajapack.ch\/verpackungsnews\/wp-content\/uploads\/2017\/06\/Blogtitel-Schutzhelme.png\" \/>\n\t<meta property=\"og:image:width\" content=\"1545\" \/>\n\t<meta property=\"og:image:height\" content=\"588\" \/>\n\t<meta property=\"og:image:type\" content=\"image\/png\" \/>\n<meta name=\"author\" content=\"RAJAPACK Schweiz\" \/>\n<meta name=\"twitter:card\" content=\"summary_large_image\" \/>\n<meta name=\"twitter:label1\" content=\"Verfasst von\" \/>\n\t<meta name=\"twitter:data1\" content=\"RAJAPACK Schweiz\" \/>\n\t<meta name=\"twitter:label2\" content=\"Gesch\u00e4tzte Lesezeit\" \/>\n\t<meta name=\"twitter:data2\" content=\"5 Minuten\" \/>\n<script type=\"application\/ld+json\" class=\"yoast-schema-graph\">{\n\t    \"@context\": \"https:\/\/schema.org\",\n\t    \"@graph\": [\n\t        {\n\t            \"@type\": \"Article\",\n\t            \"@id\": \"https:\/\/www.rajapack.ch\/verpackungsnews\/baustellen-schutzhelme#article\",\n\t            \"isPartOf\": {\n\t                \"@id\": \"https:\/\/www.rajapack.ch\/verpackungsnews\/baustellen-schutzhelme\"\n\t            },\n\t            \"author\": {\n\t                \"name\": \"RAJAPACK Schweiz\",\n\t                \"@id\": \"https:\/\/www.rajapack.ch\/verpackungsnews\/#\/schema\/person\/e0825d9926514f72b2ba6eafaf517f7a\"\n\t            },\n\t            \"headline\": \"Arbeitsschutz auf Baustellen \u2013 Schutzhelme\",\n\t            \"datePublished\": \"2017-06-02T10:55:13+00:00\",\n\t            \"dateModified\": \"2023-05-25T09:52:00+00:00\",\n\t            \"mainEntityOfPage\": {\n\t                \"@id\": \"https:\/\/www.rajapack.ch\/verpackungsnews\/baustellen-schutzhelme\"\n\t            },\n\t            \"wordCount\": 885,\n\t            \"commentCount\": 1,\n\t            \"publisher\": {\n\t                \"@id\": \"https:\/\/www.rajapack.ch\/verpackungsnews\/#organization\"\n\t            },\n\t            \"image\": {\n\t                \"@id\": \"https:\/\/www.rajapack.ch\/verpackungsnews\/baustellen-schutzhelme#primaryimage\"\n\t            },\n\t            \"thumbnailUrl\": \"https:\/\/www.rajapack.ch\/verpackungsnews\/wp-content\/uploads\/2017\/06\/Blogtitel-Schutzhelme.png\",\n\t            \"keywords\": [\n\t                \"Arbeitsschutz\",\n\t                \"Bauindustrie\",\n\t                \"PSA\"\n\t            ],\n\t            \"articleSection\": [\n\t                \"Branchenl\u00f6sungen\"\n\t            ],\n\t            \"inLanguage\": \"de-DE\",\n\t            \"potentialAction\": [\n\t                {\n\t                    \"@type\": \"CommentAction\",\n\t                    \"name\": \"Comment\",\n\t                    \"target\": [\n\t                        \"https:\/\/www.rajapack.ch\/verpackungsnews\/baustellen-schutzhelme#respond\"\n\t                    ]\n\t                }\n\t            ]\n\t        },\n\t        {\n\t            \"@type\": \"WebPage\",\n\t            \"@id\": \"https:\/\/www.rajapack.ch\/verpackungsnews\/baustellen-schutzhelme\",\n\t            \"url\": \"https:\/\/www.rajapack.ch\/verpackungsnews\/baustellen-schutzhelme\",\n\t            \"name\": \"Arbeitsschutz auf Baustellen \u2013 Schutzhelme - RAJA Blog CH\",\n\t            \"isPartOf\": {\n\t                \"@id\": \"https:\/\/www.rajapack.ch\/verpackungsnews\/#website\"\n\t            },\n\t            \"primaryImageOfPage\": {\n\t                \"@id\": \"https:\/\/www.rajapack.ch\/verpackungsnews\/baustellen-schutzhelme#primaryimage\"\n\t            },\n\t            \"image\": {\n\t                \"@id\": \"https:\/\/www.rajapack.ch\/verpackungsnews\/baustellen-schutzhelme#primaryimage\"\n\t            },\n\t            \"thumbnailUrl\": \"https:\/\/www.rajapack.ch\/verpackungsnews\/wp-content\/uploads\/2017\/06\/Blogtitel-Schutzhelme.png\",\n\t            \"datePublished\": \"2017-06-02T10:55:13+00:00\",\n\t            \"dateModified\": \"2023-05-25T09:52:00+00:00\",\n\t            \"description\": \"Auf Baustellen bestehen besondere Anforderungen an den Arbeitsschutz: Schutzhelme f\u00fcr den Kopfschutz sind besonders wichtig!\",\n\t            \"inLanguage\": \"de-DE\",\n\t            \"potentialAction\": [\n\t                {\n\t                    \"@type\": \"ReadAction\",\n\t                    \"target\": [\n\t                        \"https:\/\/www.rajapack.ch\/verpackungsnews\/baustellen-schutzhelme\"\n\t                    ]\n\t                }\n\t            ]\n\t        },\n\t        {\n\t            \"@type\": \"ImageObject\",\n\t            \"inLanguage\": \"de-DE\",\n\t            \"@id\": \"https:\/\/www.rajapack.ch\/verpackungsnews\/baustellen-schutzhelme#primaryimage\",\n\t            \"url\": \"https:\/\/www.rajapack.ch\/verpackungsnews\/wp-content\/uploads\/2017\/06\/Blogtitel-Schutzhelme.png\",\n\t            \"contentUrl\": \"https:\/\/www.rajapack.ch\/verpackungsnews\/wp-content\/uploads\/2017\/06\/Blogtitel-Schutzhelme.png\",\n\t            \"width\": 1545,\n\t            \"height\": 588,\n\t            \"caption\": \"Schutzhelme Arbeitsschutz Baustelle\"\n\t        },\n\t        {\n\t            \"@type\": \"WebSite\",\n\t            \"@id\": \"https:\/\/www.rajapack.ch\/verpackungsnews\/#website\",\n\t            \"url\": \"https:\/\/www.rajapack.ch\/verpackungsnews\/\",\n\t            \"name\": \"RAJA Blog CH\",\n\t            \"description\": \"Verpackungsnews vom Experten\",\n\t            \"publisher\": {\n\t                \"@id\": \"https:\/\/www.rajapack.ch\/verpackungsnews\/#organization\"\n\t            },\n\t            \"potentialAction\": [\n\t                {\n\t                    \"@type\": \"SearchAction\",\n\t                    \"target\": {\n\t                        \"@type\": \"EntryPoint\",\n\t                        \"urlTemplate\": \"https:\/\/www.rajapack.ch\/verpackungsnews\/?s={search_term_string}\"\n\t                    },\n\t                    \"query-input\": \"required name=search_term_string\"\n\t                }\n\t            ],\n\t            \"inLanguage\": \"de-DE\"\n\t        },\n\t        {\n\t            \"@type\": \"Organization\",\n\t            \"@id\": \"https:\/\/www.rajapack.ch\/verpackungsnews\/#organization\",\n\t            \"name\": \"RAJA Blog CH\",\n\t            \"url\": \"https:\/\/www.rajapack.ch\/verpackungsnews\/\",\n\t            \"logo\": {\n\t                \"@type\": \"ImageObject\",\n\t                \"inLanguage\": \"de-DE\",\n\t                \"@id\": \"https:\/\/www.rajapack.ch\/verpackungsnews\/#\/schema\/logo\/image\/\",\n\t                \"url\": \"\",\n\t                \"contentUrl\": \"\",\n\t                \"caption\": \"RAJA Blog CH\"\n\t            },\n\t            \"image\": {\n\t                \"@id\": \"https:\/\/www.rajapack.ch\/verpackungsnews\/#\/schema\/logo\/image\/\"\n\t            },\n\t            \"sameAs\": [\n\t                \"https:\/\/de.linkedin.com\/company\/rajapack-gmbh\"\n\t            ]\n\t        },\n\t        {\n\t            \"@type\": \"Person\",\n\t            \"@id\": \"https:\/\/www.rajapack.ch\/verpackungsnews\/#\/schema\/person\/e0825d9926514f72b2ba6eafaf517f7a\",\n\t            \"name\": \"RAJAPACK Schweiz\",\n\t            \"image\": {\n\t                \"@type\": \"ImageObject\",\n\t                \"inLanguage\": \"de-DE\",\n\t                \"@id\": \"https:\/\/www.rajapack.ch\/verpackungsnews\/#\/schema\/person\/image\/\",\n\t                \"url\": \"https:\/\/secure.gravatar.com\/avatar\/f391ad6b3c41197daad8136e36418c64?s=96&d=mm&r=g\",\n\t                \"contentUrl\": \"https:\/\/secure.gravatar.com\/avatar\/f391ad6b3c41197daad8136e36418c64?s=96&d=mm&r=g\",\n\t                \"caption\": \"RAJAPACK Schweiz\"\n\t            },\n\t            \"description\": \"Geschrieben von unseren Verpackungsexperten bei RAJAPACK Schweiz: Wir lieben Verpackungen.\",\n\t            \"url\": \"https:\/\/www.rajapack.ch\/verpackungsnews\/author\/raja-ch\"\n\t        }\n\t    ]\n\t}<\/script>\n","yoast_head_json":{"title":"Arbeitsschutz auf Baustellen \u2013 Schutzhelme - RAJA Blog CH","description":"Auf Baustellen bestehen besondere Anforderungen an den Arbeitsschutz: Schutzhelme f\u00fcr den Kopfschutz sind besonders wichtig!","robots":{"index":"index","follow":"follow","max-snippet":"max-snippet:-1","max-image-preview":"max-image-preview:large","max-video-preview":"max-video-preview:-1"},"canonical":"https:\/\/www.rajapack.ch\/verpackungsnews\/baustellen-schutzhelme","og_locale":"de_DE","og_type":"article","og_title":"Arbeitsschutz auf Baustellen \u2013 Schutzhelme - RAJA Blog CH","og_description":"Auf Baustellen bestehen besondere Anforderungen an den Arbeitsschutz: Schutzhelme f\u00fcr den Kopfschutz sind besonders wichtig!","og_url":"https:\/\/www.rajapack.ch\/verpackungsnews\/baustellen-schutzhelme","og_site_name":"RAJA Blog CH","article_published_time":"2017-06-02T10:55:13+00:00","article_modified_time":"2023-05-25T09:52:00+00:00","og_image":[{"width":1545,"height":588,"url":"https:\/\/www.rajapack.ch\/verpackungsnews\/wp-content\/uploads\/2017\/06\/Blogtitel-Schutzhelme.png","type":"image\/png"}],"author":"RAJAPACK Schweiz","twitter_card":"summary_large_image","twitter_misc":{"Verfasst von":"RAJAPACK Schweiz","Gesch\u00e4tzte Lesezeit":"5 Minuten"},"schema":{"@context":"https:\/\/schema.org","@graph":[{"@type":"Article","@id":"https:\/\/www.rajapack.ch\/verpackungsnews\/baustellen-schutzhelme#article","isPartOf":{"@id":"https:\/\/www.rajapack.ch\/verpackungsnews\/baustellen-schutzhelme"},"author":{"name":"RAJAPACK Schweiz","@id":"https:\/\/www.rajapack.ch\/verpackungsnews\/#\/schema\/person\/e0825d9926514f72b2ba6eafaf517f7a"},"headline":"Arbeitsschutz auf Baustellen \u2013 Schutzhelme","datePublished":"2017-06-02T10:55:13+00:00","dateModified":"2023-05-25T09:52:00+00:00","mainEntityOfPage":{"@id":"https:\/\/www.rajapack.ch\/verpackungsnews\/baustellen-schutzhelme"},"wordCount":885,"commentCount":1,"publisher":{"@id":"https:\/\/www.rajapack.ch\/verpackungsnews\/#organization"},"image":{"@id":"https:\/\/www.rajapack.ch\/verpackungsnews\/baustellen-schutzhelme#primaryimage"},"thumbnailUrl":"https:\/\/www.rajapack.ch\/verpackungsnews\/wp-content\/uploads\/2017\/06\/Blogtitel-Schutzhelme.png","keywords":["Arbeitsschutz","Bauindustrie","PSA"],"articleSection":["Branchenl\u00f6sungen"],"inLanguage":"de-DE","potentialAction":[{"@type":"CommentAction","name":"Comment","target":["https:\/\/www.rajapack.ch\/verpackungsnews\/baustellen-schutzhelme#respond"]}]},{"@type":"WebPage","@id":"https:\/\/www.rajapack.ch\/verpackungsnews\/baustellen-schutzhelme","url":"https:\/\/www.rajapack.ch\/verpackungsnews\/baustellen-schutzhelme","name":"Arbeitsschutz auf Baustellen \u2013 Schutzhelme - RAJA Blog CH","isPartOf":{"@id":"https:\/\/www.rajapack.ch\/verpackungsnews\/#website"},"primaryImageOfPage":{"@id":"https:\/\/www.rajapack.ch\/verpackungsnews\/baustellen-schutzhelme#primaryimage"},"image":{"@id":"https:\/\/www.rajapack.ch\/verpackungsnews\/baustellen-schutzhelme#primaryimage"},"thumbnailUrl":"https:\/\/www.rajapack.ch\/verpackungsnews\/wp-content\/uploads\/2017\/06\/Blogtitel-Schutzhelme.png","datePublished":"2017-06-02T10:55:13+00:00","dateModified":"2023-05-25T09:52:00+00:00","description":"Auf Baustellen bestehen besondere Anforderungen an den Arbeitsschutz: Schutzhelme f\u00fcr den Kopfschutz sind besonders wichtig!","inLanguage":"de-DE","potentialAction":[{"@type":"ReadAction","target":["https:\/\/www.rajapack.ch\/verpackungsnews\/baustellen-schutzhelme"]}]},{"@type":"ImageObject","inLanguage":"de-DE","@id":"https:\/\/www.rajapack.ch\/verpackungsnews\/baustellen-schutzhelme#primaryimage","url":"https:\/\/www.rajapack.ch\/verpackungsnews\/wp-content\/uploads\/2017\/06\/Blogtitel-Schutzhelme.png","contentUrl":"https:\/\/www.rajapack.ch\/verpackungsnews\/wp-content\/uploads\/2017\/06\/Blogtitel-Schutzhelme.png","width":1545,"height":588,"caption":"Schutzhelme Arbeitsschutz Baustelle"},{"@type":"WebSite","@id":"https:\/\/www.rajapack.ch\/verpackungsnews\/#website","url":"https:\/\/www.rajapack.ch\/verpackungsnews\/","name":"RAJA Blog CH","description":"Verpackungsnews vom Experten","publisher":{"@id":"https:\/\/www.rajapack.ch\/verpackungsnews\/#organization"},"potentialAction":[{"@type":"SearchAction","target":{"@type":"EntryPoint","urlTemplate":"https:\/\/www.rajapack.ch\/verpackungsnews\/?s={search_term_string}"},"query-input":"required name=search_term_string"}],"inLanguage":"de-DE"},{"@type":"Organization","@id":"https:\/\/www.rajapack.ch\/verpackungsnews\/#organization","name":"RAJA Blog CH","url":"https:\/\/www.rajapack.ch\/verpackungsnews\/","logo":{"@type":"ImageObject","inLanguage":"de-DE","@id":"https:\/\/www.rajapack.ch\/verpackungsnews\/#\/schema\/logo\/image\/","url":"","contentUrl":"","caption":"RAJA Blog CH"},"image":{"@id":"https:\/\/www.rajapack.ch\/verpackungsnews\/#\/schema\/logo\/image\/"},"sameAs":["https:\/\/de.linkedin.com\/company\/rajapack-gmbh"]},{"@type":"Person","@id":"https:\/\/www.rajapack.ch\/verpackungsnews\/#\/schema\/person\/e0825d9926514f72b2ba6eafaf517f7a","name":"RAJAPACK Schweiz","image":{"@type":"ImageObject","inLanguage":"de-DE","@id":"https:\/\/www.rajapack.ch\/verpackungsnews\/#\/schema\/person\/image\/","url":"https:\/\/secure.gravatar.com\/avatar\/f391ad6b3c41197daad8136e36418c64?s=96&d=mm&r=g","contentUrl":"https:\/\/secure.gravatar.com\/avatar\/f391ad6b3c41197daad8136e36418c64?s=96&d=mm&r=g","caption":"RAJAPACK Schweiz"},"description":"Geschrieben von unseren Verpackungsexperten bei RAJAPACK Schweiz: Wir lieben Verpackungen.","url":"https:\/\/www.rajapack.ch\/verpackungsnews\/author\/raja-ch"}]}},"_links":{"self":[{"href":"https:\/\/www.rajapack.ch\/verpackungsnews\/wp-json\/wp\/v2\/posts\/11861"}],"collection":[{"href":"https:\/\/www.rajapack.ch\/verpackungsnews\/wp-json\/wp\/v2\/posts"}],"about":[{"href":"https:\/\/www.rajapack.ch\/verpackungsnews\/wp-json\/wp\/v2\/types\/post"}],"author":[{"embeddable":true,"href":"https:\/\/www.rajapack.ch\/verpackungsnews\/wp-json\/wp\/v2\/users\/20"}],"replies":[{"embeddable":true,"href":"https:\/\/www.rajapack.ch\/verpackungsnews\/wp-json\/wp\/v2\/comments?post=11861"}],"version-history":[{"count":0,"href":"https:\/\/www.rajapack.ch\/verpackungsnews\/wp-json\/wp\/v2\/posts\/11861\/revisions"}],"wp:featuredmedia":[{"embeddable":true,"href":"https:\/\/www.rajapack.ch\/verpackungsnews\/wp-json\/wp\/v2\/media\/25556"}],"wp:attachment":[{"href":"https:\/\/www.rajapack.ch\/verpackungsnews\/wp-json\/wp\/v2\/media?parent=11861"}],"wp:term":[{"taxonomy":"category","embeddable":true,"href":"https:\/\/www.rajapack.ch\/verpackungsnews\/wp-json\/wp\/v2\/categories?post=11861"},{"taxonomy":"post_tag","embeddable":true,"href":"https:\/\/www.rajapack.ch\/verpackungsnews\/wp-json\/wp\/v2\/tags?post=11861"}],"curies":[{"name":"wp","href":"https:\/\/api.w.org\/{rel}","templated":true}]}}