{"id":11970,"date":"2017-07-25T10:00:13","date_gmt":"2017-07-25T08:00:13","guid":{"rendered":"https:\/\/www.rajapack.ch\/verpackungsnews\/?p=11970"},"modified":"2023-05-25T11:54:11","modified_gmt":"2023-05-25T09:54:11","slug":"thermo-luftpolsterfolie-der-schutzanzug-unter-den-folien","status":"publish","type":"post","link":"https:\/\/www.rajapack.ch\/verpackungsnews\/thermo-luftpolsterfolie-der-schutzanzug-unter-den-folien","title":{"rendered":"Isolierende Luftpolsterfolie"},"content":{"rendered":"<h5>\u00c4hnlich wie ein Weltraumanzug die Vitalfunktionen eines Astronauten sichert, bietet diese Spezialluftpolsterfolie einen optimalen Schutz vor thermischen Einfl\u00fcssen. Das verr\u00e4t schon die silbergl\u00e4nzende Farbe: Diese Luftpolsterfolie ist keine \u201enormale Lupo-Folie\u201c! Nat\u00fcrlich bietet die Folie aufgrund ihrer vielen kleinen Luftkammern die bekannte Polstereigenschaften, aber sie kann noch einiges mehr.<\/h5>\n<div class=\"su-spacer\" style=\"height:20px\"><\/div><div class=\"su-divider su-divider-style-default\" style=\"margin:15px 0;border-width:3px;border-color:#999999\"><\/div><div class=\"su-spacer\" style=\"height:20px\"><\/div>\n<p>Die warmen Temperaturen der letzten Tage konnten einen ganz sch\u00f6n ins Schwitzen bringen. Gut, wer da ein schattiges Pl\u00e4tzchen oder eine Klimaanlage sein Eigen nennen konnte! L\u00e4uft man an einem heissen Sommertag eine Reihe parkender Autos ab, findet man die kuriosesten Schutzvorrichtungen gegen die gr\u00f6sste Stauhitze. Von professionellen L\u00f6sungen \u00fcber den Werbegeschenk-Pappeinleger bis hin zum kunstvoll aufgespannten weissen Handtuch ist alles dabei, in dem Versuch, aus dem eigenen Auto eine Art\u00a0<a href=\"https:\/\/www.rajapack.ch\/de_CH\/kartons-schachteln-container\/thermoverpackung-isolierverpackung_C1035.html\" target=\"_blank\" rel=\"noopener\">Thermobeh\u00e4lter<\/a>\u00a0zu machen.<\/p>\n<p>Doch wie verh\u00e4lt sich das mit hitzeempfindlichen Waren? Sobald sie verpackt sind, warten Medikamente, Laborproben und Co. auf ihren Abtransport und haben einen mehr oder weniger langen Versandweg vor sich. Neben einer passenden Polsterung, die vor St\u00f6ssen sch\u00fctzt, w\u00e4re hier eine Isolierschicht das Richtige, die den Inhalt vor W\u00e4rme- bzw. K\u00e4lteeinfl\u00fcssen bewahrt \u2013 also eine <a href=\"https:\/\/www.rajapack.ch\/de_CH\/polster-fuellmaterialien\/thermo-luftpolsterfolie_OFF_CH_0784.html\" target=\"_blank\" rel=\"noopener\">Thermo-Luftpolsterfolie<\/a>?<\/p>\n<div class=\"su-spacer\" style=\"height:20px\"><\/div>\n<h2>Wenn Temperaturschwankungen sch\u00e4dlich sind<\/h2>\n<div class=\"su-spacer\" style=\"height:20px\"><\/div>\n<p>Denn nicht nur f\u00fcr das Auto und deren Insassen k\u00f6nnen Temperaturanstieg oder auch Temperaturabfall unangenehm werden. F\u00fcr viele, sehr unterschiedliche Produkte, ist es wichtig, dass die Temperatur w\u00e4hrend des Transports oder des Versands nicht beziehungsweise nur m\u00f6glichst wenig von der Umgebungstemperatur beeinflusst wird. Lebensmittel, Elektronik und Medikamente beispielsweise nehmen bei gr\u00f6sseren Temperaturschwankungen Schaden, sie sind am besten in einer\u00a0<a href=\"https:\/\/www.rajapack.ch\/de_CH\/kartons-schachteln-container\/thermoboxen_C103510.html\" target=\"_blank\" rel=\"noopener\">Thermobox<\/a>\u00a0aufgehoben.<\/p>\n<div class=\"su-spacer\" style=\"height:20px\"><\/div>\n<h2>Inspiriert von der Raumfahrt<\/h2>\n<div class=\"su-spacer\" style=\"height:20px\"><\/div>\n<p>Um beispielsweise im All immer richtig temperiert zu sein, ben\u00f6tigt ein Raumfahrer einen entsprechenden\u00a0<a href=\"https:\/\/de.wikipedia.org\/wiki\/Raumanzug\" target=\"_blank\" rel=\"noopener\">Schutzanzug<\/a>. Nur so ist er bei seinem Weltraumspaziergang sowohl vor Ausk\u00fchlung als auch vor \u00dcberhitzung gesch\u00fctzt. Ein solcher Raumanzug ist aus mehreren Schichten aufgebaut, die aus verschiedenen Textilien, Kunststoffen und auch Metallen bestehen. Diese Schutzschichten machen den Anzug widerstandsf\u00e4hig und sind wichtig f\u00fcr den Temperaturausgleich. Unterst\u00fctzt werden sie durch die metallische Beschichtung, die die Sonnenstrahlung reflektiert. Integrierte Luftkammern \u201epolstern\u201c zus\u00e4tzlich den Astronaut vor St\u00f6ssen z.B. durch umherfliegende kleine Meteoriten.<\/p>\n<div class=\"su-spacer\" style=\"height:20px\"><\/div>\n<h2>Spezielle Isolierfunktionen<\/h2>\n<div class=\"su-spacer\" style=\"height:20px\"><\/div>\n<p>In gleicher Weise sch\u00fctzt die 3-lagige\u00a0<a href=\"https:\/\/www.rajapack.ch\/de_CH\/polster-fuellmaterialien\/thermo-luftpolsterfolie_OFF_CH_0784.html\" target=\"_blank\" rel=\"noopener\" aria-label=\" (\u00f6ffnet in neuem Tab)\">Thermo-Luftpolsterfolie<\/a>\u00a0empfindliche Waren vor Temperaturschwankungen und St\u00f6ssen. Speziell bei w\u00e4rme- oder k\u00e4lteempfindlichen Verpackungsg\u00fctern sollte auf eine m\u00f6glichst konstante Temperatur geachtet werden. Genau diese Anforderung erf\u00fcllt diese spezielle Folie! Durch die isolierende Funktion eignet sie sich z.B. zum Auskleiden von Transportkisten, Beh\u00e4ltern und Kartonagen, in denen empfindliche Waren wie Arzneimittel, Chemikalien oder Kosmetika transportiert werden. Von der Beschaffenheit her ist diese Folie genauso flexibel zu handhaben wie andere Luftpolsterfolien auch: Man kann sie einfach zuschneiden und zum Einwickeln oder Einschlagen der Transportwaren verwenden. Die Thermofolie sorgt hierbei f\u00fcr eine gleichbleibende Temperatur. Ebenso wie der Raumanzug bildet sie eine Schutzschicht um das Produkt herum und ist dabei noch wasserdicht bzw. feuchtigkeitsabweisend.<\/p>\n<div class=\"su-image-carousel su-image-carousel-columns-2 su-image-carousel-has-spacing su-image-carousel-has-outline su-image-carousel-adaptive su-image-carousel-slides-style-default su-image-carousel-controls-style-dark su-image-carousel-align-center\" style=\"\" data-flickity-options='{\"groupCells\":true,\"cellSelector\":\".su-image-carousel-item\",\"adaptiveHeight\":true,\"cellAlign\":\"left\",\"prevNextButtons\":false,\"pageDots\":true,\"autoPlay\":5000,\"imagesLoaded\":true,\"contain\":false,\"selectedAttraction\":0.025,\"friction\":0.28}' id=\"su_image_carousel_69f10b8ce9414\"><div class=\"su-image-carousel-item\"><div class=\"su-image-carousel-item-content\"><img loading=\"lazy\" decoding=\"async\" width=\"300\" height=\"240\" src=\"https:\/\/www.rajapack.ch\/verpackungsnews\/wp-content\/uploads\/2017\/07\/folienaufbau-300x240-1.png\" class=\"\" alt=\"isolierende Folie Aufbau\" \/><\/div><\/div><div class=\"su-image-carousel-item\"><div class=\"su-image-carousel-item-content\"><img loading=\"lazy\" decoding=\"async\" width=\"300\" height=\"240\" src=\"https:\/\/www.rajapack.ch\/verpackungsnews\/wp-content\/uploads\/2017\/07\/folienverpackung-300x240-1.png\" class=\"\" alt=\"Beispiel isolierende Folie\" \/><\/div><\/div><\/div><script id=\"su_image_carousel_69f10b8ce9414_script\">if(window.SUImageCarousel){setTimeout(function() {window.SUImageCarousel.initGallery(document.getElementById(\"su_image_carousel_69f10b8ce9414\"))}, 0);}var su_image_carousel_69f10b8ce9414_script=document.getElementById(\"su_image_carousel_69f10b8ce9414_script\");if(su_image_carousel_69f10b8ce9414_script){su_image_carousel_69f10b8ce9414_script.parentNode.removeChild(su_image_carousel_69f10b8ce9414_script);}<\/script>\n<div class=\"su-spacer\" style=\"height:20px\"><\/div>\n<h2>So funktioniert isolierende Luftpolsterfolie: Luft isoliert und Glanz reflektiert<\/h2>\n<div class=\"su-spacer\" style=\"height:20px\"><\/div>\n<p>Die Thermoluftpolsterfolie \u201ebedient\u201c sich dabei gleich doppelt bei der Physik:\u00a0<strong>Luft<\/strong>\u00a0ist ein schlechter\u00a0<a href=\"https:\/\/www.grund-wissen.de\/physik\/waermelehre\/ausbreitung-von-waerme.html\" target=\"_blank\" rel=\"noopener\">W\u00e4rmeleiter<\/a>, das heisst, sie gibt die Erw\u00e4rmung der aussen auftreffenden Sonnenstrahlen nur sehr gem\u00e4chlich weiter. F\u00fcr eine gewisse Zeit dient die in den Luftpolstern eingeschlossene, stehende Luft also als nat\u00fcrliche Barriere zwischen W\u00e4rme und Produkt: Die W\u00e4rmestr\u00f6mung (Konvektion) wird unterbrochen beziehungsweise verlangsamt .<\/p>\n<p>Und dieser Effekt wird durch die gl\u00e4nzende Oberfl\u00e4che der Thermoluftpolsterfolie noch erheblich verst\u00e4rkt! Denn die auftreffende\u00a0<a href=\"https:\/\/de.wikipedia.org\/wiki\/W%C3%A4rmestrahlung\" target=\"_blank\" rel=\"noopener\">W\u00e4rmestrahlung<\/a>\u00a0wird von der silbermetallisch gl\u00e4nzenden Oberfl\u00e4che zu grossen Teilen direkt zur\u00fcckgeworfen und reflektiert. Die Oberfl\u00e4che heizt sich also nicht auf (keine Absorption der W\u00e4rme) und l\u00e4sst die Luftisolation so ungehindert ihre Arbeit tun.<\/p>\n<div class=\"su-spacer\" style=\"height:20px\"><\/div>\n<h2>Reflektion, Absorption und Transmission<\/h2>\n<div class=\"su-spacer\" style=\"height:20px\"><\/div>\n<p>Man kennt das Prinzip von Rettungsdecken: Durch ihre helle, metallisch gl\u00e4nzende Oberfl\u00e4che wird die K\u00f6rperw\u00e4rme des Patienten teilweise reflektiert und somit am K\u00f6rper gehalten. Das schwarze, matte Gewebe des T-Shirts wiederum wird in der Sonneneinstrahlung w\u00e4rmer als das weisse. Es absorbiert die W\u00e4rme (Absorption), das Gewebe des T-Shirts l\u00e4sst sie Strahlung passieren (Transmission).<\/p>\n<div class=\"su-custom-gallery su-custom-gallery-align-left su-custom-gallery-title-never\"><div class=\"su-custom-gallery-slide\" style=\"width:750px;height:430px\"><a><img loading=\"lazy\" decoding=\"async\" src=\"https:\/\/www.rajapack.ch\/verpackungsnews\/wp-content\/uploads\/2017\/07\/grafik-transmission-absorption-reflexion-750x430.png\" alt=\"grafik-transmission-absorption-reflexion\" width=\"750\" height=\"430\" \/><span class=\"su-custom-gallery-title\">grafik-transmission-absorption-reflexion<\/span><\/a><\/div><div class=\"su-clear\"><\/div><\/div>\n<div class=\"su-spacer\" style=\"height:20px\"><\/div>\n<h2>Hier noch ein paar Hitzeschutz-Basics f\u00fcrs Auto:<\/h2>\n<div class=\"su-spacer\" style=\"height:20px\"><\/div>\n<p>Welchen Schutz bieten get\u00f6nte Scheiben, Pappscheiben, Vorh\u00e4nge, Sonnenblenden? Und wie bringe ich den Hitzeschutz am wirkungsvollsten an \u2013 aussen oder innen?<\/p>\n<ul>\n<li>Gilt IMMER: Niemals Personen oder Tiere im parkenden Auto zur\u00fccklassen. Schon nach MINUTEN (!!!) kann das\u00a0<a href=\"https:\/\/www.t-online.de\/leben\/familie\/kleinkind\/id_69606574\/so-schnell-wird-hitze-im-geparkten-auto-lebensgefaehrlich.html\" target=\"_blank\" rel=\"noopener\">Auto in der Sonne zur Hitzefalle<\/a>\u00a0werden. Hier hilft auch ein leicht ge\u00f6ffnetes Fenster nichts!<\/li>\n<li>Helle Fl\u00e4chen werfen die Hitze zur\u00fcck (Reflektion), dunkle Fl\u00e4chen nehmen die Hitze auf (Absorption). Daher ist effektiver Hitzeschutz idealerweise silbermetallisch. Die auftreffenden Sonnenstrahlen und damit auch die W\u00e4rme werden zum Teil zur\u00fcckgeworfen. Dass allerdings die Autofarbe einen entscheidenden Unterschied macht \u2013 sich also dunkle Autos schneller und st\u00e4rker aufheizen \u2013 ist ein Mythos. Viel entscheidender ist die Gr\u00f6sse der Fensterfl\u00e4chen. Denn \u00fcber die Fenster dringen die Sonnenstrahlen und damit die Hitze nahezu ungehindert ein.<\/li>\n<li>F\u00fcr alle Arten des Hitzeschutzes gilt: Wenn m\u00f6glich aussen anbringen. Denn nur so wird die Hitze auch wirklich\u00a0<strong>vor<\/strong>\u00a0dem Auto, vor dem Gew\u00e4chshaus oder vor dem Fenster aufgehalten und reflektiert.<\/li>\n<li>Ganz klar: Frontscheibe und die vorderen Seitenscheiben m\u00fcssen beim Auto\u00a0<a href=\"https:\/\/www.adac.de\/verkehr\/verkehrssicherheit\/wetter\/sommer-recht\/\" target=\"_blank\" rel=\"noopener\">w\u00e4hrend der Fahrt komplett frei<\/a>\u00a0sein. Sonnenblenden w\u00e4hrend der Fahrt oder dauerhaft get\u00f6nte Scheiben sind lediglich an den hinteren Seitenfenstern und der Heckscheibe zugelassen. Beim parkenden Auto jedoch gilt es vor allem, die Frontscheibe abzudecken. Denn durch ihre Neigung und die schiere Gr\u00f6sse gelangt ein Grossteil der Hitze \u00fcber die Frontscheibe ins Fahrzeug. Eine reflektierende Abdeckung aussen auf der Frontscheibe oder aber auch ein weisses Tuch als improvisierter Sonnenschutz kann beim parkenden Auto hier um ein paar Grad Abhilfe schaffen.<\/li>\n<li>Prinzipiell gilt: Die Scheiben m\u00f6glichst passgenau und vollst\u00e4ndig abdecken. Sind die Blenden zu klein, gelangen die Sonnenstrahlen und damit die Hitze nach wie vor ins Auto. Sind sie zu gross, lassen sie sich nicht richtig anbringen.4<\/li>\n<\/ul>\n<div class=\"su-spacer\" style=\"height:20px\"><\/div>\n<h2>Silber metallischer Schutz<\/h2>\n<div class=\"su-spacer\" style=\"height:20px\"><\/div>\n<p>Die silberne \u201eRaumanzug-Farbe\u201c erh\u00e4lt die Luftpolsterfolie \u00fcbrigens durch eine metallisierte Polyesterbeschichtung. Dabei wird mittels eines Bedampfungsverfahrens eine isolierende Schicht auf die Folie aufgetragen. Diese einseitige\u00a0<a href=\"https:\/\/de.wikipedia.org\/wiki\/Kaschierung_(Fertigungstechnik)\" target=\"_blank\" rel=\"noopener\">Kaschierung\u00a0<\/a> bietet eine hervorragende W\u00e4rme- und K\u00e4lteisolation: Die Metallbeschichtung reflektiert die Sonnenstrahlen und sch\u00fctzt die verpackten Produkte dadurch zuverl\u00e4ssig vor hohen Aussentemperaturen. Das bew\u00e4hrt sich nicht nur an heissen Tagen, sondern auch dann, wenn Waren l\u00e4ngere Transportwege bewerkstelligen sollen um frisch \u201ezur Landung\u201c anzusetzen \u2013 eben\u00a0 wie Astronauten in ihren Raumanz\u00fcgen. ?<\/p>\n<div class=\"su-spacer\" style=\"height:20px\"><\/div>\n<h2>Thermoverpackungen sind interessant?<\/h2>\n<div class=\"su-spacer\" style=\"height:20px\"><\/div>\n<p>Hier gibt&#8217;s Artikel zum Weiterlesen:<\/p>\n<p><a href=\"\/verpackungsnews\/isolierbox\" target=\"_blank\" rel=\"noopener\">Wie lange h\u00e4lt die Isolierbox k\u00fchl?\u00a0<\/a><\/p>\n<p><a href=\"\/verpackungsnews\/kuehlversand-dank-papierpolster\" target=\"_blank\" rel=\"noopener\">K\u00fchlen mit Papier<\/a><\/p>\n<p>&nbsp;<\/p>\n","protected":false},"excerpt":{"rendered":"<p>\u00c4hnlich wie ein Weltraumanzug die Vitalfunktionen eines Astronauten sichert, bietet diese Spezialluftpolsterfolie einen optimalen Schutz vor thermischen Einfl\u00fcssen. Das verr\u00e4t schon die silbergl\u00e4nzende Farbe: Diese Luftpolsterfolie ist keine \u201enormale Lupo-Folie\u201c! [&#8230;]<\/p>\n","protected":false},"author":20,"featured_media":26745,"comment_status":"open","ping_status":"closed","sticky":false,"template":"","format":"standard","meta":{"_acf_changed":false,"footnotes":""},"categories":[20],"tags":[817,194,814,725],"class_list":["post-11970","post","type-post","status-publish","format-standard","has-post-thumbnail","hentry","category-know-how","tag-isolieren","tag-polstern","tag-temperatur","tag-versenden"],"acf":[],"yoast_head":"\n<title>Isolierende Luftpolsterfolie - RAJA Blog CH<\/title>\n<meta name=\"description\" content=\"Speziell f\u00fcr empfindliche Verpackungsg\u00fcter: Isolierende Luftpolsterfolie sch\u00fctzt empfindliche Waren vor Temperaturschwankungen und St\u00f6ssen.\" \/>\n<meta name=\"robots\" content=\"index, follow, max-snippet:-1, max-image-preview:large, max-video-preview:-1\" \/>\n<link rel=\"canonical\" href=\"https:\/\/www.rajapack.ch\/verpackungsnews\/thermo-luftpolsterfolie-der-schutzanzug-unter-den-folien\" \/>\n<meta property=\"og:locale\" content=\"de_DE\" \/>\n<meta property=\"og:type\" content=\"article\" \/>\n<meta property=\"og:title\" content=\"Isolierende Luftpolsterfolie - RAJA Blog CH\" \/>\n<meta property=\"og:description\" content=\"Speziell f\u00fcr empfindliche Verpackungsg\u00fcter: Isolierende Luftpolsterfolie sch\u00fctzt empfindliche Waren vor Temperaturschwankungen und St\u00f6ssen.\" \/>\n<meta property=\"og:url\" content=\"https:\/\/www.rajapack.ch\/verpackungsnews\/thermo-luftpolsterfolie-der-schutzanzug-unter-den-folien\" \/>\n<meta property=\"og:site_name\" content=\"RAJA Blog CH\" \/>\n<meta property=\"article:published_time\" content=\"2017-07-25T08:00:13+00:00\" \/>\n<meta property=\"article:modified_time\" content=\"2023-05-25T09:54:11+00:00\" \/>\n<meta property=\"og:image\" content=\"https:\/\/www.rajapack.ch\/verpackungsnews\/wp-content\/uploads\/2017\/07\/thermo-luftpolsterfolie.jpg\" \/>\n\t<meta property=\"og:image:width\" content=\"810\" \/>\n\t<meta property=\"og:image:height\" content=\"420\" \/>\n\t<meta property=\"og:image:type\" content=\"image\/jpeg\" \/>\n<meta name=\"author\" content=\"RAJAPACK Schweiz\" \/>\n<meta name=\"twitter:card\" content=\"summary_large_image\" \/>\n<meta name=\"twitter:label1\" content=\"Verfasst von\" \/>\n\t<meta name=\"twitter:data1\" content=\"RAJAPACK Schweiz\" \/>\n\t<meta name=\"twitter:label2\" content=\"Gesch\u00e4tzte Lesezeit\" \/>\n\t<meta name=\"twitter:data2\" content=\"6 Minuten\" \/>\n<script type=\"application\/ld+json\" class=\"yoast-schema-graph\">{\n\t    \"@context\": \"https:\/\/schema.org\",\n\t    \"@graph\": [\n\t        {\n\t            \"@type\": \"Article\",\n\t            \"@id\": \"https:\/\/www.rajapack.ch\/verpackungsnews\/thermo-luftpolsterfolie-der-schutzanzug-unter-den-folien#article\",\n\t            \"isPartOf\": {\n\t                \"@id\": \"https:\/\/www.rajapack.ch\/verpackungsnews\/thermo-luftpolsterfolie-der-schutzanzug-unter-den-folien\"\n\t            },\n\t            \"author\": {\n\t                \"name\": \"RAJAPACK Schweiz\",\n\t                \"@id\": \"https:\/\/www.rajapack.ch\/verpackungsnews\/#\/schema\/person\/e0825d9926514f72b2ba6eafaf517f7a\"\n\t            },\n\t            \"headline\": \"Isolierende Luftpolsterfolie\",\n\t            \"datePublished\": \"2017-07-25T08:00:13+00:00\",\n\t            \"dateModified\": \"2023-05-25T09:54:11+00:00\",\n\t            \"mainEntityOfPage\": {\n\t                \"@id\": \"https:\/\/www.rajapack.ch\/verpackungsnews\/thermo-luftpolsterfolie-der-schutzanzug-unter-den-folien\"\n\t            },\n\t            \"wordCount\": 1167,\n\t            \"commentCount\": 1,\n\t            \"publisher\": {\n\t                \"@id\": \"https:\/\/www.rajapack.ch\/verpackungsnews\/#organization\"\n\t            },\n\t            \"image\": {\n\t                \"@id\": \"https:\/\/www.rajapack.ch\/verpackungsnews\/thermo-luftpolsterfolie-der-schutzanzug-unter-den-folien#primaryimage\"\n\t            },\n\t            \"thumbnailUrl\": \"https:\/\/www.rajapack.ch\/verpackungsnews\/wp-content\/uploads\/2017\/07\/thermo-luftpolsterfolie.jpg\",\n\t            \"keywords\": [\n\t                \"Isolieren\",\n\t                \"Polstern\",\n\t                \"Temperatur\",\n\t                \"Versenden\"\n\t            ],\n\t            \"articleSection\": [\n\t                \"Know How\"\n\t            ],\n\t            \"inLanguage\": \"de-DE\",\n\t            \"potentialAction\": [\n\t                {\n\t                    \"@type\": \"CommentAction\",\n\t                    \"name\": \"Comment\",\n\t                    \"target\": [\n\t                        \"https:\/\/www.rajapack.ch\/verpackungsnews\/thermo-luftpolsterfolie-der-schutzanzug-unter-den-folien#respond\"\n\t                    ]\n\t                }\n\t            ]\n\t        },\n\t        {\n\t            \"@type\": \"WebPage\",\n\t            \"@id\": \"https:\/\/www.rajapack.ch\/verpackungsnews\/thermo-luftpolsterfolie-der-schutzanzug-unter-den-folien\",\n\t            \"url\": \"https:\/\/www.rajapack.ch\/verpackungsnews\/thermo-luftpolsterfolie-der-schutzanzug-unter-den-folien\",\n\t            \"name\": \"Isolierende Luftpolsterfolie - RAJA Blog CH\",\n\t            \"isPartOf\": {\n\t                \"@id\": \"https:\/\/www.rajapack.ch\/verpackungsnews\/#website\"\n\t            },\n\t            \"primaryImageOfPage\": {\n\t                \"@id\": \"https:\/\/www.rajapack.ch\/verpackungsnews\/thermo-luftpolsterfolie-der-schutzanzug-unter-den-folien#primaryimage\"\n\t            },\n\t            \"image\": {\n\t                \"@id\": \"https:\/\/www.rajapack.ch\/verpackungsnews\/thermo-luftpolsterfolie-der-schutzanzug-unter-den-folien#primaryimage\"\n\t            },\n\t            \"thumbnailUrl\": \"https:\/\/www.rajapack.ch\/verpackungsnews\/wp-content\/uploads\/2017\/07\/thermo-luftpolsterfolie.jpg\",\n\t            \"datePublished\": \"2017-07-25T08:00:13+00:00\",\n\t            \"dateModified\": \"2023-05-25T09:54:11+00:00\",\n\t            \"description\": \"Speziell f\u00fcr empfindliche Verpackungsg\u00fcter: Isolierende Luftpolsterfolie sch\u00fctzt empfindliche Waren vor Temperaturschwankungen und St\u00f6ssen.\",\n\t            \"inLanguage\": \"de-DE\",\n\t            \"potentialAction\": [\n\t                {\n\t                    \"@type\": \"ReadAction\",\n\t                    \"target\": [\n\t                        \"https:\/\/www.rajapack.ch\/verpackungsnews\/thermo-luftpolsterfolie-der-schutzanzug-unter-den-folien\"\n\t                    ]\n\t                }\n\t            ]\n\t        },\n\t        {\n\t            \"@type\": \"ImageObject\",\n\t            \"inLanguage\": \"de-DE\",\n\t            \"@id\": \"https:\/\/www.rajapack.ch\/verpackungsnews\/thermo-luftpolsterfolie-der-schutzanzug-unter-den-folien#primaryimage\",\n\t            \"url\": \"https:\/\/www.rajapack.ch\/verpackungsnews\/wp-content\/uploads\/2017\/07\/thermo-luftpolsterfolie.jpg\",\n\t            \"contentUrl\": \"https:\/\/www.rajapack.ch\/verpackungsnews\/wp-content\/uploads\/2017\/07\/thermo-luftpolsterfolie.jpg\",\n\t            \"width\": 810,\n\t            \"height\": 420,\n\t            \"caption\": \"isolierende Luftpolsterfolie\"\n\t        },\n\t        {\n\t            \"@type\": \"WebSite\",\n\t            \"@id\": \"https:\/\/www.rajapack.ch\/verpackungsnews\/#website\",\n\t            \"url\": \"https:\/\/www.rajapack.ch\/verpackungsnews\/\",\n\t            \"name\": \"RAJA Blog CH\",\n\t            \"description\": \"Verpackungsnews vom Experten\",\n\t            \"publisher\": {\n\t                \"@id\": \"https:\/\/www.rajapack.ch\/verpackungsnews\/#organization\"\n\t            },\n\t            \"potentialAction\": [\n\t                {\n\t                    \"@type\": \"SearchAction\",\n\t                    \"target\": {\n\t                        \"@type\": \"EntryPoint\",\n\t                        \"urlTemplate\": \"https:\/\/www.rajapack.ch\/verpackungsnews\/?s={search_term_string}\"\n\t                    },\n\t                    \"query-input\": \"required name=search_term_string\"\n\t                }\n\t            ],\n\t            \"inLanguage\": \"de-DE\"\n\t        },\n\t        {\n\t            \"@type\": \"Organization\",\n\t            \"@id\": \"https:\/\/www.rajapack.ch\/verpackungsnews\/#organization\",\n\t            \"name\": \"RAJA Blog CH\",\n\t            \"url\": \"https:\/\/www.rajapack.ch\/verpackungsnews\/\",\n\t            \"logo\": {\n\t                \"@type\": \"ImageObject\",\n\t                \"inLanguage\": \"de-DE\",\n\t                \"@id\": \"https:\/\/www.rajapack.ch\/verpackungsnews\/#\/schema\/logo\/image\/\",\n\t                \"url\": \"\",\n\t                \"contentUrl\": \"\",\n\t                \"caption\": \"RAJA Blog CH\"\n\t            },\n\t            \"image\": {\n\t                \"@id\": \"https:\/\/www.rajapack.ch\/verpackungsnews\/#\/schema\/logo\/image\/\"\n\t            },\n\t            \"sameAs\": [\n\t                \"https:\/\/de.linkedin.com\/company\/rajapack-gmbh\"\n\t            ]\n\t        },\n\t        {\n\t            \"@type\": \"Person\",\n\t            \"@id\": \"https:\/\/www.rajapack.ch\/verpackungsnews\/#\/schema\/person\/e0825d9926514f72b2ba6eafaf517f7a\",\n\t            \"name\": \"RAJAPACK Schweiz\",\n\t            \"image\": {\n\t                \"@type\": \"ImageObject\",\n\t                \"inLanguage\": \"de-DE\",\n\t                \"@id\": \"https:\/\/www.rajapack.ch\/verpackungsnews\/#\/schema\/person\/image\/\",\n\t                \"url\": \"https:\/\/secure.gravatar.com\/avatar\/f391ad6b3c41197daad8136e36418c64?s=96&d=mm&r=g\",\n\t                \"contentUrl\": \"https:\/\/secure.gravatar.com\/avatar\/f391ad6b3c41197daad8136e36418c64?s=96&d=mm&r=g\",\n\t                \"caption\": \"RAJAPACK Schweiz\"\n\t            },\n\t            \"description\": \"Geschrieben von unseren Verpackungsexperten bei RAJAPACK Schweiz: Wir lieben Verpackungen.\",\n\t            \"url\": \"https:\/\/www.rajapack.ch\/verpackungsnews\/author\/raja-ch\"\n\t        }\n\t    ]\n\t}<\/script>\n","yoast_head_json":{"title":"Isolierende Luftpolsterfolie - RAJA Blog CH","description":"Speziell f\u00fcr empfindliche Verpackungsg\u00fcter: Isolierende Luftpolsterfolie sch\u00fctzt empfindliche Waren vor Temperaturschwankungen und St\u00f6ssen.","robots":{"index":"index","follow":"follow","max-snippet":"max-snippet:-1","max-image-preview":"max-image-preview:large","max-video-preview":"max-video-preview:-1"},"canonical":"https:\/\/www.rajapack.ch\/verpackungsnews\/thermo-luftpolsterfolie-der-schutzanzug-unter-den-folien","og_locale":"de_DE","og_type":"article","og_title":"Isolierende Luftpolsterfolie - RAJA Blog CH","og_description":"Speziell f\u00fcr empfindliche Verpackungsg\u00fcter: Isolierende Luftpolsterfolie sch\u00fctzt empfindliche Waren vor Temperaturschwankungen und St\u00f6ssen.","og_url":"https:\/\/www.rajapack.ch\/verpackungsnews\/thermo-luftpolsterfolie-der-schutzanzug-unter-den-folien","og_site_name":"RAJA Blog CH","article_published_time":"2017-07-25T08:00:13+00:00","article_modified_time":"2023-05-25T09:54:11+00:00","og_image":[{"width":810,"height":420,"url":"https:\/\/www.rajapack.ch\/verpackungsnews\/wp-content\/uploads\/2017\/07\/thermo-luftpolsterfolie.jpg","type":"image\/jpeg"}],"author":"RAJAPACK Schweiz","twitter_card":"summary_large_image","twitter_misc":{"Verfasst von":"RAJAPACK Schweiz","Gesch\u00e4tzte Lesezeit":"6 Minuten"},"schema":{"@context":"https:\/\/schema.org","@graph":[{"@type":"Article","@id":"https:\/\/www.rajapack.ch\/verpackungsnews\/thermo-luftpolsterfolie-der-schutzanzug-unter-den-folien#article","isPartOf":{"@id":"https:\/\/www.rajapack.ch\/verpackungsnews\/thermo-luftpolsterfolie-der-schutzanzug-unter-den-folien"},"author":{"name":"RAJAPACK Schweiz","@id":"https:\/\/www.rajapack.ch\/verpackungsnews\/#\/schema\/person\/e0825d9926514f72b2ba6eafaf517f7a"},"headline":"Isolierende Luftpolsterfolie","datePublished":"2017-07-25T08:00:13+00:00","dateModified":"2023-05-25T09:54:11+00:00","mainEntityOfPage":{"@id":"https:\/\/www.rajapack.ch\/verpackungsnews\/thermo-luftpolsterfolie-der-schutzanzug-unter-den-folien"},"wordCount":1167,"commentCount":1,"publisher":{"@id":"https:\/\/www.rajapack.ch\/verpackungsnews\/#organization"},"image":{"@id":"https:\/\/www.rajapack.ch\/verpackungsnews\/thermo-luftpolsterfolie-der-schutzanzug-unter-den-folien#primaryimage"},"thumbnailUrl":"https:\/\/www.rajapack.ch\/verpackungsnews\/wp-content\/uploads\/2017\/07\/thermo-luftpolsterfolie.jpg","keywords":["Isolieren","Polstern","Temperatur","Versenden"],"articleSection":["Know How"],"inLanguage":"de-DE","potentialAction":[{"@type":"CommentAction","name":"Comment","target":["https:\/\/www.rajapack.ch\/verpackungsnews\/thermo-luftpolsterfolie-der-schutzanzug-unter-den-folien#respond"]}]},{"@type":"WebPage","@id":"https:\/\/www.rajapack.ch\/verpackungsnews\/thermo-luftpolsterfolie-der-schutzanzug-unter-den-folien","url":"https:\/\/www.rajapack.ch\/verpackungsnews\/thermo-luftpolsterfolie-der-schutzanzug-unter-den-folien","name":"Isolierende Luftpolsterfolie - RAJA Blog CH","isPartOf":{"@id":"https:\/\/www.rajapack.ch\/verpackungsnews\/#website"},"primaryImageOfPage":{"@id":"https:\/\/www.rajapack.ch\/verpackungsnews\/thermo-luftpolsterfolie-der-schutzanzug-unter-den-folien#primaryimage"},"image":{"@id":"https:\/\/www.rajapack.ch\/verpackungsnews\/thermo-luftpolsterfolie-der-schutzanzug-unter-den-folien#primaryimage"},"thumbnailUrl":"https:\/\/www.rajapack.ch\/verpackungsnews\/wp-content\/uploads\/2017\/07\/thermo-luftpolsterfolie.jpg","datePublished":"2017-07-25T08:00:13+00:00","dateModified":"2023-05-25T09:54:11+00:00","description":"Speziell f\u00fcr empfindliche Verpackungsg\u00fcter: Isolierende Luftpolsterfolie sch\u00fctzt empfindliche Waren vor Temperaturschwankungen und St\u00f6ssen.","inLanguage":"de-DE","potentialAction":[{"@type":"ReadAction","target":["https:\/\/www.rajapack.ch\/verpackungsnews\/thermo-luftpolsterfolie-der-schutzanzug-unter-den-folien"]}]},{"@type":"ImageObject","inLanguage":"de-DE","@id":"https:\/\/www.rajapack.ch\/verpackungsnews\/thermo-luftpolsterfolie-der-schutzanzug-unter-den-folien#primaryimage","url":"https:\/\/www.rajapack.ch\/verpackungsnews\/wp-content\/uploads\/2017\/07\/thermo-luftpolsterfolie.jpg","contentUrl":"https:\/\/www.rajapack.ch\/verpackungsnews\/wp-content\/uploads\/2017\/07\/thermo-luftpolsterfolie.jpg","width":810,"height":420,"caption":"isolierende Luftpolsterfolie"},{"@type":"WebSite","@id":"https:\/\/www.rajapack.ch\/verpackungsnews\/#website","url":"https:\/\/www.rajapack.ch\/verpackungsnews\/","name":"RAJA Blog CH","description":"Verpackungsnews vom Experten","publisher":{"@id":"https:\/\/www.rajapack.ch\/verpackungsnews\/#organization"},"potentialAction":[{"@type":"SearchAction","target":{"@type":"EntryPoint","urlTemplate":"https:\/\/www.rajapack.ch\/verpackungsnews\/?s={search_term_string}"},"query-input":"required name=search_term_string"}],"inLanguage":"de-DE"},{"@type":"Organization","@id":"https:\/\/www.rajapack.ch\/verpackungsnews\/#organization","name":"RAJA Blog CH","url":"https:\/\/www.rajapack.ch\/verpackungsnews\/","logo":{"@type":"ImageObject","inLanguage":"de-DE","@id":"https:\/\/www.rajapack.ch\/verpackungsnews\/#\/schema\/logo\/image\/","url":"","contentUrl":"","caption":"RAJA Blog CH"},"image":{"@id":"https:\/\/www.rajapack.ch\/verpackungsnews\/#\/schema\/logo\/image\/"},"sameAs":["https:\/\/de.linkedin.com\/company\/rajapack-gmbh"]},{"@type":"Person","@id":"https:\/\/www.rajapack.ch\/verpackungsnews\/#\/schema\/person\/e0825d9926514f72b2ba6eafaf517f7a","name":"RAJAPACK Schweiz","image":{"@type":"ImageObject","inLanguage":"de-DE","@id":"https:\/\/www.rajapack.ch\/verpackungsnews\/#\/schema\/person\/image\/","url":"https:\/\/secure.gravatar.com\/avatar\/f391ad6b3c41197daad8136e36418c64?s=96&d=mm&r=g","contentUrl":"https:\/\/secure.gravatar.com\/avatar\/f391ad6b3c41197daad8136e36418c64?s=96&d=mm&r=g","caption":"RAJAPACK Schweiz"},"description":"Geschrieben von unseren Verpackungsexperten bei RAJAPACK Schweiz: Wir lieben Verpackungen.","url":"https:\/\/www.rajapack.ch\/verpackungsnews\/author\/raja-ch"}]}},"_links":{"self":[{"href":"https:\/\/www.rajapack.ch\/verpackungsnews\/wp-json\/wp\/v2\/posts\/11970"}],"collection":[{"href":"https:\/\/www.rajapack.ch\/verpackungsnews\/wp-json\/wp\/v2\/posts"}],"about":[{"href":"https:\/\/www.rajapack.ch\/verpackungsnews\/wp-json\/wp\/v2\/types\/post"}],"author":[{"embeddable":true,"href":"https:\/\/www.rajapack.ch\/verpackungsnews\/wp-json\/wp\/v2\/users\/20"}],"replies":[{"embeddable":true,"href":"https:\/\/www.rajapack.ch\/verpackungsnews\/wp-json\/wp\/v2\/comments?post=11970"}],"version-history":[{"count":0,"href":"https:\/\/www.rajapack.ch\/verpackungsnews\/wp-json\/wp\/v2\/posts\/11970\/revisions"}],"wp:featuredmedia":[{"embeddable":true,"href":"https:\/\/www.rajapack.ch\/verpackungsnews\/wp-json\/wp\/v2\/media\/26745"}],"wp:attachment":[{"href":"https:\/\/www.rajapack.ch\/verpackungsnews\/wp-json\/wp\/v2\/media?parent=11970"}],"wp:term":[{"taxonomy":"category","embeddable":true,"href":"https:\/\/www.rajapack.ch\/verpackungsnews\/wp-json\/wp\/v2\/categories?post=11970"},{"taxonomy":"post_tag","embeddable":true,"href":"https:\/\/www.rajapack.ch\/verpackungsnews\/wp-json\/wp\/v2\/tags?post=11970"}],"curies":[{"name":"wp","href":"https:\/\/api.w.org\/{rel}","templated":true}]}}