{"id":12773,"date":"2019-03-22T09:30:53","date_gmt":"2019-03-22T08:30:53","guid":{"rendered":"https:\/\/www.rajapack.ch\/verpackungsnews\/?p=12773"},"modified":"2026-03-12T13:22:42","modified_gmt":"2026-03-12T12:22:42","slug":"normen-din-en-iso-und-co","status":"publish","type":"post","link":"https:\/\/www.rajapack.ch\/verpackungsnews\/normen-din-en-iso-und-co","title":{"rendered":"Normen: SN, DIN, EN, ISO und Co"},"content":{"rendered":"<h5>Die Klischees sind weithin bekannt: Die Franzosen sind chaotisch aber gleichermassen romantisch, die Briten sind trinkfest (oder doch zumindest trinklustig) und haben zweifelhafte Essgewohnheiten, wir Schweizer gelten als neutral und stets mit Schokolade und Sackmesser ausger\u00fcstet. Unsere deutschen Nachbarn haben den Ruf auch nachts auf weiter Flur an roten Ampeln zu stehen und die Norm zu lieben.<\/h5>\n<h5>So ist es bestimmt kein Zufall, dass die f\u00fcr die Wirtschaft unverzichtbare Normung einer Vielzahl von Produkten und Vorg\u00e4ngen ausgerechnet in Deutschland seinen Ursprung fand \u2013 mit der Gr\u00fcndung des Normenausschusses der Deutschen Industrie im Dezember 1917 \u2013 dicht gefolgt von der Gr\u00fcndung des SNV, der \u201eSchweizerischen Normen-Vereinigung\u201c in 1919.<\/h5>\n<div class=\"su-spacer\" style=\"height:20px\"><\/div><div class=\"su-divider su-divider-style-default\" style=\"margin:15px 0;border-width:3px;border-color:#999999\"><\/div><div class=\"su-spacer\" style=\"height:20px\"><\/div>\n<h2>Wirtschaftlicher Nutzen von DIN Normen<\/h2>\n<div class=\"su-spacer\" style=\"height:20px\"><\/div>\n<p>Die Festlegung von Normen und somit die Einigung auf allgemeing\u00fcltige Abl\u00e4ufe, Masse, Standards und Eigenschaften ist f\u00fcr die Weltwirtschaft unabdingbar. Handel und Produktion weltweit ist nur dann m\u00f6glich, wenn eindeutige und \u00fcber Landesgrenzen hinaus g\u00fcltige Regeln gelten. Normen sind ein bedeutender wirtschaftlicher Faktor. Die Normung tr\u00e4gt nach einer <a href=\"https:\/\/www.economiesuisse.ch\/sites\/default\/files\/dossier_pdf\/dosspol_Europa_20040510.pdf\" target=\"_blank\" rel=\"noopener\">Studie<\/a> des DIN, der SNV und des ON (\u00d6sterreichisches Normungsinstitut) ungef\u00e4hr ein Prozent des BIP bei. F\u00fcr die Schweiz sind dies etwa 4,2 Milliarden Franken pro Jahr. Dabei profitieren Unternehmen nicht nur durch die \u201epassive\u201c Anwendung der Normen, sie k\u00f6nnen auch aktiv an der Entstehung neuer Normen mitwirken. Bei der Entwicklung neuer Technologien beispielsweise, aber auch in Bereichen wie Arbeitsschutz oder Umweltschutz l\u00e4sst sich durch den eigenen Input am Normierungsprozess im Austausch mit Expertengruppen ein Wissensvorsprung erarbeiten, der das eigene Unternehmen entscheidend voranbringen kann.<\/p>\n<p>Relevant f\u00fcr unsere Kunden sind die DIN Normen nat\u00fcrlich im Bereich der <a href=\"https:\/\/www.rajapack.ch\/de_CH\/kartons-schachteln-container\/versandkartons_C1018.html\" target=\"_blank\" rel=\"noopener\">Versandkartons<\/a> zum Beispiel bei Kartongr\u00f6ssen und -Formaten, aber auch in Bereichen der PSA (pers\u00f6nlichen Schutzausstattung) wie <a href=\"\/verpackungsnews\/schutzhandschuhe\" target=\"_blank\" rel=\"noopener\">Schutzhandschuhen<\/a>, <a href=\"\/verpackungsnews\/lebensmittelverpackungen\" target=\"_blank\" rel=\"noopener\">Lebensmittelverpackungen<\/a> oder beim Thema <a href=\"\/verpackungsnews\/regalsicherheit\" target=\"_blank\" rel=\"noopener\">Regalsicherheit<\/a>.<\/p>\n<div class=\"su-spacer\" style=\"height:20px\"><\/div>\n<h2>Wie entstehen SN Normen?<\/h2>\n<div class=\"su-spacer\" style=\"height:20px\"><\/div>\n<p>Aber wie entsteht eigentlich so eine Norm? SN steht f\u00fcr Schweizer Normen und werden von der SNV, der Schweizerischen Normen-Vereinigung ausgegeben. Sie vertritt die Schweizer Interessen in der europ\u00e4ischen und internationalen Normung. Die SNV ist Mitglied bei CEN und ISO. Die Mitarbeitenden der SNV sind Projektmanager von nationalen, europ\u00e4ischen und internationalen<br \/>\nNormungsprojekten. Die SNV bietet allen Interessierten die Plattform zur Erarbeitung von Normen als Dienstleistung f\u00fcr Wirtschaft, Staat und Gesellschaft. Die Inhalte der Normen und Standards werden von rund 3000 Schweizer Experten aus Wirtschaft, \u00f6ffentlicher Hand, Forschung und Gesellschaft aktiv mitbestimmt.<\/p>\n<p>Normen werden nicht durch den Gesetzgeber, eine Beh\u00f6rde oder einen staatlichen Regulator erarbeitet, sondern durch die interessierten Kreise selbst. Jeder kann einen Normungsantrag stellen. An der fachlichen Arbeit in den Normenkomitees k\u00f6nnen sich alle am Thema Interessierten beteiligen und ihr Fachwissen einbringen. Damit der Markt die erstellten Normen auch akzeptiert, strebt die SNV eine m\u00f6glichst breite Beteiligung am Normungsprozess an und versucht, eine Vielzahl von Interessensvertretern in den Normungsprozess mit einzubeziehen. Jeder Antrag wird Experten aus den Fachbereichen zur Pr\u00fcfung vorgelegt, die einen Normenentwurf erstellen, der wiederum der \u00d6ffentlichkeit zur Kommentierung vorgelegt wird, die Kommentare werden von der Arbeitsgruppe bewertet und ein finaler Normenentwurf erstellt der dann publiziert wird. Die SNV gliedert sich in die folgenden sieben Fachbereiche:<\/p>\n<ul>\n<li>Interdisziplin\u00e4rer Normenbereich (INB)<\/li>\n<li>Maschinen-, Elektro- und Metallindustrie (SWISSMEM)<\/li>\n<li>Bauwesen (SIA)<\/li>\n<li>Strassen- und Verkehrswesen (VSS)<\/li>\n<li>Uhrenindustrie (FH)<\/li>\n<li>Elektrotechnik (Electrosuisse)<\/li>\n<li>Telekommunikation (asut)<\/li>\n<\/ul>\n<p>Weil die Schweiz ihre technischen Vorschriften auf diejenigen ihrer wichtigsten Handelspartner abstimmt (Art. 4 THG) und die Schweizer Normen zumindest teilweise unver\u00e4ndert von internationalen (ISO\/IEC) und regionalen (CEN, CENELEC, ETSI) Normungsorganisationen \u00fcbernommen werden, finden harmonisierte Normen durch Verweisungen im Schweizer Recht auch in der Schweiz Anwendung.<\/p>\n<div class=\"su-spacer\" style=\"height:20px\"><\/div>\n<h2>So bestimmen SIE die Norm<\/h2>\n<div class=\"su-spacer\" style=\"height:20px\"><\/div>\n<p>Hat das Experten-Gremium sich auf einen Norm-Entwurf geeinigt, wird dieser\u00a0<a href=\"https:\/\/youtu.be\/T--RIs3E7ZE\" target=\"_blank\" rel=\"noopener\">ver\u00f6ffentlicht<\/a>\u00a0und kann \u00fcblicherweise sechs Wochen lang von der \u00d6ffentlichkeit kommentiert werden. Jeder eingegangene Standpunkt wird wiederum vom Expertengremium diskutiert und im Zweifel wird die Norm nachgebessert.<\/p>\n<p>Sie interessieren sich f\u00fcr die Entstehung einer Norm? Hier finden Sie dazu ein\u00a0anschauliches Video:<\/p>\n<div class=\"su-youtube su-u-responsive-media-yes\"><iframe loading=\"lazy\" width=\"600\" height=\"400\" src=\"https:\/\/www.youtube.com\/embed\/MMu6B1MCPeQ?autohide=2&amp;autoplay=0&amp;mute=0&amp;controls=1&amp;fs=1&amp;loop=0&amp;modestbranding=0&amp;rel=1&amp;showinfo=1&amp;theme=dark&amp;wmode=&amp;playsinline=0\" frameborder=\"0\" allowfullscreen allow=\"autoplay; encrypted-media; picture-in-picture\" title=\"\"><\/iframe><\/div>\n<div class=\"su-spacer\" style=\"height:20px\"><\/div>\n<h2>DIN A4 &#8211; Die Norm aller Normen!<\/h2>\n<div class=\"su-spacer\" style=\"height:20px\"><\/div>\n<p>Die SNV feierte 2019 ihren 100. Geburtstag. Anfang Juli 1919 wurde in Baden der Schweizerische Normalien-Bund gegr\u00fcndet, der Name wird einige Jahre sp\u00e4ter auf die noch heute g\u00fcltige Bezeichnung Schweizerische Normen-Vereinigung (SNV) ge\u00e4ndert. Ziel ist es sich \u00fcber das Bed\u00fcrfnis einer gemeinsamen Normungsarbeit. 1926 sind unter anderen die Schweizer Normenfachleute bei der Gr\u00fcndung der International Federation of National Standardizing Associations (ISA) und stellt von 1928 bis 1931 sogar ihren ersten Pr\u00e4sidenten. 20 Jahre sp\u00e4ter wird aus ihr die International Organization for Standardization (ISO) mit Sitz in Genf. Auch als 1961 das Europ\u00e4ische Komitee f\u00fcr Normung unter dem Namen Comit\u00e9 Europ\u00e9en de Normalisation (CEN) gegr\u00fcndet wird, erfolgt die Grundsteinlegung in Z\u00fcrich.<\/p>\n<p>Wie eng die nationalen Organisationen jeweils zusammen arbeiten zeigt die DIN Norm der Papierformate: Die Frage nach Papierformaten ist in den 1910er Jahren noch ungel\u00f6st. Im Jahr 1922 setzt der Ingenieur Walter Porstmann in Deutschland die Idee eines konstanten Seitenverh\u00e4ltnisses als DIN-Norm durch. Ausgangsmass ist DIN A0 mit einer Fl\u00e4che von einem Quadratmeter. Alle anderen Formate leiten sich durch Halbieren oder Verdoppeln der Fl\u00e4che ab, sodass ein konstantes Seitenverh\u00e4ltnis von 1 : \u221a2 entsteht. Daraus ergibt sich auch das DIN-A4-Format, das alle kennen. Auf diese Weise wurden die exakten Masse von Papier, <a href=\"https:\/\/www.rajapack.ch\/de_CH\/kartons-schachteln-container\/din-format-kartons_C1012.html\" target=\"_blank\" rel=\"noopener\">Kartons<\/a>, Plakaten etc. geregelt. 1924 wurde das Mass in der Schweiz zum Standard, auch wenn die \u00dcbergangsfrist f\u00fcr alte Formulare 12 Jahre dauerte. 1941 wird durch die Rohstoffverknappung aufgrund des Krieges ein Erlass verabschiedet, dass nur noch Fertigpapiere aus der A-Reihe produziert werden d\u00fcrfen &#8211; wodurch das DIN-Format endg\u00fcltig zum Normalformat wird.<\/p>\n<div class=\"su-spacer\" style=\"height:20px\"><\/div>\n<h2>Rund 26.000 Normen in der Schweiz<\/h2>\n<div class=\"su-spacer\" style=\"height:20px\"><\/div>\n<figure id=\"attachment_29413\" aria-describedby=\"caption-attachment-29413\" style=\"width: 820px\" class=\"wp-caption alignnone\"><a href=\"https:\/\/www.snv.ch\/de\/ueber-normen\/wer-schreibt-die-normen.html\"><img loading=\"lazy\" decoding=\"async\" class=\"size-full wp-image-29413\" src=\"https:\/\/www.rajapack.ch\/verpackungsnews\/wp-content\/uploads\/2019\/03\/Normungsprozess-SNV.png\" alt=\"Normen erstellen SNV\" width=\"820\" height=\"400\" srcset=\"https:\/\/www.rajapack.ch\/verpackungsnews\/wp-content\/uploads\/2019\/03\/Normungsprozess-SNV.png 820w, https:\/\/www.rajapack.ch\/verpackungsnews\/wp-content\/uploads\/2019\/03\/Normungsprozess-SNV-430x210.png 430w, https:\/\/www.rajapack.ch\/verpackungsnews\/wp-content\/uploads\/2019\/03\/Normungsprozess-SNV-768x375.png 768w\" sizes=\"(max-width: 820px) 100vw, 820px\" \/><\/a><figcaption id=\"caption-attachment-29413\" class=\"wp-caption-text\">Bildquelle: https:\/\/www.snv.ch\/de\/ueber-normen\/wer-schreibt-die-normen.html<\/figcaption><\/figure>\n<p>Etwa drei Viertel der Schweizer Normen sind europ\u00e4ische Normen, gekennzeichnet mit dem Zusatz EN, die \u00fcbrigen sind gr\u00f6sstenteils Normen der ISO. Rein schweizerische Normen sind lediglich etwa 900. Die Zahl der weltweit geltenden Normen wird etwas vage auf mehrere Hunderttausend gesch\u00e4tzt. Dabei gibt es sogar eine Norm, die den Begriff Norm regelt! Unter der<a href=\"https:\/\/www.planet-wissen.de\/gesellschaft\/wirtschaft\/normen\/index.html\">\u00a0EN 45020<\/a>\u00a0findet sich folgender Eintrag: \u201eDokument, das mit Konsens erstellt und von einer anerkannten Institution angenommen wurde und das f\u00fcr die allgemeine und wiederkehrende Anwendung Regeln, Leitlinien oder Merkmale f\u00fcr T\u00e4tigkeiten oder deren Ergebnisse festlegt (\u2026).\u201c<\/p>\n","protected":false},"excerpt":{"rendered":"<p>Die Klischees sind weithin bekannt: Die Franzosen sind chaotisch aber gleichermassen romantisch, die Briten sind trinkfest (oder doch zumindest trinklustig) und haben zweifelhafte Essgewohnheiten, wir Schweizer gelten als neutral und [&#8230;]<\/p>\n","protected":false},"author":20,"featured_media":26713,"comment_status":"open","ping_status":"closed","sticky":false,"template":"","format":"standard","meta":{"_acf_changed":false,"footnotes":""},"categories":[20],"tags":[320,287],"class_list":["post-12773","post","type-post","status-publish","format-standard","has-post-thumbnail","hentry","category-know-how","tag-din","tag-normen"],"acf":[],"yoast_head":"\n<title>Normen: SN, DIN, EN, ISO und Co - RAJA Blog CH<\/title>\n<meta name=\"description\" content=\"Die SN Normen in der Schweiz, die EN europaweit und die ISO weltweit: Warum Normen f\u00fcr die Wirtschaft unabdingbar sind und wie sie entstehen.\" \/>\n<meta name=\"robots\" content=\"index, follow, max-snippet:-1, max-image-preview:large, max-video-preview:-1\" \/>\n<link rel=\"canonical\" href=\"https:\/\/www.rajapack.ch\/verpackungsnews\/normen-din-en-iso-und-co\" \/>\n<meta property=\"og:locale\" content=\"de_DE\" \/>\n<meta property=\"og:type\" content=\"article\" \/>\n<meta property=\"og:title\" content=\"Normen: SN, DIN, EN, ISO und Co - RAJA Blog CH\" \/>\n<meta property=\"og:description\" content=\"Die DIN Normen in Deutschland, die EN europaweit und die ISO weltweit: Warum Normen f\u00fcr die Wirtschaft unabdingbar sind und wie sie entstehen.\" \/>\n<meta property=\"og:url\" content=\"https:\/\/www.rajapack.ch\/verpackungsnews\/normen-din-en-iso-und-co\" \/>\n<meta property=\"og:site_name\" content=\"RAJA Blog CH\" \/>\n<meta property=\"article:published_time\" content=\"2019-03-22T08:30:53+00:00\" \/>\n<meta property=\"article:modified_time\" content=\"2026-03-12T12:22:42+00:00\" \/>\n<meta property=\"og:image\" content=\"https:\/\/www.rajapack.ch\/verpackungsnews\/wp-content\/uploads\/2018\/03\/Normen-erklaert.jpg\" \/>\n\t<meta property=\"og:image:width\" content=\"810\" \/>\n\t<meta property=\"og:image:height\" content=\"420\" \/>\n\t<meta property=\"og:image:type\" content=\"image\/jpeg\" \/>\n<meta name=\"author\" content=\"RAJAPACK Schweiz\" \/>\n<meta name=\"twitter:card\" content=\"summary_large_image\" \/>\n<meta name=\"twitter:title\" content=\"Normen: SN, DIN, EN, ISO und Co - RAJA Blog CH\" \/>\n<meta name=\"twitter:description\" content=\"Die DIN Normen in Deutschland, die EN europaweit und die ISO weltweit: Warum Normen f\u00fcr die Wirtschaft unabdingbar sind und wie sie entstehen.\" \/>\n<meta name=\"twitter:image\" content=\"https:\/\/www.rajapack.ch\/verpackungsnews\/wp-content\/uploads\/2018\/03\/Normen-erklaert.jpg\" \/>\n<meta name=\"twitter:label1\" content=\"Verfasst von\" \/>\n\t<meta name=\"twitter:data1\" content=\"RAJAPACK Schweiz\" \/>\n\t<meta name=\"twitter:label2\" content=\"Gesch\u00e4tzte Lesezeit\" \/>\n\t<meta name=\"twitter:data2\" content=\"6 Minuten\" \/>\n<script type=\"application\/ld+json\" class=\"yoast-schema-graph\">{\n\t    \"@context\": \"https:\/\/schema.org\",\n\t    \"@graph\": [\n\t        {\n\t            \"@type\": \"Article\",\n\t            \"@id\": \"https:\/\/www.rajapack.ch\/verpackungsnews\/normen-din-en-iso-und-co#article\",\n\t            \"isPartOf\": {\n\t                \"@id\": \"https:\/\/www.rajapack.ch\/verpackungsnews\/normen-din-en-iso-und-co\"\n\t            },\n\t            \"author\": {\n\t                \"name\": \"RAJAPACK Schweiz\",\n\t                \"@id\": \"https:\/\/www.rajapack.ch\/verpackungsnews\/#\/schema\/person\/e0825d9926514f72b2ba6eafaf517f7a\"\n\t            },\n\t            \"headline\": \"Normen: SN, DIN, EN, ISO und Co\",\n\t            \"datePublished\": \"2019-03-22T08:30:53+00:00\",\n\t            \"dateModified\": \"2026-03-12T12:22:42+00:00\",\n\t            \"mainEntityOfPage\": {\n\t                \"@id\": \"https:\/\/www.rajapack.ch\/verpackungsnews\/normen-din-en-iso-und-co\"\n\t            },\n\t            \"wordCount\": 1065,\n\t            \"commentCount\": 0,\n\t            \"publisher\": {\n\t                \"@id\": \"https:\/\/www.rajapack.ch\/verpackungsnews\/#organization\"\n\t            },\n\t            \"image\": {\n\t                \"@id\": \"https:\/\/www.rajapack.ch\/verpackungsnews\/normen-din-en-iso-und-co#primaryimage\"\n\t            },\n\t            \"thumbnailUrl\": \"https:\/\/www.rajapack.ch\/verpackungsnews\/wp-content\/uploads\/2018\/03\/Normen-erklaert.jpg\",\n\t            \"keywords\": [\n\t                \"DIN\",\n\t                \"Normen\"\n\t            ],\n\t            \"articleSection\": [\n\t                \"Know How\"\n\t            ],\n\t            \"inLanguage\": \"de-DE\",\n\t            \"potentialAction\": [\n\t                {\n\t                    \"@type\": \"CommentAction\",\n\t                    \"name\": \"Comment\",\n\t                    \"target\": [\n\t                        \"https:\/\/www.rajapack.ch\/verpackungsnews\/normen-din-en-iso-und-co#respond\"\n\t                    ]\n\t                }\n\t            ]\n\t        },\n\t        {\n\t            \"@type\": \"WebPage\",\n\t            \"@id\": \"https:\/\/www.rajapack.ch\/verpackungsnews\/normen-din-en-iso-und-co\",\n\t            \"url\": \"https:\/\/www.rajapack.ch\/verpackungsnews\/normen-din-en-iso-und-co\",\n\t            \"name\": \"Normen: SN, DIN, EN, ISO und Co - RAJA Blog CH\",\n\t            \"isPartOf\": {\n\t                \"@id\": \"https:\/\/www.rajapack.ch\/verpackungsnews\/#website\"\n\t            },\n\t            \"primaryImageOfPage\": {\n\t                \"@id\": \"https:\/\/www.rajapack.ch\/verpackungsnews\/normen-din-en-iso-und-co#primaryimage\"\n\t            },\n\t            \"image\": {\n\t                \"@id\": \"https:\/\/www.rajapack.ch\/verpackungsnews\/normen-din-en-iso-und-co#primaryimage\"\n\t            },\n\t            \"thumbnailUrl\": \"https:\/\/www.rajapack.ch\/verpackungsnews\/wp-content\/uploads\/2018\/03\/Normen-erklaert.jpg\",\n\t            \"datePublished\": \"2019-03-22T08:30:53+00:00\",\n\t            \"dateModified\": \"2026-03-12T12:22:42+00:00\",\n\t            \"description\": \"Die SN Normen in der Schweiz, die EN europaweit und die ISO weltweit: Warum Normen f\u00fcr die Wirtschaft unabdingbar sind und wie sie entstehen.\",\n\t            \"inLanguage\": \"de-DE\",\n\t            \"potentialAction\": [\n\t                {\n\t                    \"@type\": \"ReadAction\",\n\t                    \"target\": [\n\t                        \"https:\/\/www.rajapack.ch\/verpackungsnews\/normen-din-en-iso-und-co\"\n\t                    ]\n\t                }\n\t            ]\n\t        },\n\t        {\n\t            \"@type\": \"ImageObject\",\n\t            \"inLanguage\": \"de-DE\",\n\t            \"@id\": \"https:\/\/www.rajapack.ch\/verpackungsnews\/normen-din-en-iso-und-co#primaryimage\",\n\t            \"url\": \"https:\/\/www.rajapack.ch\/verpackungsnews\/wp-content\/uploads\/2018\/03\/Normen-erklaert.jpg\",\n\t            \"contentUrl\": \"https:\/\/www.rajapack.ch\/verpackungsnews\/wp-content\/uploads\/2018\/03\/Normen-erklaert.jpg\",\n\t            \"width\": 810,\n\t            \"height\": 420,\n\t            \"caption\": \"DIN Normen\"\n\t        },\n\t        {\n\t            \"@type\": \"WebSite\",\n\t            \"@id\": \"https:\/\/www.rajapack.ch\/verpackungsnews\/#website\",\n\t            \"url\": \"https:\/\/www.rajapack.ch\/verpackungsnews\/\",\n\t            \"name\": \"RAJA Blog CH\",\n\t            \"description\": \"Verpackungsnews vom Experten\",\n\t            \"publisher\": {\n\t                \"@id\": \"https:\/\/www.rajapack.ch\/verpackungsnews\/#organization\"\n\t            },\n\t            \"potentialAction\": [\n\t                {\n\t                    \"@type\": \"SearchAction\",\n\t                    \"target\": {\n\t                        \"@type\": \"EntryPoint\",\n\t                        \"urlTemplate\": \"https:\/\/www.rajapack.ch\/verpackungsnews\/?s={search_term_string}\"\n\t                    },\n\t                    \"query-input\": \"required name=search_term_string\"\n\t                }\n\t            ],\n\t            \"inLanguage\": \"de-DE\"\n\t        },\n\t        {\n\t            \"@type\": \"Organization\",\n\t            \"@id\": \"https:\/\/www.rajapack.ch\/verpackungsnews\/#organization\",\n\t            \"name\": \"RAJA Blog CH\",\n\t            \"url\": \"https:\/\/www.rajapack.ch\/verpackungsnews\/\",\n\t            \"logo\": {\n\t                \"@type\": \"ImageObject\",\n\t                \"inLanguage\": \"de-DE\",\n\t                \"@id\": \"https:\/\/www.rajapack.ch\/verpackungsnews\/#\/schema\/logo\/image\/\",\n\t                \"url\": \"\",\n\t                \"contentUrl\": \"\",\n\t                \"caption\": \"RAJA Blog CH\"\n\t            },\n\t            \"image\": {\n\t                \"@id\": \"https:\/\/www.rajapack.ch\/verpackungsnews\/#\/schema\/logo\/image\/\"\n\t            },\n\t            \"sameAs\": [\n\t                \"https:\/\/de.linkedin.com\/company\/rajapack-gmbh\"\n\t            ]\n\t        },\n\t        {\n\t            \"@type\": \"Person\",\n\t            \"@id\": \"https:\/\/www.rajapack.ch\/verpackungsnews\/#\/schema\/person\/e0825d9926514f72b2ba6eafaf517f7a\",\n\t            \"name\": \"RAJAPACK Schweiz\",\n\t            \"image\": {\n\t                \"@type\": \"ImageObject\",\n\t                \"inLanguage\": \"de-DE\",\n\t                \"@id\": \"https:\/\/www.rajapack.ch\/verpackungsnews\/#\/schema\/person\/image\/\",\n\t                \"url\": \"https:\/\/secure.gravatar.com\/avatar\/f391ad6b3c41197daad8136e36418c64?s=96&d=mm&r=g\",\n\t                \"contentUrl\": \"https:\/\/secure.gravatar.com\/avatar\/f391ad6b3c41197daad8136e36418c64?s=96&d=mm&r=g\",\n\t                \"caption\": \"RAJAPACK Schweiz\"\n\t            },\n\t            \"description\": \"Geschrieben von unseren Verpackungsexperten bei RAJAPACK Schweiz: Wir lieben Verpackungen.\",\n\t            \"url\": \"https:\/\/www.rajapack.ch\/verpackungsnews\/author\/raja-ch\"\n\t        }\n\t    ]\n\t}<\/script>\n","yoast_head_json":{"title":"Normen: SN, DIN, EN, ISO und Co - RAJA Blog CH","description":"Die SN Normen in der Schweiz, die EN europaweit und die ISO weltweit: Warum Normen f\u00fcr die Wirtschaft unabdingbar sind und wie sie entstehen.","robots":{"index":"index","follow":"follow","max-snippet":"max-snippet:-1","max-image-preview":"max-image-preview:large","max-video-preview":"max-video-preview:-1"},"canonical":"https:\/\/www.rajapack.ch\/verpackungsnews\/normen-din-en-iso-und-co","og_locale":"de_DE","og_type":"article","og_title":"Normen: SN, DIN, EN, ISO und Co - RAJA Blog CH","og_description":"Die DIN Normen in Deutschland, die EN europaweit und die ISO weltweit: Warum Normen f\u00fcr die Wirtschaft unabdingbar sind und wie sie entstehen.","og_url":"https:\/\/www.rajapack.ch\/verpackungsnews\/normen-din-en-iso-und-co","og_site_name":"RAJA Blog CH","article_published_time":"2019-03-22T08:30:53+00:00","article_modified_time":"2026-03-12T12:22:42+00:00","og_image":[{"width":810,"height":420,"url":"https:\/\/www.rajapack.ch\/verpackungsnews\/wp-content\/uploads\/2018\/03\/Normen-erklaert.jpg","type":"image\/jpeg"}],"author":"RAJAPACK Schweiz","twitter_card":"summary_large_image","twitter_title":"Normen: SN, DIN, EN, ISO und Co - RAJA Blog CH","twitter_description":"Die DIN Normen in Deutschland, die EN europaweit und die ISO weltweit: Warum Normen f\u00fcr die Wirtschaft unabdingbar sind und wie sie entstehen.","twitter_image":"https:\/\/www.rajapack.ch\/verpackungsnews\/wp-content\/uploads\/2018\/03\/Normen-erklaert.jpg","twitter_misc":{"Verfasst von":"RAJAPACK Schweiz","Gesch\u00e4tzte Lesezeit":"6 Minuten"},"schema":{"@context":"https:\/\/schema.org","@graph":[{"@type":"Article","@id":"https:\/\/www.rajapack.ch\/verpackungsnews\/normen-din-en-iso-und-co#article","isPartOf":{"@id":"https:\/\/www.rajapack.ch\/verpackungsnews\/normen-din-en-iso-und-co"},"author":{"name":"RAJAPACK Schweiz","@id":"https:\/\/www.rajapack.ch\/verpackungsnews\/#\/schema\/person\/e0825d9926514f72b2ba6eafaf517f7a"},"headline":"Normen: SN, DIN, EN, ISO und Co","datePublished":"2019-03-22T08:30:53+00:00","dateModified":"2026-03-12T12:22:42+00:00","mainEntityOfPage":{"@id":"https:\/\/www.rajapack.ch\/verpackungsnews\/normen-din-en-iso-und-co"},"wordCount":1065,"commentCount":0,"publisher":{"@id":"https:\/\/www.rajapack.ch\/verpackungsnews\/#organization"},"image":{"@id":"https:\/\/www.rajapack.ch\/verpackungsnews\/normen-din-en-iso-und-co#primaryimage"},"thumbnailUrl":"https:\/\/www.rajapack.ch\/verpackungsnews\/wp-content\/uploads\/2018\/03\/Normen-erklaert.jpg","keywords":["DIN","Normen"],"articleSection":["Know How"],"inLanguage":"de-DE","potentialAction":[{"@type":"CommentAction","name":"Comment","target":["https:\/\/www.rajapack.ch\/verpackungsnews\/normen-din-en-iso-und-co#respond"]}]},{"@type":"WebPage","@id":"https:\/\/www.rajapack.ch\/verpackungsnews\/normen-din-en-iso-und-co","url":"https:\/\/www.rajapack.ch\/verpackungsnews\/normen-din-en-iso-und-co","name":"Normen: SN, DIN, EN, ISO und Co - RAJA Blog CH","isPartOf":{"@id":"https:\/\/www.rajapack.ch\/verpackungsnews\/#website"},"primaryImageOfPage":{"@id":"https:\/\/www.rajapack.ch\/verpackungsnews\/normen-din-en-iso-und-co#primaryimage"},"image":{"@id":"https:\/\/www.rajapack.ch\/verpackungsnews\/normen-din-en-iso-und-co#primaryimage"},"thumbnailUrl":"https:\/\/www.rajapack.ch\/verpackungsnews\/wp-content\/uploads\/2018\/03\/Normen-erklaert.jpg","datePublished":"2019-03-22T08:30:53+00:00","dateModified":"2026-03-12T12:22:42+00:00","description":"Die SN Normen in der Schweiz, die EN europaweit und die ISO weltweit: Warum Normen f\u00fcr die Wirtschaft unabdingbar sind und wie sie entstehen.","inLanguage":"de-DE","potentialAction":[{"@type":"ReadAction","target":["https:\/\/www.rajapack.ch\/verpackungsnews\/normen-din-en-iso-und-co"]}]},{"@type":"ImageObject","inLanguage":"de-DE","@id":"https:\/\/www.rajapack.ch\/verpackungsnews\/normen-din-en-iso-und-co#primaryimage","url":"https:\/\/www.rajapack.ch\/verpackungsnews\/wp-content\/uploads\/2018\/03\/Normen-erklaert.jpg","contentUrl":"https:\/\/www.rajapack.ch\/verpackungsnews\/wp-content\/uploads\/2018\/03\/Normen-erklaert.jpg","width":810,"height":420,"caption":"DIN Normen"},{"@type":"WebSite","@id":"https:\/\/www.rajapack.ch\/verpackungsnews\/#website","url":"https:\/\/www.rajapack.ch\/verpackungsnews\/","name":"RAJA Blog CH","description":"Verpackungsnews vom Experten","publisher":{"@id":"https:\/\/www.rajapack.ch\/verpackungsnews\/#organization"},"potentialAction":[{"@type":"SearchAction","target":{"@type":"EntryPoint","urlTemplate":"https:\/\/www.rajapack.ch\/verpackungsnews\/?s={search_term_string}"},"query-input":"required name=search_term_string"}],"inLanguage":"de-DE"},{"@type":"Organization","@id":"https:\/\/www.rajapack.ch\/verpackungsnews\/#organization","name":"RAJA Blog CH","url":"https:\/\/www.rajapack.ch\/verpackungsnews\/","logo":{"@type":"ImageObject","inLanguage":"de-DE","@id":"https:\/\/www.rajapack.ch\/verpackungsnews\/#\/schema\/logo\/image\/","url":"","contentUrl":"","caption":"RAJA Blog CH"},"image":{"@id":"https:\/\/www.rajapack.ch\/verpackungsnews\/#\/schema\/logo\/image\/"},"sameAs":["https:\/\/de.linkedin.com\/company\/rajapack-gmbh"]},{"@type":"Person","@id":"https:\/\/www.rajapack.ch\/verpackungsnews\/#\/schema\/person\/e0825d9926514f72b2ba6eafaf517f7a","name":"RAJAPACK Schweiz","image":{"@type":"ImageObject","inLanguage":"de-DE","@id":"https:\/\/www.rajapack.ch\/verpackungsnews\/#\/schema\/person\/image\/","url":"https:\/\/secure.gravatar.com\/avatar\/f391ad6b3c41197daad8136e36418c64?s=96&d=mm&r=g","contentUrl":"https:\/\/secure.gravatar.com\/avatar\/f391ad6b3c41197daad8136e36418c64?s=96&d=mm&r=g","caption":"RAJAPACK Schweiz"},"description":"Geschrieben von unseren Verpackungsexperten bei RAJAPACK Schweiz: Wir lieben Verpackungen.","url":"https:\/\/www.rajapack.ch\/verpackungsnews\/author\/raja-ch"}]}},"_links":{"self":[{"href":"https:\/\/www.rajapack.ch\/verpackungsnews\/wp-json\/wp\/v2\/posts\/12773"}],"collection":[{"href":"https:\/\/www.rajapack.ch\/verpackungsnews\/wp-json\/wp\/v2\/posts"}],"about":[{"href":"https:\/\/www.rajapack.ch\/verpackungsnews\/wp-json\/wp\/v2\/types\/post"}],"author":[{"embeddable":true,"href":"https:\/\/www.rajapack.ch\/verpackungsnews\/wp-json\/wp\/v2\/users\/20"}],"replies":[{"embeddable":true,"href":"https:\/\/www.rajapack.ch\/verpackungsnews\/wp-json\/wp\/v2\/comments?post=12773"}],"version-history":[{"count":2,"href":"https:\/\/www.rajapack.ch\/verpackungsnews\/wp-json\/wp\/v2\/posts\/12773\/revisions"}],"predecessor-version":[{"id":30884,"href":"https:\/\/www.rajapack.ch\/verpackungsnews\/wp-json\/wp\/v2\/posts\/12773\/revisions\/30884"}],"wp:featuredmedia":[{"embeddable":true,"href":"https:\/\/www.rajapack.ch\/verpackungsnews\/wp-json\/wp\/v2\/media\/26713"}],"wp:attachment":[{"href":"https:\/\/www.rajapack.ch\/verpackungsnews\/wp-json\/wp\/v2\/media?parent=12773"}],"wp:term":[{"taxonomy":"category","embeddable":true,"href":"https:\/\/www.rajapack.ch\/verpackungsnews\/wp-json\/wp\/v2\/categories?post=12773"},{"taxonomy":"post_tag","embeddable":true,"href":"https:\/\/www.rajapack.ch\/verpackungsnews\/wp-json\/wp\/v2\/tags?post=12773"}],"curies":[{"name":"wp","href":"https:\/\/api.w.org\/{rel}","templated":true}]}}