{"id":15094,"date":"2018-12-04T14:55:12","date_gmt":"2018-12-04T13:55:12","guid":{"rendered":"https:\/\/www.rajapack.ch\/verpackungsnews\/?p=15094"},"modified":"2023-05-25T12:48:15","modified_gmt":"2023-05-25T10:48:15","slug":"adventsdeko-selber-basteln","status":"publish","type":"post","link":"https:\/\/www.rajapack.ch\/verpackungsnews\/adventsdeko-selber-basteln","title":{"rendered":"Adventsdeko selber basteln"},"content":{"rendered":"<h5>In der Vorweihnachtszeit wird die festliche Stimmung nach und nach aufgebaut: Ein Adventskalender z\u00e4hlt die Tage bis Weihnachten und jeden Adventsonntag wird eine weitere Kerze im Adventskranz angez\u00fcndet. Die Vorfreude auf die Feiertage steigt und jeder freut sich \u00fcber sch\u00f6ne Dekorationsideen, mit denen sich die Wohnung liebevoll schm\u00fccken l\u00e4sst. Originelle Kleinigkeiten aus Verpackung sorgen schnell f\u00fcr Feststimmung in den eigenen vier W\u00e4nden.<\/h5>\n<div class=\"su-spacer\" style=\"height:20px\"><\/div><div class=\"su-divider su-divider-style-default\" style=\"margin:15px 0;border-width:3px;border-color:#999999\"><\/div><div class=\"su-spacer\" style=\"height:20px\"><\/div>\n<h2>Weihnachtsdeko aus Palettenholz<\/h2>\n<div class=\"su-spacer\" style=\"height:20px\"><\/div>\n<p><a href=\"https:\/\/www.rajapack.ch\/de_CH\/palettierung-folien\/paletten_C4040.html\" target=\"_blank\" rel=\"noopener\">Paletten<\/a> sind in der DIY-Szene nach wie vor beliebt. Das Holz wird zu Indoor und Outdoor M\u00f6beln verbaut und ist in privaten Haushalten ebenso vertreten, wie in professionellen Event-Locations und Unternehmen. Paletten scheinen f\u00fcr jeden gemacht und passen mit sch\u00f6nen Ideen auch in die Weihnachtszeit.<br \/>\nWarum also keine Paletten in Adventsdeko verwandeln? Wie w\u00e4re es mit dieser Idee f\u00fcr Ihren Firmen Eingangsbereich oder Garten: <a href=\"https:\/\/www.rajapack.ch\/de_CH\/palettierung-folien\/holzpaletten_C404015.html\" target=\"_blank\" rel=\"noopener\">Holzpaletten<\/a> lassen sich mit etwas Geschick schnell zum <a href=\"https:\/\/www.muhvie.de\/paletten-deko-fuer-haus-garten-und-weihnachten-das-beleuchtete-weihnachtsdorf\/\" target=\"_blank\" rel=\"noopener\">weihnachtlichen Hingucker<\/a> verwandeln.<br \/>\n<div class=\"su-custom-gallery su-custom-gallery-align-left su-custom-gallery-title-never\"><div class=\"su-custom-gallery-slide\" style=\"width:790px;height:420px\"><a><img loading=\"lazy\" decoding=\"async\" src=\"https:\/\/www.rajapack.ch\/verpackungsnews\/wp-content\/uploads\/2018\/12\/Paletten-Upcycling-beleuchtete-Deko-fuer-Haus-und-Garten-zu-Weihnachten-19-1024x766-1-790x420.jpg\" alt=\"Paletten-Upcycling-beleuchtete-Deko-f\u00fcr-Haus-und-Garten-zu-Weihnachten-19-1024&#215;766\" width=\"790\" height=\"420\" \/><span class=\"su-custom-gallery-title\">Paletten-Upcycling-beleuchtete-Deko-f\u00fcr-Haus-und-Garten-zu-Weihnachten-19-1024&#215;766<\/span><\/a><\/div><div class=\"su-clear\"><\/div><\/div>\n<div class=\"su-spacer\" style=\"height:20px\"><\/div>\n<div class=\"column mcb-column one column_column\">\n<div class=\"column_attr clearfix align_center\">\n<h3>So gehen Sie f\u00fcr das weihnachtliche Paletten-DIY vor:<\/h3>\n<\/div>\n<\/div>\n<div class=\"column mcb-column one column_column\">\n<div class=\"column_attr clearfix\">\n<div class=\"su-spacer\" style=\"height:20px\"><\/div>\n<ul>\n<li>W\u00e4hlen Sie mindestens eine Palette mit m\u00f6glichst wenig Astl\u00f6chern und Rissen aus.<\/li>\n<li>Dann brauchen Sie nur noch einen Bleistift und eine Stichs\u00e4ge mit passendem S\u00e4geblatt.<\/li>\n<li>\u00dcberlegen Sie sich f\u00fcr die 10 Streben passende Motive und zeichnen Sie diese vor: ob Weihnachtsbaum, Weihnachtsstern, H\u00e4uschen, Engel oder andere winterliche Motive- solange es nicht zu filigran wird, ist alles m\u00f6glich. Im Falle von Europaletten ist das Mass der kleinen Bretter (die 2 mittleren) mit 9 cm und das der drei gr\u00f6sseren mit etwa 14 cm Breite vorgegeben.<\/li>\n<li>Nun geht es ans S\u00e4gen. Achten Sie darauf, Kurven langsam und exakt auszuschneiden. Um keine S\u00e4gesp\u00e4ne einzuatmen, empfehlen wir Staubmasken.<\/li>\n<li>Wenn Sie m\u00f6chten, k\u00f6nnen Sie nun noch die rauen S\u00e4gekanten mit etwas Schleifpapier gl\u00e4tten. Anschliessend k\u00f6nnen Sie die winterliche Landschaft mit Tannenzweigen und Lichterketten dekorieren.<\/li>\n<li>Eine detailliertere Anleitung mit weiteren Tipps und Tricks finden Sie im informativen Blog von <a href=\"https:\/\/www.muhvie.de\/paletten-deko-fuer-haus-garten-und-weihnachten-das-beleuchtete-weihnachtsdorf\/\" target=\"_blank\" rel=\"noopener\"> J\u00fcrgen R\u00f6semeier-Buhmann<\/a>.<\/li>\n<\/ul>\n<div class=\"su-spacer\" style=\"height:20px\"><\/div>\n<h2>Adventsdeko aus Karton und Pappe<\/h2>\n<div class=\"su-spacer\" style=\"height:20px\"><\/div>\n<p>Karton ist das wohl am meisten verbreitete Bastelmaterial. Ob im Kindergarten, in der Grundschule oder mit aufwendigen Schnittmustern: Karton gibt es in vielen Formaten, und Bastelideen in allen K\u00f6nnerstufen. Ob Schneeflocken, Weihnachtsb\u00e4ume, Christbaumkugel oder Sterne: Es gibt viele sch\u00f6ne Formen, die aus weissem oder buntem Papier ausgeschnitten oder bemalt werden k\u00f6nnen. Aus Kartonresten lassen sich stabile Schablonen erstellen um gleich mehrere der Kunstwerke zu basteln.<br \/>\nDazu einfach die passende Vorlage im Internet suchen, ausdrucken, auf das Pappst\u00fcck aufkleben, ausschneiden und loslegen.<\/p>\n<p>Bunter Fotokarton wird, in Verbindung mit Transparentpapier, ganz einfach zur weihnachtlichen Kulisse&#8230;<\/p>\n<div class=\"su-custom-gallery su-custom-gallery-align-left su-custom-gallery-title-never\"><div class=\"su-custom-gallery-slide\" style=\"width:790px;height:420px\"><a><img loading=\"lazy\" decoding=\"async\" src=\"https:\/\/www.rajapack.ch\/verpackungsnews\/wp-content\/uploads\/2018\/12\/Weihnachtsdeko-Fensterbild-790x420.jpg\" alt=\"Weihnachtsdeko-Fensterbild\" width=\"790\" height=\"420\" \/><span class=\"su-custom-gallery-title\">Weihnachtsdeko-Fensterbild<\/span><\/a><\/div><div class=\"su-clear\"><\/div><\/div>\n<div class=\"su-spacer\" style=\"height:20px\"><\/div>\n<div class=\"column mcb-column one column_column\">\n<div class=\"column_attr clearfix align_center\">\n<h2>Weihnachten im Fenster<\/h2>\n<div class=\"su-spacer\" style=\"height:20px\"><\/div>\n<p>Wer nicht nur im Haus, sondern auch die Fenster nach aussen in der Adventszeit schm\u00fccken m\u00f6chte, ist in guter Gesellschaft. Adventsfenster sind in vielen Ortschaften verbreitet.<br \/>\nAdventsfenster sind visuelle Adventskalender: Vom 1. bis zum 24. Dezember wird an einem Haus ein von der Strasse einsehbares Fenster weihnachtlich geschm\u00fcckt und beleuchtet. Oftmals werden bei der erstmaligen Beleuchtung des Fensters auch Kleinigkeiten Angeboten: Gl\u00fchwein, Tee und Weihnachtsgeb\u00e4ck.<br \/>\nUnabh\u00e4ngig vom Adventsfenster erfreut eine h\u00fcbsche Dekoration. B\u00e4rbel\u2019s Wohn &amp; Deko Ideen zeigt, wie man aus simpler Kartonage einen beleuchteten Weihnachtskarton f\u00fcr die Fensterbank zaubert:<\/p>\n<div class=\"su-youtube su-u-responsive-media-yes\"><iframe loading=\"lazy\" width=\"600\" height=\"400\" src=\"https:\/\/www.youtube.com\/embed\/xSwi2p39CiY?autohide=2&amp;autoplay=0&amp;mute=0&amp;controls=1&amp;fs=1&amp;loop=0&amp;modestbranding=0&amp;rel=1&amp;showinfo=1&amp;theme=dark&amp;wmode=&amp;playsinline=0\" frameborder=\"0\" allowfullscreen allow=\"autoplay; encrypted-media; picture-in-picture\" title=\"&#039;Der Weihnachtskarton&#039; - B\u00e4rbel\u00b4s Wohn &amp; Deko Ideen\"><\/iframe><\/div>\n<div class=\"su-spacer\" style=\"height:20px\"><\/div>\n<h2>Kamin aus Karton oder Paletten<\/h2>\n<div class=\"su-spacer\" style=\"height:20px\"><\/div>\n<p>Als Symbolfigur f\u00fcr das weihnachtliche Schenken wird in vielen Figuren der Weihnachtsmann verwendet. Und der Weihnachtsmann kommt bekanntlich durch den Kamin. Doch was, wenn kein Kamin vorhanden ist? Mit einem Karton und etwas Farbe oder Fototapete entsteht im Nu ein Zugang f\u00fcr den rundlichen, freundlichen Mann. Besonders edel und rustikal ist die Version aus Palettenholz. Hierf\u00fcr wird eine passende Aussparung aus der Palette ges\u00e4gt oder die Palettenbretter abgel\u00f6st und passend zusammengezimmert. Wer m\u00f6chte kann auch noch Socken aufh\u00e4ngen \ud83d\ude42 Damit die DIY-Kaminkonsole trotz Pappe oder Holz feuerfest ist, empfehlen wir die Verwendung von LED-Kerzen.<\/p>\n<p>Anleitungen finden sich reichlich im Netz, zum Beispiel bei <a href=\"https:\/\/www.pinterest.de\/pin\/844565736344861468\/\" target=\"_blank\" rel=\"noopener\">Pinterest<\/a> oder YouTube.<\/p>\n<div class=\"su-custom-gallery su-custom-gallery-align-left su-custom-gallery-title-never\"><div class=\"su-custom-gallery-slide\" style=\"width:590px;height:610px\"><a><img loading=\"lazy\" decoding=\"async\" src=\"https:\/\/www.rajapack.ch\/verpackungsnews\/wp-content\/uploads\/2018\/12\/Kamin-aus-Kartons-590x610.jpg\" alt=\"Kamin-aus-Kartons\" width=\"590\" height=\"610\" \/><span class=\"su-custom-gallery-title\">Kamin-aus-Kartons<\/span><\/a><\/div><div class=\"su-clear\"><\/div><\/div>\n<div class=\"su-spacer\" style=\"height:20px\"><\/div>\n<h2>Bastelideen aus Wellpappe<\/h2>\n<div class=\"su-spacer\" style=\"height:20px\"><\/div>\n<p>Zum Basteln immer besonders &#8222;dankbar&#8220;: <a href=\"https:\/\/www.rajapack.ch\/de_CH\/palettierung-folien\/palettensicherung\/paletten-zwischenlagen\/karton-zwischenlagen-extrastark_PDT02369.html\" target=\"_blank\" rel=\"noopener\">Wellpappe<\/a>! Ob Weihnachtsbaum oder Weihnachtsstern, mit Wellpappe kann man zwei- und auch dreidimensional basteln. In der einfachen Variante k\u00f6nnen Vorlagen auf die Wellpappe\u00a0aufgezeichnet, ausgeschnitten und gegeneinander geklebt werden, als Geschenkanh\u00e4nger, Weihnachtsdeko oder auch als Motiv f\u00fcr selbstgebastelte Karten.<br \/>\nRichtige Kunstwerke erh\u00e4lt man allerdings, wenn man die Wellpappe steckt, wie bei diesem h\u00fcbschen Weihnachtsbaum:<\/p>\n<div class=\"su-youtube su-u-responsive-media-yes\"><iframe loading=\"lazy\" width=\"600\" height=\"400\" src=\"https:\/\/www.youtube.com\/embed\/_zOBg21gHvo?autohide=2&amp;autoplay=0&amp;mute=0&amp;controls=1&amp;fs=1&amp;loop=0&amp;modestbranding=0&amp;rel=1&amp;showinfo=1&amp;theme=dark&amp;wmode=&amp;playsinline=0\" frameborder=\"0\" allowfullscreen allow=\"autoplay; encrypted-media; picture-in-picture\" title=\"DIY: Weihnachtsbaum aus Wellpappe \/ Christmas tree made out of corrugated boards\"><\/iframe><\/div>\n<div class=\"su-spacer\" style=\"height:20px\"><\/div>\n<h2>Weihnachtsstern aus Geschenkt\u00fcten<\/h2>\n<div class=\"su-spacer\" style=\"height:20px\"><\/div>\n<p>Zum Schluss noch ein echter Klassiker, extrem einfach und mit garantiertem \u201eWow-Effekt\u201c beim Auseinanderfalten: Sterne aus\u00a0<a href=\"https:\/\/www.rajapack.ch\/de_CH\/tragetaschen-geschenkverpackung\/geschenkboxen-tueten\/geschenktueten\/papierbeutel-klassisch_PDT00105.html\" target=\"_blank\" rel=\"noopener\">Geschenkt\u00fcten<\/a>\u00a0(geht auch mit der klassischen Vespert\u00fcte bzw. Butterbrot-T\u00fcte) sehen nicht nur in den eigenen vier W\u00e4nden sehr h\u00fcbsch aus, sondern eignen sich auch zum Verschenken als kleiner Weihnachtsgruss. F\u00fcr Fortgeschrittene: Das Ganze mit einer LED-Lichterkette zum Leuchten bringen!<\/p>\n<div class=\"su-youtube su-u-responsive-media-yes\"><iframe loading=\"lazy\" width=\"600\" height=\"400\" src=\"https:\/\/www.youtube.com\/embed\/XRovVYFsvkU?autohide=2&amp;autoplay=0&amp;mute=0&amp;controls=1&amp;fs=1&amp;loop=0&amp;modestbranding=0&amp;rel=1&amp;showinfo=1&amp;theme=dark&amp;wmode=&amp;playsinline=0\" frameborder=\"0\" allowfullscreen allow=\"autoplay; encrypted-media; picture-in-picture\" title=\"Weihnachtsstern aus Papiertu\u0308ten\"><\/iframe><\/div>\n<\/div>\n<\/div>\n<\/div>\n<\/div>\n","protected":false},"excerpt":{"rendered":"<p>In der Vorweihnachtszeit wird die festliche Stimmung nach und nach aufgebaut: Ein Adventskalender z\u00e4hlt die Tage bis Weihnachten und jeden Adventsonntag wird eine weitere Kerze im Adventskranz angez\u00fcndet. Die Vorfreude [&#8230;]<\/p>\n","protected":false},"author":20,"featured_media":27120,"comment_status":"open","ping_status":"closed","sticky":false,"template":"","format":"standard","meta":{"_acf_changed":false,"footnotes":""},"categories":[21],"tags":[800,769,129],"class_list":["post-15094","post","type-post","status-publish","format-standard","has-post-thumbnail","hentry","category-news-und-trends","tag-dekoration","tag-diy","tag-weihnachten"],"acf":[],"yoast_head":"\n<title>Adventsdeko selber basteln - RAJA Blog CH<\/title>\n<meta name=\"description\" content=\"Festliche Stimmung mit Karton und Papier: RAJA zeigt Ideen und Anregungen f\u00fcrs Basteln in der Adventszeit. Viel Spass!\" \/>\n<meta name=\"robots\" content=\"index, follow, max-snippet:-1, max-image-preview:large, max-video-preview:-1\" \/>\n<link rel=\"canonical\" href=\"https:\/\/www.rajapack.ch\/verpackungsnews\/adventsdeko-selber-basteln\" \/>\n<meta property=\"og:locale\" content=\"de_DE\" \/>\n<meta property=\"og:type\" content=\"article\" \/>\n<meta property=\"og:title\" content=\"Adventsdeko selber basteln - RAJA Blog CH\" \/>\n<meta property=\"og:description\" content=\"Festliche Stimmung mit Karton und Papier: RAJA zeigt Ideen und Anregungen f\u00fcrs Basteln in der Adventszeit. Viel Spass!\" \/>\n<meta property=\"og:url\" content=\"https:\/\/www.rajapack.ch\/verpackungsnews\/adventsdeko-selber-basteln\" \/>\n<meta property=\"og:site_name\" content=\"RAJA Blog CH\" \/>\n<meta property=\"article:published_time\" content=\"2018-12-04T13:55:12+00:00\" \/>\n<meta property=\"article:modified_time\" content=\"2023-05-25T10:48:15+00:00\" \/>\n<meta property=\"og:image\" content=\"https:\/\/www.rajapack.ch\/verpackungsnews\/wp-content\/uploads\/2018\/12\/Adventsdeko-Titel-1536x585-1.jpg\" \/>\n\t<meta property=\"og:image:width\" content=\"1536\" \/>\n\t<meta property=\"og:image:height\" content=\"585\" \/>\n\t<meta property=\"og:image:type\" content=\"image\/jpeg\" \/>\n<meta name=\"author\" content=\"RAJAPACK Schweiz\" \/>\n<meta name=\"twitter:card\" content=\"summary_large_image\" \/>\n<meta name=\"twitter:title\" content=\"Adventsdeko selber basteln - RAJA Blog CH\" \/>\n<meta name=\"twitter:description\" content=\"Festliche Stimmung mit Karton und Papier: RAJA zeigt Ideen und Anregungen f\u00fcrs Basteln in der Adventszeit. Viel Spass!\" \/>\n<meta name=\"twitter:image\" content=\"https:\/\/www.rajapack.ch\/verpackungsnews\/wp-content\/uploads\/2018\/12\/Adventsdeko-Titel-1536x585-1.jpg\" \/>\n<meta name=\"twitter:label1\" content=\"Verfasst von\" \/>\n\t<meta name=\"twitter:data1\" content=\"RAJAPACK Schweiz\" \/>\n\t<meta name=\"twitter:label2\" content=\"Gesch\u00e4tzte Lesezeit\" \/>\n\t<meta name=\"twitter:data2\" content=\"5 Minuten\" \/>\n<script type=\"application\/ld+json\" class=\"yoast-schema-graph\">{\n\t    \"@context\": \"https:\/\/schema.org\",\n\t    \"@graph\": [\n\t        {\n\t            \"@type\": \"Article\",\n\t            \"@id\": \"https:\/\/www.rajapack.ch\/verpackungsnews\/adventsdeko-selber-basteln#article\",\n\t            \"isPartOf\": {\n\t                \"@id\": \"https:\/\/www.rajapack.ch\/verpackungsnews\/adventsdeko-selber-basteln\"\n\t            },\n\t            \"author\": {\n\t                \"name\": \"RAJAPACK Schweiz\",\n\t                \"@id\": \"https:\/\/www.rajapack.ch\/verpackungsnews\/#\/schema\/person\/e0825d9926514f72b2ba6eafaf517f7a\"\n\t            },\n\t            \"headline\": \"Adventsdeko selber basteln\",\n\t            \"datePublished\": \"2018-12-04T13:55:12+00:00\",\n\t            \"dateModified\": \"2023-05-25T10:48:15+00:00\",\n\t            \"mainEntityOfPage\": {\n\t                \"@id\": \"https:\/\/www.rajapack.ch\/verpackungsnews\/adventsdeko-selber-basteln\"\n\t            },\n\t            \"wordCount\": 906,\n\t            \"commentCount\": 0,\n\t            \"publisher\": {\n\t                \"@id\": \"https:\/\/www.rajapack.ch\/verpackungsnews\/#organization\"\n\t            },\n\t            \"image\": {\n\t                \"@id\": \"https:\/\/www.rajapack.ch\/verpackungsnews\/adventsdeko-selber-basteln#primaryimage\"\n\t            },\n\t            \"thumbnailUrl\": \"https:\/\/www.rajapack.ch\/verpackungsnews\/wp-content\/uploads\/2018\/12\/Adventsdeko-Titel-1536x585-1.jpg\",\n\t            \"keywords\": [\n\t                \"Dekoration\",\n\t                \"DIY\",\n\t                \"Weihnachten\"\n\t            ],\n\t            \"articleSection\": [\n\t                \"News und Trends\"\n\t            ],\n\t            \"inLanguage\": \"de-DE\",\n\t            \"potentialAction\": [\n\t                {\n\t                    \"@type\": \"CommentAction\",\n\t                    \"name\": \"Comment\",\n\t                    \"target\": [\n\t                        \"https:\/\/www.rajapack.ch\/verpackungsnews\/adventsdeko-selber-basteln#respond\"\n\t                    ]\n\t                }\n\t            ]\n\t        },\n\t        {\n\t            \"@type\": \"WebPage\",\n\t            \"@id\": \"https:\/\/www.rajapack.ch\/verpackungsnews\/adventsdeko-selber-basteln\",\n\t            \"url\": \"https:\/\/www.rajapack.ch\/verpackungsnews\/adventsdeko-selber-basteln\",\n\t            \"name\": \"Adventsdeko selber basteln - RAJA Blog CH\",\n\t            \"isPartOf\": {\n\t                \"@id\": \"https:\/\/www.rajapack.ch\/verpackungsnews\/#website\"\n\t            },\n\t            \"primaryImageOfPage\": {\n\t                \"@id\": \"https:\/\/www.rajapack.ch\/verpackungsnews\/adventsdeko-selber-basteln#primaryimage\"\n\t            },\n\t            \"image\": {\n\t                \"@id\": \"https:\/\/www.rajapack.ch\/verpackungsnews\/adventsdeko-selber-basteln#primaryimage\"\n\t            },\n\t            \"thumbnailUrl\": \"https:\/\/www.rajapack.ch\/verpackungsnews\/wp-content\/uploads\/2018\/12\/Adventsdeko-Titel-1536x585-1.jpg\",\n\t            \"datePublished\": \"2018-12-04T13:55:12+00:00\",\n\t            \"dateModified\": \"2023-05-25T10:48:15+00:00\",\n\t            \"description\": \"Festliche Stimmung mit Karton und Papier: RAJA zeigt Ideen und Anregungen f\u00fcrs Basteln in der Adventszeit. Viel Spass!\",\n\t            \"inLanguage\": \"de-DE\",\n\t            \"potentialAction\": [\n\t                {\n\t                    \"@type\": \"ReadAction\",\n\t                    \"target\": [\n\t                        \"https:\/\/www.rajapack.ch\/verpackungsnews\/adventsdeko-selber-basteln\"\n\t                    ]\n\t                }\n\t            ]\n\t        },\n\t        {\n\t            \"@type\": \"ImageObject\",\n\t            \"inLanguage\": \"de-DE\",\n\t            \"@id\": \"https:\/\/www.rajapack.ch\/verpackungsnews\/adventsdeko-selber-basteln#primaryimage\",\n\t            \"url\": \"https:\/\/www.rajapack.ch\/verpackungsnews\/wp-content\/uploads\/2018\/12\/Adventsdeko-Titel-1536x585-1.jpg\",\n\t            \"contentUrl\": \"https:\/\/www.rajapack.ch\/verpackungsnews\/wp-content\/uploads\/2018\/12\/Adventsdeko-Titel-1536x585-1.jpg\",\n\t            \"width\": 1536,\n\t            \"height\": 585,\n\t            \"caption\": \"Basteln zum Advent\"\n\t        },\n\t        {\n\t            \"@type\": \"WebSite\",\n\t            \"@id\": \"https:\/\/www.rajapack.ch\/verpackungsnews\/#website\",\n\t            \"url\": \"https:\/\/www.rajapack.ch\/verpackungsnews\/\",\n\t            \"name\": \"RAJA Blog CH\",\n\t            \"description\": \"Verpackungsnews vom Experten\",\n\t            \"publisher\": {\n\t                \"@id\": \"https:\/\/www.rajapack.ch\/verpackungsnews\/#organization\"\n\t            },\n\t            \"potentialAction\": [\n\t                {\n\t                    \"@type\": \"SearchAction\",\n\t                    \"target\": {\n\t                        \"@type\": \"EntryPoint\",\n\t                        \"urlTemplate\": \"https:\/\/www.rajapack.ch\/verpackungsnews\/?s={search_term_string}\"\n\t                    },\n\t                    \"query-input\": \"required name=search_term_string\"\n\t                }\n\t            ],\n\t            \"inLanguage\": \"de-DE\"\n\t        },\n\t        {\n\t            \"@type\": \"Organization\",\n\t            \"@id\": \"https:\/\/www.rajapack.ch\/verpackungsnews\/#organization\",\n\t            \"name\": \"RAJA Blog CH\",\n\t            \"url\": \"https:\/\/www.rajapack.ch\/verpackungsnews\/\",\n\t            \"logo\": {\n\t                \"@type\": \"ImageObject\",\n\t                \"inLanguage\": \"de-DE\",\n\t                \"@id\": \"https:\/\/www.rajapack.ch\/verpackungsnews\/#\/schema\/logo\/image\/\",\n\t                \"url\": \"\",\n\t                \"contentUrl\": \"\",\n\t                \"caption\": \"RAJA Blog CH\"\n\t            },\n\t            \"image\": {\n\t                \"@id\": \"https:\/\/www.rajapack.ch\/verpackungsnews\/#\/schema\/logo\/image\/\"\n\t            },\n\t            \"sameAs\": [\n\t                \"https:\/\/de.linkedin.com\/company\/rajapack-gmbh\"\n\t            ]\n\t        },\n\t        {\n\t            \"@type\": \"Person\",\n\t            \"@id\": \"https:\/\/www.rajapack.ch\/verpackungsnews\/#\/schema\/person\/e0825d9926514f72b2ba6eafaf517f7a\",\n\t            \"name\": \"RAJAPACK Schweiz\",\n\t            \"image\": {\n\t                \"@type\": \"ImageObject\",\n\t                \"inLanguage\": \"de-DE\",\n\t                \"@id\": \"https:\/\/www.rajapack.ch\/verpackungsnews\/#\/schema\/person\/image\/\",\n\t                \"url\": \"https:\/\/secure.gravatar.com\/avatar\/f391ad6b3c41197daad8136e36418c64?s=96&d=mm&r=g\",\n\t                \"contentUrl\": \"https:\/\/secure.gravatar.com\/avatar\/f391ad6b3c41197daad8136e36418c64?s=96&d=mm&r=g\",\n\t                \"caption\": \"RAJAPACK Schweiz\"\n\t            },\n\t            \"description\": \"Geschrieben von unseren Verpackungsexperten bei RAJAPACK Schweiz: Wir lieben Verpackungen.\",\n\t            \"url\": \"https:\/\/www.rajapack.ch\/verpackungsnews\/author\/raja-ch\"\n\t        }\n\t    ]\n\t}<\/script>\n","yoast_head_json":{"title":"Adventsdeko selber basteln - RAJA Blog CH","description":"Festliche Stimmung mit Karton und Papier: RAJA zeigt Ideen und Anregungen f\u00fcrs Basteln in der Adventszeit. Viel Spass!","robots":{"index":"index","follow":"follow","max-snippet":"max-snippet:-1","max-image-preview":"max-image-preview:large","max-video-preview":"max-video-preview:-1"},"canonical":"https:\/\/www.rajapack.ch\/verpackungsnews\/adventsdeko-selber-basteln","og_locale":"de_DE","og_type":"article","og_title":"Adventsdeko selber basteln - RAJA Blog CH","og_description":"Festliche Stimmung mit Karton und Papier: RAJA zeigt Ideen und Anregungen f\u00fcrs Basteln in der Adventszeit. Viel Spass!","og_url":"https:\/\/www.rajapack.ch\/verpackungsnews\/adventsdeko-selber-basteln","og_site_name":"RAJA Blog CH","article_published_time":"2018-12-04T13:55:12+00:00","article_modified_time":"2023-05-25T10:48:15+00:00","og_image":[{"width":1536,"height":585,"url":"https:\/\/www.rajapack.ch\/verpackungsnews\/wp-content\/uploads\/2018\/12\/Adventsdeko-Titel-1536x585-1.jpg","type":"image\/jpeg"}],"author":"RAJAPACK Schweiz","twitter_card":"summary_large_image","twitter_title":"Adventsdeko selber basteln - RAJA Blog CH","twitter_description":"Festliche Stimmung mit Karton und Papier: RAJA zeigt Ideen und Anregungen f\u00fcrs Basteln in der Adventszeit. Viel Spass!","twitter_image":"https:\/\/www.rajapack.ch\/verpackungsnews\/wp-content\/uploads\/2018\/12\/Adventsdeko-Titel-1536x585-1.jpg","twitter_misc":{"Verfasst von":"RAJAPACK Schweiz","Gesch\u00e4tzte Lesezeit":"5 Minuten"},"schema":{"@context":"https:\/\/schema.org","@graph":[{"@type":"Article","@id":"https:\/\/www.rajapack.ch\/verpackungsnews\/adventsdeko-selber-basteln#article","isPartOf":{"@id":"https:\/\/www.rajapack.ch\/verpackungsnews\/adventsdeko-selber-basteln"},"author":{"name":"RAJAPACK Schweiz","@id":"https:\/\/www.rajapack.ch\/verpackungsnews\/#\/schema\/person\/e0825d9926514f72b2ba6eafaf517f7a"},"headline":"Adventsdeko selber basteln","datePublished":"2018-12-04T13:55:12+00:00","dateModified":"2023-05-25T10:48:15+00:00","mainEntityOfPage":{"@id":"https:\/\/www.rajapack.ch\/verpackungsnews\/adventsdeko-selber-basteln"},"wordCount":906,"commentCount":0,"publisher":{"@id":"https:\/\/www.rajapack.ch\/verpackungsnews\/#organization"},"image":{"@id":"https:\/\/www.rajapack.ch\/verpackungsnews\/adventsdeko-selber-basteln#primaryimage"},"thumbnailUrl":"https:\/\/www.rajapack.ch\/verpackungsnews\/wp-content\/uploads\/2018\/12\/Adventsdeko-Titel-1536x585-1.jpg","keywords":["Dekoration","DIY","Weihnachten"],"articleSection":["News und Trends"],"inLanguage":"de-DE","potentialAction":[{"@type":"CommentAction","name":"Comment","target":["https:\/\/www.rajapack.ch\/verpackungsnews\/adventsdeko-selber-basteln#respond"]}]},{"@type":"WebPage","@id":"https:\/\/www.rajapack.ch\/verpackungsnews\/adventsdeko-selber-basteln","url":"https:\/\/www.rajapack.ch\/verpackungsnews\/adventsdeko-selber-basteln","name":"Adventsdeko selber basteln - RAJA Blog CH","isPartOf":{"@id":"https:\/\/www.rajapack.ch\/verpackungsnews\/#website"},"primaryImageOfPage":{"@id":"https:\/\/www.rajapack.ch\/verpackungsnews\/adventsdeko-selber-basteln#primaryimage"},"image":{"@id":"https:\/\/www.rajapack.ch\/verpackungsnews\/adventsdeko-selber-basteln#primaryimage"},"thumbnailUrl":"https:\/\/www.rajapack.ch\/verpackungsnews\/wp-content\/uploads\/2018\/12\/Adventsdeko-Titel-1536x585-1.jpg","datePublished":"2018-12-04T13:55:12+00:00","dateModified":"2023-05-25T10:48:15+00:00","description":"Festliche Stimmung mit Karton und Papier: RAJA zeigt Ideen und Anregungen f\u00fcrs Basteln in der Adventszeit. Viel Spass!","inLanguage":"de-DE","potentialAction":[{"@type":"ReadAction","target":["https:\/\/www.rajapack.ch\/verpackungsnews\/adventsdeko-selber-basteln"]}]},{"@type":"ImageObject","inLanguage":"de-DE","@id":"https:\/\/www.rajapack.ch\/verpackungsnews\/adventsdeko-selber-basteln#primaryimage","url":"https:\/\/www.rajapack.ch\/verpackungsnews\/wp-content\/uploads\/2018\/12\/Adventsdeko-Titel-1536x585-1.jpg","contentUrl":"https:\/\/www.rajapack.ch\/verpackungsnews\/wp-content\/uploads\/2018\/12\/Adventsdeko-Titel-1536x585-1.jpg","width":1536,"height":585,"caption":"Basteln zum Advent"},{"@type":"WebSite","@id":"https:\/\/www.rajapack.ch\/verpackungsnews\/#website","url":"https:\/\/www.rajapack.ch\/verpackungsnews\/","name":"RAJA Blog CH","description":"Verpackungsnews vom Experten","publisher":{"@id":"https:\/\/www.rajapack.ch\/verpackungsnews\/#organization"},"potentialAction":[{"@type":"SearchAction","target":{"@type":"EntryPoint","urlTemplate":"https:\/\/www.rajapack.ch\/verpackungsnews\/?s={search_term_string}"},"query-input":"required name=search_term_string"}],"inLanguage":"de-DE"},{"@type":"Organization","@id":"https:\/\/www.rajapack.ch\/verpackungsnews\/#organization","name":"RAJA Blog CH","url":"https:\/\/www.rajapack.ch\/verpackungsnews\/","logo":{"@type":"ImageObject","inLanguage":"de-DE","@id":"https:\/\/www.rajapack.ch\/verpackungsnews\/#\/schema\/logo\/image\/","url":"","contentUrl":"","caption":"RAJA Blog CH"},"image":{"@id":"https:\/\/www.rajapack.ch\/verpackungsnews\/#\/schema\/logo\/image\/"},"sameAs":["https:\/\/de.linkedin.com\/company\/rajapack-gmbh"]},{"@type":"Person","@id":"https:\/\/www.rajapack.ch\/verpackungsnews\/#\/schema\/person\/e0825d9926514f72b2ba6eafaf517f7a","name":"RAJAPACK Schweiz","image":{"@type":"ImageObject","inLanguage":"de-DE","@id":"https:\/\/www.rajapack.ch\/verpackungsnews\/#\/schema\/person\/image\/","url":"https:\/\/secure.gravatar.com\/avatar\/f391ad6b3c41197daad8136e36418c64?s=96&d=mm&r=g","contentUrl":"https:\/\/secure.gravatar.com\/avatar\/f391ad6b3c41197daad8136e36418c64?s=96&d=mm&r=g","caption":"RAJAPACK Schweiz"},"description":"Geschrieben von unseren Verpackungsexperten bei RAJAPACK Schweiz: Wir lieben Verpackungen.","url":"https:\/\/www.rajapack.ch\/verpackungsnews\/author\/raja-ch"}]}},"_links":{"self":[{"href":"https:\/\/www.rajapack.ch\/verpackungsnews\/wp-json\/wp\/v2\/posts\/15094"}],"collection":[{"href":"https:\/\/www.rajapack.ch\/verpackungsnews\/wp-json\/wp\/v2\/posts"}],"about":[{"href":"https:\/\/www.rajapack.ch\/verpackungsnews\/wp-json\/wp\/v2\/types\/post"}],"author":[{"embeddable":true,"href":"https:\/\/www.rajapack.ch\/verpackungsnews\/wp-json\/wp\/v2\/users\/20"}],"replies":[{"embeddable":true,"href":"https:\/\/www.rajapack.ch\/verpackungsnews\/wp-json\/wp\/v2\/comments?post=15094"}],"version-history":[{"count":0,"href":"https:\/\/www.rajapack.ch\/verpackungsnews\/wp-json\/wp\/v2\/posts\/15094\/revisions"}],"wp:featuredmedia":[{"embeddable":true,"href":"https:\/\/www.rajapack.ch\/verpackungsnews\/wp-json\/wp\/v2\/media\/27120"}],"wp:attachment":[{"href":"https:\/\/www.rajapack.ch\/verpackungsnews\/wp-json\/wp\/v2\/media?parent=15094"}],"wp:term":[{"taxonomy":"category","embeddable":true,"href":"https:\/\/www.rajapack.ch\/verpackungsnews\/wp-json\/wp\/v2\/categories?post=15094"},{"taxonomy":"post_tag","embeddable":true,"href":"https:\/\/www.rajapack.ch\/verpackungsnews\/wp-json\/wp\/v2\/tags?post=15094"}],"curies":[{"name":"wp","href":"https:\/\/api.w.org\/{rel}","templated":true}]}}