{"id":15607,"date":"2018-10-25T18:44:10","date_gmt":"2018-10-25T16:44:10","guid":{"rendered":"https:\/\/mdc-pvwrp10-de-test.raja-group.com\/verpackungsnews\/?p=15607"},"modified":"2023-05-11T10:22:11","modified_gmt":"2023-05-11T08:22:11","slug":"isolierbox","status":"publish","type":"post","link":"https:\/\/www.rajapack.ch\/verpackungsnews\/isolierbox","title":{"rendered":"Wie lange h\u00e4lt die Isolierbox k\u00fchl?"},"content":{"rendered":"<h5 align=\"justify\">Wir stecken mittendrin, in der Sommerhitze. Der eine vertr\u00e4gt sie besser, der andere weniger gut. Genauso ist es auch beim Versenden oder Transportieren von w\u00e4rmeempfindlichen Produkten. Gerade beim Versand von pharmazeutischen Produkten aber nat\u00fcrlich auch bestimmten Lebensmitteln ist die Einhaltung eines bestimmten Temperaturlevels sogar verpflichtend. Lebensmittel etwa, Impfstoffe und bestimmten Medikamente geh\u00f6ren in <a href=\"https:\/\/www.rajapack.ch\/de_CH\/kartons-schachteln-container\/thermoverpackung-isolierverpackung_C1035.html\" target=\"_blank\" rel=\"noopener\">Isolierbeh\u00e4lter<\/a>. Doch wie sch\u00fctze ich meine w\u00e4rmeempfindlichen Produkte w\u00e4hrend des Versands?<\/h5>\n<div class=\"su-divider su-divider-style-default\" style=\"margin:15px 0;border-width:3px;border-color:#999999\"><\/div><div class=\"su-spacer\" style=\"height:30px\"><\/div>\n<h2>Temperaturempfindliche Produkte<\/h2>\n<div class=\"su-spacer\" style=\"height:30px\"><\/div>\n<p>Um temperaturempfindliche Produkte zu versenden gelten grunds\u00e4tzlich folgende Hinweise f\u00fcr die optimale Verpackung:<\/p>\n<div class=\"su-image-carousel su-image-carousel-columns-3 su-image-carousel-has-spacing su-image-carousel-has-outline su-image-carousel-adaptive su-image-carousel-slides-style-default su-image-carousel-controls-style-light su-image-carousel-align-center\" style=\"\" data-flickity-options='{\"groupCells\":true,\"cellSelector\":\".su-image-carousel-item\",\"adaptiveHeight\":true,\"cellAlign\":\"left\",\"prevNextButtons\":true,\"pageDots\":false,\"autoPlay\":3000,\"imagesLoaded\":true,\"contain\":false,\"selectedAttraction\":0.025,\"friction\":0.28}' id=\"su_image_carousel_69f38fa18ab51\"><div class=\"su-image-carousel-item\"><div class=\"su-image-carousel-item-content\"><img loading=\"lazy\" decoding=\"async\" width=\"440\" height=\"246\" src=\"https:\/\/www.rajapack.ch\/verpackungsnews\/wp-content\/uploads\/2018\/10\/rajapack-tb-klein-dt-aussentemparatur.jpg\" class=\"\" alt=\"k\u00fchl halten w\u00e4hrend Versand\" srcset=\"https:\/\/www.rajapack.ch\/verpackungsnews\/wp-content\/uploads\/2018\/10\/rajapack-tb-klein-dt-aussentemparatur.jpg 440w, https:\/\/www.rajapack.ch\/verpackungsnews\/wp-content\/uploads\/2018\/10\/rajapack-tb-klein-dt-aussentemparatur-430x240.jpg 430w\" sizes=\"(max-width: 440px) 100vw, 440px\" \/><\/div><\/div><div class=\"su-image-carousel-item\"><div class=\"su-image-carousel-item-content\"><img loading=\"lazy\" decoding=\"async\" width=\"440\" height=\"246\" src=\"https:\/\/www.rajapack.ch\/verpackungsnews\/wp-content\/uploads\/2018\/10\/rajapack-tb-klein-dt-groesse.jpg\" class=\"\" alt=\"So versenden Sie k\u00fchl Verpackung\" srcset=\"https:\/\/www.rajapack.ch\/verpackungsnews\/wp-content\/uploads\/2018\/10\/rajapack-tb-klein-dt-groesse.jpg 440w, https:\/\/www.rajapack.ch\/verpackungsnews\/wp-content\/uploads\/2018\/10\/rajapack-tb-klein-dt-groesse-430x240.jpg 430w\" sizes=\"(max-width: 440px) 100vw, 440px\" \/><\/div><\/div><div class=\"su-image-carousel-item\"><div class=\"su-image-carousel-item-content\"><img loading=\"lazy\" decoding=\"async\" width=\"440\" height=\"246\" src=\"https:\/\/www.rajapack.ch\/verpackungsnews\/wp-content\/uploads\/2018\/10\/rajapack-tb-klein-dt-kuehlakku.jpg\" class=\"\" alt=\"K\u00fchl halten w\u00e4hrend Versand Akku\" srcset=\"https:\/\/www.rajapack.ch\/verpackungsnews\/wp-content\/uploads\/2018\/10\/rajapack-tb-klein-dt-kuehlakku.jpg 440w, https:\/\/www.rajapack.ch\/verpackungsnews\/wp-content\/uploads\/2018\/10\/rajapack-tb-klein-dt-kuehlakku-430x240.jpg 430w\" sizes=\"(max-width: 440px) 100vw, 440px\" \/><\/div><\/div><\/div><script id=\"su_image_carousel_69f38fa18ab51_script\">if(window.SUImageCarousel){setTimeout(function() {window.SUImageCarousel.initGallery(document.getElementById(\"su_image_carousel_69f38fa18ab51\"))}, 0);}var su_image_carousel_69f38fa18ab51_script=document.getElementById(\"su_image_carousel_69f38fa18ab51_script\");if(su_image_carousel_69f38fa18ab51_script){su_image_carousel_69f38fa18ab51_script.parentNode.removeChild(su_image_carousel_69f38fa18ab51_script);}<\/script>\n<h2>Aussentemperatur<\/h2>\n<p>Verpacken Sie m\u00f6glichst bei der Temperatur, die Ihr Packgut haben soll. Wenn die Verpackung bedeutend w\u00e4rmer ist als das Packgut, geht das zu Kosten der K\u00fchldauer des K\u00fchlelements. Denn: Der Akku verwendet wertvolle (K\u00fchl-) Energie darauf, seine Umgebung herunterzuk\u00fchlen.<\/p>\n<div class=\"su-spacer\" style=\"height:30px\"><\/div>\n<h2>Gr\u00f6sse<\/h2>\n<p>Verwenden Sie die kleinstm\u00f6gliche Umverpackung. Je weniger Luft \u201emitverpackt\u201c und mitgek\u00fchlt wird, desto eher kann der K\u00fchlakku seine eigentliche Aufgabe erf\u00fcllen: Das Packgut k\u00fchl halten.<\/p>\n<div class=\"su-spacer\" style=\"height:30px\"><\/div>\n<h2>K\u00fchlakku<\/h2>\n<p>W\u00e4hlen Sie den richtigen K\u00fchlakku. Abh\u00e4ngig von der K\u00fchlfl\u00fcssigkeit variiert der eutektische Punkt \u2013 und damit die K\u00fchlleistung!<\/p>\n<div class=\"su-spacer\" style=\"height:30px\"><\/div>\n<h2>Was ist der eutektische Punkt?<\/h2>\n<div class=\"su-spacer\" style=\"height:30px\"><\/div>\n<p>Was klingt wie ein Begriff aus dem klassischen griechischen Drama, hilft bei der Wahl des richtigen K\u00fchlakkus. Jeder K\u00fchlakku ist mit einer Fl\u00fcssigkeit gef\u00fcllt, die bei einer bestimmten Temperatur fest friert. Den allm\u00e4hlichen Wechsel des Aggregatzustandes von fl\u00fcssig zu fest bzw. umgekehrt nennt man Phasenwechsel. Abh\u00e4ngig von der Fl\u00fcssigkeit, mit der der K\u00fchlakku gef\u00fcllt ist, findet dieser Phasenwechsel bei einer anderen Temperatur statt. Wasser gefriert beispielsweise bei 0 Grad Celsius, der eutektische Punkt von Wasser liegt demnach bei null Grad, es beginnt der Phasenwechsel.<\/p>\n<h2>Und was geschieht w\u00e4hrend des Phasenwechsels?<\/h2>\n<div class=\"su-spacer\" style=\"height:30px\"><\/div>\n<div class=\"su-image-carousel su-image-carousel-has-spacing su-image-carousel-has-outline su-image-carousel-adaptive su-image-carousel-slides-style-default su-image-carousel-controls-style-light su-image-carousel-align-center\" style=\"\" data-flickity-options='{\"groupCells\":true,\"cellSelector\":\".su-image-carousel-item\",\"adaptiveHeight\":true,\"cellAlign\":\"left\",\"prevNextButtons\":true,\"pageDots\":false,\"autoPlay\":3000,\"imagesLoaded\":true,\"contain\":false,\"selectedAttraction\":0.025,\"friction\":0.28}' id=\"su_image_carousel_69f38fa18b181\"><div class=\"su-image-carousel-item\"><div class=\"su-image-carousel-item-content\"><img loading=\"lazy\" decoding=\"async\" width=\"1130\" height=\"480\" src=\"https:\/\/www.rajapack.ch\/verpackungsnews\/wp-content\/uploads\/2018\/10\/rajapack-tb-dt-phasenwechsel.jpg\" class=\"\" alt=\"Wie k\u00fchl versenden\" srcset=\"https:\/\/www.rajapack.ch\/verpackungsnews\/wp-content\/uploads\/2018\/10\/rajapack-tb-dt-phasenwechsel.jpg 1130w, https:\/\/www.rajapack.ch\/verpackungsnews\/wp-content\/uploads\/2018\/10\/rajapack-tb-dt-phasenwechsel-430x183.jpg 430w, https:\/\/www.rajapack.ch\/verpackungsnews\/wp-content\/uploads\/2018\/10\/rajapack-tb-dt-phasenwechsel-1024x435.jpg 1024w, https:\/\/www.rajapack.ch\/verpackungsnews\/wp-content\/uploads\/2018\/10\/rajapack-tb-dt-phasenwechsel-768x326.jpg 768w\" sizes=\"(max-width: 1130px) 100vw, 1130px\" \/><\/div><\/div><\/div><script id=\"su_image_carousel_69f38fa18b181_script\">if(window.SUImageCarousel){setTimeout(function() {window.SUImageCarousel.initGallery(document.getElementById(\"su_image_carousel_69f38fa18b181\"))}, 0);}var su_image_carousel_69f38fa18b181_script=document.getElementById(\"su_image_carousel_69f38fa18b181_script\");if(su_image_carousel_69f38fa18b181_script){su_image_carousel_69f38fa18b181_script.parentNode.removeChild(su_image_carousel_69f38fa18b181_script);}<\/script>\n<p>Um den Aggregatzustand zu wechseln, ben\u00f6tigt der Akku Energie. Diese entzieht der Akku beim Wechsel von fest zu fl\u00fcssig in Form von W\u00e4rme seiner Umgebung: Das Packgut wird gek\u00fchlt! Und das geschieht nicht linear, sondern in drei verschiedenen Phasen: Temperaturanstieg, Temperaturkonstanz, erneut Temperaturanstieg. Zum besseren Verst\u00e4ndnis eine Grafik und deren Beschreibung (www.logismarket.at):<\/p>\n<p><strong>1.<\/strong><\/p>\n<p>Das Phasenwechselmaterial im Inneren des K\u00fchlakkus befindet sich in festem Zustand(gefroren). Die Akkutemperatur steigt allm\u00e4hlich an, da w\u00e4rmere Umgebungstemperaturen auf ihn einwirken.<\/p>\n<p><strong>2.<\/strong><\/p>\n<p>Die Temperatur des K\u00fchlakkus steigt weiter an, bis die Temperatur des eutektischen Punktes erreicht wird. Nun absorbiert der K\u00fchlakku W\u00e4rme, ohne dass sich die K\u00fchlakkutemperatur ver\u00e4ndert. Der K\u00fchlakku gibt in dieser Phase eine bestimmte Temperatur konstant an die Umgebung und somit an das zu transportierende Produkt ab. Ziel des Isoliersystems ist es, dass dieser Phasenwechsel so lang wie m\u00f6glich andauert. In dieser Phase befindet sich das Akkuinnere in einem fest-fl\u00fcssigen Zustand.<\/p>\n<p><strong>3.<\/strong><\/p>\n<p>Der Phasenwechsel ist beendet und die Substanz im Inneren des K\u00fchlakkus ist nun fl\u00fcssig. Die K\u00fchlakkutemperatur steigt allm\u00e4hlich und nimmt die Umgebungstemperatur an.<\/p>\n<h2>Isolierende Verpackungen<\/h2>\n<div class=\"su-spacer\" style=\"height:30px\"><\/div>\n<p>Isolationsverpackungen helfen den Temperaturanstieg m\u00f6glichst lange hinauszuz\u00f6gern. Sie reflektieren die K\u00e4lte im Paketinneren (ideal sind hier metallische Oberfl\u00e4chen) und d\u00e4mmen gegen W\u00e4rmeeinfl\u00fcsse von aussen.<\/p>\n<h2>Isolierbox \u2013 cleverer Aufbau f\u00fcr mehr Temperaturstabilit\u00e4t im Karton<\/h2>\n<div class=\"su-spacer\" style=\"height:30px\"><\/div>\n<p>Die <a href=\"https:\/\/www.rajapack.ch\/de_CH\/kartons-schachteln-container\/versandkartons-postverpackungen\/thermoverpackungen\/thermobox-cool_OFF_CH_0417.html\" target=\"_blank\" rel=\"noopener\">Thermobox<\/a> beispielsweise macht sich die hervorragenden Isolationseigenschaften von extrudiertem Polystyrol (wird auch beim Bau verwendet!) zunutze. Extrudiertes Polystyrol (XPS) ist ein geschlossenzelliger, harter D\u00e4mmstoff aus Polystyrol (Kunststoff). das Polystyrol-Granulat wird unter Zusatz eines Treibmittels in einem Extruder aufgesch\u00e4umt. Durch die Extrusion (hierbei handelt es sich um eine Verfahrenstechnik, bei der Bestandteile unter Druck geschmolzen und in Form gebracht werden) wird eine Vielzahl kleiner geschlossener Zellen erzeugt, die f\u00fcr die gute Isolierung und die hohe Unempfindlichkeit gegen Feuchtigkeit sorgen.<\/p>\n<h2>Isolierboxen aus Styropor<\/h2>\n<div class=\"su-spacer\" style=\"height:30px\"><\/div>\n<p>Die Isolierboxen aus Styropor erf\u00fcllen in der Regel somit gleich zwei Anspr\u00fcche: Eine zuverl\u00e4ssige K\u00fchlleistung w\u00e4hrend der gesamten Dauer des Versands und durch das geringe Gewicht gleichzeitig geringe Portoposten. Aber wie funktioniert \u00fcberhaupt so eine \u201epassive K\u00fchlbox\u201c? Anders als bei einer elektrisch betriebenen K\u00fchlbox, die kontinuierlich (W\u00e4rme-) Energie entzieht, muss ich meinem Paket die -zeitlich begrenzte!- K\u00fchlleistung direkt mit ins Paket geben. Die Kombination aus dem richtigen K\u00fchlakku und isolierender Umverpackung kann die Temperatur, wenn ich ein paar Regeln beachte, bis zu vier Tage konstant k\u00fchl halten. Diese Variante empfiehlt sich also insbesondere f\u00fcr einen Versand der l\u00e4nger dauert. Durch die Trennplatten werden auch empfindliche Produkte vor dem direkten Kontakt mit den K\u00fchlakkus gesch\u00fctzt.<\/p>\n<div class=\"su-image-carousel su-image-carousel-columns-2 su-image-carousel-has-spacing su-image-carousel-has-outline su-image-carousel-adaptive su-image-carousel-slides-style-default su-image-carousel-controls-style-light su-image-carousel-align-center\" style=\"\" data-flickity-options='{\"groupCells\":true,\"cellSelector\":\".su-image-carousel-item\",\"adaptiveHeight\":true,\"cellAlign\":\"left\",\"prevNextButtons\":true,\"pageDots\":false,\"autoPlay\":3000,\"imagesLoaded\":true,\"contain\":false,\"selectedAttraction\":0.025,\"friction\":0.28}' id=\"su_image_carousel_69f38fa18ba23\"><div class=\"su-image-carousel-item\"><div class=\"su-image-carousel-item-content\"><img loading=\"lazy\" decoding=\"async\" width=\"500\" height=\"502\" src=\"https:\/\/www.rajapack.ch\/verpackungsnews\/wp-content\/uploads\/2018\/10\/COOL05_A_BE.jpg\" class=\"\" alt=\"Coolbox mit Inlet und K\u00fchlakku\" srcset=\"https:\/\/www.rajapack.ch\/verpackungsnews\/wp-content\/uploads\/2018\/10\/COOL05_A_BE.jpg 500w, https:\/\/www.rajapack.ch\/verpackungsnews\/wp-content\/uploads\/2018\/10\/COOL05_A_BE-428x430.jpg 428w, https:\/\/www.rajapack.ch\/verpackungsnews\/wp-content\/uploads\/2018\/10\/COOL05_A_BE-150x150.jpg 150w, https:\/\/www.rajapack.ch\/verpackungsnews\/wp-content\/uploads\/2018\/10\/COOL05_A_BE-120x120.jpg 120w\" sizes=\"(max-width: 500px) 100vw, 500px\" \/><\/div><\/div><div class=\"su-image-carousel-item\"><div class=\"su-image-carousel-item-content\"><img loading=\"lazy\" decoding=\"async\" width=\"500\" height=\"828\" src=\"https:\/\/www.rajapack.ch\/verpackungsnews\/wp-content\/uploads\/2018\/10\/Thermobox-Aufbau_Schema_F.jpg\" class=\"\" alt=\"So ist eine Thermobox aufgebaut\" srcset=\"https:\/\/www.rajapack.ch\/verpackungsnews\/wp-content\/uploads\/2018\/10\/Thermobox-Aufbau_Schema_F.jpg 500w, https:\/\/www.rajapack.ch\/verpackungsnews\/wp-content\/uploads\/2018\/10\/Thermobox-Aufbau_Schema_F-260x430.jpg 260w\" sizes=\"(max-width: 500px) 100vw, 500px\" \/><\/div><\/div><\/div><script id=\"su_image_carousel_69f38fa18ba23_script\">if(window.SUImageCarousel){setTimeout(function() {window.SUImageCarousel.initGallery(document.getElementById(\"su_image_carousel_69f38fa18ba23\"))}, 0);}var su_image_carousel_69f38fa18ba23_script=document.getElementById(\"su_image_carousel_69f38fa18ba23_script\");if(su_image_carousel_69f38fa18ba23_script){su_image_carousel_69f38fa18ba23_script.parentNode.removeChild(su_image_carousel_69f38fa18ba23_script);}<\/script>\n<h2>Die platzsparenden Alternativen<\/h2>\n<div class=\"su-spacer\" style=\"height:30px\"><\/div>\n<p>Die <a href=\"https:\/\/www.rajapack.ch\/de_CH\/kartons-schachteln-container\/versandkartons-postverpackungen\/thermoverpackungen\/thermoboxen_OFF_CH_0416.html\" target=\"_blank\" rel=\"noopener\">Thermobox Isostar<\/a> sieht nicht nur toll aus, sie ist auch als Transportkarton verwendbar. Der Vorteil: sie wird flach angeliefert, das heisst es wird weniger Lagerplatz ben\u00f6tigt im Vergleich zur Thermobox Cool. Die Spezialverpackung hat eine sehr geringe Wandst\u00e4rke und dabei trotz allem eine gute Isolierwirkung. Bei der Ausstattung mit K\u00fchlakkus, bleibt die Temperatur je nach Ausf\u00fchrung bis zu 24 Stunden im Bereich von 2\u00b0C bis 8\u00b0C.<\/p>\n<p>&nbsp;<\/p>\n<h2>Isolierboxen f\u00fcr den Versand von w\u00e4rmeempfindlichen Lebensmitteln<\/h2>\n<div class=\"su-spacer\" style=\"height:30px\"><\/div>\n<p>Die <a href=\"https:\/\/www.rajapack.ch\/de_CH\/kartons-schachteln-container\/isolierbox-isopro_OFF_CH_0778.html\" target=\"_blank\" rel=\"noopener\">Isolierbox Isopro<\/a> ist eine Versandverpackung die insbesondere f\u00fcr Lebensmittel geeignet ist. Der extrudierte Schaum ist 3 mm stark und kann damit eine Isolierfunktion leisten, die mit der von 24 mm starkem extrudierten Polystyrol vergleichbar ist. Sie gew\u00e4hrt eine gleichbleibende Transporttemperatur von 0\u00b0C bis 4 \u00b0C je nach Anzahl der verwendeten K\u00fchlakkus.<\/p>\n<div class=\"su-image-carousel su-image-carousel-has-spacing su-image-carousel-has-outline su-image-carousel-adaptive su-image-carousel-slides-style-default su-image-carousel-controls-style-light su-image-carousel-align-center\" style=\"\" data-flickity-options='{\"groupCells\":true,\"cellSelector\":\".su-image-carousel-item\",\"adaptiveHeight\":true,\"cellAlign\":\"left\",\"prevNextButtons\":true,\"pageDots\":false,\"autoPlay\":3000,\"imagesLoaded\":true,\"contain\":false,\"selectedAttraction\":0.025,\"friction\":0.28}' id=\"su_image_carousel_69f38fa18bede\"><div class=\"su-image-carousel-item\"><div class=\"su-image-carousel-item-content\"><img loading=\"lazy\" decoding=\"async\" width=\"1200\" height=\"1050\" src=\"https:\/\/www.rajapack.ch\/verpackungsnews\/wp-content\/uploads\/2018\/10\/Karton-isoliert.jpg\" class=\"\" alt=\"Isolierbox aus Karton mit silberner, k\u00fchlender Innenwand\" srcset=\"https:\/\/www.rajapack.ch\/verpackungsnews\/wp-content\/uploads\/2018\/10\/Karton-isoliert.jpg 1200w, https:\/\/www.rajapack.ch\/verpackungsnews\/wp-content\/uploads\/2018\/10\/Karton-isoliert-430x376.jpg 430w, https:\/\/www.rajapack.ch\/verpackungsnews\/wp-content\/uploads\/2018\/10\/Karton-isoliert-1024x896.jpg 1024w, https:\/\/www.rajapack.ch\/verpackungsnews\/wp-content\/uploads\/2018\/10\/Karton-isoliert-768x672.jpg 768w\" sizes=\"(max-width: 1200px) 100vw, 1200px\" \/><\/div><\/div><\/div><script id=\"su_image_carousel_69f38fa18bede_script\">if(window.SUImageCarousel){setTimeout(function() {window.SUImageCarousel.initGallery(document.getElementById(\"su_image_carousel_69f38fa18bede\"))}, 0);}var su_image_carousel_69f38fa18bede_script=document.getElementById(\"su_image_carousel_69f38fa18bede_script\");if(su_image_carousel_69f38fa18bede_script){su_image_carousel_69f38fa18bede_script.parentNode.removeChild(su_image_carousel_69f38fa18bede_script);}<\/script>\n<h2>Direkten Kontakt mit dem K\u00fchlakku vermeiden: Thermobeutel<\/h2>\n<div class=\"su-spacer\" style=\"height:30px\"><\/div>\n<p>Empfindliche Produkte sollten mit Thermobeuteln oder Thermo-Luftpolsterfolie gesch\u00fctzt werden, ein direkter Kontakt zu den K\u00fchlakkus sollte vermieden werden damit es nicht zu Einfrierungen kommt. Gleichzeitig sorgen aber auch sie f\u00fcr einen Schutz vor Temperaturschwankungen.<\/p>\n<p>Temperaturindikatoren auf der Verpackung erm\u00f6glichen eine \u00dcberwachung des Temperaturverlauf w\u00e4hrend des Transports und der Lagerung und zeigen an, ob der Grenzwert w\u00e4hrend des Transportes unter- bzw. \u00fcberschritten wurde. Sch\u00e4den werden auf diese Weise deutlich reduziert.<\/p>\n<div class=\"su-image-carousel su-image-carousel-columns-2 su-image-carousel-has-spacing su-image-carousel-has-outline su-image-carousel-adaptive su-image-carousel-slides-style-default su-image-carousel-controls-style-light su-image-carousel-align-center\" style=\"\" data-flickity-options='{\"groupCells\":true,\"cellSelector\":\".su-image-carousel-item\",\"adaptiveHeight\":true,\"cellAlign\":\"left\",\"prevNextButtons\":true,\"pageDots\":false,\"autoPlay\":3000,\"imagesLoaded\":true,\"contain\":false,\"selectedAttraction\":0.025,\"friction\":0.28}' id=\"su_image_carousel_69f38fa18c45e\"><div class=\"su-image-carousel-item\"><div class=\"su-image-carousel-item-content\"><img loading=\"lazy\" decoding=\"async\" width=\"400\" height=\"406\" src=\"https:\/\/www.rajapack.ch\/verpackungsnews\/wp-content\/uploads\/2019\/05\/coldmark.jpg\" class=\"\" alt=\"aktive Verpackung Temperatur\u00fcberwachung\" \/><\/div><\/div><div class=\"su-image-carousel-item\"><div class=\"su-image-carousel-item-content\"><img loading=\"lazy\" decoding=\"async\" width=\"300\" height=\"300\" src=\"https:\/\/www.rajapack.ch\/verpackungsnews\/wp-content\/uploads\/2018\/10\/temperaturindikatoren-warmmark_OFF_DE_1047.jpg\" class=\"\" alt=\"aktive Verpackungen f\u00fcr temperatursensiblen Versand\" srcset=\"https:\/\/www.rajapack.ch\/verpackungsnews\/wp-content\/uploads\/2018\/10\/temperaturindikatoren-warmmark_OFF_DE_1047.jpg 300w, https:\/\/www.rajapack.ch\/verpackungsnews\/wp-content\/uploads\/2018\/10\/temperaturindikatoren-warmmark_OFF_DE_1047-150x150.jpg 150w, https:\/\/www.rajapack.ch\/verpackungsnews\/wp-content\/uploads\/2018\/10\/temperaturindikatoren-warmmark_OFF_DE_1047-120x120.jpg 120w\" sizes=\"(max-width: 300px) 100vw, 300px\" \/><\/div><\/div><\/div><script id=\"su_image_carousel_69f38fa18c45e_script\">if(window.SUImageCarousel){setTimeout(function() {window.SUImageCarousel.initGallery(document.getElementById(\"su_image_carousel_69f38fa18c45e\"))}, 0);}var su_image_carousel_69f38fa18c45e_script=document.getElementById(\"su_image_carousel_69f38fa18c45e_script\");if(su_image_carousel_69f38fa18c45e_script){su_image_carousel_69f38fa18c45e_script.parentNode.removeChild(su_image_carousel_69f38fa18c45e_script);}<\/script>\n<p>F\u00fcr den Versand oder die Lieferung einzelner Produkte oder Medikamente sind Thermobeutel mit Druckverschluss eine empfehlenswerte Alternative. Durch eine integrierte wasserdichte Innentasche f\u00fcr den K\u00fchlakku, werden die Produkte vor dem Einfrieren gesch\u00fctzt.<\/p>\n<p><strong>Der Sommer kann also kommen \ud83d\ude42<\/strong><\/p>\n","protected":false},"excerpt":{"rendered":"<p>Wir stecken mittendrin, in der Sommerhitze. Der eine vertr\u00e4gt sie besser, der andere weniger gut. Genauso ist es auch beim Versenden oder Transportieren von w\u00e4rmeempfindlichen Produkten. Gerade beim Versand von [&#8230;]<\/p>\n","protected":false},"author":20,"featured_media":25486,"comment_status":"open","ping_status":"closed","sticky":false,"template":"","format":"standard","meta":{"_acf_changed":false,"footnotes":""},"categories":[20],"tags":[817,754,782,814,725],"class_list":["post-15607","post","type-post","status-publish","format-standard","has-post-thumbnail","hentry","category-know-how","tag-isolieren","tag-lebensmittel","tag-pharma","tag-temperatur","tag-versenden"],"acf":[],"yoast_head":"\n<title>Wie lange h\u00e4lt die Isolierbox k\u00fchl? - RAJA Blog CH<\/title>\n<meta name=\"description\" content=\"Tipps f\u00fcr den Versand von w\u00e4rmeempfindlichen Produkten: Wie k\u00fchl versenden? Wir zeigen, wie der K\u00fchlversand gelingt.\" \/>\n<meta name=\"robots\" content=\"index, follow, max-snippet:-1, max-image-preview:large, max-video-preview:-1\" \/>\n<link rel=\"canonical\" href=\"https:\/\/www.rajapack.ch\/verpackungsnews\/isolierbox\" \/>\n<meta property=\"og:locale\" content=\"de_DE\" \/>\n<meta property=\"og:type\" content=\"article\" \/>\n<meta property=\"og:title\" content=\"Wie lange h\u00e4lt die Isolierbox k\u00fchl? - RAJA Blog CH\" \/>\n<meta property=\"og:description\" content=\"Tipps f\u00fcr den Versand von w\u00e4rmeempfindlichen Produkten: Wie k\u00fchl versenden? Wir zeigen, wie der K\u00fchlversand gelingt.\" \/>\n<meta property=\"og:url\" content=\"https:\/\/www.rajapack.ch\/verpackungsnews\/isolierbox\" \/>\n<meta property=\"og:site_name\" content=\"RAJA Blog CH\" \/>\n<meta property=\"article:published_time\" content=\"2018-10-25T16:44:10+00:00\" \/>\n<meta property=\"article:modified_time\" content=\"2023-05-11T08:22:11+00:00\" \/>\n<meta property=\"og:image\" content=\"https:\/\/www.rajapack.ch\/verpackungsnews\/wp-content\/uploads\/2019\/04\/rajapack-header-dt-thermobox.jpg\" \/>\n\t<meta property=\"og:image:width\" content=\"1545\" \/>\n\t<meta property=\"og:image:height\" content=\"588\" \/>\n\t<meta property=\"og:image:type\" content=\"image\/jpeg\" \/>\n<meta name=\"author\" content=\"RAJAPACK Schweiz\" \/>\n<meta name=\"twitter:card\" content=\"summary_large_image\" \/>\n<meta name=\"twitter:title\" content=\"Wie lange h\u00e4lt die Isolierbox k\u00fchl? - RAJA Blog CH\" \/>\n<meta name=\"twitter:description\" content=\"Tipps f\u00fcr den Versand von w\u00e4rmeempfindlichen Produkten: Wie k\u00fchl versenden? Wir zeigen, wie der K\u00fchlversand gelingt.\" \/>\n<meta name=\"twitter:image\" content=\"https:\/\/www.rajapack.ch\/verpackungsnews\/wp-content\/uploads\/2019\/04\/rajapack-header-dt-thermobox.jpg\" \/>\n<meta name=\"twitter:label1\" content=\"Verfasst von\" \/>\n\t<meta name=\"twitter:data1\" content=\"RAJAPACK Schweiz\" \/>\n\t<meta name=\"twitter:label2\" content=\"Gesch\u00e4tzte Lesezeit\" \/>\n\t<meta name=\"twitter:data2\" content=\"6 Minuten\" \/>\n<script type=\"application\/ld+json\" class=\"yoast-schema-graph\">{\n\t    \"@context\": \"https:\/\/schema.org\",\n\t    \"@graph\": [\n\t        {\n\t            \"@type\": \"Article\",\n\t            \"@id\": \"https:\/\/www.rajapack.ch\/verpackungsnews\/isolierbox#article\",\n\t            \"isPartOf\": {\n\t                \"@id\": \"https:\/\/www.rajapack.ch\/verpackungsnews\/isolierbox\"\n\t            },\n\t            \"author\": {\n\t                \"name\": \"RAJAPACK Schweiz\",\n\t                \"@id\": \"https:\/\/www.rajapack.ch\/verpackungsnews\/#\/schema\/person\/e0825d9926514f72b2ba6eafaf517f7a\"\n\t            },\n\t            \"headline\": \"Wie lange h\u00e4lt die Isolierbox k\u00fchl?\",\n\t            \"datePublished\": \"2018-10-25T16:44:10+00:00\",\n\t            \"dateModified\": \"2023-05-11T08:22:11+00:00\",\n\t            \"mainEntityOfPage\": {\n\t                \"@id\": \"https:\/\/www.rajapack.ch\/verpackungsnews\/isolierbox\"\n\t            },\n\t            \"wordCount\": 1150,\n\t            \"commentCount\": 2,\n\t            \"publisher\": {\n\t                \"@id\": \"https:\/\/www.rajapack.ch\/verpackungsnews\/#organization\"\n\t            },\n\t            \"image\": {\n\t                \"@id\": \"https:\/\/www.rajapack.ch\/verpackungsnews\/isolierbox#primaryimage\"\n\t            },\n\t            \"thumbnailUrl\": \"https:\/\/www.rajapack.ch\/verpackungsnews\/wp-content\/uploads\/2018\/10\/rajapack-header-dt-thermobox.jpg\",\n\t            \"keywords\": [\n\t                \"Isolieren\",\n\t                \"Lebensmittel\",\n\t                \"Pharma\",\n\t                \"Temperatur\",\n\t                \"Versenden\"\n\t            ],\n\t            \"articleSection\": [\n\t                \"Know How\"\n\t            ],\n\t            \"inLanguage\": \"de-DE\",\n\t            \"potentialAction\": [\n\t                {\n\t                    \"@type\": \"CommentAction\",\n\t                    \"name\": \"Comment\",\n\t                    \"target\": [\n\t                        \"https:\/\/www.rajapack.ch\/verpackungsnews\/isolierbox#respond\"\n\t                    ]\n\t                }\n\t            ]\n\t        },\n\t        {\n\t            \"@type\": \"WebPage\",\n\t            \"@id\": \"https:\/\/www.rajapack.ch\/verpackungsnews\/isolierbox\",\n\t            \"url\": \"https:\/\/www.rajapack.ch\/verpackungsnews\/isolierbox\",\n\t            \"name\": \"Wie lange h\u00e4lt die Isolierbox k\u00fchl? - RAJA Blog CH\",\n\t            \"isPartOf\": {\n\t                \"@id\": \"https:\/\/www.rajapack.ch\/verpackungsnews\/#website\"\n\t            },\n\t            \"primaryImageOfPage\": {\n\t                \"@id\": \"https:\/\/www.rajapack.ch\/verpackungsnews\/isolierbox#primaryimage\"\n\t            },\n\t            \"image\": {\n\t                \"@id\": \"https:\/\/www.rajapack.ch\/verpackungsnews\/isolierbox#primaryimage\"\n\t            },\n\t            \"thumbnailUrl\": \"https:\/\/www.rajapack.ch\/verpackungsnews\/wp-content\/uploads\/2018\/10\/rajapack-header-dt-thermobox.jpg\",\n\t            \"datePublished\": \"2018-10-25T16:44:10+00:00\",\n\t            \"dateModified\": \"2023-05-11T08:22:11+00:00\",\n\t            \"description\": \"Tipps f\u00fcr den Versand von w\u00e4rmeempfindlichen Produkten: Wie k\u00fchl versenden? Wir zeigen, wie der K\u00fchlversand gelingt.\",\n\t            \"inLanguage\": \"de-DE\",\n\t            \"potentialAction\": [\n\t                {\n\t                    \"@type\": \"ReadAction\",\n\t                    \"target\": [\n\t                        \"https:\/\/www.rajapack.ch\/verpackungsnews\/isolierbox\"\n\t                    ]\n\t                }\n\t            ]\n\t        },\n\t        {\n\t            \"@type\": \"ImageObject\",\n\t            \"inLanguage\": \"de-DE\",\n\t            \"@id\": \"https:\/\/www.rajapack.ch\/verpackungsnews\/isolierbox#primaryimage\",\n\t            \"url\": \"https:\/\/www.rajapack.ch\/verpackungsnews\/wp-content\/uploads\/2018\/10\/rajapack-header-dt-thermobox.jpg\",\n\t            \"contentUrl\": \"https:\/\/www.rajapack.ch\/verpackungsnews\/wp-content\/uploads\/2018\/10\/rajapack-header-dt-thermobox.jpg\",\n\t            \"width\": 1545,\n\t            \"height\": 588,\n\t            \"caption\": \"Wie k\u00fchl versenden\"\n\t        },\n\t        {\n\t            \"@type\": \"WebSite\",\n\t            \"@id\": \"https:\/\/www.rajapack.ch\/verpackungsnews\/#website\",\n\t            \"url\": \"https:\/\/www.rajapack.ch\/verpackungsnews\/\",\n\t            \"name\": \"RAJA Blog CH\",\n\t            \"description\": \"Verpackungsnews vom Experten\",\n\t            \"publisher\": {\n\t                \"@id\": \"https:\/\/www.rajapack.ch\/verpackungsnews\/#organization\"\n\t            },\n\t            \"potentialAction\": [\n\t                {\n\t                    \"@type\": \"SearchAction\",\n\t                    \"target\": {\n\t                        \"@type\": \"EntryPoint\",\n\t                        \"urlTemplate\": \"https:\/\/www.rajapack.ch\/verpackungsnews\/?s={search_term_string}\"\n\t                    },\n\t                    \"query-input\": \"required name=search_term_string\"\n\t                }\n\t            ],\n\t            \"inLanguage\": \"de-DE\"\n\t        },\n\t        {\n\t            \"@type\": \"Organization\",\n\t            \"@id\": \"https:\/\/www.rajapack.ch\/verpackungsnews\/#organization\",\n\t            \"name\": \"RAJA Blog CH\",\n\t            \"url\": \"https:\/\/www.rajapack.ch\/verpackungsnews\/\",\n\t            \"logo\": {\n\t                \"@type\": \"ImageObject\",\n\t                \"inLanguage\": \"de-DE\",\n\t                \"@id\": \"https:\/\/www.rajapack.ch\/verpackungsnews\/#\/schema\/logo\/image\/\",\n\t                \"url\": \"\",\n\t                \"contentUrl\": \"\",\n\t                \"caption\": \"RAJA Blog CH\"\n\t            },\n\t            \"image\": {\n\t                \"@id\": \"https:\/\/www.rajapack.ch\/verpackungsnews\/#\/schema\/logo\/image\/\"\n\t            },\n\t            \"sameAs\": [\n\t                \"https:\/\/de.linkedin.com\/company\/rajapack-gmbh\"\n\t            ]\n\t        },\n\t        {\n\t            \"@type\": \"Person\",\n\t            \"@id\": \"https:\/\/www.rajapack.ch\/verpackungsnews\/#\/schema\/person\/e0825d9926514f72b2ba6eafaf517f7a\",\n\t            \"name\": \"RAJAPACK Schweiz\",\n\t            \"image\": {\n\t                \"@type\": \"ImageObject\",\n\t                \"inLanguage\": \"de-DE\",\n\t                \"@id\": \"https:\/\/www.rajapack.ch\/verpackungsnews\/#\/schema\/person\/image\/\",\n\t                \"url\": \"https:\/\/secure.gravatar.com\/avatar\/f391ad6b3c41197daad8136e36418c64?s=96&d=mm&r=g\",\n\t                \"contentUrl\": \"https:\/\/secure.gravatar.com\/avatar\/f391ad6b3c41197daad8136e36418c64?s=96&d=mm&r=g\",\n\t                \"caption\": \"RAJAPACK Schweiz\"\n\t            },\n\t            \"description\": \"Geschrieben von unseren Verpackungsexperten bei RAJAPACK Schweiz: Wir lieben Verpackungen.\",\n\t            \"url\": \"https:\/\/www.rajapack.ch\/verpackungsnews\/author\/raja-ch\"\n\t        }\n\t    ]\n\t}<\/script>\n","yoast_head_json":{"title":"Wie lange h\u00e4lt die Isolierbox k\u00fchl? - RAJA Blog CH","description":"Tipps f\u00fcr den Versand von w\u00e4rmeempfindlichen Produkten: Wie k\u00fchl versenden? Wir zeigen, wie der K\u00fchlversand gelingt.","robots":{"index":"index","follow":"follow","max-snippet":"max-snippet:-1","max-image-preview":"max-image-preview:large","max-video-preview":"max-video-preview:-1"},"canonical":"https:\/\/www.rajapack.ch\/verpackungsnews\/isolierbox","og_locale":"de_DE","og_type":"article","og_title":"Wie lange h\u00e4lt die Isolierbox k\u00fchl? - RAJA Blog CH","og_description":"Tipps f\u00fcr den Versand von w\u00e4rmeempfindlichen Produkten: Wie k\u00fchl versenden? Wir zeigen, wie der K\u00fchlversand gelingt.","og_url":"https:\/\/www.rajapack.ch\/verpackungsnews\/isolierbox","og_site_name":"RAJA Blog CH","article_published_time":"2018-10-25T16:44:10+00:00","article_modified_time":"2023-05-11T08:22:11+00:00","og_image":[{"width":1545,"height":588,"url":"https:\/\/www.rajapack.ch\/verpackungsnews\/wp-content\/uploads\/2019\/04\/rajapack-header-dt-thermobox.jpg","type":"image\/jpeg"}],"author":"RAJAPACK Schweiz","twitter_card":"summary_large_image","twitter_title":"Wie lange h\u00e4lt die Isolierbox k\u00fchl? - RAJA Blog CH","twitter_description":"Tipps f\u00fcr den Versand von w\u00e4rmeempfindlichen Produkten: Wie k\u00fchl versenden? Wir zeigen, wie der K\u00fchlversand gelingt.","twitter_image":"https:\/\/www.rajapack.ch\/verpackungsnews\/wp-content\/uploads\/2019\/04\/rajapack-header-dt-thermobox.jpg","twitter_misc":{"Verfasst von":"RAJAPACK Schweiz","Gesch\u00e4tzte Lesezeit":"6 Minuten"},"schema":{"@context":"https:\/\/schema.org","@graph":[{"@type":"Article","@id":"https:\/\/www.rajapack.ch\/verpackungsnews\/isolierbox#article","isPartOf":{"@id":"https:\/\/www.rajapack.ch\/verpackungsnews\/isolierbox"},"author":{"name":"RAJAPACK Schweiz","@id":"https:\/\/www.rajapack.ch\/verpackungsnews\/#\/schema\/person\/e0825d9926514f72b2ba6eafaf517f7a"},"headline":"Wie lange h\u00e4lt die Isolierbox k\u00fchl?","datePublished":"2018-10-25T16:44:10+00:00","dateModified":"2023-05-11T08:22:11+00:00","mainEntityOfPage":{"@id":"https:\/\/www.rajapack.ch\/verpackungsnews\/isolierbox"},"wordCount":1150,"commentCount":2,"publisher":{"@id":"https:\/\/www.rajapack.ch\/verpackungsnews\/#organization"},"image":{"@id":"https:\/\/www.rajapack.ch\/verpackungsnews\/isolierbox#primaryimage"},"thumbnailUrl":"https:\/\/www.rajapack.ch\/verpackungsnews\/wp-content\/uploads\/2018\/10\/rajapack-header-dt-thermobox.jpg","keywords":["Isolieren","Lebensmittel","Pharma","Temperatur","Versenden"],"articleSection":["Know How"],"inLanguage":"de-DE","potentialAction":[{"@type":"CommentAction","name":"Comment","target":["https:\/\/www.rajapack.ch\/verpackungsnews\/isolierbox#respond"]}]},{"@type":"WebPage","@id":"https:\/\/www.rajapack.ch\/verpackungsnews\/isolierbox","url":"https:\/\/www.rajapack.ch\/verpackungsnews\/isolierbox","name":"Wie lange h\u00e4lt die Isolierbox k\u00fchl? - RAJA Blog CH","isPartOf":{"@id":"https:\/\/www.rajapack.ch\/verpackungsnews\/#website"},"primaryImageOfPage":{"@id":"https:\/\/www.rajapack.ch\/verpackungsnews\/isolierbox#primaryimage"},"image":{"@id":"https:\/\/www.rajapack.ch\/verpackungsnews\/isolierbox#primaryimage"},"thumbnailUrl":"https:\/\/www.rajapack.ch\/verpackungsnews\/wp-content\/uploads\/2018\/10\/rajapack-header-dt-thermobox.jpg","datePublished":"2018-10-25T16:44:10+00:00","dateModified":"2023-05-11T08:22:11+00:00","description":"Tipps f\u00fcr den Versand von w\u00e4rmeempfindlichen Produkten: Wie k\u00fchl versenden? Wir zeigen, wie der K\u00fchlversand gelingt.","inLanguage":"de-DE","potentialAction":[{"@type":"ReadAction","target":["https:\/\/www.rajapack.ch\/verpackungsnews\/isolierbox"]}]},{"@type":"ImageObject","inLanguage":"de-DE","@id":"https:\/\/www.rajapack.ch\/verpackungsnews\/isolierbox#primaryimage","url":"https:\/\/www.rajapack.ch\/verpackungsnews\/wp-content\/uploads\/2018\/10\/rajapack-header-dt-thermobox.jpg","contentUrl":"https:\/\/www.rajapack.ch\/verpackungsnews\/wp-content\/uploads\/2018\/10\/rajapack-header-dt-thermobox.jpg","width":1545,"height":588,"caption":"Wie k\u00fchl versenden"},{"@type":"WebSite","@id":"https:\/\/www.rajapack.ch\/verpackungsnews\/#website","url":"https:\/\/www.rajapack.ch\/verpackungsnews\/","name":"RAJA Blog CH","description":"Verpackungsnews vom Experten","publisher":{"@id":"https:\/\/www.rajapack.ch\/verpackungsnews\/#organization"},"potentialAction":[{"@type":"SearchAction","target":{"@type":"EntryPoint","urlTemplate":"https:\/\/www.rajapack.ch\/verpackungsnews\/?s={search_term_string}"},"query-input":"required name=search_term_string"}],"inLanguage":"de-DE"},{"@type":"Organization","@id":"https:\/\/www.rajapack.ch\/verpackungsnews\/#organization","name":"RAJA Blog CH","url":"https:\/\/www.rajapack.ch\/verpackungsnews\/","logo":{"@type":"ImageObject","inLanguage":"de-DE","@id":"https:\/\/www.rajapack.ch\/verpackungsnews\/#\/schema\/logo\/image\/","url":"","contentUrl":"","caption":"RAJA Blog CH"},"image":{"@id":"https:\/\/www.rajapack.ch\/verpackungsnews\/#\/schema\/logo\/image\/"},"sameAs":["https:\/\/de.linkedin.com\/company\/rajapack-gmbh"]},{"@type":"Person","@id":"https:\/\/www.rajapack.ch\/verpackungsnews\/#\/schema\/person\/e0825d9926514f72b2ba6eafaf517f7a","name":"RAJAPACK Schweiz","image":{"@type":"ImageObject","inLanguage":"de-DE","@id":"https:\/\/www.rajapack.ch\/verpackungsnews\/#\/schema\/person\/image\/","url":"https:\/\/secure.gravatar.com\/avatar\/f391ad6b3c41197daad8136e36418c64?s=96&d=mm&r=g","contentUrl":"https:\/\/secure.gravatar.com\/avatar\/f391ad6b3c41197daad8136e36418c64?s=96&d=mm&r=g","caption":"RAJAPACK Schweiz"},"description":"Geschrieben von unseren Verpackungsexperten bei RAJAPACK Schweiz: Wir lieben Verpackungen.","url":"https:\/\/www.rajapack.ch\/verpackungsnews\/author\/raja-ch"}]}},"_links":{"self":[{"href":"https:\/\/www.rajapack.ch\/verpackungsnews\/wp-json\/wp\/v2\/posts\/15607"}],"collection":[{"href":"https:\/\/www.rajapack.ch\/verpackungsnews\/wp-json\/wp\/v2\/posts"}],"about":[{"href":"https:\/\/www.rajapack.ch\/verpackungsnews\/wp-json\/wp\/v2\/types\/post"}],"author":[{"embeddable":true,"href":"https:\/\/www.rajapack.ch\/verpackungsnews\/wp-json\/wp\/v2\/users\/20"}],"replies":[{"embeddable":true,"href":"https:\/\/www.rajapack.ch\/verpackungsnews\/wp-json\/wp\/v2\/comments?post=15607"}],"version-history":[{"count":0,"href":"https:\/\/www.rajapack.ch\/verpackungsnews\/wp-json\/wp\/v2\/posts\/15607\/revisions"}],"wp:featuredmedia":[{"embeddable":true,"href":"https:\/\/www.rajapack.ch\/verpackungsnews\/wp-json\/wp\/v2\/media\/25486"}],"wp:attachment":[{"href":"https:\/\/www.rajapack.ch\/verpackungsnews\/wp-json\/wp\/v2\/media?parent=15607"}],"wp:term":[{"taxonomy":"category","embeddable":true,"href":"https:\/\/www.rajapack.ch\/verpackungsnews\/wp-json\/wp\/v2\/categories?post=15607"},{"taxonomy":"post_tag","embeddable":true,"href":"https:\/\/www.rajapack.ch\/verpackungsnews\/wp-json\/wp\/v2\/tags?post=15607"}],"curies":[{"name":"wp","href":"https:\/\/api.w.org\/{rel}","templated":true}]}}