{"id":16017,"date":"2021-07-05T09:20:04","date_gmt":"2021-07-05T07:20:04","guid":{"rendered":"https:\/\/www.rajapack.ch\/verpackungsnews\/?p=14659"},"modified":"2026-04-22T12:09:40","modified_gmt":"2026-04-22T10:09:40","slug":"kartons-recyclen","status":"publish","type":"post","link":"https:\/\/www.rajapack.ch\/verpackungsnews\/kartons-recyclen","title":{"rendered":"Kartons zerkleinern: Recycling mit dem Karton-Shredder"},"content":{"rendered":"<h5>2020 kauften unsere Kunden sage und schreibe 32 Millionen Kartons. Eine unfassbar grosse Zahl. Und jeder einzelne dieser Kartons hat eine ganz besondere Mission:<\/h5>\n<div class=\"su-divider su-divider-style-default\" style=\"margin:15px 0;border-width:3px;border-color:#999999\"><\/div><div class=\"su-spacer\" style=\"height:30px\"><\/div>\n<h2><div class=\"su-note\" style=\"border-color:#00aed9;border-radius:3px;-moz-border-radius:3px;-webkit-border-radius:3px;\"><div class=\"su-note-inner su-u-clearfix su-u-trim\" style=\"background-color:#15c8f3;border-color:#e1ffff;color:#333333;border-radius:3px;-moz-border-radius:3px;-webkit-border-radius:3px;\">Die Mission unserer Kartons: Ihr Produkt bei Lagerung, Transport oder Versand zu sch\u00fctzen!<\/div><\/div><\/h2>\n<h2>32 Millionen Kartons \u2013 eine Mission<\/h2>\n<p>Unsere\u00a0<strong><a href=\"https:\/\/www.rajapack.ch\/de_CH\/kartons-schachteln_C10.html\" target=\"_blank\" rel=\"noopener\">Kartons<\/a><\/strong>\u00a0haben Kleidung, B\u00fccher, Kekse, Flaschen, Teller, Notebooks, Gem\u00e4lde, CD&#8217;s, Drucksachen, Weinflaschen, Kindersitze, Maschinenteile (\u2026) sicher auf dem Versand begleitet. Das macht uns nat\u00fcrlich stolz und motiviert uns, unser Angebot im Bereich Kartons und Kartonagen immer weiter auszubauen: Auch Sie sollen genau\u00a0<strong>den<\/strong>\u00a0Karton finden, der genau Ihrem Bedarf entspricht. Bei Kartonvarianten in unz\u00e4hligen St\u00e4rken und Gr\u00f6ssen, in allen Formaten und Qualit\u00e4ten d\u00fcrfte das eigentlich kein Problem werden.<\/p>\n<p>Aber: Nach vollendeter Mission ist jeder Karton und jede Pappe, egal in welcher Gr\u00f6sse und St\u00e4rke, am Ende doch eines: M\u00fcll.<\/p>\n<h2><strong>Hohe<\/strong> Recycling-Quoten<strong> f\u00fcr Papier, Pappe und Karton<\/strong><\/h2>\n<p>Jetzt ist das bei Kartons noch einigermassen leicht \u201ezu ertragen\u201c: 90% der zur Papierherstellung ben\u00f6tigten Faserstoffe stammen aus Recycling von Altpapier.\u00a0Damit gilt der Versandkarton als\u00a0<strong><a href=\"https:\/\/www.rajapack.ch\/de_CH\/umweltfreundliche-verpackungen_cms_000101.html\" target=\"_blank\" rel=\"noopener\">umweltfreundliche Verpackungsl\u00f6sung<\/a><\/strong>. Aber mit welchem Aufwand ist Papierrecycling verbunden? M\u00fcssen Unternehmen sich grosse Container f\u00fcr Altpapier auf den Hof stellen? Oder wird das Papier \u00fcber die blaue Tonne automatisch zum recycling-Papier? Was passiert mit sperrigen Kartons? M\u00fcssen diese jedes Mal aufwendig zerkleinert werden?<br \/>\nOder gibt es eine Maschine f\u00fcr Recycling?<\/p>\n<div class=\"su-quote su-quote-style-default su-quote-has-cite\"><div class=\"su-quote-inner su-u-clearfix su-u-trim\">Gesetzlich wird erst von \u201eRecycling\u201c gesprochen, wenn der Rohstoff zuvor als \u201eAbfall\u201c einzustufen war; andernfalls handelt um Wiederverwendung <span class=\"su-quote-cite\">wikipedia<\/span><\/div><\/div>\n<h2><strong>Mit dem<\/strong> Karton-Shredder<strong> eigenes Recycling betreiben<\/strong><\/h2>\n<p>Die Kartonagen werden also zerkleinert und \u00fcber den Papierm\u00fcll entsorgt und dem\u00a0<strong><a href=\"\/verpackungsnews\/papier-recycling\" target=\"_blank\" rel=\"noopener\">Papier-Recycling<\/a><\/strong>-Kreislauf zugef\u00fchrt. Der Rohstoff erh\u00e4lt zu aktuell 70% ein \u201eneues Leben\u201c und eine neue Mission. Es geht aber auch noch unmittelbarer:<\/p>\n<p>Die\u00a0<strong><a href=\"http:\/\/www.hsm.eu\/\" target=\"_blank\" rel=\"noopener\">HSM GmbH + Co. KG<\/a><\/strong>\u00a0vertreibt\u00a0<strong><a href=\"https:\/\/www.rajapack.ch\/de_CH\/maschinen-verpackungssysteme\/polster-fuellmaschinen\/verpackungsentsorgungs-maschine_C451040.html\" target=\"_blank\" rel=\"noopener\">Kartonschredder<\/a><\/strong>, die die Altkartonagen und andere Kartons im Handumdrehen in Kartonmatten verwandeln, die sich als Verpackungspolster und F\u00fcllmaterial vielseitig verwenden lassen. Der Anwender macht damit einen zweifach guten Schnitt: Er spart sich den Zukauf von Packmitteln und senkt die Entsorgungskosten.<\/p>\n<h2>Papierpolster aus Verpackungsm\u00fcll herstellen &#8211; die praktische Wiederverwertung von grossen Kartonagen<\/h2>\n<p>Die Handhabung des Verwandlungsk\u00fcnstlers ist ein Kinderspiel: Die ausgedienten Kartonagen werden einfach in den Einf\u00fchrschlitz geschoben, von den Messerwalzen eingezogen und zu einer Kartonmatte mit luftiger Maschenstruktur verarbeitet. Dabei wird die Wellpappe nicht nur perforiert, sondern durch die Spezialschneidwellen auch aufgepolstert und im gleichen Arbeitsgang auf die gew\u00fcnschte Breite zugeschnitten. Das Ergebnis ist ein vielseitig verwendbares Verpackungsmaterial, mit dem sich empfindliche Produkte sicher einbetten und vor Besch\u00e4digungen auf dem Transportweg sch\u00fctzen lassen \u2013 hergestellt zum Nulltarif!<\/p>\n<div class=\"su-custom-gallery su-custom-gallery-align-left su-custom-gallery-title-never\"><div class=\"su-custom-gallery-slide\" style=\"width:300px;height:260px\"><a href=\"https:\/\/www.rajapack.ch\/de_CH\/maschinen-verpackungssysteme\/polster-fullmaschinen\/hsm-karton-shredder-profipack-425_OFF_DE_0343.html\" target=\"_blank\" title=\"hsm-karton-shredder-profipack-p425_OFF_DE_0343\"><img loading=\"lazy\" decoding=\"async\" src=\"https:\/\/www.rajapack.ch\/verpackungsnews\/wp-content\/uploads\/2021\/07\/hsm-karton-shredder-profipack-p425_OFF_DE_0343.jpg\" alt=\"hsm-karton-shredder-profipack-p425_OFF_DE_0343\" width=\"300\" height=\"260\" \/><span class=\"su-custom-gallery-title\">hsm-karton-shredder-profipack-p425_OFF_DE_0343<\/span><\/a><\/div><div class=\"su-clear\"><\/div><\/div>\n<h2><strong>Innere Werte,<\/strong> robustes<strong> Schneidwerk<\/strong><\/h2>\n<p>Zu den wichtigsten Qualit\u00e4tsmerkmalen der Ger\u00e4te geh\u00f6rt das Schneidwerk. HSM r\u00fcstet den ProfiPack mit hochwertigen und wartungsarmen Messerwellen aus eigener Produktion aus. Da sie aus einem St\u00fcck gefertigt und induktionsgeh\u00e4rtet sind, erreichen sie eine hohe Standzeit und zeigen sich selbst\u00a0<strong>gegen\u00fcber Metallklammern oder Klebeb\u00e4ndern unempfindlich<\/strong>. Diese m\u00fcssen Sie nicht unbedingt vorab entfernen. Spezielle Lagerplatten gew\u00e4hrleisten ausserdem die zuverl\u00e4ssige Aufpolsterung und verhindern ein Verdrehen, Aufbiegen oder Verwinden des Schneidwerks.<\/p>\n<div class=\"su-youtube su-u-responsive-media-yes\"><iframe loading=\"lazy\" width=\"600\" height=\"400\" src=\"https:\/\/www.youtube.com\/embed\/LafGrb_FqMA?autohide=2&amp;autoplay=0&amp;mute=0&amp;controls=1&amp;fs=1&amp;loop=0&amp;modestbranding=0&amp;rel=1&amp;showinfo=1&amp;theme=dark&amp;wmode=&amp;playsinline=0\" frameborder=\"0\" allowfullscreen allow=\"autoplay; encrypted-media; picture-in-picture\" title=\"\"><\/iframe><\/div>\n<h2>Passgenaues<strong> Papierpolster herstellen<\/strong><\/h2>\n<p>Sie k\u00f6nnen dem Shredder zum Zerkleinern aber auch breitere Kartons zuf\u00fchren. Durch die auf einer Seite ge\u00f6ffnete Zuf\u00fchrung schneidet der Zerkleinerer den Karton ab einer Breite von 415 bzw. 425 Millimetern einfach ab. Den ungeshredderten Rest k\u00f6nnen Sie dann dem Shredder einfach erneut zuf\u00fchren. Sehr praktisch:<\/p>\n<p>Durch das Metermass am Einf\u00fchrschacht k\u00f6nnen Sie sehen, wie breit das hergestellte Papierpolster sein wird. Sie k\u00f6nnen sich Ihre Polster also passgenau f\u00fcr Ihr zu polsterndes Produkt herstellen.<\/p>\n<h2><strong>Sympathischer<\/strong> Kostensenker<\/h2>\n<p>Mit seinen Kartonagen-Schneidern d\u00fcrfte HSM \u2013 bekannt durch seine\u00a0<a href=\"https:\/\/eu.hsm.eu\/de\/pressen\/produkte\/horizontale-ballenpressen\" target=\"_blank\" rel=\"noopener\">Ballenpressen<\/a>\u00a0und\u00a0<a href=\"https:\/\/eu.hsm.eu\/de\/schreddern\/produkte\/aktenvernichter\" target=\"_blank\" rel=\"noopener\">Aktenvernichter<\/a>\u00a0\u2013 einmal mehr den Nerv der Anwender getroffen haben. Der Kartonshredder verhilft den Kartonagen, auch in grossen Mengen, zu einem &#8222;Second life&#8220; als umweltfreundliches Polstermaterial. Das Material kann im Anschluss nat\u00fcrlich als Altpapier dem Recycling zugef\u00fchrt werden. Ein sehr gutes Preis-Leistungs-Verh\u00e4ltnis und eine g\u00fcnstige M\u00f6glichkeit von Karton Recycling!<\/p>\n<p>Welcher Betriebsleiter oder Umweltbeauftragte hat sich noch nicht dar\u00fcber ge\u00e4rgert, dass er f\u00fcr die Entsorgung seiner Papier- und Kartonageabf\u00e4lle immer tiefer in die Tasche greifen muss. Der ProfiPack Zerkleinerer versetzt Sie in die Lage, nicht nur die \u00d6kobilanz des Unternehmens zu verbessern, sondern dar\u00fcber hinaus auch die Kosten f\u00fcr den Einkauf von Packmitteln nachhaltig zu reduzieren. Dass damit \u2013 so ganz nebenbei \u2013 die Umwelt geschont wird, darf man als weiteren Sympathiebonus werten.<\/p>\n<div class=\"su-image-carousel su-image-carousel-has-spacing su-image-carousel-adaptive su-image-carousel-slides-style-photo su-image-carousel-controls-style-light su-image-carousel-align-center\" style=\"max-width:800px\" data-flickity-options='{\"groupCells\":true,\"cellSelector\":\".su-image-carousel-item\",\"adaptiveHeight\":true,\"cellAlign\":\"left\",\"prevNextButtons\":false,\"pageDots\":false,\"autoPlay\":false,\"imagesLoaded\":true,\"contain\":false,\"selectedAttraction\":0.025,\"friction\":0.28}' id=\"su_image_carousel_69f1095cb448d\"><div class=\"su-image-carousel-item\"><div class=\"su-image-carousel-item-content\"><a href=\"https:\/\/www.rajapack.ch\/de_CH\/maschinen-verpackungssysteme\/polster-fullmaschinen\/hsm-karton-shredder-profipack-400_OFF_DE_0342.html\" target=\"_blank\" rel=\"noopener noreferrer\" data-caption=\"\"><img loading=\"lazy\" decoding=\"async\" width=\"768\" height=\"559\" src=\"https:\/\/www.rajapack.ch\/verpackungsnews\/wp-content\/uploads\/2023\/04\/Polstermaterial-768x559-_1_.jpg\" class=\"\" alt=\"Kartons recycelt zu effektivem Polsterschutz\" srcset=\"https:\/\/www.rajapack.ch\/verpackungsnews\/wp-content\/uploads\/2023\/04\/Polstermaterial-768x559-_1_.jpg 768w, https:\/\/www.rajapack.ch\/verpackungsnews\/wp-content\/uploads\/2023\/04\/Polstermaterial-768x559-_1_-430x313.jpg 430w\" sizes=\"(max-width: 768px) 100vw, 768px\" \/><\/a><\/div><\/div><\/div><script id=\"su_image_carousel_69f1095cb448d_script\">if(window.SUImageCarousel){setTimeout(function() {window.SUImageCarousel.initGallery(document.getElementById(\"su_image_carousel_69f1095cb448d\"))}, 0);}var su_image_carousel_69f1095cb448d_script=document.getElementById(\"su_image_carousel_69f1095cb448d_script\");if(su_image_carousel_69f1095cb448d_script){su_image_carousel_69f1095cb448d_script.parentNode.removeChild(su_image_carousel_69f1095cb448d_script);}<\/script>\n<div class=\"su-note\" style=\"border-color:#00aed9;border-radius:3px;-moz-border-radius:3px;-webkit-border-radius:3px;\"><div class=\"su-note-inner su-u-clearfix su-u-trim\" style=\"background-color:#15c8f3;border-color:#e1ffff;color:#333333;border-radius:3px;-moz-border-radius:3px;-webkit-border-radius:3px;\"><strong>Win-win-win: Leere Papiertonnen, weniger Entsorgungskosten und weniger Kosten f\u00fcr Polstermaterial.<\/strong><\/div><\/div>\n<p>Sie interessieren sich f\u00fcr\u00a0<a href=\"https:\/\/www.rajapack.ch\/de_CH\/polster-fuellmaterialien\/umweltfreundlich-fuellen-polstern_C2596.html\" target=\"_blank\" rel=\"noopener\">umweltfreundliches F\u00fcllmaterial und Polstermaterial<\/a>? Neben Papierpolster kann auch Luftpolsterfolie (zum Beispiel aus 50% Recaclat) oder Flopak auf der Basis von Erbsenst\u00e4rke die richtige L\u00f6sung sein. Sprechen Sie uns an!\u00a0<strong>0842 \/555 000 <\/strong>(zum Ortstarif)<\/p>\n","protected":false},"excerpt":{"rendered":"<p>2020 kauften unsere Kunden sage und schreibe 32 Millionen Kartons. Eine unfassbar grosse Zahl. Und jeder einzelne dieser Kartons hat eine ganz besondere Mission: 32 Millionen Kartons \u2013 eine Mission [&#8230;]<\/p>\n","protected":false},"author":20,"featured_media":24761,"comment_status":"open","ping_status":"closed","sticky":false,"template":"","format":"standard","meta":{"_acf_changed":false,"footnotes":""},"categories":[22],"tags":[737,16,194,361,195],"class_list":["post-16017","post","type-post","status-publish","format-standard","has-post-thumbnail","hentry","category-kosten-und-prozessoptimierung","tag-nachhaltige-materialien","tag-nachhaltigkeit","tag-polstern","tag-recycling","tag-verpackungsmaschinen"],"acf":[],"yoast_head":"\n<title>Kartons recyceln und zerkleinern - RAJA Blog CH<\/title>\n<meta name=\"description\" content=\"Kartons recyceln! Daher gilt Karton als nachhaltiges Verpackungsmaterial. Aber es geht auch noch unmittelbarer: Mit dem Karton-Shredder!\" \/>\n<meta name=\"robots\" content=\"index, follow, max-snippet:-1, max-image-preview:large, max-video-preview:-1\" \/>\n<link rel=\"canonical\" href=\"https:\/\/www.rajapack.ch\/verpackungsnews\/kartons-recyclen\" \/>\n<meta property=\"og:locale\" content=\"de_DE\" \/>\n<meta property=\"og:type\" content=\"article\" \/>\n<meta property=\"og:title\" content=\"Kartons zerkleinern: Recycling mit dem Karton-Shredder - RAJA Blog CH\" \/>\n<meta property=\"og:description\" content=\"Kartons recyceln! Daher gilt Karton als nachhaltiges Verpackungsmaterial. Aber es geht auch noch unmittelbarer: Mit dem Karton-Shredder!\" \/>\n<meta property=\"og:url\" content=\"https:\/\/www.rajapack.ch\/verpackungsnews\/kartons-recyclen\" \/>\n<meta property=\"og:site_name\" content=\"RAJA Blog CH\" \/>\n<meta property=\"article:published_time\" content=\"2021-07-05T07:20:04+00:00\" \/>\n<meta property=\"article:modified_time\" content=\"2026-04-22T10:09:40+00:00\" \/>\n<meta property=\"og:image\" content=\"https:\/\/www.rajapack.ch\/verpackungsnews\/wp-content\/uploads\/2021\/07\/Karton-shreddern-Blog-Titel.jpg\" \/>\n\t<meta property=\"og:image:width\" content=\"810\" \/>\n\t<meta property=\"og:image:height\" content=\"420\" \/>\n\t<meta property=\"og:image:type\" content=\"image\/jpeg\" \/>\n<meta name=\"author\" content=\"RAJAPACK Schweiz\" \/>\n<meta name=\"twitter:card\" content=\"summary_large_image\" \/>\n<meta name=\"twitter:title\" content=\"Kartons zerkleinern: Recycling mit dem Karton-Shredder - RAJA Blog CH\" \/>\n<meta name=\"twitter:description\" content=\"Kartons recyceln! Daher gilt Karton als nachhaltiges Verpackungsmaterial. Aber es geht auch noch unmittelbarer: Mit dem Karton-Shredder!\" \/>\n<meta name=\"twitter:image\" content=\"https:\/\/www.rajapack.ch\/verpackungsnews\/wp-content\/uploads\/2021\/07\/Karton-shreddern-Blog-Titel.jpg\" \/>\n<meta name=\"twitter:label1\" content=\"Verfasst von\" \/>\n\t<meta name=\"twitter:data1\" content=\"RAJAPACK Schweiz\" \/>\n\t<meta name=\"twitter:label2\" content=\"Gesch\u00e4tzte Lesezeit\" \/>\n\t<meta name=\"twitter:data2\" content=\"5 Minuten\" \/>\n<script type=\"application\/ld+json\" class=\"yoast-schema-graph\">{\n\t    \"@context\": \"https:\/\/schema.org\",\n\t    \"@graph\": [\n\t        {\n\t            \"@type\": \"Article\",\n\t            \"@id\": \"https:\/\/www.rajapack.ch\/verpackungsnews\/kartons-recyclen#article\",\n\t            \"isPartOf\": {\n\t                \"@id\": \"https:\/\/www.rajapack.ch\/verpackungsnews\/kartons-recyclen\"\n\t            },\n\t            \"author\": {\n\t                \"name\": \"RAJAPACK Schweiz\",\n\t                \"@id\": \"https:\/\/www.rajapack.ch\/verpackungsnews\/#\/schema\/person\/e0825d9926514f72b2ba6eafaf517f7a\"\n\t            },\n\t            \"headline\": \"Kartons zerkleinern: Recycling mit dem Karton-Shredder\",\n\t            \"datePublished\": \"2021-07-05T07:20:04+00:00\",\n\t            \"dateModified\": \"2026-04-22T10:09:40+00:00\",\n\t            \"mainEntityOfPage\": {\n\t                \"@id\": \"https:\/\/www.rajapack.ch\/verpackungsnews\/kartons-recyclen\"\n\t            },\n\t            \"wordCount\": 880,\n\t            \"commentCount\": 0,\n\t            \"publisher\": {\n\t                \"@id\": \"https:\/\/www.rajapack.ch\/verpackungsnews\/#organization\"\n\t            },\n\t            \"image\": {\n\t                \"@id\": \"https:\/\/www.rajapack.ch\/verpackungsnews\/kartons-recyclen#primaryimage\"\n\t            },\n\t            \"thumbnailUrl\": \"https:\/\/www.rajapack.ch\/verpackungsnews\/wp-content\/uploads\/2021\/07\/Karton-shreddern-Blog-Titel.jpg\",\n\t            \"keywords\": [\n\t                \"nachhaltige Materialien\",\n\t                \"Nachhaltigkeit\",\n\t                \"Polstern\",\n\t                \"Recycling\",\n\t                \"Verpackungsmaschinen\"\n\t            ],\n\t            \"articleSection\": [\n\t                \"Kosten- und Prozessoptimierung\"\n\t            ],\n\t            \"inLanguage\": \"de-DE\",\n\t            \"potentialAction\": [\n\t                {\n\t                    \"@type\": \"CommentAction\",\n\t                    \"name\": \"Comment\",\n\t                    \"target\": [\n\t                        \"https:\/\/www.rajapack.ch\/verpackungsnews\/kartons-recyclen#respond\"\n\t                    ]\n\t                }\n\t            ]\n\t        },\n\t        {\n\t            \"@type\": \"WebPage\",\n\t            \"@id\": \"https:\/\/www.rajapack.ch\/verpackungsnews\/kartons-recyclen\",\n\t            \"url\": \"https:\/\/www.rajapack.ch\/verpackungsnews\/kartons-recyclen\",\n\t            \"name\": \"Kartons recyceln und zerkleinern - RAJA Blog CH\",\n\t            \"isPartOf\": {\n\t                \"@id\": \"https:\/\/www.rajapack.ch\/verpackungsnews\/#website\"\n\t            },\n\t            \"primaryImageOfPage\": {\n\t                \"@id\": \"https:\/\/www.rajapack.ch\/verpackungsnews\/kartons-recyclen#primaryimage\"\n\t            },\n\t            \"image\": {\n\t                \"@id\": \"https:\/\/www.rajapack.ch\/verpackungsnews\/kartons-recyclen#primaryimage\"\n\t            },\n\t            \"thumbnailUrl\": \"https:\/\/www.rajapack.ch\/verpackungsnews\/wp-content\/uploads\/2021\/07\/Karton-shreddern-Blog-Titel.jpg\",\n\t            \"datePublished\": \"2021-07-05T07:20:04+00:00\",\n\t            \"dateModified\": \"2026-04-22T10:09:40+00:00\",\n\t            \"description\": \"Kartons recyceln! Daher gilt Karton als nachhaltiges Verpackungsmaterial. Aber es geht auch noch unmittelbarer: Mit dem Karton-Shredder!\",\n\t            \"inLanguage\": \"de-DE\",\n\t            \"potentialAction\": [\n\t                {\n\t                    \"@type\": \"ReadAction\",\n\t                    \"target\": [\n\t                        \"https:\/\/www.rajapack.ch\/verpackungsnews\/kartons-recyclen\"\n\t                    ]\n\t                }\n\t            ]\n\t        },\n\t        {\n\t            \"@type\": \"ImageObject\",\n\t            \"inLanguage\": \"de-DE\",\n\t            \"@id\": \"https:\/\/www.rajapack.ch\/verpackungsnews\/kartons-recyclen#primaryimage\",\n\t            \"url\": \"https:\/\/www.rajapack.ch\/verpackungsnews\/wp-content\/uploads\/2021\/07\/Karton-shreddern-Blog-Titel.jpg\",\n\t            \"contentUrl\": \"https:\/\/www.rajapack.ch\/verpackungsnews\/wp-content\/uploads\/2021\/07\/Karton-shreddern-Blog-Titel.jpg\",\n\t            \"width\": 810,\n\t            \"height\": 420,\n\t            \"caption\": \"Kartons shreddern\"\n\t        },\n\t        {\n\t            \"@type\": \"WebSite\",\n\t            \"@id\": \"https:\/\/www.rajapack.ch\/verpackungsnews\/#website\",\n\t            \"url\": \"https:\/\/www.rajapack.ch\/verpackungsnews\/\",\n\t            \"name\": \"RAJA Blog CH\",\n\t            \"description\": \"Verpackungsnews vom Experten\",\n\t            \"publisher\": {\n\t                \"@id\": \"https:\/\/www.rajapack.ch\/verpackungsnews\/#organization\"\n\t            },\n\t            \"potentialAction\": [\n\t                {\n\t                    \"@type\": \"SearchAction\",\n\t                    \"target\": {\n\t                        \"@type\": \"EntryPoint\",\n\t                        \"urlTemplate\": \"https:\/\/www.rajapack.ch\/verpackungsnews\/?s={search_term_string}\"\n\t                    },\n\t                    \"query-input\": \"required name=search_term_string\"\n\t                }\n\t            ],\n\t            \"inLanguage\": \"de-DE\"\n\t        },\n\t        {\n\t            \"@type\": \"Organization\",\n\t            \"@id\": \"https:\/\/www.rajapack.ch\/verpackungsnews\/#organization\",\n\t            \"name\": \"RAJA Blog CH\",\n\t            \"url\": \"https:\/\/www.rajapack.ch\/verpackungsnews\/\",\n\t            \"logo\": {\n\t                \"@type\": \"ImageObject\",\n\t                \"inLanguage\": \"de-DE\",\n\t                \"@id\": \"https:\/\/www.rajapack.ch\/verpackungsnews\/#\/schema\/logo\/image\/\",\n\t                \"url\": \"\",\n\t                \"contentUrl\": \"\",\n\t                \"caption\": \"RAJA Blog CH\"\n\t            },\n\t            \"image\": {\n\t                \"@id\": \"https:\/\/www.rajapack.ch\/verpackungsnews\/#\/schema\/logo\/image\/\"\n\t            },\n\t            \"sameAs\": [\n\t                \"https:\/\/de.linkedin.com\/company\/rajapack-gmbh\"\n\t            ]\n\t        },\n\t        {\n\t            \"@type\": \"Person\",\n\t            \"@id\": \"https:\/\/www.rajapack.ch\/verpackungsnews\/#\/schema\/person\/e0825d9926514f72b2ba6eafaf517f7a\",\n\t            \"name\": \"RAJAPACK Schweiz\",\n\t            \"image\": {\n\t                \"@type\": \"ImageObject\",\n\t                \"inLanguage\": \"de-DE\",\n\t                \"@id\": \"https:\/\/www.rajapack.ch\/verpackungsnews\/#\/schema\/person\/image\/\",\n\t                \"url\": \"https:\/\/secure.gravatar.com\/avatar\/f391ad6b3c41197daad8136e36418c64?s=96&d=mm&r=g\",\n\t                \"contentUrl\": \"https:\/\/secure.gravatar.com\/avatar\/f391ad6b3c41197daad8136e36418c64?s=96&d=mm&r=g\",\n\t                \"caption\": \"RAJAPACK Schweiz\"\n\t            },\n\t            \"description\": \"Geschrieben von unseren Verpackungsexperten bei RAJAPACK Schweiz: Wir lieben Verpackungen.\",\n\t            \"url\": \"https:\/\/www.rajapack.ch\/verpackungsnews\/author\/raja-ch\"\n\t        }\n\t    ]\n\t}<\/script>\n","yoast_head_json":{"title":"Kartons recyceln und zerkleinern - RAJA Blog CH","description":"Kartons recyceln! Daher gilt Karton als nachhaltiges Verpackungsmaterial. Aber es geht auch noch unmittelbarer: Mit dem Karton-Shredder!","robots":{"index":"index","follow":"follow","max-snippet":"max-snippet:-1","max-image-preview":"max-image-preview:large","max-video-preview":"max-video-preview:-1"},"canonical":"https:\/\/www.rajapack.ch\/verpackungsnews\/kartons-recyclen","og_locale":"de_DE","og_type":"article","og_title":"Kartons zerkleinern: Recycling mit dem Karton-Shredder - RAJA Blog CH","og_description":"Kartons recyceln! Daher gilt Karton als nachhaltiges Verpackungsmaterial. Aber es geht auch noch unmittelbarer: Mit dem Karton-Shredder!","og_url":"https:\/\/www.rajapack.ch\/verpackungsnews\/kartons-recyclen","og_site_name":"RAJA Blog CH","article_published_time":"2021-07-05T07:20:04+00:00","article_modified_time":"2026-04-22T10:09:40+00:00","og_image":[{"width":810,"height":420,"url":"https:\/\/www.rajapack.ch\/verpackungsnews\/wp-content\/uploads\/2021\/07\/Karton-shreddern-Blog-Titel.jpg","type":"image\/jpeg"}],"author":"RAJAPACK Schweiz","twitter_card":"summary_large_image","twitter_title":"Kartons zerkleinern: Recycling mit dem Karton-Shredder - RAJA Blog CH","twitter_description":"Kartons recyceln! Daher gilt Karton als nachhaltiges Verpackungsmaterial. Aber es geht auch noch unmittelbarer: Mit dem Karton-Shredder!","twitter_image":"https:\/\/www.rajapack.ch\/verpackungsnews\/wp-content\/uploads\/2021\/07\/Karton-shreddern-Blog-Titel.jpg","twitter_misc":{"Verfasst von":"RAJAPACK Schweiz","Gesch\u00e4tzte Lesezeit":"5 Minuten"},"schema":{"@context":"https:\/\/schema.org","@graph":[{"@type":"Article","@id":"https:\/\/www.rajapack.ch\/verpackungsnews\/kartons-recyclen#article","isPartOf":{"@id":"https:\/\/www.rajapack.ch\/verpackungsnews\/kartons-recyclen"},"author":{"name":"RAJAPACK Schweiz","@id":"https:\/\/www.rajapack.ch\/verpackungsnews\/#\/schema\/person\/e0825d9926514f72b2ba6eafaf517f7a"},"headline":"Kartons zerkleinern: Recycling mit dem Karton-Shredder","datePublished":"2021-07-05T07:20:04+00:00","dateModified":"2026-04-22T10:09:40+00:00","mainEntityOfPage":{"@id":"https:\/\/www.rajapack.ch\/verpackungsnews\/kartons-recyclen"},"wordCount":880,"commentCount":0,"publisher":{"@id":"https:\/\/www.rajapack.ch\/verpackungsnews\/#organization"},"image":{"@id":"https:\/\/www.rajapack.ch\/verpackungsnews\/kartons-recyclen#primaryimage"},"thumbnailUrl":"https:\/\/www.rajapack.ch\/verpackungsnews\/wp-content\/uploads\/2021\/07\/Karton-shreddern-Blog-Titel.jpg","keywords":["nachhaltige Materialien","Nachhaltigkeit","Polstern","Recycling","Verpackungsmaschinen"],"articleSection":["Kosten- und Prozessoptimierung"],"inLanguage":"de-DE","potentialAction":[{"@type":"CommentAction","name":"Comment","target":["https:\/\/www.rajapack.ch\/verpackungsnews\/kartons-recyclen#respond"]}]},{"@type":"WebPage","@id":"https:\/\/www.rajapack.ch\/verpackungsnews\/kartons-recyclen","url":"https:\/\/www.rajapack.ch\/verpackungsnews\/kartons-recyclen","name":"Kartons recyceln und zerkleinern - RAJA Blog CH","isPartOf":{"@id":"https:\/\/www.rajapack.ch\/verpackungsnews\/#website"},"primaryImageOfPage":{"@id":"https:\/\/www.rajapack.ch\/verpackungsnews\/kartons-recyclen#primaryimage"},"image":{"@id":"https:\/\/www.rajapack.ch\/verpackungsnews\/kartons-recyclen#primaryimage"},"thumbnailUrl":"https:\/\/www.rajapack.ch\/verpackungsnews\/wp-content\/uploads\/2021\/07\/Karton-shreddern-Blog-Titel.jpg","datePublished":"2021-07-05T07:20:04+00:00","dateModified":"2026-04-22T10:09:40+00:00","description":"Kartons recyceln! Daher gilt Karton als nachhaltiges Verpackungsmaterial. Aber es geht auch noch unmittelbarer: Mit dem Karton-Shredder!","inLanguage":"de-DE","potentialAction":[{"@type":"ReadAction","target":["https:\/\/www.rajapack.ch\/verpackungsnews\/kartons-recyclen"]}]},{"@type":"ImageObject","inLanguage":"de-DE","@id":"https:\/\/www.rajapack.ch\/verpackungsnews\/kartons-recyclen#primaryimage","url":"https:\/\/www.rajapack.ch\/verpackungsnews\/wp-content\/uploads\/2021\/07\/Karton-shreddern-Blog-Titel.jpg","contentUrl":"https:\/\/www.rajapack.ch\/verpackungsnews\/wp-content\/uploads\/2021\/07\/Karton-shreddern-Blog-Titel.jpg","width":810,"height":420,"caption":"Kartons shreddern"},{"@type":"WebSite","@id":"https:\/\/www.rajapack.ch\/verpackungsnews\/#website","url":"https:\/\/www.rajapack.ch\/verpackungsnews\/","name":"RAJA Blog CH","description":"Verpackungsnews vom Experten","publisher":{"@id":"https:\/\/www.rajapack.ch\/verpackungsnews\/#organization"},"potentialAction":[{"@type":"SearchAction","target":{"@type":"EntryPoint","urlTemplate":"https:\/\/www.rajapack.ch\/verpackungsnews\/?s={search_term_string}"},"query-input":"required name=search_term_string"}],"inLanguage":"de-DE"},{"@type":"Organization","@id":"https:\/\/www.rajapack.ch\/verpackungsnews\/#organization","name":"RAJA Blog CH","url":"https:\/\/www.rajapack.ch\/verpackungsnews\/","logo":{"@type":"ImageObject","inLanguage":"de-DE","@id":"https:\/\/www.rajapack.ch\/verpackungsnews\/#\/schema\/logo\/image\/","url":"","contentUrl":"","caption":"RAJA Blog CH"},"image":{"@id":"https:\/\/www.rajapack.ch\/verpackungsnews\/#\/schema\/logo\/image\/"},"sameAs":["https:\/\/de.linkedin.com\/company\/rajapack-gmbh"]},{"@type":"Person","@id":"https:\/\/www.rajapack.ch\/verpackungsnews\/#\/schema\/person\/e0825d9926514f72b2ba6eafaf517f7a","name":"RAJAPACK Schweiz","image":{"@type":"ImageObject","inLanguage":"de-DE","@id":"https:\/\/www.rajapack.ch\/verpackungsnews\/#\/schema\/person\/image\/","url":"https:\/\/secure.gravatar.com\/avatar\/f391ad6b3c41197daad8136e36418c64?s=96&d=mm&r=g","contentUrl":"https:\/\/secure.gravatar.com\/avatar\/f391ad6b3c41197daad8136e36418c64?s=96&d=mm&r=g","caption":"RAJAPACK Schweiz"},"description":"Geschrieben von unseren Verpackungsexperten bei RAJAPACK Schweiz: Wir lieben Verpackungen.","url":"https:\/\/www.rajapack.ch\/verpackungsnews\/author\/raja-ch"}]}},"_links":{"self":[{"href":"https:\/\/www.rajapack.ch\/verpackungsnews\/wp-json\/wp\/v2\/posts\/16017"}],"collection":[{"href":"https:\/\/www.rajapack.ch\/verpackungsnews\/wp-json\/wp\/v2\/posts"}],"about":[{"href":"https:\/\/www.rajapack.ch\/verpackungsnews\/wp-json\/wp\/v2\/types\/post"}],"author":[{"embeddable":true,"href":"https:\/\/www.rajapack.ch\/verpackungsnews\/wp-json\/wp\/v2\/users\/20"}],"replies":[{"embeddable":true,"href":"https:\/\/www.rajapack.ch\/verpackungsnews\/wp-json\/wp\/v2\/comments?post=16017"}],"version-history":[{"count":1,"href":"https:\/\/www.rajapack.ch\/verpackungsnews\/wp-json\/wp\/v2\/posts\/16017\/revisions"}],"predecessor-version":[{"id":30958,"href":"https:\/\/www.rajapack.ch\/verpackungsnews\/wp-json\/wp\/v2\/posts\/16017\/revisions\/30958"}],"wp:featuredmedia":[{"embeddable":true,"href":"https:\/\/www.rajapack.ch\/verpackungsnews\/wp-json\/wp\/v2\/media\/24761"}],"wp:attachment":[{"href":"https:\/\/www.rajapack.ch\/verpackungsnews\/wp-json\/wp\/v2\/media?parent=16017"}],"wp:term":[{"taxonomy":"category","embeddable":true,"href":"https:\/\/www.rajapack.ch\/verpackungsnews\/wp-json\/wp\/v2\/categories?post=16017"},{"taxonomy":"post_tag","embeddable":true,"href":"https:\/\/www.rajapack.ch\/verpackungsnews\/wp-json\/wp\/v2\/tags?post=16017"}],"curies":[{"name":"wp","href":"https:\/\/api.w.org\/{rel}","templated":true}]}}