{"id":16197,"date":"2019-01-11T09:31:27","date_gmt":"2019-01-11T08:31:27","guid":{"rendered":"https:\/\/mdc-pvwrp10-de-test.raja-group.com\/verpackungsnews\/?p=16197"},"modified":"2023-05-25T13:09:07","modified_gmt":"2023-05-25T11:09:07","slug":"verpackung-ohne-plastik","status":"publish","type":"post","link":"https:\/\/www.rajapack.ch\/verpackungsnews\/verpackung-ohne-plastik","title":{"rendered":"Verpackung ohne Plastik"},"content":{"rendered":"<h5>Verpackungsfreie Superm\u00e4rkte gibt es immer h\u00e4ufiger, auch in kleineren Orten ausserhalb von hippen Grossst\u00e4dten (hier mehr \u00fcber das\u00a0<a href=\"\/verpackungsnews\/einkaufen-ohne-verpackung\" target=\"_blank\" rel=\"noopener\">verpackungsfreie Einkaufen<\/a>\u00a0erfahren).<\/h5>\n<div class=\"su-spacer\" style=\"height:20px\"><\/div><div class=\"su-divider su-divider-style-default\" style=\"margin:15px 0;border-width:3px;border-color:#999999\"><\/div><div class=\"su-spacer\" style=\"height:20px\"><\/div>\n<h2>Einweg-Plastik gilt es zu vermeiden<\/h2>\n<div class=\"su-spacer\" style=\"height:20px\"><\/div>\n<p>Einweg-Plastik wie Trinkhalme und Geschirr sollen mit einem geplanten Gesetz k\u00fcnftig EU-weit verboten werden \u2013 zugelassen sind ab 2021 dann bessere, plastikfreie Alternativen. Verbraucher legen zunehmend Wert auf das Image der Marke: Nachhaltigkeit beim Einkauf und dem Unternehmen spielt f\u00fcr etwa 70 Prozent der Kunden eine grosse Rolle. Knapp 80 Prozent sind sogar bereit f\u00fcr ein Produkt mit nachhaltiger Verpackung mehr zu bezahlen. Wenn man bedenkt, wie lange der Verbraucher \u201eerzogen\u201c wurde, bis das Umdenken sich langsam eingeschlichen hat, versteht man nur zu gut, dass Unternehmen etwas schwerf\u00e4lliger beim Umsetzen umweltfreundlichen Handelns sind. Auch wir k\u00f6nnen Prozesse nicht von heute auf morgen \u201eauf links drehen\u201c. W\u00e4hrend an den grossen Ver\u00e4nderungen aber gearbeitet wird, gibt es auch im \u201eKleinen\u201c schon M\u00f6glichkeiten der Einflussnahme. Dabei kann jeder B\u00fcroangestellte, zum Beispiel anhand dieser\u00a0<a href=\"https:\/\/de.whales.org\/wp-content\/uploads\/sites\/4\/2019\/02\/Checkliste-Jahr-zu-Weniger-Plastik-ist-Meer-f%C3%BCr-Unternehmen.pdf\" target=\"_blank\" rel=\"noopener\"><strong>Checkliste<\/strong><\/a>, schon einen minimalen Beitrag leisten.<\/p>\n<div class=\"su-spacer\" style=\"height:20px\"><\/div>\n<h2>Unternehmen: Die gr\u00f6ssten Plastiks\u00fcnder<\/h2>\n<div class=\"su-spacer\" style=\"height:20px\"><\/div>\n<p>Greenpeace ver\u00f6ffentlichte Ende 2018 in Zusammenarbeit mit der \u201e<a href=\"https:\/\/www.breakfreefromplastic.org\/globalbrandauditreport2018\/\" target=\"_blank\" rel=\"noopener\">Break Free From Plastic<\/a>\u201c- Bewegung eine Studie, um die Unternehmen mit dem meisten Plastikm\u00fcll zu identifizieren. Daf\u00fcr wurden in 42 L\u00e4ndern insgesamt 239 Plastik-Reinigungsaktionen durchgef\u00fchrt und die gefundenen Plastikteile nach Unternehmen sortiert. Der Kunststoffm\u00fcll, der die Ozeane verunreinigt ist haupts\u00e4chlich Lebensmittelherstellern zuzuordnen, darunter Coca-Cola, PepsiCo und Nestl\u00e9, denen zusammen 14% aller weltweit gefundenen (und zuordenbaren!) Plastikabf\u00e4lle \u201eanzulasten\u201c sind.<\/p>\n<div class=\"su-spacer\" style=\"height:20px\"><\/div>\n<h2>Nachhaltigkeit in der Verpackungsindustrie<\/h2>\n<div class=\"su-spacer\" style=\"height:20px\"><\/div>\n<p>Bei einer Onlinebestellung wird alles verpackt versendet \u2013 ob an private oder gewerbliche Endverbraucher. Die Verpackung dient haupts\u00e4chlich dem Schutz der versendeten Waren, mit ansprechender Verpackung aber auch der Kundenbindung: Grosse Unternehmen wie Amazon und Zalando haben individualisierte Versandverpackungen schon l\u00e4ngst f\u00fcr ihre Marketingzwecke entdeckt. Dabei gibt viele\u00a0<a href=\"\/verpackungsnews\/nachhaltige-mehrwegverpackungen\" target=\"_blank\" rel=\"noopener\">m\u00f6gliche Wege zu mehr Nachhaltigkeit in der Verpackung<\/a>:<\/p>\n<ul>\n<li>Verpackung vermeiden<\/li>\n<li>Mehrwegsysteme<\/li>\n<li>Papier statt Plastik<\/li>\n<li>Alternative Rohstoffe<\/li>\n<\/ul>\n<p>Die Forschungen zu alternativen Materialien f\u00fcr Plastik werden verst\u00e4rkt betrieben: Aus Zucker, Seegras, Pilzen oder Milch sollen in der Zukunft Verpackungen als Plastikersatz hergestellt werden. Verpackungen werden in schon vereinzelt in Bio-L\u00e4den verwendet.<\/p>\n<div class=\"su-youtube su-u-responsive-media-yes\"><iframe loading=\"lazy\" width=\"560\" height=\"320\" src=\"https:\/\/www.youtube.com\/embed\/2s0ak_0itnc?autohide=2&amp;autoplay=0&amp;mute=0&amp;controls=1&amp;fs=1&amp;loop=0&amp;modestbranding=0&amp;rel=1&amp;showinfo=1&amp;theme=dark&amp;wmode=&amp;playsinline=0\" frameborder=\"0\" allowfullscreen allow=\"autoplay; encrypted-media; picture-in-picture\" title=\"Bio4Pack in WDR Servicezeit\"><\/iframe><\/div>\n<h2>Lebenszyklus der Verpackung verl\u00e4ngern<\/h2>\n<div class=\"su-spacer\" style=\"height:20px\"><\/div>\n<p>Ein Umdenken ist gefragt: Wenn die Verpackung nicht l\u00e4nger reine Verpackung ist, sondern einen Zusatznutzen mitbringt oder gar zum eigenen Produkt wird, kann das Kaufinteresse gesteigert werden. Der Deutsche Verpackungspreis zeichnet j\u00e4hrlich innovative Verpackungen aus, ein Hauptthema ist seit Jahren die Vermeidung von nicht recycelbarem Plastik. 2018 z\u00e4hlte unter anderem die\u00a0Grill-Pyramide\u00a0zu den Preistr\u00e4gern im Bereich Funktionalit\u00e4t und Convenience. Die Verpackung der Grillkohle dient mit integriertem Anz\u00fcnder und Kamineffekt f\u00fcr schnell gl\u00fchende Kohlen und anschliessendes Grillerlebnis. Durch die Integration in das Produkt entsteht keinerlei Verpackungsm\u00fcll. Aber auch sch\u00f6ne\u00a0<a href=\"https:\/\/www.rajapack.ch\/de_CH\/tragetaschen-geschenkverpackung\/beutel-taschen-geschenkboxen\/geschenkkartons_C651610.html\" target=\"_blank\" rel=\"noopener\">Geschenkboxen<\/a>\u00a0k\u00f6nnen zur Aufbewahrung oder Wiederverwendung genutzt werden. Wenn die Produktverpackung nicht als M\u00fcll, sondern mit Zusatzfunktionen versehen wird, verleiht das dem Produkt einen nachhaltigen Mehrwert und verl\u00e4ngert den Lebenszyklus bzw. die Umweltbilanz eines Produktes. Im besten Fall wird das Produkt aufgrund der Verpackung bevorzugt gekauft.<\/p>\n<div class=\"su-spacer\" style=\"height:20px\"><\/div>\n<h2>Jeder sollte umweltfreundlich handeln<\/h2>\n<div class=\"su-spacer\" style=\"height:20px\"><\/div>\n<p>Recycling ist nicht die L\u00f6sung, aber ein Anfang. Ohne Recycling w\u00fcrden uns l\u00e4ngerfristig die Ressourcen ausgehen. Durch den Ausbau der Recycling-Systeme und die Verwendung von biologisch abbaubaren Produkten k\u00f6nnen die Abfallmengen verwertet oder ganz vermieden werden. Verpackung ohne Plastik ist dabei ein grosser Schritt in die richtige Richtung. Auch Sie setzen auf nachhaltige Produkte? Gerne beraten wir Sie bei der\u00a0Auswahl unserer\u00a0<a href=\"https:\/\/www.rajapack.ch\/de_CH\/umweltfreundliche-verpackungen_cms_000101.html\" target=\"_blank\" rel=\"noopener\">umweltfreundlichen Verpackungen<\/a>\u00a0und stellen Ihnen beispielsweise unsere halbdurchsichtigen\u00a0<a href=\"https:\/\/www.rajapack.ch\/de_CH\/beutel-behaelter\/pergamin-flachbeutel_OFF_CH_01640.html\" target=\"_blank\" rel=\"noopener\">Pergaminbeutel<\/a>\u00a0als Alternative zu Plastikbeuteln vor.<\/p>\n","protected":false},"excerpt":{"rendered":"<p>Verpackungsfreie Superm\u00e4rkte gibt es immer h\u00e4ufiger, auch in kleineren Orten ausserhalb von hippen Grossst\u00e4dten (hier mehr \u00fcber das\u00a0verpackungsfreie Einkaufen\u00a0erfahren). Einweg-Plastik gilt es zu vermeiden Einweg-Plastik wie Trinkhalme und Geschirr sollen [&#8230;]<\/p>\n","protected":false},"author":20,"featured_media":25760,"comment_status":"open","ping_status":"closed","sticky":false,"template":"","format":"standard","meta":{"_acf_changed":false,"footnotes":""},"categories":[21],"tags":[16,369,376],"class_list":["post-16197","post","type-post","status-publish","format-standard","has-post-thumbnail","hentry","category-news-und-trends","tag-nachhaltigkeit","tag-plastik","tag-verpackungsgesetz"],"acf":[],"yoast_head":"\n<title>Verpackung ohne Plastik - RAJA Blog CH<\/title>\n<meta name=\"description\" content=\"Abfallmengen durch den Ausbau der Recycling-Systeme und durch biologisch abbaubare Produkte besser verwerten. Geht Verpackung ohne Plastik?\" \/>\n<meta name=\"robots\" content=\"index, follow, max-snippet:-1, max-image-preview:large, max-video-preview:-1\" \/>\n<link rel=\"canonical\" href=\"https:\/\/www.rajapack.ch\/verpackungsnews\/verpackung-ohne-plastik\" \/>\n<meta property=\"og:locale\" content=\"de_DE\" \/>\n<meta property=\"og:type\" content=\"article\" \/>\n<meta property=\"og:title\" content=\"Verpackung ohne Plastik - RAJA Blog CH\" \/>\n<meta property=\"og:description\" content=\"Abfallmengen durch den Ausbau der Recycling-Systeme und durch biologisch abbaubare Produkte besser verwerten. Geht Verpackung ohne Plastik?\" \/>\n<meta property=\"og:url\" content=\"https:\/\/www.rajapack.ch\/verpackungsnews\/verpackung-ohne-plastik\" \/>\n<meta property=\"og:site_name\" content=\"RAJA Blog CH\" \/>\n<meta property=\"article:published_time\" content=\"2019-01-11T08:31:27+00:00\" \/>\n<meta property=\"article:modified_time\" content=\"2023-05-25T11:09:07+00:00\" \/>\n<meta property=\"og:image\" content=\"https:\/\/www.rajapack.ch\/verpackungsnews\/wp-content\/uploads\/2019\/01\/rajapack-header-ohneplastik.jpg\" \/>\n\t<meta property=\"og:image:width\" content=\"1545\" \/>\n\t<meta property=\"og:image:height\" content=\"588\" \/>\n\t<meta property=\"og:image:type\" content=\"image\/jpeg\" \/>\n<meta name=\"author\" content=\"RAJAPACK Schweiz\" \/>\n<meta name=\"twitter:card\" content=\"summary_large_image\" \/>\n<meta name=\"twitter:title\" content=\"Verpackung ohne Plastik - RAJA Blog CH\" \/>\n<meta name=\"twitter:description\" content=\"Abfallmengen durch den Ausbau der Recycling-Systeme und durch biologisch abbaubare Produkte besser verwerten. Geht Verpackung ohne Plastik?\" \/>\n<meta name=\"twitter:image\" content=\"https:\/\/www.rajapack.ch\/verpackungsnews\/wp-content\/uploads\/2019\/01\/rajapack-header-ohneplastik.jpg\" \/>\n<meta name=\"twitter:label1\" content=\"Verfasst von\" \/>\n\t<meta name=\"twitter:data1\" content=\"RAJAPACK Schweiz\" \/>\n\t<meta name=\"twitter:label2\" content=\"Gesch\u00e4tzte Lesezeit\" \/>\n\t<meta name=\"twitter:data2\" content=\"4 Minuten\" \/>\n<script type=\"application\/ld+json\" class=\"yoast-schema-graph\">{\n\t    \"@context\": \"https:\/\/schema.org\",\n\t    \"@graph\": [\n\t        {\n\t            \"@type\": \"Article\",\n\t            \"@id\": \"https:\/\/www.rajapack.ch\/verpackungsnews\/verpackung-ohne-plastik#article\",\n\t            \"isPartOf\": {\n\t                \"@id\": \"https:\/\/www.rajapack.ch\/verpackungsnews\/verpackung-ohne-plastik\"\n\t            },\n\t            \"author\": {\n\t                \"name\": \"RAJAPACK Schweiz\",\n\t                \"@id\": \"https:\/\/www.rajapack.ch\/verpackungsnews\/#\/schema\/person\/e0825d9926514f72b2ba6eafaf517f7a\"\n\t            },\n\t            \"headline\": \"Verpackung ohne Plastik\",\n\t            \"datePublished\": \"2019-01-11T08:31:27+00:00\",\n\t            \"dateModified\": \"2023-05-25T11:09:07+00:00\",\n\t            \"mainEntityOfPage\": {\n\t                \"@id\": \"https:\/\/www.rajapack.ch\/verpackungsnews\/verpackung-ohne-plastik\"\n\t            },\n\t            \"wordCount\": 638,\n\t            \"commentCount\": 3,\n\t            \"publisher\": {\n\t                \"@id\": \"https:\/\/www.rajapack.ch\/verpackungsnews\/#organization\"\n\t            },\n\t            \"image\": {\n\t                \"@id\": \"https:\/\/www.rajapack.ch\/verpackungsnews\/verpackung-ohne-plastik#primaryimage\"\n\t            },\n\t            \"thumbnailUrl\": \"https:\/\/www.rajapack.ch\/verpackungsnews\/wp-content\/uploads\/2019\/01\/rajapack-header-ohneplastik.jpg\",\n\t            \"keywords\": [\n\t                \"Nachhaltigkeit\",\n\t                \"Plastik\",\n\t                \"Verpackungsgesetz\"\n\t            ],\n\t            \"articleSection\": [\n\t                \"News und Trends\"\n\t            ],\n\t            \"inLanguage\": \"de-DE\",\n\t            \"potentialAction\": [\n\t                {\n\t                    \"@type\": \"CommentAction\",\n\t                    \"name\": \"Comment\",\n\t                    \"target\": [\n\t                        \"https:\/\/www.rajapack.ch\/verpackungsnews\/verpackung-ohne-plastik#respond\"\n\t                    ]\n\t                }\n\t            ]\n\t        },\n\t        {\n\t            \"@type\": \"WebPage\",\n\t            \"@id\": \"https:\/\/www.rajapack.ch\/verpackungsnews\/verpackung-ohne-plastik\",\n\t            \"url\": \"https:\/\/www.rajapack.ch\/verpackungsnews\/verpackung-ohne-plastik\",\n\t            \"name\": \"Verpackung ohne Plastik - RAJA Blog CH\",\n\t            \"isPartOf\": {\n\t                \"@id\": \"https:\/\/www.rajapack.ch\/verpackungsnews\/#website\"\n\t            },\n\t            \"primaryImageOfPage\": {\n\t                \"@id\": \"https:\/\/www.rajapack.ch\/verpackungsnews\/verpackung-ohne-plastik#primaryimage\"\n\t            },\n\t            \"image\": {\n\t                \"@id\": \"https:\/\/www.rajapack.ch\/verpackungsnews\/verpackung-ohne-plastik#primaryimage\"\n\t            },\n\t            \"thumbnailUrl\": \"https:\/\/www.rajapack.ch\/verpackungsnews\/wp-content\/uploads\/2019\/01\/rajapack-header-ohneplastik.jpg\",\n\t            \"datePublished\": \"2019-01-11T08:31:27+00:00\",\n\t            \"dateModified\": \"2023-05-25T11:09:07+00:00\",\n\t            \"description\": \"Abfallmengen durch den Ausbau der Recycling-Systeme und durch biologisch abbaubare Produkte besser verwerten. Geht Verpackung ohne Plastik?\",\n\t            \"inLanguage\": \"de-DE\",\n\t            \"potentialAction\": [\n\t                {\n\t                    \"@type\": \"ReadAction\",\n\t                    \"target\": [\n\t                        \"https:\/\/www.rajapack.ch\/verpackungsnews\/verpackung-ohne-plastik\"\n\t                    ]\n\t                }\n\t            ]\n\t        },\n\t        {\n\t            \"@type\": \"ImageObject\",\n\t            \"inLanguage\": \"de-DE\",\n\t            \"@id\": \"https:\/\/www.rajapack.ch\/verpackungsnews\/verpackung-ohne-plastik#primaryimage\",\n\t            \"url\": \"https:\/\/www.rajapack.ch\/verpackungsnews\/wp-content\/uploads\/2019\/01\/rajapack-header-ohneplastik.jpg\",\n\t            \"contentUrl\": \"https:\/\/www.rajapack.ch\/verpackungsnews\/wp-content\/uploads\/2019\/01\/rajapack-header-ohneplastik.jpg\",\n\t            \"width\": 1545,\n\t            \"height\": 588,\n\t            \"caption\": \"Verpackung ohne Plastik: Ein Stapel Altplastik auf der M\u00fcllhalde\"\n\t        },\n\t        {\n\t            \"@type\": \"WebSite\",\n\t            \"@id\": \"https:\/\/www.rajapack.ch\/verpackungsnews\/#website\",\n\t            \"url\": \"https:\/\/www.rajapack.ch\/verpackungsnews\/\",\n\t            \"name\": \"RAJA Blog CH\",\n\t            \"description\": \"Verpackungsnews vom Experten\",\n\t            \"publisher\": {\n\t                \"@id\": \"https:\/\/www.rajapack.ch\/verpackungsnews\/#organization\"\n\t            },\n\t            \"potentialAction\": [\n\t                {\n\t                    \"@type\": \"SearchAction\",\n\t                    \"target\": {\n\t                        \"@type\": \"EntryPoint\",\n\t                        \"urlTemplate\": \"https:\/\/www.rajapack.ch\/verpackungsnews\/?s={search_term_string}\"\n\t                    },\n\t                    \"query-input\": \"required name=search_term_string\"\n\t                }\n\t            ],\n\t            \"inLanguage\": \"de-DE\"\n\t        },\n\t        {\n\t            \"@type\": \"Organization\",\n\t            \"@id\": \"https:\/\/www.rajapack.ch\/verpackungsnews\/#organization\",\n\t            \"name\": \"RAJA Blog CH\",\n\t            \"url\": \"https:\/\/www.rajapack.ch\/verpackungsnews\/\",\n\t            \"logo\": {\n\t                \"@type\": \"ImageObject\",\n\t                \"inLanguage\": \"de-DE\",\n\t                \"@id\": \"https:\/\/www.rajapack.ch\/verpackungsnews\/#\/schema\/logo\/image\/\",\n\t                \"url\": \"\",\n\t                \"contentUrl\": \"\",\n\t                \"caption\": \"RAJA Blog CH\"\n\t            },\n\t            \"image\": {\n\t                \"@id\": \"https:\/\/www.rajapack.ch\/verpackungsnews\/#\/schema\/logo\/image\/\"\n\t            },\n\t            \"sameAs\": [\n\t                \"https:\/\/de.linkedin.com\/company\/rajapack-gmbh\"\n\t            ]\n\t        },\n\t        {\n\t            \"@type\": \"Person\",\n\t            \"@id\": \"https:\/\/www.rajapack.ch\/verpackungsnews\/#\/schema\/person\/e0825d9926514f72b2ba6eafaf517f7a\",\n\t            \"name\": \"RAJAPACK Schweiz\",\n\t            \"image\": {\n\t                \"@type\": \"ImageObject\",\n\t                \"inLanguage\": \"de-DE\",\n\t                \"@id\": \"https:\/\/www.rajapack.ch\/verpackungsnews\/#\/schema\/person\/image\/\",\n\t                \"url\": \"https:\/\/secure.gravatar.com\/avatar\/f391ad6b3c41197daad8136e36418c64?s=96&d=mm&r=g\",\n\t                \"contentUrl\": \"https:\/\/secure.gravatar.com\/avatar\/f391ad6b3c41197daad8136e36418c64?s=96&d=mm&r=g\",\n\t                \"caption\": \"RAJAPACK Schweiz\"\n\t            },\n\t            \"description\": \"Geschrieben von unseren Verpackungsexperten bei RAJAPACK Schweiz: Wir lieben Verpackungen.\",\n\t            \"url\": \"https:\/\/www.rajapack.ch\/verpackungsnews\/author\/raja-ch\"\n\t        }\n\t    ]\n\t}<\/script>\n","yoast_head_json":{"title":"Verpackung ohne Plastik - RAJA Blog CH","description":"Abfallmengen durch den Ausbau der Recycling-Systeme und durch biologisch abbaubare Produkte besser verwerten. Geht Verpackung ohne Plastik?","robots":{"index":"index","follow":"follow","max-snippet":"max-snippet:-1","max-image-preview":"max-image-preview:large","max-video-preview":"max-video-preview:-1"},"canonical":"https:\/\/www.rajapack.ch\/verpackungsnews\/verpackung-ohne-plastik","og_locale":"de_DE","og_type":"article","og_title":"Verpackung ohne Plastik - RAJA Blog CH","og_description":"Abfallmengen durch den Ausbau der Recycling-Systeme und durch biologisch abbaubare Produkte besser verwerten. Geht Verpackung ohne Plastik?","og_url":"https:\/\/www.rajapack.ch\/verpackungsnews\/verpackung-ohne-plastik","og_site_name":"RAJA Blog CH","article_published_time":"2019-01-11T08:31:27+00:00","article_modified_time":"2023-05-25T11:09:07+00:00","og_image":[{"width":1545,"height":588,"url":"https:\/\/www.rajapack.ch\/verpackungsnews\/wp-content\/uploads\/2019\/01\/rajapack-header-ohneplastik.jpg","type":"image\/jpeg"}],"author":"RAJAPACK Schweiz","twitter_card":"summary_large_image","twitter_title":"Verpackung ohne Plastik - RAJA Blog CH","twitter_description":"Abfallmengen durch den Ausbau der Recycling-Systeme und durch biologisch abbaubare Produkte besser verwerten. Geht Verpackung ohne Plastik?","twitter_image":"https:\/\/www.rajapack.ch\/verpackungsnews\/wp-content\/uploads\/2019\/01\/rajapack-header-ohneplastik.jpg","twitter_misc":{"Verfasst von":"RAJAPACK Schweiz","Gesch\u00e4tzte Lesezeit":"4 Minuten"},"schema":{"@context":"https:\/\/schema.org","@graph":[{"@type":"Article","@id":"https:\/\/www.rajapack.ch\/verpackungsnews\/verpackung-ohne-plastik#article","isPartOf":{"@id":"https:\/\/www.rajapack.ch\/verpackungsnews\/verpackung-ohne-plastik"},"author":{"name":"RAJAPACK Schweiz","@id":"https:\/\/www.rajapack.ch\/verpackungsnews\/#\/schema\/person\/e0825d9926514f72b2ba6eafaf517f7a"},"headline":"Verpackung ohne Plastik","datePublished":"2019-01-11T08:31:27+00:00","dateModified":"2023-05-25T11:09:07+00:00","mainEntityOfPage":{"@id":"https:\/\/www.rajapack.ch\/verpackungsnews\/verpackung-ohne-plastik"},"wordCount":638,"commentCount":3,"publisher":{"@id":"https:\/\/www.rajapack.ch\/verpackungsnews\/#organization"},"image":{"@id":"https:\/\/www.rajapack.ch\/verpackungsnews\/verpackung-ohne-plastik#primaryimage"},"thumbnailUrl":"https:\/\/www.rajapack.ch\/verpackungsnews\/wp-content\/uploads\/2019\/01\/rajapack-header-ohneplastik.jpg","keywords":["Nachhaltigkeit","Plastik","Verpackungsgesetz"],"articleSection":["News und Trends"],"inLanguage":"de-DE","potentialAction":[{"@type":"CommentAction","name":"Comment","target":["https:\/\/www.rajapack.ch\/verpackungsnews\/verpackung-ohne-plastik#respond"]}]},{"@type":"WebPage","@id":"https:\/\/www.rajapack.ch\/verpackungsnews\/verpackung-ohne-plastik","url":"https:\/\/www.rajapack.ch\/verpackungsnews\/verpackung-ohne-plastik","name":"Verpackung ohne Plastik - RAJA Blog CH","isPartOf":{"@id":"https:\/\/www.rajapack.ch\/verpackungsnews\/#website"},"primaryImageOfPage":{"@id":"https:\/\/www.rajapack.ch\/verpackungsnews\/verpackung-ohne-plastik#primaryimage"},"image":{"@id":"https:\/\/www.rajapack.ch\/verpackungsnews\/verpackung-ohne-plastik#primaryimage"},"thumbnailUrl":"https:\/\/www.rajapack.ch\/verpackungsnews\/wp-content\/uploads\/2019\/01\/rajapack-header-ohneplastik.jpg","datePublished":"2019-01-11T08:31:27+00:00","dateModified":"2023-05-25T11:09:07+00:00","description":"Abfallmengen durch den Ausbau der Recycling-Systeme und durch biologisch abbaubare Produkte besser verwerten. Geht Verpackung ohne Plastik?","inLanguage":"de-DE","potentialAction":[{"@type":"ReadAction","target":["https:\/\/www.rajapack.ch\/verpackungsnews\/verpackung-ohne-plastik"]}]},{"@type":"ImageObject","inLanguage":"de-DE","@id":"https:\/\/www.rajapack.ch\/verpackungsnews\/verpackung-ohne-plastik#primaryimage","url":"https:\/\/www.rajapack.ch\/verpackungsnews\/wp-content\/uploads\/2019\/01\/rajapack-header-ohneplastik.jpg","contentUrl":"https:\/\/www.rajapack.ch\/verpackungsnews\/wp-content\/uploads\/2019\/01\/rajapack-header-ohneplastik.jpg","width":1545,"height":588,"caption":"Verpackung ohne Plastik: Ein Stapel Altplastik auf der M\u00fcllhalde"},{"@type":"WebSite","@id":"https:\/\/www.rajapack.ch\/verpackungsnews\/#website","url":"https:\/\/www.rajapack.ch\/verpackungsnews\/","name":"RAJA Blog CH","description":"Verpackungsnews vom Experten","publisher":{"@id":"https:\/\/www.rajapack.ch\/verpackungsnews\/#organization"},"potentialAction":[{"@type":"SearchAction","target":{"@type":"EntryPoint","urlTemplate":"https:\/\/www.rajapack.ch\/verpackungsnews\/?s={search_term_string}"},"query-input":"required name=search_term_string"}],"inLanguage":"de-DE"},{"@type":"Organization","@id":"https:\/\/www.rajapack.ch\/verpackungsnews\/#organization","name":"RAJA Blog CH","url":"https:\/\/www.rajapack.ch\/verpackungsnews\/","logo":{"@type":"ImageObject","inLanguage":"de-DE","@id":"https:\/\/www.rajapack.ch\/verpackungsnews\/#\/schema\/logo\/image\/","url":"","contentUrl":"","caption":"RAJA Blog CH"},"image":{"@id":"https:\/\/www.rajapack.ch\/verpackungsnews\/#\/schema\/logo\/image\/"},"sameAs":["https:\/\/de.linkedin.com\/company\/rajapack-gmbh"]},{"@type":"Person","@id":"https:\/\/www.rajapack.ch\/verpackungsnews\/#\/schema\/person\/e0825d9926514f72b2ba6eafaf517f7a","name":"RAJAPACK Schweiz","image":{"@type":"ImageObject","inLanguage":"de-DE","@id":"https:\/\/www.rajapack.ch\/verpackungsnews\/#\/schema\/person\/image\/","url":"https:\/\/secure.gravatar.com\/avatar\/f391ad6b3c41197daad8136e36418c64?s=96&d=mm&r=g","contentUrl":"https:\/\/secure.gravatar.com\/avatar\/f391ad6b3c41197daad8136e36418c64?s=96&d=mm&r=g","caption":"RAJAPACK Schweiz"},"description":"Geschrieben von unseren Verpackungsexperten bei RAJAPACK Schweiz: Wir lieben Verpackungen.","url":"https:\/\/www.rajapack.ch\/verpackungsnews\/author\/raja-ch"}]}},"_links":{"self":[{"href":"https:\/\/www.rajapack.ch\/verpackungsnews\/wp-json\/wp\/v2\/posts\/16197"}],"collection":[{"href":"https:\/\/www.rajapack.ch\/verpackungsnews\/wp-json\/wp\/v2\/posts"}],"about":[{"href":"https:\/\/www.rajapack.ch\/verpackungsnews\/wp-json\/wp\/v2\/types\/post"}],"author":[{"embeddable":true,"href":"https:\/\/www.rajapack.ch\/verpackungsnews\/wp-json\/wp\/v2\/users\/20"}],"replies":[{"embeddable":true,"href":"https:\/\/www.rajapack.ch\/verpackungsnews\/wp-json\/wp\/v2\/comments?post=16197"}],"version-history":[{"count":0,"href":"https:\/\/www.rajapack.ch\/verpackungsnews\/wp-json\/wp\/v2\/posts\/16197\/revisions"}],"wp:featuredmedia":[{"embeddable":true,"href":"https:\/\/www.rajapack.ch\/verpackungsnews\/wp-json\/wp\/v2\/media\/25760"}],"wp:attachment":[{"href":"https:\/\/www.rajapack.ch\/verpackungsnews\/wp-json\/wp\/v2\/media?parent=16197"}],"wp:term":[{"taxonomy":"category","embeddable":true,"href":"https:\/\/www.rajapack.ch\/verpackungsnews\/wp-json\/wp\/v2\/categories?post=16197"},{"taxonomy":"post_tag","embeddable":true,"href":"https:\/\/www.rajapack.ch\/verpackungsnews\/wp-json\/wp\/v2\/tags?post=16197"}],"curies":[{"name":"wp","href":"https:\/\/api.w.org\/{rel}","templated":true}]}}