{"id":16721,"date":"2019-03-18T10:25:34","date_gmt":"2019-03-18T09:25:34","guid":{"rendered":"https:\/\/www.rajapack.ch\/verpackungsnews\/?p=16721"},"modified":"2023-05-30T10:31:07","modified_gmt":"2023-05-30T08:31:07","slug":"mobile-absperrungen","status":"publish","type":"post","link":"https:\/\/www.rajapack.ch\/verpackungsnews\/mobile-absperrungen","title":{"rendered":"Mobile Absperrungen"},"content":{"rendered":"\n<h5 class=\"wp-block-heading\">Sichere Arbeitsbedingungen geh\u00f6ren zum betrieblichen Alltag und bestimmen die Arbeitsabl\u00e4ufe. Kein Unternehmen kann sich Ausfallzeiten leisten, desto wichtiger ist es Gefahrenquellen und damit Unf\u00e4lle zu vermeiden und vorausschauend zu handeln.<\/h5>\n\n\n\n<div class=\"su-spacer\" style=\"height:20px\"><\/div><div class=\"su-divider su-divider-style-default\" style=\"margin:15px 0;border-width:3px;border-color:#999999\"><\/div><div class=\"su-spacer\" style=\"height:20px\"><\/div>\n\n\n\n<p>Die Sicherheit am Arbeitsplatz ist ein entscheidendes Thema, das durch Gesetze, Verordnungen und Regeln vorgeschrieben wird.. Ziel ist immer, dem Arbeitnehmer eine sichere Arbeitsumgebung zu bieten, Gefahren zu vermeiden und ihn vor Unf\u00e4llen und Berufskrankheiten zu sch\u00fctzen.<\/p>\n\n\n<div class=\"su-youtube su-u-responsive-media-yes\"><iframe loading=\"lazy\" width=\"560\" height=\"320\" src=\"https:\/\/www.youtube.com\/embed\/jDJ9blnBLzw?autohide=2&amp;autoplay=0&amp;mute=0&amp;controls=1&amp;fs=1&amp;loop=0&amp;modestbranding=0&amp;rel=1&amp;showinfo=1&amp;theme=dark&amp;wmode=&amp;playsinline=0\" frameborder=\"0\" allowfullscreen allow=\"autoplay; encrypted-media; picture-in-picture\" title=\"Napo in... Kein Grund zum Lachen \/ St\u00fcrzen bei der Arbeit\"><\/iframe><\/div>\n\n\n\n<p>Neben entsprechender&nbsp;<strong><a href=\"\/verpackungsnews\/arbeitskleidung-und-schutzkleidung\" target=\"_blank\" rel=\"noreferrer noopener\">Schutzbekleidung&nbsp;<\/a><\/strong>und funktionierender Maschinen spielen viele weitere Faktoren eine grosse Rolle. Ob auf dem Firmengel\u00e4nde, in Produktions- oder Lagerhallen und auch auf Baustellen: Absperrungen werden vielerorts eingesetzt und erf\u00fcllen unterschiedliche Funktionen.<\/p>\n\n\n\n<p>Einerseits machen Absperrung auf Gefahrenstellen aufmerksam und sichern den Ort ab. Andererseits sch\u00fctzen sie aber auch vor unberechtigtem Zutritt oder sorgen einfach nur f\u00fcr abgetrennte Parkpl\u00e4tze. Mobile Absperrungen decken viele Bereiche ab und sorgen f\u00fcr ein Maximum an Flexibilit\u00e4t.<\/p>\n\n\n<div class=\"su-custom-gallery su-custom-gallery-align-left su-custom-gallery-title-never\"><div class=\"su-custom-gallery-slide\" style=\"width:580px;height:220px\"><a><img loading=\"lazy\" decoding=\"async\" src=\"https:\/\/www.rajapack.ch\/verpackungsnews\/wp-content\/uploads\/2019\/03\/Design-18-580x220.jpg\" alt=\"Arbeitskleidung\" width=\"580\" height=\"220\" \/><span class=\"su-custom-gallery-title\">Arbeitskleidung<\/span><\/a><\/div><div class=\"su-clear\"><\/div><\/div>\n\n\n<div class=\"su-spacer\" style=\"height:20px\"><\/div>\n\n\n\n<h2 class=\"wp-block-heading\">Gesetzliche Kennzeichnungspflicht<\/h2>\n\n\n<div class=\"su-spacer\" style=\"height:20px\"><\/div>\n\n\n\n<p>Das&nbsp;<a href=\"https:\/\/www.seco.admin.ch\/seco\/de\/home\/Publikationen_Dienstleistungen\/Publikationen_und_Formulare\/Arbeit\/Arbeitsbedingungen\/Wegleitungen_zum_Arbeitsgesetz\/wegleitung-zu-den-verordnungen-3-und-4-zum-arbeitsgesetz.html\" target=\"_blank\" rel=\"noreferrer noopener\"><strong>Arbeitsgesetz<\/strong>&nbsp;<\/a> richtet sich an den Arbeitgeber und umfasst die Mindestvorschriften f\u00fcr die Sicherheit und den Gesundheitsschutz der Mitarbeiter beim Einrichten und Betreiben von Arbeitsst\u00e4tten. Die Verordnung basiert auf der&nbsp;<a href=\"https:\/\/eur-lex.europa.eu\/legal-content\/DE\/ALL\/?uri=CELEX%3A31989L0654\" target=\"_blank\" rel=\"noopener\">EG-<strong>Arbeitsst\u00e4ttenrichtlinien <\/strong>89\/654\/EWG<\/a>, die die europ\u00e4ische Umsetzung vorschreibt.<\/p>\n\n\n\n<p>Neben der Vorschrift zum Schutz von Nichtrauchern liegt der Fokus auf der ordnungsgem\u00e4ssen Beschaffenheit von Einrichtung und Unterhaltung der Arbeitsst\u00e4tte. Darunter fallen beispielsweise das Vermeiden von Sturzunf\u00e4llen auf schadhaftem Fussboden oder Transportunf\u00e4llen durch nicht gekennzeichnete&nbsp;<strong><a href=\"\/verpackungsnews\/innerbetriebliche-verkehrswege\" target=\"_blank\" rel=\"noreferrer noopener\">Transportwege<\/a><\/strong>.<\/p>\n\n\n\n<p>In der Arbeitsst\u00e4ttenverordnung unter dem Punkt 2.1 werden die Massnahmen zum Schutz vor besonderen Gefahren wie der Schutz vor Absturz und herabfallenden Gegenst\u00e4nden und das Betreten von Gefahrenbereichen geregelt.<\/p>\n\n\n<div class=\"su-custom-gallery su-custom-gallery-align-left su-custom-gallery-title-never\"><div class=\"su-custom-gallery-slide\" style=\"width:580px;height:220px\"><a><img loading=\"lazy\" decoding=\"async\" src=\"https:\/\/www.rajapack.ch\/verpackungsnews\/wp-content\/uploads\/2019\/03\/Arbeitsschutzgesetz-580x220.jpg\" alt=\"Arbeitsschutzgesetz\" width=\"580\" height=\"220\" \/><span class=\"su-custom-gallery-title\">Arbeitsschutzgesetz<\/span><\/a><\/div><div class=\"su-clear\"><\/div><\/div>\n\n\n<div class=\"su-spacer\" style=\"height:20px\"><\/div>\n\n\n\n<h2 class=\"wp-block-heading\">Arbeitsst\u00e4tten \u2013 was f\u00e4llt darunter?<\/h2>\n\n\n<div class=\"su-spacer\" style=\"height:20px\"><\/div>\n\n\n\n<p>Der Begriff Arbeitsst\u00e4tte bezeichnet alle Arbeitsr\u00e4ume oder andere R\u00e4ume auf dem Betriebsgel\u00e4nde, sowie alle Orte im Freien auf dem Betriebsgel\u00e4nde und auch Baustellen, in denen Besch\u00e4ftige im Rahmen ihrer Arbeit t\u00e4tig sind.<\/p>\n\n\n\n<p>Insbesondere bezeichnet die Arbeitsst\u00e4tte Orte zu denen die Besch\u00e4ftigten w\u00e4hrend Ihrer Arbeitszeit und zur Ausf\u00fchrung der T\u00e4tigkeit Zugang haben und Einrichtungen, die zum Betreiben der Arbeitsst\u00e4tte dienen.<\/p>\n\n\n\n<p>Darunter fallen:<\/p>\n\n\n\n<ul class=\"wp-block-list\">\n<li>Verkehrswege, Fluchtwege, Notausg\u00e4nge, Lager-Maschinen und Nebenr\u00e4ume, Sanit\u00e4rr\u00e4ume, Kantinen, Pausen- und Bereitschaftsr\u00e4ume, Erste-Hilfe-R\u00e4ume und Unterk\u00fcnfte<\/li>\n\n\n\n<li>Sicherheitsbeleuchtung, Feuerl\u00f6scheinrichtungen, Versorgungseinrichtungen, Beleuchtungsanlagen, raumlufttechnische Anlagen, Signalanlagen, Energieverteilungsanlagen, T\u00fcren und Rohre, Fahrsteige, Fahrtreppen, Laderampen und Steigleitern<\/li>\n<\/ul>\n\n\n<div class=\"su-spacer\" style=\"height:20px\"><\/div>\n\n\n\n<h2 class=\"wp-block-heading\">Wann muss eine Absperrung angebracht werden?<\/h2>\n\n\n<div class=\"su-spacer\" style=\"height:20px\"><\/div>\n\n\n\n<p>Entsprechende Schutzvorrichtungen sind Vorschrift, wenn Absturzgefahr f\u00fcr Besch\u00e4ftigte oder Gefahr durch herabfallende Gegenst\u00e4nde besteht. Arbeitspl\u00e4tze und Verkehrswege m\u00fcssen dann mit Schutzvorrichtungen versehen werden, um die Mitarbeiter vor Verletzungen zu sch\u00fctzen. Ab einem Meter Absturzh\u00f6he besteht Absturzgefahr f\u00fcr den Arbeitnehmer und eine entsprechende Absperrung muss angebracht werden.<\/p>\n\n\n\n<p>Doch nicht bei jeder T\u00e4tigkeit ist es mit einer einfachen Absperrung getan. Bei einem Dachdecker oder Industriekletterer kann eine solche Schutzverrichtung nicht angebracht werden. Der Arbeitgeber hat durch andere Mittel f\u00fcr die Arbeitssicherheit zu sorgen.<\/p>\n\n\n\n<p>Gibt es weitere Gefahrenbereiche, bspw. Bereiche, die nur mit spezieller Ausr\u00fcstung betreten werden sollten, m\u00fcssen die Gefahrenbereiche ebenfalls gekennzeichnet sein. Dar\u00fcber hinaus gilt es den Zutritt vor unbefugtem Betreten zu sch\u00fctzen und Arbeitnehmer, die Gefahrenbereiche betreten, muss eine entsprechende Schutzausr\u00fcstung zur Verf\u00fcgung gestellt werden.<\/p>\n\n\n<div class=\"su-spacer\" style=\"height:20px\"><\/div>\n\n\n\n<h2 class=\"wp-block-heading\">Vom Leitkegel bis zum Scherengitter<\/h2>\n\n\n<div class=\"su-spacer\" style=\"height:20px\"><\/div>\n\n\n\n<p>Mobile Absperrung ist nicht gleich mobile Absperrung! Denn nicht jede Absperrung eignet sich f\u00fcr jeden Anwendungszweck. Je nach Einsatz ist darauf zu achten, welche Absperrsicherung geeignet ist.<\/p>\n\n\n\n<p><a href=\"https:\/\/www.rajapack.ch\/de_CH\/lagerung-handling\/leitkegel_OFF_CH_01258.html\" target=\"_blank\" rel=\"noreferrer noopener\"><strong>Leitkegel<\/strong>&nbsp;<\/a>sind durch die Signalfarbe Orange gut erkennbar und eignen sich f\u00fcr das sichern von kurzfristigen Gefahren- bzw. Einsatzstellen. Ein tiefes Schlagloch auf dem Betriebsgel\u00e4nder kann so gekennzeichnet werden oder eine Fl\u00e4che wird kurzfristig f\u00fcr Wartungsarbeiten markiert. Mithilfe von Haken und Ketten k\u00f6nnen die Kegel ausserdem verbunden werden.<\/p>\n\n\n<div class=\"su-custom-gallery su-custom-gallery-align-left su-custom-gallery-title-never\"><div class=\"su-custom-gallery-slide\" style=\"width:580px;height:220px\"><a><img loading=\"lazy\" decoding=\"async\" src=\"https:\/\/www.rajapack.ch\/verpackungsnews\/wp-content\/uploads\/2019\/03\/shutterstock_415923154_einzelner-Leitkegel-scaled.jpg\" alt=\"einzelner-Leitkegel\" width=\"580\" height=\"220\" \/><span class=\"su-custom-gallery-title\">einzelner-Leitkegel<\/span><\/a><\/div><div class=\"su-clear\"><\/div><\/div>\n\n\n\n<p>Etwas stabiler &nbsp;f\u00fcr den Einsatz sind&nbsp;<strong><a href=\"https:\/\/www.rajapack.ch\/lagerung-handling\/betriebsausstattung\/sicherheitskennzeichnung-ausstattung\/absperrpfosten-pvc-mit-kette_OFF_DE_01525.htmlhttps:\/\/www.rajapack.ch\/de_CH\/lagerung-handling\/absperrpfosten-pvc-mit-kette_OFF_CH_01257.html\" target=\"_blank\" rel=\"noreferrer noopener\">Absperrpfosten<\/a>.<\/strong>&nbsp;Durch Bef\u00fcllen des Fusses mit Sand oder Wasser wird die Absperrung zus\u00e4tzlich beschwert. Unabsichtliches Verr\u00fccken wird so vermieden. Mit einer H\u00f6he von fast einem Meter eignen sich die Pfosten zum Sichern von Gefahrenstellen, aber auch zum Abtrennen und Sichern von Zufahrtswegen.<\/p>\n\n\n<div class=\"su-custom-gallery su-custom-gallery-align-left su-custom-gallery-title-never\"><div class=\"su-custom-gallery-slide\" style=\"width:300px;height:300px\"><a href=\"https:\/\/www.rajapack.ch\/de_CH\/lagerung-handling\/absperrpfosten-pvc-mit-kette_OFF_CH_01257.html\" target=\"_blank\" title=\"absperrpfosten-pvc-mit-kette_OFF_DE_01525\"><img loading=\"lazy\" decoding=\"async\" src=\"https:\/\/www.rajapack.ch\/verpackungsnews\/wp-content\/uploads\/2019\/03\/absperrpfosten-pvc-mit-kette_OFF_DE_01525-300x300.jpg\" alt=\"absperrpfosten-pvc-mit-kette_OFF_DE_01525\" width=\"300\" height=\"300\" \/><span class=\"su-custom-gallery-title\">absperrpfosten-pvc-mit-kette_OFF_DE_01525<\/span><\/a><\/div><div class=\"su-clear\"><\/div><\/div>\n\n\n\n<figure class=\"wp-block-gallery has-nested-images columns-default is-cropped wp-block-gallery-1 is-layout-flex wp-block-gallery-is-layout-flex\">\n<figure class=\"wp-block-image size-large is-style-default\"><img loading=\"lazy\" decoding=\"async\" width=\"300\" height=\"300\" data-id=\"25787\" src=\"https:\/\/www.rajapack.ch\/verpackungsnews\/wp-content\/uploads\/2019\/03\/magnetische-gurtkassette_OFF_DE_01533.jpg\" alt=\"Gurtkassette als mobile Absperrung\" class=\"wp-image-25787\" srcset=\"https:\/\/www.rajapack.ch\/verpackungsnews\/wp-content\/uploads\/2019\/03\/magnetische-gurtkassette_OFF_DE_01533.jpg 300w, https:\/\/www.rajapack.ch\/verpackungsnews\/wp-content\/uploads\/2019\/03\/magnetische-gurtkassette_OFF_DE_01533-150x150.jpg 150w, https:\/\/www.rajapack.ch\/verpackungsnews\/wp-content\/uploads\/2019\/03\/magnetische-gurtkassette_OFF_DE_01533-120x120.jpg 120w\" sizes=\"(max-width: 300px) 100vw, 300px\" \/><figcaption class=\"wp-element-caption\">Eine Gurtkassette haftet auf jeder metallischen, magnetischen Oberfl\u00e4che und ist dadurch \u00e4usserst flexibel verwendbar. Optimal f\u00fcr kurzfristige Abtrennung bei nassen Bodenfl\u00e4chen nach der Reinigung oder f\u00fcr Wartungsarbeiten.<\/figcaption><\/figure>\n\n\n\n<figure class=\"wp-block-image size-large\"><img loading=\"lazy\" decoding=\"async\" width=\"300\" height=\"300\" data-id=\"25789\" src=\"https:\/\/www.rajapack.ch\/verpackungsnews\/wp-content\/uploads\/2019\/03\/scherengitter-ausziehbar_OFF_DE_01529-1.jpg\" alt=\"Rotes Scherengitter ausziehbar\" class=\"wp-image-25789\" srcset=\"https:\/\/www.rajapack.ch\/verpackungsnews\/wp-content\/uploads\/2019\/03\/scherengitter-ausziehbar_OFF_DE_01529-1.jpg 300w, https:\/\/www.rajapack.ch\/verpackungsnews\/wp-content\/uploads\/2019\/03\/scherengitter-ausziehbar_OFF_DE_01529-1-150x150.jpg 150w, https:\/\/www.rajapack.ch\/verpackungsnews\/wp-content\/uploads\/2019\/03\/scherengitter-ausziehbar_OFF_DE_01529-1-120x120.jpg 120w\" sizes=\"(max-width: 300px) 100vw, 300px\" \/><figcaption class=\"wp-element-caption\">In der Dunkelheit sind Scherengitter durch reflektierende Streifen gut sichtbar. Zudem lassen sie sich bis zu einer L\u00e4nge von 2,25m ausziehen und verriegeln. Dank bef\u00fcllbarem Fuss ist das Scherengitter besonders standfest und in der Lagerung extrem platzsparend. Gefahrenstellen k\u00f6nnen schnell gesichert werden.<\/figcaption><\/figure>\n<\/figure>\n\n\n<div class=\"su-spacer\" style=\"height:20px\"><\/div>\n\n\n\n<h2 class=\"wp-block-heading\">Mobile Absperrungen f\u00fcr jeden Verwendungszweck<\/h2>\n\n\n<div class=\"su-spacer\" style=\"height:20px\"><\/div>\n\n\n\n<p>Um die Sicherheit in Produktions- und Lagerst\u00e4tten zu gew\u00e4hrleisten, eignen sich mobile Absperrungen hervorragend f\u00fcr nahezu jeden Verwendungszweck. Die Sicherung von Gefahrenstellen muss lang- wie kurzfristig m\u00f6glich sein, ebenso k\u00f6nnen Verkehrswege zur Unfallvermeidung gekennzeichnet werden. Durch das Umsetzen der gesetzlich vorgeschriebenen Massnahmen in Sachen Arbeitsschutz sorgt gleichzeitig f\u00fcr die Gesundheit der Mitarbeiter und vermeidet Ausfallzeiten. Entsprechende Schutzmassnahmen sollten daher gut geplant und durchdacht werden.<\/p>\n\n\n\n<p>Wenn auch Sie Unterst\u00fctzung bei der Auswahl der richtigen Absperrung ben\u00f6tigen, beraten wir Sie gerne mit individuellen L\u00f6sungen.<\/p>\n","protected":false},"excerpt":{"rendered":"<p>Sichere Arbeitsbedingungen geh\u00f6ren zum betrieblichen Alltag und bestimmen die Arbeitsabl\u00e4ufe. Kein Unternehmen kann sich Ausfallzeiten leisten, desto wichtiger ist es Gefahrenquellen und damit Unf\u00e4lle zu vermeiden und vorausschauend zu handeln. [&#8230;]<\/p>\n","protected":false},"author":20,"featured_media":25785,"comment_status":"open","ping_status":"closed","sticky":false,"template":"","format":"standard","meta":{"_acf_changed":false,"footnotes":""},"categories":[22],"tags":[49,750,100],"class_list":["post-16721","post","type-post","status-publish","format-standard","has-post-thumbnail","hentry","category-kosten-und-prozessoptimierung","tag-arbeitsschutz","tag-kennzeichnen","tag-sicherheit"],"acf":[],"yoast_head":"\n<title>Mobile Absperrungen - RAJA Blog CH<\/title>\n<meta name=\"description\" content=\"Leitkegel, Absperrgitter und Scherengitter: Mobile Absperrungen zur Unfallvermeidung am Arbeitsplatz. Darauf m\u00fcssen Sie achten\u2026\" \/>\n<meta name=\"robots\" content=\"index, follow, max-snippet:-1, max-image-preview:large, max-video-preview:-1\" \/>\n<link rel=\"canonical\" href=\"https:\/\/www.rajapack.ch\/verpackungsnews\/mobile-absperrungen\" \/>\n<meta property=\"og:locale\" content=\"de_DE\" \/>\n<meta property=\"og:type\" content=\"article\" \/>\n<meta property=\"og:title\" content=\"Mobile Absperrungen - RAJA Blog CH\" \/>\n<meta property=\"og:description\" content=\"Leitkegel, Absperrgitter und Scherengitter: Mobile Absperrungen zur Unfallvermeidung am Arbeitsplatz. Darauf m\u00fcssen Sie achten\u2026\" \/>\n<meta property=\"og:url\" content=\"https:\/\/www.rajapack.ch\/verpackungsnews\/mobile-absperrungen\" \/>\n<meta property=\"og:site_name\" content=\"RAJA Blog CH\" \/>\n<meta property=\"article:published_time\" content=\"2019-03-18T09:25:34+00:00\" \/>\n<meta property=\"article:modified_time\" content=\"2023-05-30T08:31:07+00:00\" \/>\n<meta property=\"og:image\" content=\"https:\/\/www.rajapack.ch\/verpackungsnews\/wp-content\/uploads\/2019\/03\/Blog-002-e1679392887185.png\" \/>\n\t<meta property=\"og:image:width\" content=\"810\" \/>\n\t<meta property=\"og:image:height\" content=\"308\" \/>\n\t<meta property=\"og:image:type\" content=\"image\/png\" \/>\n<meta name=\"author\" content=\"RAJAPACK Schweiz\" \/>\n<meta name=\"twitter:card\" content=\"summary_large_image\" \/>\n<meta name=\"twitter:title\" content=\"Mobile Absperrungen - RAJA Blog CH\" \/>\n<meta name=\"twitter:description\" content=\"Leitkegel, Absperrgitter und Scherengitter: Mobile Absperrungen zur Unfallvermeidung am Arbeitsplatz. Darauf m\u00fcssen Sie achten\u2026\" \/>\n<meta name=\"twitter:image\" content=\"https:\/\/www.rajapack.ch\/verpackungsnews\/wp-content\/uploads\/2019\/03\/Blog-002-e1679392887185.png\" \/>\n<meta name=\"twitter:label1\" content=\"Verfasst von\" \/>\n\t<meta name=\"twitter:data1\" content=\"RAJAPACK Schweiz\" \/>\n\t<meta name=\"twitter:label2\" content=\"Gesch\u00e4tzte Lesezeit\" \/>\n\t<meta name=\"twitter:data2\" content=\"5 Minuten\" \/>\n<script type=\"application\/ld+json\" class=\"yoast-schema-graph\">{\n\t    \"@context\": \"https:\/\/schema.org\",\n\t    \"@graph\": [\n\t        {\n\t            \"@type\": \"Article\",\n\t            \"@id\": \"https:\/\/www.rajapack.ch\/verpackungsnews\/mobile-absperrungen#article\",\n\t            \"isPartOf\": {\n\t                \"@id\": \"https:\/\/www.rajapack.ch\/verpackungsnews\/mobile-absperrungen\"\n\t            },\n\t            \"author\": {\n\t                \"name\": \"RAJAPACK Schweiz\",\n\t                \"@id\": \"https:\/\/www.rajapack.ch\/verpackungsnews\/#\/schema\/person\/e0825d9926514f72b2ba6eafaf517f7a\"\n\t            },\n\t            \"headline\": \"Mobile Absperrungen\",\n\t            \"datePublished\": \"2019-03-18T09:25:34+00:00\",\n\t            \"dateModified\": \"2023-05-30T08:31:07+00:00\",\n\t            \"mainEntityOfPage\": {\n\t                \"@id\": \"https:\/\/www.rajapack.ch\/verpackungsnews\/mobile-absperrungen\"\n\t            },\n\t            \"wordCount\": 958,\n\t            \"commentCount\": 0,\n\t            \"publisher\": {\n\t                \"@id\": \"https:\/\/www.rajapack.ch\/verpackungsnews\/#organization\"\n\t            },\n\t            \"image\": {\n\t                \"@id\": \"https:\/\/www.rajapack.ch\/verpackungsnews\/mobile-absperrungen#primaryimage\"\n\t            },\n\t            \"thumbnailUrl\": \"https:\/\/www.rajapack.ch\/verpackungsnews\/wp-content\/uploads\/2019\/03\/Blog-002-e1679392887185.png\",\n\t            \"keywords\": [\n\t                \"Arbeitsschutz\",\n\t                \"Kennzeichnen\",\n\t                \"Sicherheit\"\n\t            ],\n\t            \"articleSection\": [\n\t                \"Kosten- und Prozessoptimierung\"\n\t            ],\n\t            \"inLanguage\": \"de-DE\",\n\t            \"potentialAction\": [\n\t                {\n\t                    \"@type\": \"CommentAction\",\n\t                    \"name\": \"Comment\",\n\t                    \"target\": [\n\t                        \"https:\/\/www.rajapack.ch\/verpackungsnews\/mobile-absperrungen#respond\"\n\t                    ]\n\t                }\n\t            ]\n\t        },\n\t        {\n\t            \"@type\": \"WebPage\",\n\t            \"@id\": \"https:\/\/www.rajapack.ch\/verpackungsnews\/mobile-absperrungen\",\n\t            \"url\": \"https:\/\/www.rajapack.ch\/verpackungsnews\/mobile-absperrungen\",\n\t            \"name\": \"Mobile Absperrungen - RAJA Blog CH\",\n\t            \"isPartOf\": {\n\t                \"@id\": \"https:\/\/www.rajapack.ch\/verpackungsnews\/#website\"\n\t            },\n\t            \"primaryImageOfPage\": {\n\t                \"@id\": \"https:\/\/www.rajapack.ch\/verpackungsnews\/mobile-absperrungen#primaryimage\"\n\t            },\n\t            \"image\": {\n\t                \"@id\": \"https:\/\/www.rajapack.ch\/verpackungsnews\/mobile-absperrungen#primaryimage\"\n\t            },\n\t            \"thumbnailUrl\": \"https:\/\/www.rajapack.ch\/verpackungsnews\/wp-content\/uploads\/2019\/03\/Blog-002-e1679392887185.png\",\n\t            \"datePublished\": \"2019-03-18T09:25:34+00:00\",\n\t            \"dateModified\": \"2023-05-30T08:31:07+00:00\",\n\t            \"description\": \"Leitkegel, Absperrgitter und Scherengitter: Mobile Absperrungen zur Unfallvermeidung am Arbeitsplatz. Darauf m\u00fcssen Sie achten\u2026\",\n\t            \"inLanguage\": \"de-DE\",\n\t            \"potentialAction\": [\n\t                {\n\t                    \"@type\": \"ReadAction\",\n\t                    \"target\": [\n\t                        \"https:\/\/www.rajapack.ch\/verpackungsnews\/mobile-absperrungen\"\n\t                    ]\n\t                }\n\t            ]\n\t        },\n\t        {\n\t            \"@type\": \"ImageObject\",\n\t            \"inLanguage\": \"de-DE\",\n\t            \"@id\": \"https:\/\/www.rajapack.ch\/verpackungsnews\/mobile-absperrungen#primaryimage\",\n\t            \"url\": \"https:\/\/www.rajapack.ch\/verpackungsnews\/wp-content\/uploads\/2019\/03\/Blog-002-e1679392887185.png\",\n\t            \"contentUrl\": \"https:\/\/www.rajapack.ch\/verpackungsnews\/wp-content\/uploads\/2019\/03\/Blog-002-e1679392887185.png\",\n\t            \"width\": 810,\n\t            \"height\": 308,\n\t            \"caption\": \"Mobile Absperrh\u00fctchen\"\n\t        },\n\t        {\n\t            \"@type\": \"WebSite\",\n\t            \"@id\": \"https:\/\/www.rajapack.ch\/verpackungsnews\/#website\",\n\t            \"url\": \"https:\/\/www.rajapack.ch\/verpackungsnews\/\",\n\t            \"name\": \"RAJA Blog CH\",\n\t            \"description\": \"Verpackungsnews vom Experten\",\n\t            \"publisher\": {\n\t                \"@id\": \"https:\/\/www.rajapack.ch\/verpackungsnews\/#organization\"\n\t            },\n\t            \"potentialAction\": [\n\t                {\n\t                    \"@type\": \"SearchAction\",\n\t                    \"target\": {\n\t                        \"@type\": \"EntryPoint\",\n\t                        \"urlTemplate\": \"https:\/\/www.rajapack.ch\/verpackungsnews\/?s={search_term_string}\"\n\t                    },\n\t                    \"query-input\": \"required name=search_term_string\"\n\t                }\n\t            ],\n\t            \"inLanguage\": \"de-DE\"\n\t        },\n\t        {\n\t            \"@type\": \"Organization\",\n\t            \"@id\": \"https:\/\/www.rajapack.ch\/verpackungsnews\/#organization\",\n\t            \"name\": \"RAJA Blog CH\",\n\t            \"url\": \"https:\/\/www.rajapack.ch\/verpackungsnews\/\",\n\t            \"logo\": {\n\t                \"@type\": \"ImageObject\",\n\t                \"inLanguage\": \"de-DE\",\n\t                \"@id\": \"https:\/\/www.rajapack.ch\/verpackungsnews\/#\/schema\/logo\/image\/\",\n\t                \"url\": \"\",\n\t                \"contentUrl\": \"\",\n\t                \"caption\": \"RAJA Blog CH\"\n\t            },\n\t            \"image\": {\n\t                \"@id\": \"https:\/\/www.rajapack.ch\/verpackungsnews\/#\/schema\/logo\/image\/\"\n\t            },\n\t            \"sameAs\": [\n\t                \"https:\/\/de.linkedin.com\/company\/rajapack-gmbh\"\n\t            ]\n\t        },\n\t        {\n\t            \"@type\": \"Person\",\n\t            \"@id\": \"https:\/\/www.rajapack.ch\/verpackungsnews\/#\/schema\/person\/e0825d9926514f72b2ba6eafaf517f7a\",\n\t            \"name\": \"RAJAPACK Schweiz\",\n\t            \"image\": {\n\t                \"@type\": \"ImageObject\",\n\t                \"inLanguage\": \"de-DE\",\n\t                \"@id\": \"https:\/\/www.rajapack.ch\/verpackungsnews\/#\/schema\/person\/image\/\",\n\t                \"url\": \"https:\/\/secure.gravatar.com\/avatar\/f391ad6b3c41197daad8136e36418c64?s=96&d=mm&r=g\",\n\t                \"contentUrl\": \"https:\/\/secure.gravatar.com\/avatar\/f391ad6b3c41197daad8136e36418c64?s=96&d=mm&r=g\",\n\t                \"caption\": \"RAJAPACK Schweiz\"\n\t            },\n\t            \"description\": \"Geschrieben von unseren Verpackungsexperten bei RAJAPACK Schweiz: Wir lieben Verpackungen.\",\n\t            \"url\": \"https:\/\/www.rajapack.ch\/verpackungsnews\/author\/raja-ch\"\n\t        }\n\t    ]\n\t}<\/script>\n","yoast_head_json":{"title":"Mobile Absperrungen - RAJA Blog CH","description":"Leitkegel, Absperrgitter und Scherengitter: Mobile Absperrungen zur Unfallvermeidung am Arbeitsplatz. Darauf m\u00fcssen Sie achten\u2026","robots":{"index":"index","follow":"follow","max-snippet":"max-snippet:-1","max-image-preview":"max-image-preview:large","max-video-preview":"max-video-preview:-1"},"canonical":"https:\/\/www.rajapack.ch\/verpackungsnews\/mobile-absperrungen","og_locale":"de_DE","og_type":"article","og_title":"Mobile Absperrungen - RAJA Blog CH","og_description":"Leitkegel, Absperrgitter und Scherengitter: Mobile Absperrungen zur Unfallvermeidung am Arbeitsplatz. Darauf m\u00fcssen Sie achten\u2026","og_url":"https:\/\/www.rajapack.ch\/verpackungsnews\/mobile-absperrungen","og_site_name":"RAJA Blog CH","article_published_time":"2019-03-18T09:25:34+00:00","article_modified_time":"2023-05-30T08:31:07+00:00","og_image":[{"width":810,"height":308,"url":"https:\/\/www.rajapack.ch\/verpackungsnews\/wp-content\/uploads\/2019\/03\/Blog-002-e1679392887185.png","type":"image\/png"}],"author":"RAJAPACK Schweiz","twitter_card":"summary_large_image","twitter_title":"Mobile Absperrungen - RAJA Blog CH","twitter_description":"Leitkegel, Absperrgitter und Scherengitter: Mobile Absperrungen zur Unfallvermeidung am Arbeitsplatz. Darauf m\u00fcssen Sie achten\u2026","twitter_image":"https:\/\/www.rajapack.ch\/verpackungsnews\/wp-content\/uploads\/2019\/03\/Blog-002-e1679392887185.png","twitter_misc":{"Verfasst von":"RAJAPACK Schweiz","Gesch\u00e4tzte Lesezeit":"5 Minuten"},"schema":{"@context":"https:\/\/schema.org","@graph":[{"@type":"Article","@id":"https:\/\/www.rajapack.ch\/verpackungsnews\/mobile-absperrungen#article","isPartOf":{"@id":"https:\/\/www.rajapack.ch\/verpackungsnews\/mobile-absperrungen"},"author":{"name":"RAJAPACK Schweiz","@id":"https:\/\/www.rajapack.ch\/verpackungsnews\/#\/schema\/person\/e0825d9926514f72b2ba6eafaf517f7a"},"headline":"Mobile Absperrungen","datePublished":"2019-03-18T09:25:34+00:00","dateModified":"2023-05-30T08:31:07+00:00","mainEntityOfPage":{"@id":"https:\/\/www.rajapack.ch\/verpackungsnews\/mobile-absperrungen"},"wordCount":958,"commentCount":0,"publisher":{"@id":"https:\/\/www.rajapack.ch\/verpackungsnews\/#organization"},"image":{"@id":"https:\/\/www.rajapack.ch\/verpackungsnews\/mobile-absperrungen#primaryimage"},"thumbnailUrl":"https:\/\/www.rajapack.ch\/verpackungsnews\/wp-content\/uploads\/2019\/03\/Blog-002-e1679392887185.png","keywords":["Arbeitsschutz","Kennzeichnen","Sicherheit"],"articleSection":["Kosten- und Prozessoptimierung"],"inLanguage":"de-DE","potentialAction":[{"@type":"CommentAction","name":"Comment","target":["https:\/\/www.rajapack.ch\/verpackungsnews\/mobile-absperrungen#respond"]}]},{"@type":"WebPage","@id":"https:\/\/www.rajapack.ch\/verpackungsnews\/mobile-absperrungen","url":"https:\/\/www.rajapack.ch\/verpackungsnews\/mobile-absperrungen","name":"Mobile Absperrungen - RAJA Blog CH","isPartOf":{"@id":"https:\/\/www.rajapack.ch\/verpackungsnews\/#website"},"primaryImageOfPage":{"@id":"https:\/\/www.rajapack.ch\/verpackungsnews\/mobile-absperrungen#primaryimage"},"image":{"@id":"https:\/\/www.rajapack.ch\/verpackungsnews\/mobile-absperrungen#primaryimage"},"thumbnailUrl":"https:\/\/www.rajapack.ch\/verpackungsnews\/wp-content\/uploads\/2019\/03\/Blog-002-e1679392887185.png","datePublished":"2019-03-18T09:25:34+00:00","dateModified":"2023-05-30T08:31:07+00:00","description":"Leitkegel, Absperrgitter und Scherengitter: Mobile Absperrungen zur Unfallvermeidung am Arbeitsplatz. Darauf m\u00fcssen Sie achten\u2026","inLanguage":"de-DE","potentialAction":[{"@type":"ReadAction","target":["https:\/\/www.rajapack.ch\/verpackungsnews\/mobile-absperrungen"]}]},{"@type":"ImageObject","inLanguage":"de-DE","@id":"https:\/\/www.rajapack.ch\/verpackungsnews\/mobile-absperrungen#primaryimage","url":"https:\/\/www.rajapack.ch\/verpackungsnews\/wp-content\/uploads\/2019\/03\/Blog-002-e1679392887185.png","contentUrl":"https:\/\/www.rajapack.ch\/verpackungsnews\/wp-content\/uploads\/2019\/03\/Blog-002-e1679392887185.png","width":810,"height":308,"caption":"Mobile Absperrh\u00fctchen"},{"@type":"WebSite","@id":"https:\/\/www.rajapack.ch\/verpackungsnews\/#website","url":"https:\/\/www.rajapack.ch\/verpackungsnews\/","name":"RAJA Blog CH","description":"Verpackungsnews vom Experten","publisher":{"@id":"https:\/\/www.rajapack.ch\/verpackungsnews\/#organization"},"potentialAction":[{"@type":"SearchAction","target":{"@type":"EntryPoint","urlTemplate":"https:\/\/www.rajapack.ch\/verpackungsnews\/?s={search_term_string}"},"query-input":"required name=search_term_string"}],"inLanguage":"de-DE"},{"@type":"Organization","@id":"https:\/\/www.rajapack.ch\/verpackungsnews\/#organization","name":"RAJA Blog CH","url":"https:\/\/www.rajapack.ch\/verpackungsnews\/","logo":{"@type":"ImageObject","inLanguage":"de-DE","@id":"https:\/\/www.rajapack.ch\/verpackungsnews\/#\/schema\/logo\/image\/","url":"","contentUrl":"","caption":"RAJA Blog CH"},"image":{"@id":"https:\/\/www.rajapack.ch\/verpackungsnews\/#\/schema\/logo\/image\/"},"sameAs":["https:\/\/de.linkedin.com\/company\/rajapack-gmbh"]},{"@type":"Person","@id":"https:\/\/www.rajapack.ch\/verpackungsnews\/#\/schema\/person\/e0825d9926514f72b2ba6eafaf517f7a","name":"RAJAPACK Schweiz","image":{"@type":"ImageObject","inLanguage":"de-DE","@id":"https:\/\/www.rajapack.ch\/verpackungsnews\/#\/schema\/person\/image\/","url":"https:\/\/secure.gravatar.com\/avatar\/f391ad6b3c41197daad8136e36418c64?s=96&d=mm&r=g","contentUrl":"https:\/\/secure.gravatar.com\/avatar\/f391ad6b3c41197daad8136e36418c64?s=96&d=mm&r=g","caption":"RAJAPACK Schweiz"},"description":"Geschrieben von unseren Verpackungsexperten bei RAJAPACK Schweiz: Wir lieben Verpackungen.","url":"https:\/\/www.rajapack.ch\/verpackungsnews\/author\/raja-ch"}]}},"_links":{"self":[{"href":"https:\/\/www.rajapack.ch\/verpackungsnews\/wp-json\/wp\/v2\/posts\/16721"}],"collection":[{"href":"https:\/\/www.rajapack.ch\/verpackungsnews\/wp-json\/wp\/v2\/posts"}],"about":[{"href":"https:\/\/www.rajapack.ch\/verpackungsnews\/wp-json\/wp\/v2\/types\/post"}],"author":[{"embeddable":true,"href":"https:\/\/www.rajapack.ch\/verpackungsnews\/wp-json\/wp\/v2\/users\/20"}],"replies":[{"embeddable":true,"href":"https:\/\/www.rajapack.ch\/verpackungsnews\/wp-json\/wp\/v2\/comments?post=16721"}],"version-history":[{"count":0,"href":"https:\/\/www.rajapack.ch\/verpackungsnews\/wp-json\/wp\/v2\/posts\/16721\/revisions"}],"wp:featuredmedia":[{"embeddable":true,"href":"https:\/\/www.rajapack.ch\/verpackungsnews\/wp-json\/wp\/v2\/media\/25785"}],"wp:attachment":[{"href":"https:\/\/www.rajapack.ch\/verpackungsnews\/wp-json\/wp\/v2\/media?parent=16721"}],"wp:term":[{"taxonomy":"category","embeddable":true,"href":"https:\/\/www.rajapack.ch\/verpackungsnews\/wp-json\/wp\/v2\/categories?post=16721"},{"taxonomy":"post_tag","embeddable":true,"href":"https:\/\/www.rajapack.ch\/verpackungsnews\/wp-json\/wp\/v2\/tags?post=16721"}],"curies":[{"name":"wp","href":"https:\/\/api.w.org\/{rel}","templated":true}]}}