{"id":17390,"date":"2019-07-22T10:52:38","date_gmt":"2019-07-22T08:52:38","guid":{"rendered":"https:\/\/www.rajapack.ch\/verpackungsnews\/?p=17390"},"modified":"2023-05-25T14:25:10","modified_gmt":"2023-05-25T12:25:10","slug":"verpackung-von-mode","status":"publish","type":"post","link":"https:\/\/www.rajapack.ch\/verpackungsnews\/verpackung-von-mode","title":{"rendered":"Verpackung von Mode \u2013 kommt es auf das \u00c4ussere an?"},"content":{"rendered":"<h5>Sehen, Riechen, Schmecken, H\u00f6ren, F\u00fchlen \u2013 die Sinne beeinflussen die Wahrnehmung und appellieren an das limbische System. Also das Hirnareal, in dem wir Emotionen verarbeiten und wo unser Triebverhalten gesteuert wird. Bevor eine Entscheidung getroffen wird, durchl\u00e4uft sie immer das limbische System. Schon vor dem Nachdenken werden Gef\u00fchle ausgel\u00f6st. Das heisst, vor der rationalen Auseinandersetzung, dem Abw\u00e4gen der F\u00fcrs und Widers, haben Gef\u00fchle l\u00e4ngst die Kaufentscheidung getroffen. Es werden also weniger Produkte, sondern vielmehr positive Gef\u00fchle in den Einkaufswagen gelegt.<\/h5>\n<h5>Beim Onlinehandel mit Fashion erfolgt der erste reale Kontakt mit der Ware bei der Auslieferung an den Kunden. Das limbische System entscheidet also erst endg\u00fcltig \u00fcber den Kauf oder das Retournieren der Ware, wenn das Paket ausgepackt wurde und man die unterschiedlichen Materialien nicht nur sieht, sondern alle Sinne mit einbeziehen kann.<\/h5>\n<div class=\"su-spacer\" style=\"height:20px\"><\/div><div class=\"su-divider su-divider-style-default\" style=\"margin:15px 0;border-width:3px;border-color:#999999\"><\/div><div class=\"su-spacer\" style=\"height:20px\"><\/div>\n<h2>Verpackung von Mode als Teil des Marketing-Mixes<\/h2>\n<div class=\"su-spacer\" style=\"height:20px\"><\/div>\n<p>Die Verpackung ist in der Regel das, was der Kunde wahrnimmt: In der Werbung, im Supermarktregal oder bei der Lieferung der Onlineshop-Bestellung. Das Design der Verpackung k\u00e4mpft um die Aufmerksamkeit der Konsumenten. Es reicht nicht mehr, nur ein gutes Produkt anzubieten, es muss in erster Linie besonders gut aussehen, die Zielgruppe ansprechen und die Kundenbeziehung und damit einhergehend die Kaufbereitschaft erh\u00f6hen.<br \/>\nDie Verpackung ist Teil im Marketing-Mix, der jeden Verbraucher erreicht: Die Versandkartons der online bestellten Ware oder die Produktverpackungen in den Supermarkt-Regalen.<br \/>\nWas w\u00e4re Nivea ohne die blaue Dose? Nur eine Creme! Toblerone ohne die Berggipfel-Form? Nur eine Schokolade! Amazon oder Zalando ohne die mit Logo versehenen individualisierten Kartons? Nur ein Onlineshop!<br \/>\nDass das Verpackungsdesign eine grosse Rolle spielt ist l\u00e4ngst bekannt. Durch den fehlenden Kundenkontakt nimmt die Verpackung eine essentielle Rolle in der Kundenbeziehung und beim Versand von Modeartikeln ein. Onlinemodeh\u00e4ndler gibt es viele wobei\u00a0zalando.ch mit Abstand der Marktf\u00fchrer\u00a0im Online-Fashionhandel ist.<br \/>\nDas T-Shirt einer bestimmten Marke ist oft auf mehr als nur einer Plattform auffindbar, im Onlineshop des Fashion-Anbieters, auf Plattformen der Marktf\u00fchrer Zalando, Otto oder Amazon und auf Second Hand-Portalen. Aber nur im eigenen Onlineshop steht das angebotene T-Shirt ausserhalb jeder Konkurrenz. Denn der Kunde sieht nur die Kleidungsst\u00fccke, die im eigenen Shop angeboten werden. Kauft der Kunde ein, wird Umsatz erzielt. Es gilt also den Kunden an den eigenen Shop zu binden \u2013 ausserhalb von Konkurrenzprodukten.<\/p>\n<div class=\"su-spacer\" style=\"height:20px\"><\/div>\n<h2>Unboxing-Erlebnis der bestellten Modeprodukte<\/h2>\n<div class=\"su-spacer\" style=\"height:20px\"><\/div>\n<p>Auspacken macht Freude! Und darin, dass die Freude besonders hoch ist, liegt die Aufgabe der Versandverpackung. Gutes Verpackungsdesign ist abgestimmt auf das Produkt und das Image der Marke. Entsprechend kreative, liebevoll und abgestimmte Verpackungen r\u00fccken die Fashion-Artikel ins richtige Licht und steigern den Warenwert beim Konsumenten. Dabei muss es, nicht zuletzt im Sinne der Umwelt, nicht die &#8222;ganz grosse Nummer&#8220; sein. Auch mit kleinen Details kann Wertsch\u00e4tzung ausgedr\u00fcckt werden.<\/p>\n<p>Welches Paket hinterl\u00e4sst wohl einen nachhaltig positiven Eindruck beim Besteller?<\/p>\n<div class=\"su-spacer\" style=\"height:20px\"><\/div>\n<h2>Paket 1<\/h2>\n<div class=\"su-spacer\" style=\"height:20px\"><\/div>\n<p>Das Paket mit der bestellten Kleidung kommt in individueller Verpackung mit Branding vom Hersteller. Nach dem \u00d6ffnen f\u00e4llt auf, dass die Kleidungsst\u00fccke im Innern von edlem\u00a0<strong><a title=\"\u201dStilvoll\" href=\"https:\/\/www.rajapack.ch\/de_CH\/tragetaschen-geschenkverpackung\/seidenpapier_C659010.html\" target=\"_blank\" rel=\"noopener\">Seidenpapier<\/a><\/strong>\u00a0(auch edel: weisses oder schwarzes Packpapier &#8211;\u00a0<a href=\"https:\/\/www.rajapack.ch\/de_CH\/polster-fuellmaterialien\/papierpolster\/packpapier-packseide-knuellpapier\/packpapier-rolle_OFF_DE_0305.html\" target=\"_blank\" rel=\"noopener\">Rolle Packpapier<\/a>) umh\u00fcllt sind. Das Papier wird durch ein Etikett (gerne auch bedruckt!) zusammengehalten, das sachte gel\u00f6st oder durchtrennt wird, um die exklusiv verpackten neuen Lieblingsst\u00fccke freizugeben (auch gut: Schleife!). Dabei liegt eine pers\u00f6nliche Notiz, mit einem Dankesch\u00f6n f\u00fcr die Bestellung.<\/p>\n<div class=\"su-custom-gallery su-custom-gallery-align-left su-custom-gallery-title-never\"><div class=\"su-custom-gallery-slide\" style=\"width:590px;height:490px\"><a><img loading=\"lazy\" decoding=\"async\" src=\"https:\/\/www.rajapack.ch\/verpackungsnews\/wp-content\/uploads\/2019\/07\/Mode-Versandverpackung-Papier-und-Etikett-590x490.jpg\" alt=\"Mode-Versandverpackung-Papier-und-Etikett\" width=\"590\" height=\"490\" \/><span class=\"su-custom-gallery-title\">Mode-Versandverpackung-Papier-und-Etikett<\/span><\/a><\/div><div class=\"su-clear\"><\/div><\/div>\n<div class=\"su-spacer\" style=\"height:20px\"><\/div>\n<h2>Paket 2<\/h2>\n<div class=\"su-spacer\" style=\"height:20px\"><\/div>\n<p>Das Paket mit der bestellten Kleidung kommt in braunen Karton an. Der Karton wird ge\u00f6ffnet und darin finden sich lose aufeinandergestapelt die Kleidungsst\u00fccke mit etwas F\u00fcllmaterial, das aus zerkn\u00fclltem Packpapier besteht.<\/p>\n<p>Das erste Paket bringt dem Konsumenten Wertsch\u00e4tzung gegen\u00fcber, er f\u00fchlt sich in seiner Entscheidung f\u00fcr die Bestellung best\u00e4tigt. Das zweite Szenario stellt eine lieblose, zweckm\u00e4ssige Verpackung dar, die Entt\u00e4uschung ist fast greifbar. Weder wird der Kunde wertgesch\u00e4tzt, noch wird das versendete Produkt in irgendeiner Weise pr\u00e4sentiert.<br \/>\nDabei gibt es l\u00e4ngst Erfahrungswerte, dass mit dem richtigen\u00a0<strong><a title=\"\u201dVerpackungsdesign\" href=\"\/verpackungsnews\/verpackungsdesign-im-e-commerce\" target=\"_blank\" rel=\"noopener\">Verpackungsdesign im E-Commerce<\/a><\/strong>\u00a0die Retourenquote deutlich gesenkt werden kann. Die Anbieter Allesseife.at und Viocornflakebox.com werden als erfolgreiche Beispiele mit null Prozent Retourenquote von der\u00a0<strong><a title=\"\u201dPersonalisierte\" href=\"https:\/\/www.internetworld.de\/e-commerce\/logistik\/so-faellt-individuellen-verpackungen-1182962.html\" target=\"_blank\" rel=\"noopener\">internetworld.de<\/a><\/strong>\u00a0genannt.<\/p>\n<div class=\"su-custom-gallery su-custom-gallery-align-left su-custom-gallery-title-never\"><div class=\"su-custom-gallery-slide\" style=\"width:590px;height:490px\"><a><img loading=\"lazy\" decoding=\"async\" src=\"https:\/\/www.rajapack.ch\/verpackungsnews\/wp-content\/uploads\/2019\/07\/Mode-Versandverpackung-lieblos-590x490.jpg\" alt=\"Mode-Versandverpackung-lieblos\" width=\"590\" height=\"490\" \/><span class=\"su-custom-gallery-title\">Mode-Versandverpackung-lieblos<\/span><\/a><\/div><div class=\"su-clear\"><\/div><\/div>\n<div class=\"su-spacer\" style=\"height:20px\"><\/div>\n<h2>Das Verpackungsdesign entscheidet \u00fcber den Warenwert<\/h2>\n<div class=\"su-spacer\" style=\"height:20px\"><\/div>\n<p>Im Idealfall bildet das Verpackungsdesign eine Einheit zwischen Modeartikel und Verpackung, spricht die Zielgruppe an und entspricht dem Zeitgeist. Dadurch wird nicht nur der emotionale Warenwert gesteigert, sondern mit der Kundenzufriedenheit auch die Retourenquote gesenkt. Nicht zu vergessen, dass die Verpackung die M\u00f6glichkeit bietet, sich von Mitbewerbern im Online-Modegesch\u00e4ft abzuheben.<\/p>\n<p>Gute Verpackung von Mode ist also ein Gesamtpaket, das weit mehr als nur dem Schutz des Inhaltes bietet:<\/p>\n<ul>\n<li>Als Teil im\u00a0<strong>Marketing-Mix<\/strong>\u00a0weckt sie das Kaufbed\u00fcrfnis, vermittelt die Markenbotschaft und festigt die Kundenbindung.<\/li>\n<li>Durch\u00a0<strong>einfache Handhabung<\/strong>\u00a0erf\u00fcllt sie ihren Zweck: Sie l\u00e4sst sich unkompliziert und schnell \u00f6ffnen und wiederverschliessen.<\/li>\n<li>Um der Verantwortung gegen\u00fcber der Umwelt gerecht zu werden und f\u00fcr einen positiven \u00f6kologischen Fussabdruck werden\u00a0<strong>nachhaltige Materialien<\/strong><\/li>\n<li>Auch Verpackung kostet Geld, das sollte auch bei der Gesamtverpackung ber\u00fccksichtigt werden. Der Grundsatz lautet daher: So\u00a0<strong>sparsamer Einsatz von Verpackungsmaterial<\/strong>\u00a0wie m\u00f6glich!<\/li>\n<\/ul>\n<div class=\"su-spacer\" style=\"height:20px\"><\/div>\n<h2>Die Win-Win-Win-Win-Beratung<\/h2>\n<div class=\"su-spacer\" style=\"height:20px\"><\/div>\n<p>Die oben genannten Punkte haben durchaus auch \u00dcberschneidungen. Der sparsame Einsatz von Verpackungsmaterial sorgt f\u00fcr weniger Verpackungsm\u00fcll, die Verantwortung der Umwelt gegen\u00fcber zahlt auf das Unternehmensimage ein und eine einfache Handhabung kann Grund f\u00fcr h\u00f6here Kundenzufriedenheit und somit Kundenbindung sein.<\/p>\n<p>Egal, aus welchen Motiven heraus Sie sich dazu entscheiden, \u00fcber Ihre Produktverpackung oder Ihre Versandverpackung nachzudenken \u2013 wir kennen uns mit allen Aspekten aus. Gemeinsam finden wir die L\u00f6sung, bei der alle Gewinner sind: Unternehmer, Kunde, Marke und Umwelt. Sprechen Sie uns an!<\/p>\n","protected":false},"excerpt":{"rendered":"<p>Sehen, Riechen, Schmecken, H\u00f6ren, F\u00fchlen \u2013 die Sinne beeinflussen die Wahrnehmung und appellieren an das limbische System. Also das Hirnareal, in dem wir Emotionen verarbeiten und wo unser Triebverhalten gesteuert [&#8230;]<\/p>\n","protected":false},"author":20,"featured_media":25910,"comment_status":"open","ping_status":"closed","sticky":false,"template":"","format":"standard","meta":{"_acf_changed":false,"footnotes":""},"categories":[10],"tags":[130,81,417],"class_list":["post-17390","post","type-post","status-publish","format-standard","has-post-thumbnail","hentry","category-branchenloesungen","tag-e-commerce","tag-mode","tag-verpackungsdesign"],"acf":[],"yoast_head":"\n<title>Verpackung von Mode - RAJA Blog CH<\/title>\n<meta name=\"description\" content=\"Verpackung von Mode ist ein Gesamtpaket: Mit dem richtigen Konzept wird die Marke gest\u00e4rkt, Retourenquoten gesenkt, Kundenbindung erh\u00f6ht...\" \/>\n<meta name=\"robots\" content=\"index, follow, max-snippet:-1, max-image-preview:large, max-video-preview:-1\" \/>\n<link rel=\"canonical\" href=\"https:\/\/www.rajapack.ch\/verpackungsnews\/verpackung-von-mode\" \/>\n<meta property=\"og:locale\" content=\"de_DE\" \/>\n<meta property=\"og:type\" content=\"article\" \/>\n<meta property=\"og:title\" content=\"Verpackung von Mode - RAJA Blog CH\" \/>\n<meta property=\"og:description\" content=\"Verpackung von Mode ist ein Gesamtpaket: Mit dem richtigen Konzept wird die Marke gest\u00e4rkt, Retourenquoten gesenkt, Kundenbindung erh\u00f6ht...\" \/>\n<meta property=\"og:url\" content=\"https:\/\/www.rajapack.ch\/verpackungsnews\/verpackung-von-mode\" \/>\n<meta property=\"og:site_name\" content=\"RAJA Blog CH\" \/>\n<meta property=\"article:published_time\" content=\"2019-07-22T08:52:38+00:00\" \/>\n<meta property=\"article:modified_time\" content=\"2023-05-25T12:25:10+00:00\" \/>\n<meta property=\"og:image\" content=\"https:\/\/www.rajapack.ch\/verpackungsnews\/wp-content\/uploads\/2019\/07\/Modewert-Verpackung.jpg\" \/>\n\t<meta property=\"og:image:width\" content=\"810\" \/>\n\t<meta property=\"og:image:height\" content=\"420\" \/>\n\t<meta property=\"og:image:type\" content=\"image\/jpeg\" \/>\n<meta name=\"author\" content=\"RAJAPACK Schweiz\" \/>\n<meta name=\"twitter:card\" content=\"summary_large_image\" \/>\n<meta name=\"twitter:label1\" content=\"Verfasst von\" \/>\n\t<meta name=\"twitter:data1\" content=\"RAJAPACK Schweiz\" \/>\n\t<meta name=\"twitter:label2\" content=\"Gesch\u00e4tzte Lesezeit\" \/>\n\t<meta name=\"twitter:data2\" content=\"6 Minuten\" \/>\n<script type=\"application\/ld+json\" class=\"yoast-schema-graph\">{\n\t    \"@context\": \"https:\/\/schema.org\",\n\t    \"@graph\": [\n\t        {\n\t            \"@type\": \"Article\",\n\t            \"@id\": \"https:\/\/www.rajapack.ch\/verpackungsnews\/verpackung-von-mode#article\",\n\t            \"isPartOf\": {\n\t                \"@id\": \"https:\/\/www.rajapack.ch\/verpackungsnews\/verpackung-von-mode\"\n\t            },\n\t            \"author\": {\n\t                \"name\": \"RAJAPACK Schweiz\",\n\t                \"@id\": \"https:\/\/www.rajapack.ch\/verpackungsnews\/#\/schema\/person\/e0825d9926514f72b2ba6eafaf517f7a\"\n\t            },\n\t            \"headline\": \"Verpackung von Mode \u2013 kommt es auf das \u00c4ussere an?\",\n\t            \"datePublished\": \"2019-07-22T08:52:38+00:00\",\n\t            \"dateModified\": \"2023-05-25T12:25:10+00:00\",\n\t            \"mainEntityOfPage\": {\n\t                \"@id\": \"https:\/\/www.rajapack.ch\/verpackungsnews\/verpackung-von-mode\"\n\t            },\n\t            \"wordCount\": 998,\n\t            \"commentCount\": 0,\n\t            \"publisher\": {\n\t                \"@id\": \"https:\/\/www.rajapack.ch\/verpackungsnews\/#organization\"\n\t            },\n\t            \"image\": {\n\t                \"@id\": \"https:\/\/www.rajapack.ch\/verpackungsnews\/verpackung-von-mode#primaryimage\"\n\t            },\n\t            \"thumbnailUrl\": \"https:\/\/www.rajapack.ch\/verpackungsnews\/wp-content\/uploads\/2019\/07\/Modewert-Verpackung.jpg\",\n\t            \"keywords\": [\n\t                \"e-commerce\",\n\t                \"Mode\",\n\t                \"Verpackungsdesign\"\n\t            ],\n\t            \"articleSection\": [\n\t                \"Branchenl\u00f6sungen\"\n\t            ],\n\t            \"inLanguage\": \"de-DE\",\n\t            \"potentialAction\": [\n\t                {\n\t                    \"@type\": \"CommentAction\",\n\t                    \"name\": \"Comment\",\n\t                    \"target\": [\n\t                        \"https:\/\/www.rajapack.ch\/verpackungsnews\/verpackung-von-mode#respond\"\n\t                    ]\n\t                }\n\t            ]\n\t        },\n\t        {\n\t            \"@type\": \"WebPage\",\n\t            \"@id\": \"https:\/\/www.rajapack.ch\/verpackungsnews\/verpackung-von-mode\",\n\t            \"url\": \"https:\/\/www.rajapack.ch\/verpackungsnews\/verpackung-von-mode\",\n\t            \"name\": \"Verpackung von Mode - RAJA Blog CH\",\n\t            \"isPartOf\": {\n\t                \"@id\": \"https:\/\/www.rajapack.ch\/verpackungsnews\/#website\"\n\t            },\n\t            \"primaryImageOfPage\": {\n\t                \"@id\": \"https:\/\/www.rajapack.ch\/verpackungsnews\/verpackung-von-mode#primaryimage\"\n\t            },\n\t            \"image\": {\n\t                \"@id\": \"https:\/\/www.rajapack.ch\/verpackungsnews\/verpackung-von-mode#primaryimage\"\n\t            },\n\t            \"thumbnailUrl\": \"https:\/\/www.rajapack.ch\/verpackungsnews\/wp-content\/uploads\/2019\/07\/Modewert-Verpackung.jpg\",\n\t            \"datePublished\": \"2019-07-22T08:52:38+00:00\",\n\t            \"dateModified\": \"2023-05-25T12:25:10+00:00\",\n\t            \"description\": \"Verpackung von Mode ist ein Gesamtpaket: Mit dem richtigen Konzept wird die Marke gest\u00e4rkt, Retourenquoten gesenkt, Kundenbindung erh\u00f6ht...\",\n\t            \"inLanguage\": \"de-DE\",\n\t            \"potentialAction\": [\n\t                {\n\t                    \"@type\": \"ReadAction\",\n\t                    \"target\": [\n\t                        \"https:\/\/www.rajapack.ch\/verpackungsnews\/verpackung-von-mode\"\n\t                    ]\n\t                }\n\t            ]\n\t        },\n\t        {\n\t            \"@type\": \"ImageObject\",\n\t            \"inLanguage\": \"de-DE\",\n\t            \"@id\": \"https:\/\/www.rajapack.ch\/verpackungsnews\/verpackung-von-mode#primaryimage\",\n\t            \"url\": \"https:\/\/www.rajapack.ch\/verpackungsnews\/wp-content\/uploads\/2019\/07\/Modewert-Verpackung.jpg\",\n\t            \"contentUrl\": \"https:\/\/www.rajapack.ch\/verpackungsnews\/wp-content\/uploads\/2019\/07\/Modewert-Verpackung.jpg\",\n\t            \"width\": 810,\n\t            \"height\": 420,\n\t            \"caption\": \"Verpackung von Mode\"\n\t        },\n\t        {\n\t            \"@type\": \"WebSite\",\n\t            \"@id\": \"https:\/\/www.rajapack.ch\/verpackungsnews\/#website\",\n\t            \"url\": \"https:\/\/www.rajapack.ch\/verpackungsnews\/\",\n\t            \"name\": \"RAJA Blog CH\",\n\t            \"description\": \"Verpackungsnews vom Experten\",\n\t            \"publisher\": {\n\t                \"@id\": \"https:\/\/www.rajapack.ch\/verpackungsnews\/#organization\"\n\t            },\n\t            \"potentialAction\": [\n\t                {\n\t                    \"@type\": \"SearchAction\",\n\t                    \"target\": {\n\t                        \"@type\": \"EntryPoint\",\n\t                        \"urlTemplate\": \"https:\/\/www.rajapack.ch\/verpackungsnews\/?s={search_term_string}\"\n\t                    },\n\t                    \"query-input\": \"required name=search_term_string\"\n\t                }\n\t            ],\n\t            \"inLanguage\": \"de-DE\"\n\t        },\n\t        {\n\t            \"@type\": \"Organization\",\n\t            \"@id\": \"https:\/\/www.rajapack.ch\/verpackungsnews\/#organization\",\n\t            \"name\": \"RAJA Blog CH\",\n\t            \"url\": \"https:\/\/www.rajapack.ch\/verpackungsnews\/\",\n\t            \"logo\": {\n\t                \"@type\": \"ImageObject\",\n\t                \"inLanguage\": \"de-DE\",\n\t                \"@id\": \"https:\/\/www.rajapack.ch\/verpackungsnews\/#\/schema\/logo\/image\/\",\n\t                \"url\": \"\",\n\t                \"contentUrl\": \"\",\n\t                \"caption\": \"RAJA Blog CH\"\n\t            },\n\t            \"image\": {\n\t                \"@id\": \"https:\/\/www.rajapack.ch\/verpackungsnews\/#\/schema\/logo\/image\/\"\n\t            },\n\t            \"sameAs\": [\n\t                \"https:\/\/de.linkedin.com\/company\/rajapack-gmbh\"\n\t            ]\n\t        },\n\t        {\n\t            \"@type\": \"Person\",\n\t            \"@id\": \"https:\/\/www.rajapack.ch\/verpackungsnews\/#\/schema\/person\/e0825d9926514f72b2ba6eafaf517f7a\",\n\t            \"name\": \"RAJAPACK Schweiz\",\n\t            \"image\": {\n\t                \"@type\": \"ImageObject\",\n\t                \"inLanguage\": \"de-DE\",\n\t                \"@id\": \"https:\/\/www.rajapack.ch\/verpackungsnews\/#\/schema\/person\/image\/\",\n\t                \"url\": \"https:\/\/secure.gravatar.com\/avatar\/f391ad6b3c41197daad8136e36418c64?s=96&d=mm&r=g\",\n\t                \"contentUrl\": \"https:\/\/secure.gravatar.com\/avatar\/f391ad6b3c41197daad8136e36418c64?s=96&d=mm&r=g\",\n\t                \"caption\": \"RAJAPACK Schweiz\"\n\t            },\n\t            \"description\": \"Geschrieben von unseren Verpackungsexperten bei RAJAPACK Schweiz: Wir lieben Verpackungen.\",\n\t            \"url\": \"https:\/\/www.rajapack.ch\/verpackungsnews\/author\/raja-ch\"\n\t        }\n\t    ]\n\t}<\/script>\n","yoast_head_json":{"title":"Verpackung von Mode - RAJA Blog CH","description":"Verpackung von Mode ist ein Gesamtpaket: Mit dem richtigen Konzept wird die Marke gest\u00e4rkt, Retourenquoten gesenkt, Kundenbindung erh\u00f6ht...","robots":{"index":"index","follow":"follow","max-snippet":"max-snippet:-1","max-image-preview":"max-image-preview:large","max-video-preview":"max-video-preview:-1"},"canonical":"https:\/\/www.rajapack.ch\/verpackungsnews\/verpackung-von-mode","og_locale":"de_DE","og_type":"article","og_title":"Verpackung von Mode - RAJA Blog CH","og_description":"Verpackung von Mode ist ein Gesamtpaket: Mit dem richtigen Konzept wird die Marke gest\u00e4rkt, Retourenquoten gesenkt, Kundenbindung erh\u00f6ht...","og_url":"https:\/\/www.rajapack.ch\/verpackungsnews\/verpackung-von-mode","og_site_name":"RAJA Blog CH","article_published_time":"2019-07-22T08:52:38+00:00","article_modified_time":"2023-05-25T12:25:10+00:00","og_image":[{"width":810,"height":420,"url":"https:\/\/www.rajapack.ch\/verpackungsnews\/wp-content\/uploads\/2019\/07\/Modewert-Verpackung.jpg","type":"image\/jpeg"}],"author":"RAJAPACK Schweiz","twitter_card":"summary_large_image","twitter_misc":{"Verfasst von":"RAJAPACK Schweiz","Gesch\u00e4tzte Lesezeit":"6 Minuten"},"schema":{"@context":"https:\/\/schema.org","@graph":[{"@type":"Article","@id":"https:\/\/www.rajapack.ch\/verpackungsnews\/verpackung-von-mode#article","isPartOf":{"@id":"https:\/\/www.rajapack.ch\/verpackungsnews\/verpackung-von-mode"},"author":{"name":"RAJAPACK Schweiz","@id":"https:\/\/www.rajapack.ch\/verpackungsnews\/#\/schema\/person\/e0825d9926514f72b2ba6eafaf517f7a"},"headline":"Verpackung von Mode \u2013 kommt es auf das \u00c4ussere an?","datePublished":"2019-07-22T08:52:38+00:00","dateModified":"2023-05-25T12:25:10+00:00","mainEntityOfPage":{"@id":"https:\/\/www.rajapack.ch\/verpackungsnews\/verpackung-von-mode"},"wordCount":998,"commentCount":0,"publisher":{"@id":"https:\/\/www.rajapack.ch\/verpackungsnews\/#organization"},"image":{"@id":"https:\/\/www.rajapack.ch\/verpackungsnews\/verpackung-von-mode#primaryimage"},"thumbnailUrl":"https:\/\/www.rajapack.ch\/verpackungsnews\/wp-content\/uploads\/2019\/07\/Modewert-Verpackung.jpg","keywords":["e-commerce","Mode","Verpackungsdesign"],"articleSection":["Branchenl\u00f6sungen"],"inLanguage":"de-DE","potentialAction":[{"@type":"CommentAction","name":"Comment","target":["https:\/\/www.rajapack.ch\/verpackungsnews\/verpackung-von-mode#respond"]}]},{"@type":"WebPage","@id":"https:\/\/www.rajapack.ch\/verpackungsnews\/verpackung-von-mode","url":"https:\/\/www.rajapack.ch\/verpackungsnews\/verpackung-von-mode","name":"Verpackung von Mode - RAJA Blog CH","isPartOf":{"@id":"https:\/\/www.rajapack.ch\/verpackungsnews\/#website"},"primaryImageOfPage":{"@id":"https:\/\/www.rajapack.ch\/verpackungsnews\/verpackung-von-mode#primaryimage"},"image":{"@id":"https:\/\/www.rajapack.ch\/verpackungsnews\/verpackung-von-mode#primaryimage"},"thumbnailUrl":"https:\/\/www.rajapack.ch\/verpackungsnews\/wp-content\/uploads\/2019\/07\/Modewert-Verpackung.jpg","datePublished":"2019-07-22T08:52:38+00:00","dateModified":"2023-05-25T12:25:10+00:00","description":"Verpackung von Mode ist ein Gesamtpaket: Mit dem richtigen Konzept wird die Marke gest\u00e4rkt, Retourenquoten gesenkt, Kundenbindung erh\u00f6ht...","inLanguage":"de-DE","potentialAction":[{"@type":"ReadAction","target":["https:\/\/www.rajapack.ch\/verpackungsnews\/verpackung-von-mode"]}]},{"@type":"ImageObject","inLanguage":"de-DE","@id":"https:\/\/www.rajapack.ch\/verpackungsnews\/verpackung-von-mode#primaryimage","url":"https:\/\/www.rajapack.ch\/verpackungsnews\/wp-content\/uploads\/2019\/07\/Modewert-Verpackung.jpg","contentUrl":"https:\/\/www.rajapack.ch\/verpackungsnews\/wp-content\/uploads\/2019\/07\/Modewert-Verpackung.jpg","width":810,"height":420,"caption":"Verpackung von Mode"},{"@type":"WebSite","@id":"https:\/\/www.rajapack.ch\/verpackungsnews\/#website","url":"https:\/\/www.rajapack.ch\/verpackungsnews\/","name":"RAJA Blog CH","description":"Verpackungsnews vom Experten","publisher":{"@id":"https:\/\/www.rajapack.ch\/verpackungsnews\/#organization"},"potentialAction":[{"@type":"SearchAction","target":{"@type":"EntryPoint","urlTemplate":"https:\/\/www.rajapack.ch\/verpackungsnews\/?s={search_term_string}"},"query-input":"required name=search_term_string"}],"inLanguage":"de-DE"},{"@type":"Organization","@id":"https:\/\/www.rajapack.ch\/verpackungsnews\/#organization","name":"RAJA Blog CH","url":"https:\/\/www.rajapack.ch\/verpackungsnews\/","logo":{"@type":"ImageObject","inLanguage":"de-DE","@id":"https:\/\/www.rajapack.ch\/verpackungsnews\/#\/schema\/logo\/image\/","url":"","contentUrl":"","caption":"RAJA Blog CH"},"image":{"@id":"https:\/\/www.rajapack.ch\/verpackungsnews\/#\/schema\/logo\/image\/"},"sameAs":["https:\/\/de.linkedin.com\/company\/rajapack-gmbh"]},{"@type":"Person","@id":"https:\/\/www.rajapack.ch\/verpackungsnews\/#\/schema\/person\/e0825d9926514f72b2ba6eafaf517f7a","name":"RAJAPACK Schweiz","image":{"@type":"ImageObject","inLanguage":"de-DE","@id":"https:\/\/www.rajapack.ch\/verpackungsnews\/#\/schema\/person\/image\/","url":"https:\/\/secure.gravatar.com\/avatar\/f391ad6b3c41197daad8136e36418c64?s=96&d=mm&r=g","contentUrl":"https:\/\/secure.gravatar.com\/avatar\/f391ad6b3c41197daad8136e36418c64?s=96&d=mm&r=g","caption":"RAJAPACK Schweiz"},"description":"Geschrieben von unseren Verpackungsexperten bei RAJAPACK Schweiz: Wir lieben Verpackungen.","url":"https:\/\/www.rajapack.ch\/verpackungsnews\/author\/raja-ch"}]}},"_links":{"self":[{"href":"https:\/\/www.rajapack.ch\/verpackungsnews\/wp-json\/wp\/v2\/posts\/17390"}],"collection":[{"href":"https:\/\/www.rajapack.ch\/verpackungsnews\/wp-json\/wp\/v2\/posts"}],"about":[{"href":"https:\/\/www.rajapack.ch\/verpackungsnews\/wp-json\/wp\/v2\/types\/post"}],"author":[{"embeddable":true,"href":"https:\/\/www.rajapack.ch\/verpackungsnews\/wp-json\/wp\/v2\/users\/20"}],"replies":[{"embeddable":true,"href":"https:\/\/www.rajapack.ch\/verpackungsnews\/wp-json\/wp\/v2\/comments?post=17390"}],"version-history":[{"count":0,"href":"https:\/\/www.rajapack.ch\/verpackungsnews\/wp-json\/wp\/v2\/posts\/17390\/revisions"}],"wp:featuredmedia":[{"embeddable":true,"href":"https:\/\/www.rajapack.ch\/verpackungsnews\/wp-json\/wp\/v2\/media\/25910"}],"wp:attachment":[{"href":"https:\/\/www.rajapack.ch\/verpackungsnews\/wp-json\/wp\/v2\/media?parent=17390"}],"wp:term":[{"taxonomy":"category","embeddable":true,"href":"https:\/\/www.rajapack.ch\/verpackungsnews\/wp-json\/wp\/v2\/categories?post=17390"},{"taxonomy":"post_tag","embeddable":true,"href":"https:\/\/www.rajapack.ch\/verpackungsnews\/wp-json\/wp\/v2\/tags?post=17390"}],"curies":[{"name":"wp","href":"https:\/\/api.w.org\/{rel}","templated":true}]}}