{"id":18033,"date":"2020-10-21T11:45:28","date_gmt":"2020-10-21T09:45:28","guid":{"rendered":"https:\/\/www.rajapack.ch\/verpackungsnews\/?p=18033"},"modified":"2025-12-29T10:00:59","modified_gmt":"2025-12-29T09:00:59","slug":"eu-recyclingquoten","status":"publish","type":"post","link":"https:\/\/www.rajapack.ch\/verpackungsnews\/eu-recyclingquoten","title":{"rendered":"Guideline f\u00fcr Verpackungen \u2013 so nachhaltig wie m\u00f6glich!"},"content":{"rendered":"<h5>Die EU hat sich mit dem Kreislaufwirtschaftspaket ehrgeizige Ziele gesetzt. Welche EU-Recyclingquoten gilt es (bis wann?) zu erreichen? Und welche Richtlinien helfen beim Erreichen der Ziele? Kunststoffe sind in allen Wirtschaftsbereichen weit verbreitet und oft nicht wegzudenken. Die Verwertung von Kunststoffabf\u00e4llen bringt jedoch mehrere Herausforderungen mit sich. Die Qualit\u00e4t und der Preis von recycelten Produkten im Vergleich zu fabrikneuer Ware als auch die Vielfalt an unterschiedlichen Kunststoffen erschweren den Recyclingprozess. Die Nachfrage nach recycelten Kunststoffen ist in Europa mit <a href=\"https:\/\/www.europarl.europa.eu\/news\/de\/headlines\/society\/20181212STO21610\/plastikmull-und-recycling-in-der-eu-zahlen-und-fakten\" target=\"_blank\" rel=\"noopener\">sechs Prozent<\/a> bislang verschwindend gering.<\/h5>\n<div class=\"su-divider su-divider-style-default\" style=\"margin:15px 0;border-width:3px;border-color:#999999\"><\/div><div class=\"su-spacer\" style=\"height:20px\"><\/div>\n<p>Tats\u00e4chlich werden in Europa nur 30 Prozent aller Plastikabf\u00e4lle f\u00fcrs Recycling gesammelt. Wiederum die H\u00e4lfte der f\u00fcr das Recycling gesammelten Kunststoffe wird in L\u00e4nder ausserhalb der EU exportiert. Zum Grossteil wird der Plastikm\u00fcll aber zur Energiegewinnung verbrannt oder einfach nur deponiert. Dabei entstehen hohe Verluste f\u00fcr Wirtschaft und Umwelt, denn sch\u00e4tzungsweise gehen 95 Prozent des Wertes von Plastikverpackungsmaterialien nach einem kurzen, oft einmaligem Nutzungszyklus verloren. Hinzukommt die hohe CO2-Belastung durch die Herstellung und Verbrennung von Plastik in H\u00f6he von rund 400 Millionen Tonnen weltweit.<\/p>\n<p>Um dieser Entwicklung entgegenzuwirken hat sich die EU mit dem Kreislaufwirtschaftspaket ehrgeizige Ziele gesetzt:<\/p>\n<ul>\n<li>Bis 2025 sollten mindestens 55% der Siedlungsabf\u00e4lle (aus Haushalten und Unternehmen) recycelt werden. Das Ziel wird bis 2030 auf 60% und bis 2035 auf 65% steigen.<\/li>\n<li>65% der Verpackungsmaterialien m\u00fcssen bis 2025 und 70% bis 2030 recycelt werden. F\u00fcr die unterschiedlichen Verpackungsmaterialien wie Papier und Pappe, Kunststoffe, Glas, Metall und Holz werden gesonderte Ziele festgelegt:<\/li>\n<\/ul>\n<div class=\"su-table 01 table { 02 background-color: #ffffff; 03 border-collapse: collapse; 04 border: 0px; 05 } 06 thead { 07 background-color: #f3c600; 08 } 09 tfoot { 10 background-color: #F7F1D4; 11 font-size: 80%; 12 border-top: 1px solid #999; 13 } 14 td, th { 15 text-align: left; 16 padding: 0.5em 1em; 17 } su-table-responsive\">\n<table>\n<tbody>\n<tr>\n<td><\/td>\n<td>Bis 2025<\/td>\n<td>Bis 2030<\/td>\n<\/tr>\n<tr>\n<td><strong>Alle Verpackungen<\/strong><\/td>\n<td><strong>65%<\/strong><\/td>\n<td><strong>70%<\/strong><\/td>\n<\/tr>\n<tr>\n<td>Plastik<\/td>\n<td>50%<\/td>\n<td>55%<\/td>\n<\/tr>\n<tr>\n<td>Holz<\/td>\n<td>25%<\/td>\n<td>30%<\/td>\n<\/tr>\n<tr>\n<td>Eisenmetalle<\/td>\n<td>70%<\/td>\n<td>80%<\/td>\n<\/tr>\n<tr>\n<td>Aluminium<\/td>\n<td>50%<\/td>\n<td>60%<\/td>\n<\/tr>\n<tr>\n<td>Glas<\/td>\n<td>70%<\/td>\n<td>75%<\/td>\n<\/tr>\n<tr>\n<td>Papier und Pappe<\/td>\n<td>75%<\/td>\n<td>85%<\/td>\n<\/tr>\n<\/tbody>\n<\/table>\n<\/div>\n<h2>Nachhaltige Verpackungsgestaltung<\/h2>\n<div class=\"su-spacer\" style=\"height:30px\"><\/div>\n<p>Um Verpackungsherstellern einen Leitfaden f\u00fcr recyclinggerechte Verpackung zu geben, hat die FH Campus Wien den\u00a0<strong><a href=\"https:\/\/www.fh-campuswien.ac.at\/de\/forschung\/kompetenzzentren-fuer-forschung-und-entwicklung\/kompetenzzentrum-fuer-sustainable-and-future-oriented-packaging-solutions\/circular-packaging-design-guideline.html\" target=\"_blank\" rel=\"noopener\">Circular Packaging Design Guideline<\/a><\/strong>\u00a0herausgegeben. Der Fokus liegt auf der Erf\u00fcllung der durch die EU vorgegebenen Recyclingquoten aller Verpackungsmaterialien.<\/p>\n<div class=\"su-custom-gallery su-custom-gallery-align-left su-custom-gallery-title-never\"><div class=\"su-custom-gallery-slide\" style=\"width:789px;height:284px\"><a><img loading=\"lazy\" decoding=\"async\" src=\"https:\/\/www.rajapack.ch\/verpackungsnews\/wp-content\/uploads\/2020\/10\/packaging-design-789x284.jpg\" alt=\"packaging-design\" width=\"789\" height=\"284\" \/><span class=\"su-custom-gallery-title\">packaging-design<\/span><\/a><\/div><div class=\"su-clear\"><\/div><\/div>\n<h3>Designprinzipien f\u00fcr Verpackungen<\/h3>\n<p>Mit Blick auf der ganzheitlichen und nachhaltigen Produktentwicklung sowie einer\u00a0<strong><a href=\"https:\/\/www.rajapack.ch\/de_CH\/umweltfreundliche-verpackungen_cms_000101.html\" target=\"_blank\" rel=\"noopener\">umweltfreundlichen Einkaufspolitik<\/a><\/strong>\u00a0kommt es zu neuen Herausforderungen im Produktdesign. Um Verpackung so \u00f6kologisch wie m\u00f6glich zu gestalten, gelten die vier Designprinzipien:<\/p>\n<ul>\n<li><strong>Effektivit\u00e4t<\/strong><br \/>\nDie Verpackung muss in erster Linie zweckdienlich sein \u2013 f\u00fcr den Konsumenten aber auch f\u00fcr das Produkt selbst. Das verpackte Produkt muss bestm\u00f6glich gesch\u00fctzt werden, etwa gegen sch\u00e4digende Umweltfaktoren wie mechanische Belastung, Sauerstoff, Feuchtigkeit oder Licht. Die Handhabung f\u00fcr den Konsumenten muss so einfach wie m\u00f6glich sein.<\/li>\n<li><strong>Effizienz<\/strong><br \/>\nDie Effizienz wird mit Hilfe der \u00d6kobilanz bewertet. Der Einsatz von Rohstoffen, Emissionen, Energie und die Abfallentstehung sollen \u00fcber den gesamten Lebenszyklus so gering wie m\u00f6glich gehalten werden. Eine Kennzahl ist die CO2-Emission w\u00e4hrend des gesamten Lebensweges, angefangen bei der Rohstofff\u00f6rderung bis hin zur Entsorgung.<\/li>\n<li><strong>Sicherheit<\/strong><br \/>\nEs gilt Gesundheits- und Sicherheitsrisiken sowohl f\u00fcr den Menschen als auch die Umwelt zu vermeiden. Im Lebensmittelbereich sind hier oft strengere gesetzliche Vorgaben zu beachten, auch in Bezug auf Verbrauchersicherheit, Umweltschutz und F\u00e4lschungssicherheit.<\/li>\n<li><strong>Zirkularit\u00e4t<\/strong><br \/>\nDie Verpackung muss so gestaltet werden, dass eine m\u00f6glichst hohe Wiederverwertung der eingesetzten Materialien erreicht wird. Produkte sollen so designt und hergestellt werden, dass die Verpackungen nach dem Gebrauch entweder weiterverwendet und recycelt werden k\u00f6nnen oder aus nachwachsenden Rohstoffen bestehen.<\/li>\n<\/ul>\n<div class=\"su-custom-gallery su-custom-gallery-align-left su-custom-gallery-title-never\"><div class=\"su-custom-gallery-slide\" style=\"width:789px;height:284px\"><a><img loading=\"lazy\" decoding=\"async\" src=\"https:\/\/www.rajapack.ch\/verpackungsnews\/wp-content\/uploads\/2020\/10\/packaging-design-789x284.jpg\" alt=\"packaging-design\" width=\"789\" height=\"284\" \/><span class=\"su-custom-gallery-title\">packaging-design<\/span><\/a><\/div><div class=\"su-clear\"><\/div><\/div>\n<h3>Design-Ans\u00e4tze f\u00fcr nachhaltige Verpackung<\/h3>\n<p>Neben der Erkl\u00e4rung von Grundlagen zur nachhaltigen Verpackungsgestaltung greift die Circular Packaging Design Guideline bei Empfehlungen auf zwei unterschiedliche Design-Ans\u00e4tze zur\u00fcck, mit dem Ziel der optimierten Kreislaufwirtschaft:<\/p>\n<ul>\n<li><strong>Design for Recycling<\/strong>\u00a0beschreibt Verpackungen, die das Sortierverfahren fehlerfrei durchlaufen und im Recyclingprozess stofflich verwertet werden k\u00f6nnen.<\/li>\n<li><strong>Design from Recycling\u00a0<\/strong>beschreibt das weitere Vorgehen einer Kreislaufwirtschaft und legt den Fokus auf den Einsatz von Recyclingmaterialien bei der Herstellung.<\/li>\n<\/ul>\n<div class=\"su-custom-gallery su-custom-gallery-align-left su-custom-gallery-title-never\"><div class=\"su-custom-gallery-slide\" style=\"width:789px;height:414px\"><a><img loading=\"lazy\" decoding=\"async\" src=\"https:\/\/www.rajapack.ch\/verpackungsnews\/wp-content\/uploads\/2020\/10\/bubble-tree-789x414.jpg\" alt=\"bubble-tree\" width=\"789\" height=\"414\" \/><span class=\"su-custom-gallery-title\">bubble-tree<\/span><\/a><\/div><div class=\"su-clear\"><\/div><\/div>\n<h3>Abfallvermeidung, Recycling oder Entsorgung?<\/h3>\n<p>Die Abfallhierarchie unterst\u00fctzt bei der ganzheitlichen Betrachtung einer nachhaltigen Verpackung. Grunds\u00e4tzlich gilt es, Ressourcen zu schonen und Verpackungsm\u00fcll zu vermeiden. Aber Mehrwegsysteme eignen sich nicht f\u00fcr jeden Anwendungszweck. Aus diesem Grund sollte immer die Option mit dem besten \u00f6kologischen Ergebnis ausgew\u00e4hlt werden.<\/p>\n<ol>\n<li><strong>Vermeidung<\/strong><br \/>\nMehrwegsysteme sind ein guter Ansatz zur Abfallvermeidung. Es gilt daf\u00fcr zu sorgen, dass die Verpackung erst gar nicht zum Abfall wird und somit nicht entsorgt werden muss.<\/li>\n<li><strong>Vorbereitung zur Wiederverwertung<\/strong><br \/>\nReinigung und Reparatur von Verpackung zur Weiterverwendung. Darunter fallen etwa Mehrwegcontainer.<\/li>\n<li><strong>Recycling<\/strong><br \/>\nWiederverwertung der Verpackung zur Herstellung neuer Verpackung oder anderer Produkte.<\/li>\n<li><strong>Sonstige Verwertung<\/strong><br \/>\nStoffliche Verwertung wie etwa die Verbrennung zur Energiegewinnung, zur R\u00fcckgewinnung von Stoffen oder zur D\u00fcngung in der Landwirtschaft.<\/li>\n<li><strong>Beseitigung<\/strong><br \/>\nDeponierung des Abfalls.<\/li>\n<\/ol>\n<h2>Bewertung der Recyclingf\u00e4higkeit<\/h2>\n<div class=\"su-spacer\" style=\"height:30px\"><\/div>\n<p>Um die Recyclingf\u00e4higkeit eines Produktes zu bewerten, wird immer nur ein definierter geografischer und zeitlicher G\u00fcltigkeitsbereich betrachtet. Eine PET-Flasche aus \u00d6sterreich kann in einem anderen Land ohne entsprechende Sammelstellen und Verwertungssystem durchaus als nicht recyclingf\u00e4hig eingestuft werden.<\/p>\n<p>Um die Einstufung der Recyclingf\u00e4higkeit vorzunehmen, kann auf zwei aktuelle Methoden zur\u00fcckgegriffen werden: Die qualitative und die quantitative Bewertung.<\/p>\n<div class=\"su-table 01 table { 02 background-color: #ffffff; 03 border-collapse: collapse; 04 border: 0px; 05 } 06 thead { 07 background-color: #f3c600; 08 } 09 tfoot { 10 background-color: #F7F1D4; 11 font-size: 80%; 12 border-top: 1px solid #999; 13 } 14 td, th { 15 text-align: left; 16 padding: 0.5em 1em; 17 } su-table-responsive\">\n<table width=\"522\">\n<tbody>\n<tr>\n<td width=\"164\">Methode der Bewertung<\/td>\n<td width=\"198\">Beschreibung<\/td>\n<td width=\"160\">Metrik<\/td>\n<\/tr>\n<tr>\n<td width=\"164\">Qualitativ<\/td>\n<td width=\"198\">Der Massenanteil, der nach dem Recyclingprozess bei der Herstellung materialidente Neuware ersetzen kann. Materialverluste durch Sortier- und Recyclingprozesse m\u00fcssen eingerechnet werden.<\/td>\n<td width=\"160\">Massenprozent (%)<\/td>\n<\/tr>\n<tr>\n<td width=\"164\">Quantitativ<\/td>\n<td width=\"198\">Mit Hilfe von Fragen zu Produkteigenschaften, wie bspw. Materialzusammensetzung, erfolgt eine Bewertung.<\/td>\n<td width=\"160\">Skala (z.B. A bis F; oder Einteilung in Sehr gut\/Gut\/Eingeschr\u00e4nkt\/ Nicht recyclingf\u00e4hig)<\/td>\n<\/tr>\n<\/tbody>\n<\/table>\n<\/div>\n<p>Welche der beiden Bewertungsmethoden am besten geeignet ist, muss im Einzelfall bewertet werden. Wichtig ist, dass nicht nur die Entsorgung, sondern der komplette Lebenszyklus der\u00a0<strong>nachhaltigen Verpackung<\/strong>\u00a0betrachtet wird. Durch die \u00f6kologische Betrachtung k\u00f6nnen Zielkonflikte vermieden und bewertet werden. Beispielsweise kann eine Verpackung optimal recyclingf\u00e4hig gestaltet werden, durch den Verzicht einer bestimmten Barriere verdirbt das Produkt aber fr\u00fchzeitiger. Die Recyclingf\u00e4higkeit und Ressourceneffizienz m\u00fcssen in diesem Fall unter dem Gesichtspunkt der \u00d6kologie abgewogen werden. Denn ein vorzeitiges Verderben der Produkte hat auch negative Auswirkungen auf die Umweltbilanz.<\/p>\n<div class=\"su-custom-gallery su-custom-gallery-align-left su-custom-gallery-title-never\"><div class=\"su-custom-gallery-slide\" style=\"width:586px;height:307px\"><a><img loading=\"lazy\" decoding=\"async\" src=\"https:\/\/www.rajapack.ch\/verpackungsnews\/wp-content\/uploads\/2020\/10\/Plastik-Granulat-586x307.jpg\" alt=\"Plastik-Granulat\" width=\"586\" height=\"307\" \/><span class=\"su-custom-gallery-title\">Plastik-Granulat<\/span><\/a><\/div><div class=\"su-clear\"><\/div><\/div>\n<h2>Grundlage f\u00fcr Verpackungsdesign<\/h2>\n<div class=\"su-spacer\" style=\"height:30px\"><\/div>\n<p>Die Circular Packaging Design Guideline greift die Vorschriften und Ziele des EU-Umweltpakets auf und unterst\u00fctzt Unternehmen dabei, diesen gerecht zu werden. F\u00fcr Unternehmen ist ein Leitfaden zur Gestaltung von nachhaltigen und recyclingf\u00e4higen Verpackungsdesigns enthalten. Die Funktion der Verpackung, die Einordnung der Recyclingf\u00e4higkeit und die Art der Entsorgung werden ganzheitlich betrachtet. Letztendlich gibt die \u00d6kobilanz Informationen zur Nachhaltigkeit der Verpackung. Mithilfe von Materialempfehlungen wird die Auswahl des Verpackungsmaterials unterst\u00fctzt. Insbesondere im Kunststoffbereich ist es notwendig umzudenken, um die EU-Ziele zu erreichen.<\/p>\n<p><strong>Die Circular Packaging Design Guidelines r\u00e4t daher, auf m\u00f6glichst weitverbreitete Materialien wie PET zu setzen, weitestgehend auf Zusatzstoffe im Material zu verzichten und auf eine einfache Trennbarkeit der Komponenten beim Sortierprozess zu achten.<\/strong><\/p>\n<div class=\"su-note\" style=\"border-color:#d08a69;border-radius:3px;-moz-border-radius:3px;-webkit-border-radius:3px;\"><div class=\"su-note-inner su-u-clearfix su-u-trim\" style=\"background-color:#eaa483;border-color:#ffffff;color:#333333;border-radius:3px;-moz-border-radius:3px;-webkit-border-radius:3px;\">Wenn jedes Unternehmen sich weitestgehend an die Vorgaben h\u00e4lt, sind die Ziele des Umweltpakets nicht nur ehrgeizig, sondern m\u00f6glich. <\/div><\/div>\n","protected":false},"excerpt":{"rendered":"<p>Die EU hat sich mit dem Kreislaufwirtschaftspaket ehrgeizige Ziele gesetzt. Welche EU-Recyclingquoten gilt es (bis wann?) zu erreichen? Und welche Richtlinien helfen beim Erreichen der Ziele? Kunststoffe sind in allen [&#8230;]<\/p>\n","protected":false},"author":20,"featured_media":29715,"comment_status":"open","ping_status":"closed","sticky":false,"template":"","format":"standard","meta":{"_acf_changed":false,"footnotes":""},"categories":[21],"tags":[737,16,361,417],"class_list":["post-18033","post","type-post","status-publish","format-standard","has-post-thumbnail","hentry","category-news-und-trends","tag-nachhaltige-materialien","tag-nachhaltigkeit","tag-recycling","tag-verpackungsdesign"],"acf":[],"yoast_head":"\n<title>Nachhaltige und Recyclingf\u00e4hige Verpackung - RAJA Blog CH<\/title>\n<meta name=\"description\" content=\"Welche Richtlinien zum Design nachhaltiger und recyclingf\u00e4higer Verpackungen gibt es, um die EU-Recyclingquoten zu erreichen.\" \/>\n<meta name=\"robots\" content=\"index, follow, max-snippet:-1, max-image-preview:large, max-video-preview:-1\" \/>\n<link rel=\"canonical\" href=\"https:\/\/www.rajapack.ch\/verpackungsnews\/eu-recyclingquoten\" \/>\n<meta property=\"og:locale\" content=\"de_DE\" \/>\n<meta property=\"og:type\" content=\"article\" \/>\n<meta property=\"og:title\" content=\"Nachhaltige und Recyclingf\u00e4hige Verpackung - RAJA Blog CH\" \/>\n<meta property=\"og:description\" content=\"Welche Richtlinien zum Design nachhaltiger und recyclingf\u00e4higer Verpackungen gibt es, um die EU-Recyclingquoten zu erreichen.\" \/>\n<meta property=\"og:url\" content=\"https:\/\/www.rajapack.ch\/verpackungsnews\/eu-recyclingquoten\" \/>\n<meta property=\"og:site_name\" content=\"RAJA Blog CH\" \/>\n<meta property=\"article:published_time\" content=\"2020-10-21T09:45:28+00:00\" \/>\n<meta property=\"article:modified_time\" content=\"2025-12-29T09:00:59+00:00\" \/>\n<meta property=\"og:image\" content=\"https:\/\/www.rajapack.ch\/verpackungsnews\/wp-content\/uploads\/2023\/01\/Logo-RAJABLOG-DE-AT-CH.png\" \/>\n\t<meta property=\"og:image:width\" content=\"254\" \/>\n\t<meta property=\"og:image:height\" content=\"98\" \/>\n\t<meta property=\"og:image:type\" content=\"image\/png\" \/>\n<meta name=\"author\" content=\"RAJAPACK Schweiz\" \/>\n<meta name=\"twitter:card\" content=\"summary_large_image\" \/>\n<meta name=\"twitter:label1\" content=\"Verfasst von\" \/>\n\t<meta name=\"twitter:data1\" content=\"RAJAPACK Schweiz\" \/>\n\t<meta name=\"twitter:label2\" content=\"Gesch\u00e4tzte Lesezeit\" \/>\n\t<meta name=\"twitter:data2\" content=\"7 Minuten\" \/>\n<script type=\"application\/ld+json\" class=\"yoast-schema-graph\">{\n\t    \"@context\": \"https:\/\/schema.org\",\n\t    \"@graph\": [\n\t        {\n\t            \"@type\": \"Article\",\n\t            \"@id\": \"https:\/\/www.rajapack.ch\/verpackungsnews\/eu-recyclingquoten#article\",\n\t            \"isPartOf\": {\n\t                \"@id\": \"https:\/\/www.rajapack.ch\/verpackungsnews\/eu-recyclingquoten\"\n\t            },\n\t            \"author\": {\n\t                \"name\": \"RAJAPACK Schweiz\",\n\t                \"@id\": \"https:\/\/www.rajapack.ch\/verpackungsnews\/#\/schema\/person\/e0825d9926514f72b2ba6eafaf517f7a\"\n\t            },\n\t            \"headline\": \"Guideline f\u00fcr Verpackungen \u2013 so nachhaltig wie m\u00f6glich!\",\n\t            \"datePublished\": \"2020-10-21T09:45:28+00:00\",\n\t            \"dateModified\": \"2025-12-29T09:00:59+00:00\",\n\t            \"mainEntityOfPage\": {\n\t                \"@id\": \"https:\/\/www.rajapack.ch\/verpackungsnews\/eu-recyclingquoten\"\n\t            },\n\t            \"wordCount\": 1228,\n\t            \"commentCount\": 0,\n\t            \"publisher\": {\n\t                \"@id\": \"https:\/\/www.rajapack.ch\/verpackungsnews\/#organization\"\n\t            },\n\t            \"image\": {\n\t                \"@id\": \"https:\/\/www.rajapack.ch\/verpackungsnews\/eu-recyclingquoten#primaryimage\"\n\t            },\n\t            \"thumbnailUrl\": \"https:\/\/www.rajapack.ch\/verpackungsnews\/wp-content\/uploads\/2020\/10\/nachhaltige-Verpackung.png\",\n\t            \"keywords\": [\n\t                \"nachhaltige Materialien\",\n\t                \"Nachhaltigkeit\",\n\t                \"Recycling\",\n\t                \"Verpackungsdesign\"\n\t            ],\n\t            \"articleSection\": [\n\t                \"News und Trends\"\n\t            ],\n\t            \"inLanguage\": \"de-DE\",\n\t            \"potentialAction\": [\n\t                {\n\t                    \"@type\": \"CommentAction\",\n\t                    \"name\": \"Comment\",\n\t                    \"target\": [\n\t                        \"https:\/\/www.rajapack.ch\/verpackungsnews\/eu-recyclingquoten#respond\"\n\t                    ]\n\t                }\n\t            ]\n\t        },\n\t        {\n\t            \"@type\": \"WebPage\",\n\t            \"@id\": \"https:\/\/www.rajapack.ch\/verpackungsnews\/eu-recyclingquoten\",\n\t            \"url\": \"https:\/\/www.rajapack.ch\/verpackungsnews\/eu-recyclingquoten\",\n\t            \"name\": \"Nachhaltige und Recyclingf\u00e4hige Verpackung - RAJA Blog CH\",\n\t            \"isPartOf\": {\n\t                \"@id\": \"https:\/\/www.rajapack.ch\/verpackungsnews\/#website\"\n\t            },\n\t            \"primaryImageOfPage\": {\n\t                \"@id\": \"https:\/\/www.rajapack.ch\/verpackungsnews\/eu-recyclingquoten#primaryimage\"\n\t            },\n\t            \"image\": {\n\t                \"@id\": \"https:\/\/www.rajapack.ch\/verpackungsnews\/eu-recyclingquoten#primaryimage\"\n\t            },\n\t            \"thumbnailUrl\": \"https:\/\/www.rajapack.ch\/verpackungsnews\/wp-content\/uploads\/2020\/10\/nachhaltige-Verpackung.png\",\n\t            \"datePublished\": \"2020-10-21T09:45:28+00:00\",\n\t            \"dateModified\": \"2025-12-29T09:00:59+00:00\",\n\t            \"description\": \"Welche Richtlinien zum Design nachhaltiger und recyclingf\u00e4higer Verpackungen gibt es, um die EU-Recyclingquoten zu erreichen.\",\n\t            \"inLanguage\": \"de-DE\",\n\t            \"potentialAction\": [\n\t                {\n\t                    \"@type\": \"ReadAction\",\n\t                    \"target\": [\n\t                        \"https:\/\/www.rajapack.ch\/verpackungsnews\/eu-recyclingquoten\"\n\t                    ]\n\t                }\n\t            ]\n\t        },\n\t        {\n\t            \"@type\": \"ImageObject\",\n\t            \"inLanguage\": \"de-DE\",\n\t            \"@id\": \"https:\/\/www.rajapack.ch\/verpackungsnews\/eu-recyclingquoten#primaryimage\",\n\t            \"url\": \"https:\/\/www.rajapack.ch\/verpackungsnews\/wp-content\/uploads\/2020\/10\/nachhaltige-Verpackung.png\",\n\t            \"contentUrl\": \"https:\/\/www.rajapack.ch\/verpackungsnews\/wp-content\/uploads\/2020\/10\/nachhaltige-Verpackung.png\",\n\t            \"width\": 820,\n\t            \"height\": 400,\n\t            \"caption\": \"nachhaltige Verpackung\"\n\t        },\n\t        {\n\t            \"@type\": \"WebSite\",\n\t            \"@id\": \"https:\/\/www.rajapack.ch\/verpackungsnews\/#website\",\n\t            \"url\": \"https:\/\/www.rajapack.ch\/verpackungsnews\/\",\n\t            \"name\": \"RAJA Blog CH\",\n\t            \"description\": \"Verpackungsnews vom Experten\",\n\t            \"publisher\": {\n\t                \"@id\": \"https:\/\/www.rajapack.ch\/verpackungsnews\/#organization\"\n\t            },\n\t            \"potentialAction\": [\n\t                {\n\t                    \"@type\": \"SearchAction\",\n\t                    \"target\": {\n\t                        \"@type\": \"EntryPoint\",\n\t                        \"urlTemplate\": \"https:\/\/www.rajapack.ch\/verpackungsnews\/?s={search_term_string}\"\n\t                    },\n\t                    \"query-input\": \"required name=search_term_string\"\n\t                }\n\t            ],\n\t            \"inLanguage\": \"de-DE\"\n\t        },\n\t        {\n\t            \"@type\": \"Organization\",\n\t            \"@id\": \"https:\/\/www.rajapack.ch\/verpackungsnews\/#organization\",\n\t            \"name\": \"RAJA Blog CH\",\n\t            \"url\": \"https:\/\/www.rajapack.ch\/verpackungsnews\/\",\n\t            \"logo\": {\n\t                \"@type\": \"ImageObject\",\n\t                \"inLanguage\": \"de-DE\",\n\t                \"@id\": \"https:\/\/www.rajapack.ch\/verpackungsnews\/#\/schema\/logo\/image\/\",\n\t                \"url\": \"\",\n\t                \"contentUrl\": \"\",\n\t                \"caption\": \"RAJA Blog CH\"\n\t            },\n\t            \"image\": {\n\t                \"@id\": \"https:\/\/www.rajapack.ch\/verpackungsnews\/#\/schema\/logo\/image\/\"\n\t            },\n\t            \"sameAs\": [\n\t                \"https:\/\/de.linkedin.com\/company\/rajapack-gmbh\"\n\t            ]\n\t        },\n\t        {\n\t            \"@type\": \"Person\",\n\t            \"@id\": \"https:\/\/www.rajapack.ch\/verpackungsnews\/#\/schema\/person\/e0825d9926514f72b2ba6eafaf517f7a\",\n\t            \"name\": \"RAJAPACK Schweiz\",\n\t            \"image\": {\n\t                \"@type\": \"ImageObject\",\n\t                \"inLanguage\": \"de-DE\",\n\t                \"@id\": \"https:\/\/www.rajapack.ch\/verpackungsnews\/#\/schema\/person\/image\/\",\n\t                \"url\": \"https:\/\/secure.gravatar.com\/avatar\/f391ad6b3c41197daad8136e36418c64?s=96&d=mm&r=g\",\n\t                \"contentUrl\": \"https:\/\/secure.gravatar.com\/avatar\/f391ad6b3c41197daad8136e36418c64?s=96&d=mm&r=g\",\n\t                \"caption\": \"RAJAPACK Schweiz\"\n\t            },\n\t            \"description\": \"Geschrieben von unseren Verpackungsexperten bei RAJAPACK Schweiz: Wir lieben Verpackungen.\",\n\t            \"url\": \"https:\/\/www.rajapack.ch\/verpackungsnews\/author\/raja-ch\"\n\t        }\n\t    ]\n\t}<\/script>\n","yoast_head_json":{"title":"Nachhaltige und Recyclingf\u00e4hige Verpackung - RAJA Blog CH","description":"Welche Richtlinien zum Design nachhaltiger und recyclingf\u00e4higer Verpackungen gibt es, um die EU-Recyclingquoten zu erreichen.","robots":{"index":"index","follow":"follow","max-snippet":"max-snippet:-1","max-image-preview":"max-image-preview:large","max-video-preview":"max-video-preview:-1"},"canonical":"https:\/\/www.rajapack.ch\/verpackungsnews\/eu-recyclingquoten","og_locale":"de_DE","og_type":"article","og_title":"Nachhaltige und Recyclingf\u00e4hige Verpackung - RAJA Blog CH","og_description":"Welche Richtlinien zum Design nachhaltiger und recyclingf\u00e4higer Verpackungen gibt es, um die EU-Recyclingquoten zu erreichen.","og_url":"https:\/\/www.rajapack.ch\/verpackungsnews\/eu-recyclingquoten","og_site_name":"RAJA Blog CH","article_published_time":"2020-10-21T09:45:28+00:00","article_modified_time":"2025-12-29T09:00:59+00:00","og_image":[{"width":254,"height":98,"url":"https:\/\/www.rajapack.ch\/verpackungsnews\/wp-content\/uploads\/2023\/01\/Logo-RAJABLOG-DE-AT-CH.png","type":"image\/png"}],"author":"RAJAPACK Schweiz","twitter_card":"summary_large_image","twitter_misc":{"Verfasst von":"RAJAPACK Schweiz","Gesch\u00e4tzte Lesezeit":"7 Minuten"},"schema":{"@context":"https:\/\/schema.org","@graph":[{"@type":"Article","@id":"https:\/\/www.rajapack.ch\/verpackungsnews\/eu-recyclingquoten#article","isPartOf":{"@id":"https:\/\/www.rajapack.ch\/verpackungsnews\/eu-recyclingquoten"},"author":{"name":"RAJAPACK Schweiz","@id":"https:\/\/www.rajapack.ch\/verpackungsnews\/#\/schema\/person\/e0825d9926514f72b2ba6eafaf517f7a"},"headline":"Guideline f\u00fcr Verpackungen \u2013 so nachhaltig wie m\u00f6glich!","datePublished":"2020-10-21T09:45:28+00:00","dateModified":"2025-12-29T09:00:59+00:00","mainEntityOfPage":{"@id":"https:\/\/www.rajapack.ch\/verpackungsnews\/eu-recyclingquoten"},"wordCount":1228,"commentCount":0,"publisher":{"@id":"https:\/\/www.rajapack.ch\/verpackungsnews\/#organization"},"image":{"@id":"https:\/\/www.rajapack.ch\/verpackungsnews\/eu-recyclingquoten#primaryimage"},"thumbnailUrl":"https:\/\/www.rajapack.ch\/verpackungsnews\/wp-content\/uploads\/2020\/10\/nachhaltige-Verpackung.png","keywords":["nachhaltige Materialien","Nachhaltigkeit","Recycling","Verpackungsdesign"],"articleSection":["News und Trends"],"inLanguage":"de-DE","potentialAction":[{"@type":"CommentAction","name":"Comment","target":["https:\/\/www.rajapack.ch\/verpackungsnews\/eu-recyclingquoten#respond"]}]},{"@type":"WebPage","@id":"https:\/\/www.rajapack.ch\/verpackungsnews\/eu-recyclingquoten","url":"https:\/\/www.rajapack.ch\/verpackungsnews\/eu-recyclingquoten","name":"Nachhaltige und Recyclingf\u00e4hige Verpackung - RAJA Blog CH","isPartOf":{"@id":"https:\/\/www.rajapack.ch\/verpackungsnews\/#website"},"primaryImageOfPage":{"@id":"https:\/\/www.rajapack.ch\/verpackungsnews\/eu-recyclingquoten#primaryimage"},"image":{"@id":"https:\/\/www.rajapack.ch\/verpackungsnews\/eu-recyclingquoten#primaryimage"},"thumbnailUrl":"https:\/\/www.rajapack.ch\/verpackungsnews\/wp-content\/uploads\/2020\/10\/nachhaltige-Verpackung.png","datePublished":"2020-10-21T09:45:28+00:00","dateModified":"2025-12-29T09:00:59+00:00","description":"Welche Richtlinien zum Design nachhaltiger und recyclingf\u00e4higer Verpackungen gibt es, um die EU-Recyclingquoten zu erreichen.","inLanguage":"de-DE","potentialAction":[{"@type":"ReadAction","target":["https:\/\/www.rajapack.ch\/verpackungsnews\/eu-recyclingquoten"]}]},{"@type":"ImageObject","inLanguage":"de-DE","@id":"https:\/\/www.rajapack.ch\/verpackungsnews\/eu-recyclingquoten#primaryimage","url":"https:\/\/www.rajapack.ch\/verpackungsnews\/wp-content\/uploads\/2020\/10\/nachhaltige-Verpackung.png","contentUrl":"https:\/\/www.rajapack.ch\/verpackungsnews\/wp-content\/uploads\/2020\/10\/nachhaltige-Verpackung.png","width":820,"height":400,"caption":"nachhaltige Verpackung"},{"@type":"WebSite","@id":"https:\/\/www.rajapack.ch\/verpackungsnews\/#website","url":"https:\/\/www.rajapack.ch\/verpackungsnews\/","name":"RAJA Blog CH","description":"Verpackungsnews vom Experten","publisher":{"@id":"https:\/\/www.rajapack.ch\/verpackungsnews\/#organization"},"potentialAction":[{"@type":"SearchAction","target":{"@type":"EntryPoint","urlTemplate":"https:\/\/www.rajapack.ch\/verpackungsnews\/?s={search_term_string}"},"query-input":"required name=search_term_string"}],"inLanguage":"de-DE"},{"@type":"Organization","@id":"https:\/\/www.rajapack.ch\/verpackungsnews\/#organization","name":"RAJA Blog CH","url":"https:\/\/www.rajapack.ch\/verpackungsnews\/","logo":{"@type":"ImageObject","inLanguage":"de-DE","@id":"https:\/\/www.rajapack.ch\/verpackungsnews\/#\/schema\/logo\/image\/","url":"","contentUrl":"","caption":"RAJA Blog CH"},"image":{"@id":"https:\/\/www.rajapack.ch\/verpackungsnews\/#\/schema\/logo\/image\/"},"sameAs":["https:\/\/de.linkedin.com\/company\/rajapack-gmbh"]},{"@type":"Person","@id":"https:\/\/www.rajapack.ch\/verpackungsnews\/#\/schema\/person\/e0825d9926514f72b2ba6eafaf517f7a","name":"RAJAPACK Schweiz","image":{"@type":"ImageObject","inLanguage":"de-DE","@id":"https:\/\/www.rajapack.ch\/verpackungsnews\/#\/schema\/person\/image\/","url":"https:\/\/secure.gravatar.com\/avatar\/f391ad6b3c41197daad8136e36418c64?s=96&d=mm&r=g","contentUrl":"https:\/\/secure.gravatar.com\/avatar\/f391ad6b3c41197daad8136e36418c64?s=96&d=mm&r=g","caption":"RAJAPACK Schweiz"},"description":"Geschrieben von unseren Verpackungsexperten bei RAJAPACK Schweiz: Wir lieben Verpackungen.","url":"https:\/\/www.rajapack.ch\/verpackungsnews\/author\/raja-ch"}]}},"_links":{"self":[{"href":"https:\/\/www.rajapack.ch\/verpackungsnews\/wp-json\/wp\/v2\/posts\/18033"}],"collection":[{"href":"https:\/\/www.rajapack.ch\/verpackungsnews\/wp-json\/wp\/v2\/posts"}],"about":[{"href":"https:\/\/www.rajapack.ch\/verpackungsnews\/wp-json\/wp\/v2\/types\/post"}],"author":[{"embeddable":true,"href":"https:\/\/www.rajapack.ch\/verpackungsnews\/wp-json\/wp\/v2\/users\/20"}],"replies":[{"embeddable":true,"href":"https:\/\/www.rajapack.ch\/verpackungsnews\/wp-json\/wp\/v2\/comments?post=18033"}],"version-history":[{"count":3,"href":"https:\/\/www.rajapack.ch\/verpackungsnews\/wp-json\/wp\/v2\/posts\/18033\/revisions"}],"predecessor-version":[{"id":30719,"href":"https:\/\/www.rajapack.ch\/verpackungsnews\/wp-json\/wp\/v2\/posts\/18033\/revisions\/30719"}],"wp:featuredmedia":[{"embeddable":true,"href":"https:\/\/www.rajapack.ch\/verpackungsnews\/wp-json\/wp\/v2\/media\/29715"}],"wp:attachment":[{"href":"https:\/\/www.rajapack.ch\/verpackungsnews\/wp-json\/wp\/v2\/media?parent=18033"}],"wp:term":[{"taxonomy":"category","embeddable":true,"href":"https:\/\/www.rajapack.ch\/verpackungsnews\/wp-json\/wp\/v2\/categories?post=18033"},{"taxonomy":"post_tag","embeddable":true,"href":"https:\/\/www.rajapack.ch\/verpackungsnews\/wp-json\/wp\/v2\/tags?post=18033"}],"curies":[{"name":"wp","href":"https:\/\/api.w.org\/{rel}","templated":true}]}}