{"id":18465,"date":"2020-01-23T15:14:15","date_gmt":"2020-01-23T14:14:15","guid":{"rendered":"https:\/\/www.rajapack.ch\/verpackungsnews\/?p=18465"},"modified":"2023-05-30T13:12:36","modified_gmt":"2023-05-30T11:12:36","slug":"green-office","status":"publish","type":"post","link":"https:\/\/www.rajapack.ch\/verpackungsnews\/green-office","title":{"rendered":"Green Office &#8211; Nachhaltigkeit und B\u00fcro"},"content":{"rendered":"<h5>Nicht nur im Privaten ist das Thema Nachhaltigkeit in aller Munde, auch im B\u00fcro wird das Thema immer wichtiger. Da man pro Woche eine nicht unerhebliche Zeit bei der Arbeit verbringt, macht es Sinn sich auch w\u00e4hrend dieser Zeit mit Nachhaltigkeit und Umweltschutz zu besch\u00e4ftigen. Viele Verhaltensweisen kann man auch einfach aus dem Privatem adaptieren.<\/h5>\n<div class=\"su-spacer\" style=\"height:20px\"><\/div><div class=\"su-divider su-divider-style-default\" style=\"margin:15px 0;border-width:3px;border-color:#999999\"><\/div><div class=\"su-spacer\" style=\"height:20px\"><\/div>\n<h2>Was versteht man genau unter dem Begriff \u201eGreen Office\u201c?<\/h2>\n<div class=\"su-spacer\" style=\"height:20px\"><\/div>\n<p>Unter dem\u00a0<strong><a href=\"https:\/\/bwl-wissen.net\/definition\/green-office\" target=\"_blank\" rel=\"noopener\">Begriff green office<\/a><\/strong>\u00a0werden 3 \u00f6kologische Aspekte des Themas Nachhaltigkeit geb\u00fcndelt. Dazu geh\u00f6rt die Green IT (energie- &amp; ressourceneffiziente IT), Green Behaviour (umweltbewusstes Verhalten der Mitarbeiter) und das Green Building (energiesparendes Geb\u00e4ude).<\/p>\n<div class=\"su-spacer\" style=\"height:20px\"><\/div>\n<h2>Green IT<\/h2>\n<div class=\"su-spacer\" style=\"height:20px\"><\/div>\n<p>Bei der\u00a0<strong><a href=\"https:\/\/de.wikipedia.org\/wiki\/Green_IT\" target=\"_blank\" rel=\"noopener\">gr\u00fcnen IT<\/a><\/strong>\u00a0geht es darum, den gesamte Lebenszyklus bei der Nutzung von Informations- und Kommunikationstechnik umwelt- und ressourcenschonend zu gestalten. Das heisst der Ressourcenverbrauch soll w\u00e4hrend der Herstellung, der Nutzung und der Entsorgung der Ger\u00e4te optimiert werden.<\/p>\n<p>Auch die generelle Ressourceneinsparung kann man hier dazu z\u00e4hlen \u2013 sprich wenn zum Beispiel Videokonferenzen statt Dienstreisen durchgef\u00fchrt werden.<\/p>\n<p>Bei der Herstellung kann zum Beispiel auf die Reduktion von Energie- und Materialverbrauch, von Abw\u00e4rme und Schadstoffen geachtet werden. Bei der Nutzung kann man auf die Reduktion des Energieverbrauchs, auch Abw\u00e4rme und Schadstoffe und unn\u00f6tigen Ausdrucken im Druckerbereich achten. Bei der Entsorgung kann man auf Recycling und eine energiesparende Entsorgung achten.<\/p>\n<div class=\"su-service\"><div class=\"su-service-title\" style=\"padding-left:114px;min-height:100px;line-height:100px\"><img loading=\"lazy\" decoding=\"async\" src=\"https:\/\/www.rajapack.ch\/verpackungsnews\/wp-content\/uploads\/2018\/04\/blauer-engel-300x300-1.jpg\" width=\"100\" height=\"100\" alt=\"Der blaue Engel\" style=\"width:100px;height:100px\" \/> Der blaue Engel<\/div><div class=\"su-service-content su-u-clearfix su-u-trim\" style=\"padding-left:114px\">Es gibt auch Umweltlabels, an denen Sie sich beim Kauf orientieren k\u00f6nnen. Das bekannteste Umweltzeichen, ist gleichzeitig auch das \u00e4lteste und erfolgreichste. Der blaue Engel. Im IT-Bereich gibt es das Siegel f\u00fcr zum Beispiel Computer, Drucker, Kopierer, Multifunktionsger\u00e4te und schnurlose Telefone.<\/div><\/div>\n<div class=\"su-service\"><div class=\"su-service-title\" style=\"padding-left:114px;min-height:100px;line-height:100px\"><img loading=\"lazy\" decoding=\"async\" src=\"https:\/\/www.rajapack.ch\/verpackungsnews\/wp-content\/uploads\/2018\/04\/energy-star-300x300-1.jpg\" width=\"100\" height=\"100\" alt=\"Energy-Star-Label\" style=\"width:100px;height:100px\" \/> Energy-Star-Label<\/div><div class=\"su-service-content su-u-clearfix su-u-trim\" style=\"padding-left:114px\">Ein weiteres Label ist das Energy-Star-Label der amerikanischen Umweltbeh\u00f6rde. Die Europ\u00e4ische Union hat ein Abkommen mit der US-Regierung, dass sie auch an dem Programm teilnehmen. Es kennzeichnet zum Beispiel folgende energiesparende B\u00fcroger\u00e4te: Computer, Bildschirme, Kopierger\u00e4te, Drucker, Scanner, Faxger\u00e4te und Multifunktionsger\u00e4te.<\/div><\/div>\n<div class=\"su-service\"><div class=\"su-service-title\" style=\"padding-left:114px;min-height:100px;line-height:100px\"><img loading=\"lazy\" decoding=\"async\" src=\"https:\/\/www.rajapack.ch\/verpackungsnews\/wp-content\/uploads\/2018\/04\/EU-Eco-Label-300x300-1.jpg\" width=\"100\" height=\"100\" alt=\"EU Ecolabel\" style=\"width:100px;height:100px\" \/> EU Ecolabel<\/div><div class=\"su-service-content su-u-clearfix su-u-trim\" style=\"padding-left:114px\">Seit 1992 gibt es das europ\u00e4ische Umweltzeichen EU Ecolabel (auch gerne Euro-Blume genannt). Bei Produkten, die dieses Label besitzen, wurden die Umweltauswirkungen, bezogen auf die gesamte Lebensdauer bezogen, gepr\u00fcft. Wenn diese Produkte geringere Umweltauswirkungen, bei gleichbleibender Sicherheit oder Gebrauchstauglichkeit haben, als der Marktdurchschnitt, bekommen sie das Label.<\/div><\/div>\n<h2>Green Building<\/h2>\n<div class=\"su-spacer\" style=\"height:20px\"><\/div>\n<p>Auch beim Geb\u00e4ude soll der Gedanke der Nachhaltigkeit mitber\u00fccksichtigt werden. Ein gr\u00fcnes Geb\u00e4ude zeichnet sich durch zum Beispiel hohe Ressourceneffizienz in den Bereichen Energie, Wasser und Material aus. Des Weiteren sollen auch sch\u00e4dliche Auswirkungen auf die Umwelt (Abfall, Verschmutzung und Zerst\u00f6rung) und die Gesundheit reduziert werden. Auch hier soll der gesamte Geb\u00e4udelebenszyklus ber\u00fccksichtigt werden. Das beginnt bei der Projektentwicklung und Planung, geht weiter bei der Konstruktion und dem laufenden Betrieb und endet erst nach der Wartung und Demontage.<\/p>\n<p>Einige Massnahmen fallen einem sofort ein:<\/p>\n<ul>\n<li>Nutzung des Sonnenlichts<\/li>\n<li>Einsatz von Pflanzen\/gr\u00fcne D\u00e4cher und Fassaden<\/li>\n<li>Kies statt Beton auf dem Parkplatz<\/li>\n<li>Grauwasser nutzen<\/li>\n<li>Erzeugung\/Nutzung erneuerbarer Energien<\/li>\n<\/ul>\n<p>Viele L\u00e4nder haben f\u00fcr energieeffiziente Geb\u00e4ude eigene Standards formuliert und entwickelt.<\/p>\n<p>Bei diesem Punkt des Green Office hat der einzelne Mitarbeiter wenig Einfluss. Dies wird massgeblich von der Gesch\u00e4ftsleitung beeinflusst und gesteuert. Anders bei dem n\u00e4chsten Punkt. Bei diesem kommt es gerade auf das Mitwirken eines jeden einzelnen Mitarbeiters an.<\/p>\n<div class=\"su-custom-gallery su-custom-gallery-align-left su-custom-gallery-title-always\"><div class=\"su-custom-gallery-slide\" style=\"width:194px;height:295px\"><a><img loading=\"lazy\" decoding=\"async\" src=\"https:\/\/www.rajapack.ch\/verpackungsnews\/wp-content\/uploads\/2020\/01\/bosco-verticale-194x295.jpg\" alt=\"bosco-verticale\" width=\"194\" height=\"295\" \/><span class=\"su-custom-gallery-title\">bosco-verticale<\/span><\/a><\/div><div class=\"su-clear\"><\/div><\/div>\n<h2>Green Behaviour<\/h2>\n<div class=\"su-spacer\" style=\"height:20px\"><\/div>\n<p>Bei diesem Punkt ist jeder Mitarbeiter gefragt. Hier kommt es darauf an, dass jeder Mitarbeiter die Notwendigkeit von umweltbewusstem Verhalten erkennt und entsprechend seine Verhaltensweisen anpasst und verbessert.<\/p>\n<p>Der bewusste Umgang mit\u00a0<strong><a href=\"https:\/\/www.rajapack.ch\/de_CH\/buerobedarf\/umweltfreundliche-bueromaterialien_C5590.html\" target=\"_blank\" rel=\"noopener\">umweltfreundlichen B\u00fcromaterialien<\/a><\/strong>\u00a0ist ein wichtiger Bestandteil. Der erste Schritt ist der Einsatz von umweltfreundlichem Material. Zum Drucken oder Kopieren eignet sich zum Beispiel das\u00a0<strong><a href=\"https:\/\/www.rajapack.ch\/de_CH\/buerobedarf\/kopierpapier-evercopy-plus_OFF_CH_01324.html\" target=\"_blank\" rel=\"noopener\">umweltfreundliches Kopierpapier<\/a><\/strong>\u00a0Equality Plus. Dieses besteht aus 100% Altpapier und hat dennoch einen Weissegrad von 95 CIE. Es ist mit dem blauen Engel und dem EU-Ecolabel zertifiziert.<\/p>\n<p>F\u00fcr kleine Gedankenst\u00fctzen gibt es die\u00a0<strong><a href=\"https:\/\/www.rajapack.ch\/de_CH\/buerobedarf\/post-it-3m-haftnotizen-recycling_OFF_CH_1088.html\" target=\"_blank\" rel=\"noopener\">recycelten Haftnotizen<\/a><\/strong>\u00a0von 3-M, die ebenfalls mit dem blauen Engel ausgezeichnet sind und zu 100% aus Altpapier bestehen.<\/p>\n<p>Der zweite Schritt ist die generelle Reduzierung von Materialien. Man kann viele Dateien doppelseitig ausdrucken oder falsch ausgedrucktes als Notizbl\u00e4tter verwenden. Man kann neben dem Drucker oder direkt auf den Schreibtischen der Mitarbeiter eine Ablage f\u00fcr solches Notizpapier bereitstellen und dort die Fehldrucke mit der unbedruckten Seite nach oben hineinlegen.<\/p>\n<p>Weitere Verhaltensweisen, die man schon im Privaten durchf\u00fchrt, kann man auch im B\u00fcro durchf\u00fchren.<\/p>\n<ul>\n<li>M\u00fclltrennung durchf\u00fchren<\/li>\n<li>Mehrweg- statt Einweggeschirr nutzen<\/li>\n<li>Treppe statt Aufzug nehmen<\/li>\n<li>Nachf\u00fcllprodukte verwenden<\/li>\n<li>Umweltfreundliche Produkte kaufen<\/li>\n<li>Pflanzen f\u00fcr das allgemeine Wohlbefinden<\/li>\n<li>Klimaneutraler Versand<\/li>\n<li>Wiederverwendung von Umschl\u00e4gen oder Kartonverpackungen<\/li>\n<\/ul>\n<h2>Wo kann man ansetzen?<\/h2>\n<div class=\"su-spacer\" style=\"height:20px\"><\/div>\n<p>Wenn man sich dem Thema\u00a0<strong>green office<\/strong>\u00a0annehmen m\u00f6chte, kann man am Schnellsten Ver\u00e4nderungen mit dem Punkt\u00a0<strong>Green Behaviour<\/strong>\u00a0herbeif\u00fchren. Im normalen B\u00fcroalltag kann man viele Kleinigkeiten und Verhaltensweisen direkt umstellen. An der gr\u00fcnen IT kann man mittelfristig arbeiten und nach und nach Umstellungen an vorhanden Ger\u00e4ten vornehmen oder bei notwendigen Neuanschaffungen auf das Vorhandensein von Umweltsiegeln achten. An dem Punkt green buliding muss man eher langfristig arbeiten.<\/p>\n","protected":false},"excerpt":{"rendered":"<p>Nicht nur im Privaten ist das Thema Nachhaltigkeit in aller Munde, auch im B\u00fcro wird das Thema immer wichtiger. Da man pro Woche eine nicht unerhebliche Zeit bei der Arbeit [&#8230;]<\/p>\n","protected":false},"author":20,"featured_media":25568,"comment_status":"open","ping_status":"closed","sticky":false,"template":"","format":"standard","meta":{"_acf_changed":false,"footnotes":""},"categories":[20],"tags":[327,521,16],"class_list":["post-18465","post","type-post","status-publish","format-standard","has-post-thumbnail","hentry","category-know-how","tag-buero","tag-engagement","tag-nachhaltigkeit"],"acf":[],"yoast_head":"\n<title>Green Office - Nachhaltigkeit und B\u00fcro - RAJA Blog CH<\/title>\n<meta name=\"description\" content=\"Green Office: Wie &quot;gr\u00fcn&quot; verbringen Sie Ihren Arbeitsalltag? Green IT, Green Building und Green Behaviour: Hier k\u00f6nnen Sie ansetzen\" \/>\n<meta name=\"robots\" content=\"index, follow, max-snippet:-1, max-image-preview:large, max-video-preview:-1\" \/>\n<link rel=\"canonical\" href=\"https:\/\/www.rajapack.ch\/verpackungsnews\/green-office\" \/>\n<meta property=\"og:locale\" content=\"de_DE\" \/>\n<meta property=\"og:type\" content=\"article\" \/>\n<meta property=\"og:title\" content=\"Green Office - Nachhaltigkeit und B\u00fcro - RAJA Blog CH\" \/>\n<meta property=\"og:description\" content=\"Green Office: Wie &quot;gr\u00fcn&quot; verbringen Sie Ihren Arbeitsalltag? Green IT, Green Building und Green Behaviour: Hier k\u00f6nnen Sie ansetzen\" \/>\n<meta property=\"og:url\" content=\"https:\/\/www.rajapack.ch\/verpackungsnews\/green-office\" \/>\n<meta property=\"og:site_name\" content=\"RAJA Blog CH\" \/>\n<meta property=\"article:published_time\" content=\"2020-01-23T14:14:15+00:00\" \/>\n<meta property=\"article:modified_time\" content=\"2023-05-30T11:12:36+00:00\" \/>\n<meta property=\"og:image\" content=\"https:\/\/www.rajapack.ch\/verpackungsnews\/wp-content\/uploads\/2020\/01\/Green-Office.jpg\" \/>\n\t<meta property=\"og:image:width\" content=\"810\" \/>\n\t<meta property=\"og:image:height\" content=\"420\" \/>\n\t<meta property=\"og:image:type\" content=\"image\/jpeg\" \/>\n<meta name=\"author\" content=\"RAJAPACK Schweiz\" \/>\n<meta name=\"twitter:card\" content=\"summary_large_image\" \/>\n<meta name=\"twitter:label1\" content=\"Verfasst von\" \/>\n\t<meta name=\"twitter:data1\" content=\"RAJAPACK Schweiz\" \/>\n\t<meta name=\"twitter:label2\" content=\"Gesch\u00e4tzte Lesezeit\" \/>\n\t<meta name=\"twitter:data2\" content=\"5 Minuten\" \/>\n<script type=\"application\/ld+json\" class=\"yoast-schema-graph\">{\n\t    \"@context\": \"https:\/\/schema.org\",\n\t    \"@graph\": [\n\t        {\n\t            \"@type\": \"Article\",\n\t            \"@id\": \"https:\/\/www.rajapack.ch\/verpackungsnews\/green-office#article\",\n\t            \"isPartOf\": {\n\t                \"@id\": \"https:\/\/www.rajapack.ch\/verpackungsnews\/green-office\"\n\t            },\n\t            \"author\": {\n\t                \"name\": \"RAJAPACK Schweiz\",\n\t                \"@id\": \"https:\/\/www.rajapack.ch\/verpackungsnews\/#\/schema\/person\/e0825d9926514f72b2ba6eafaf517f7a\"\n\t            },\n\t            \"headline\": \"Green Office &#8211; Nachhaltigkeit und B\u00fcro\",\n\t            \"datePublished\": \"2020-01-23T14:14:15+00:00\",\n\t            \"dateModified\": \"2023-05-30T11:12:36+00:00\",\n\t            \"mainEntityOfPage\": {\n\t                \"@id\": \"https:\/\/www.rajapack.ch\/verpackungsnews\/green-office\"\n\t            },\n\t            \"wordCount\": 929,\n\t            \"commentCount\": 0,\n\t            \"publisher\": {\n\t                \"@id\": \"https:\/\/www.rajapack.ch\/verpackungsnews\/#organization\"\n\t            },\n\t            \"image\": {\n\t                \"@id\": \"https:\/\/www.rajapack.ch\/verpackungsnews\/green-office#primaryimage\"\n\t            },\n\t            \"thumbnailUrl\": \"https:\/\/www.rajapack.ch\/verpackungsnews\/wp-content\/uploads\/2020\/01\/Green-Office.jpg\",\n\t            \"keywords\": [\n\t                \"B\u00fcro\",\n\t                \"Engagement\",\n\t                \"Nachhaltigkeit\"\n\t            ],\n\t            \"articleSection\": [\n\t                \"Know How\"\n\t            ],\n\t            \"inLanguage\": \"de-DE\",\n\t            \"potentialAction\": [\n\t                {\n\t                    \"@type\": \"CommentAction\",\n\t                    \"name\": \"Comment\",\n\t                    \"target\": [\n\t                        \"https:\/\/www.rajapack.ch\/verpackungsnews\/green-office#respond\"\n\t                    ]\n\t                }\n\t            ]\n\t        },\n\t        {\n\t            \"@type\": \"WebPage\",\n\t            \"@id\": \"https:\/\/www.rajapack.ch\/verpackungsnews\/green-office\",\n\t            \"url\": \"https:\/\/www.rajapack.ch\/verpackungsnews\/green-office\",\n\t            \"name\": \"Green Office - Nachhaltigkeit und B\u00fcro - RAJA Blog CH\",\n\t            \"isPartOf\": {\n\t                \"@id\": \"https:\/\/www.rajapack.ch\/verpackungsnews\/#website\"\n\t            },\n\t            \"primaryImageOfPage\": {\n\t                \"@id\": \"https:\/\/www.rajapack.ch\/verpackungsnews\/green-office#primaryimage\"\n\t            },\n\t            \"image\": {\n\t                \"@id\": \"https:\/\/www.rajapack.ch\/verpackungsnews\/green-office#primaryimage\"\n\t            },\n\t            \"thumbnailUrl\": \"https:\/\/www.rajapack.ch\/verpackungsnews\/wp-content\/uploads\/2020\/01\/Green-Office.jpg\",\n\t            \"datePublished\": \"2020-01-23T14:14:15+00:00\",\n\t            \"dateModified\": \"2023-05-30T11:12:36+00:00\",\n\t            \"description\": \"Green Office: Wie \\\"gr\u00fcn\\\" verbringen Sie Ihren Arbeitsalltag? Green IT, Green Building und Green Behaviour: Hier k\u00f6nnen Sie ansetzen\",\n\t            \"inLanguage\": \"de-DE\",\n\t            \"potentialAction\": [\n\t                {\n\t                    \"@type\": \"ReadAction\",\n\t                    \"target\": [\n\t                        \"https:\/\/www.rajapack.ch\/verpackungsnews\/green-office\"\n\t                    ]\n\t                }\n\t            ]\n\t        },\n\t        {\n\t            \"@type\": \"ImageObject\",\n\t            \"inLanguage\": \"de-DE\",\n\t            \"@id\": \"https:\/\/www.rajapack.ch\/verpackungsnews\/green-office#primaryimage\",\n\t            \"url\": \"https:\/\/www.rajapack.ch\/verpackungsnews\/wp-content\/uploads\/2020\/01\/Green-Office.jpg\",\n\t            \"contentUrl\": \"https:\/\/www.rajapack.ch\/verpackungsnews\/wp-content\/uploads\/2020\/01\/Green-Office.jpg\",\n\t            \"width\": 810,\n\t            \"height\": 420,\n\t            \"caption\": \"Office gr\u00fcn\"\n\t        },\n\t        {\n\t            \"@type\": \"WebSite\",\n\t            \"@id\": \"https:\/\/www.rajapack.ch\/verpackungsnews\/#website\",\n\t            \"url\": \"https:\/\/www.rajapack.ch\/verpackungsnews\/\",\n\t            \"name\": \"RAJA Blog CH\",\n\t            \"description\": \"Verpackungsnews vom Experten\",\n\t            \"publisher\": {\n\t                \"@id\": \"https:\/\/www.rajapack.ch\/verpackungsnews\/#organization\"\n\t            },\n\t            \"potentialAction\": [\n\t                {\n\t                    \"@type\": \"SearchAction\",\n\t                    \"target\": {\n\t                        \"@type\": \"EntryPoint\",\n\t                        \"urlTemplate\": \"https:\/\/www.rajapack.ch\/verpackungsnews\/?s={search_term_string}\"\n\t                    },\n\t                    \"query-input\": \"required name=search_term_string\"\n\t                }\n\t            ],\n\t            \"inLanguage\": \"de-DE\"\n\t        },\n\t        {\n\t            \"@type\": \"Organization\",\n\t            \"@id\": \"https:\/\/www.rajapack.ch\/verpackungsnews\/#organization\",\n\t            \"name\": \"RAJA Blog CH\",\n\t            \"url\": \"https:\/\/www.rajapack.ch\/verpackungsnews\/\",\n\t            \"logo\": {\n\t                \"@type\": \"ImageObject\",\n\t                \"inLanguage\": \"de-DE\",\n\t                \"@id\": \"https:\/\/www.rajapack.ch\/verpackungsnews\/#\/schema\/logo\/image\/\",\n\t                \"url\": \"\",\n\t                \"contentUrl\": \"\",\n\t                \"caption\": \"RAJA Blog CH\"\n\t            },\n\t            \"image\": {\n\t                \"@id\": \"https:\/\/www.rajapack.ch\/verpackungsnews\/#\/schema\/logo\/image\/\"\n\t            },\n\t            \"sameAs\": [\n\t                \"https:\/\/de.linkedin.com\/company\/rajapack-gmbh\"\n\t            ]\n\t        },\n\t        {\n\t            \"@type\": \"Person\",\n\t            \"@id\": \"https:\/\/www.rajapack.ch\/verpackungsnews\/#\/schema\/person\/e0825d9926514f72b2ba6eafaf517f7a\",\n\t            \"name\": \"RAJAPACK Schweiz\",\n\t            \"image\": {\n\t                \"@type\": \"ImageObject\",\n\t                \"inLanguage\": \"de-DE\",\n\t                \"@id\": \"https:\/\/www.rajapack.ch\/verpackungsnews\/#\/schema\/person\/image\/\",\n\t                \"url\": \"https:\/\/secure.gravatar.com\/avatar\/f391ad6b3c41197daad8136e36418c64?s=96&d=mm&r=g\",\n\t                \"contentUrl\": \"https:\/\/secure.gravatar.com\/avatar\/f391ad6b3c41197daad8136e36418c64?s=96&d=mm&r=g\",\n\t                \"caption\": \"RAJAPACK Schweiz\"\n\t            },\n\t            \"description\": \"Geschrieben von unseren Verpackungsexperten bei RAJAPACK Schweiz: Wir lieben Verpackungen.\",\n\t            \"url\": \"https:\/\/www.rajapack.ch\/verpackungsnews\/author\/raja-ch\"\n\t        }\n\t    ]\n\t}<\/script>\n","yoast_head_json":{"title":"Green Office - Nachhaltigkeit und B\u00fcro - RAJA Blog CH","description":"Green Office: Wie \"gr\u00fcn\" verbringen Sie Ihren Arbeitsalltag? Green IT, Green Building und Green Behaviour: Hier k\u00f6nnen Sie ansetzen","robots":{"index":"index","follow":"follow","max-snippet":"max-snippet:-1","max-image-preview":"max-image-preview:large","max-video-preview":"max-video-preview:-1"},"canonical":"https:\/\/www.rajapack.ch\/verpackungsnews\/green-office","og_locale":"de_DE","og_type":"article","og_title":"Green Office - Nachhaltigkeit und B\u00fcro - RAJA Blog CH","og_description":"Green Office: Wie \"gr\u00fcn\" verbringen Sie Ihren Arbeitsalltag? Green IT, Green Building und Green Behaviour: Hier k\u00f6nnen Sie ansetzen","og_url":"https:\/\/www.rajapack.ch\/verpackungsnews\/green-office","og_site_name":"RAJA Blog CH","article_published_time":"2020-01-23T14:14:15+00:00","article_modified_time":"2023-05-30T11:12:36+00:00","og_image":[{"width":810,"height":420,"url":"https:\/\/www.rajapack.ch\/verpackungsnews\/wp-content\/uploads\/2020\/01\/Green-Office.jpg","type":"image\/jpeg"}],"author":"RAJAPACK Schweiz","twitter_card":"summary_large_image","twitter_misc":{"Verfasst von":"RAJAPACK Schweiz","Gesch\u00e4tzte Lesezeit":"5 Minuten"},"schema":{"@context":"https:\/\/schema.org","@graph":[{"@type":"Article","@id":"https:\/\/www.rajapack.ch\/verpackungsnews\/green-office#article","isPartOf":{"@id":"https:\/\/www.rajapack.ch\/verpackungsnews\/green-office"},"author":{"name":"RAJAPACK Schweiz","@id":"https:\/\/www.rajapack.ch\/verpackungsnews\/#\/schema\/person\/e0825d9926514f72b2ba6eafaf517f7a"},"headline":"Green Office &#8211; Nachhaltigkeit und B\u00fcro","datePublished":"2020-01-23T14:14:15+00:00","dateModified":"2023-05-30T11:12:36+00:00","mainEntityOfPage":{"@id":"https:\/\/www.rajapack.ch\/verpackungsnews\/green-office"},"wordCount":929,"commentCount":0,"publisher":{"@id":"https:\/\/www.rajapack.ch\/verpackungsnews\/#organization"},"image":{"@id":"https:\/\/www.rajapack.ch\/verpackungsnews\/green-office#primaryimage"},"thumbnailUrl":"https:\/\/www.rajapack.ch\/verpackungsnews\/wp-content\/uploads\/2020\/01\/Green-Office.jpg","keywords":["B\u00fcro","Engagement","Nachhaltigkeit"],"articleSection":["Know How"],"inLanguage":"de-DE","potentialAction":[{"@type":"CommentAction","name":"Comment","target":["https:\/\/www.rajapack.ch\/verpackungsnews\/green-office#respond"]}]},{"@type":"WebPage","@id":"https:\/\/www.rajapack.ch\/verpackungsnews\/green-office","url":"https:\/\/www.rajapack.ch\/verpackungsnews\/green-office","name":"Green Office - Nachhaltigkeit und B\u00fcro - RAJA Blog CH","isPartOf":{"@id":"https:\/\/www.rajapack.ch\/verpackungsnews\/#website"},"primaryImageOfPage":{"@id":"https:\/\/www.rajapack.ch\/verpackungsnews\/green-office#primaryimage"},"image":{"@id":"https:\/\/www.rajapack.ch\/verpackungsnews\/green-office#primaryimage"},"thumbnailUrl":"https:\/\/www.rajapack.ch\/verpackungsnews\/wp-content\/uploads\/2020\/01\/Green-Office.jpg","datePublished":"2020-01-23T14:14:15+00:00","dateModified":"2023-05-30T11:12:36+00:00","description":"Green Office: Wie \"gr\u00fcn\" verbringen Sie Ihren Arbeitsalltag? Green IT, Green Building und Green Behaviour: Hier k\u00f6nnen Sie ansetzen","inLanguage":"de-DE","potentialAction":[{"@type":"ReadAction","target":["https:\/\/www.rajapack.ch\/verpackungsnews\/green-office"]}]},{"@type":"ImageObject","inLanguage":"de-DE","@id":"https:\/\/www.rajapack.ch\/verpackungsnews\/green-office#primaryimage","url":"https:\/\/www.rajapack.ch\/verpackungsnews\/wp-content\/uploads\/2020\/01\/Green-Office.jpg","contentUrl":"https:\/\/www.rajapack.ch\/verpackungsnews\/wp-content\/uploads\/2020\/01\/Green-Office.jpg","width":810,"height":420,"caption":"Office gr\u00fcn"},{"@type":"WebSite","@id":"https:\/\/www.rajapack.ch\/verpackungsnews\/#website","url":"https:\/\/www.rajapack.ch\/verpackungsnews\/","name":"RAJA Blog CH","description":"Verpackungsnews vom Experten","publisher":{"@id":"https:\/\/www.rajapack.ch\/verpackungsnews\/#organization"},"potentialAction":[{"@type":"SearchAction","target":{"@type":"EntryPoint","urlTemplate":"https:\/\/www.rajapack.ch\/verpackungsnews\/?s={search_term_string}"},"query-input":"required name=search_term_string"}],"inLanguage":"de-DE"},{"@type":"Organization","@id":"https:\/\/www.rajapack.ch\/verpackungsnews\/#organization","name":"RAJA Blog CH","url":"https:\/\/www.rajapack.ch\/verpackungsnews\/","logo":{"@type":"ImageObject","inLanguage":"de-DE","@id":"https:\/\/www.rajapack.ch\/verpackungsnews\/#\/schema\/logo\/image\/","url":"","contentUrl":"","caption":"RAJA Blog CH"},"image":{"@id":"https:\/\/www.rajapack.ch\/verpackungsnews\/#\/schema\/logo\/image\/"},"sameAs":["https:\/\/de.linkedin.com\/company\/rajapack-gmbh"]},{"@type":"Person","@id":"https:\/\/www.rajapack.ch\/verpackungsnews\/#\/schema\/person\/e0825d9926514f72b2ba6eafaf517f7a","name":"RAJAPACK Schweiz","image":{"@type":"ImageObject","inLanguage":"de-DE","@id":"https:\/\/www.rajapack.ch\/verpackungsnews\/#\/schema\/person\/image\/","url":"https:\/\/secure.gravatar.com\/avatar\/f391ad6b3c41197daad8136e36418c64?s=96&d=mm&r=g","contentUrl":"https:\/\/secure.gravatar.com\/avatar\/f391ad6b3c41197daad8136e36418c64?s=96&d=mm&r=g","caption":"RAJAPACK Schweiz"},"description":"Geschrieben von unseren Verpackungsexperten bei RAJAPACK Schweiz: Wir lieben Verpackungen.","url":"https:\/\/www.rajapack.ch\/verpackungsnews\/author\/raja-ch"}]}},"_links":{"self":[{"href":"https:\/\/www.rajapack.ch\/verpackungsnews\/wp-json\/wp\/v2\/posts\/18465"}],"collection":[{"href":"https:\/\/www.rajapack.ch\/verpackungsnews\/wp-json\/wp\/v2\/posts"}],"about":[{"href":"https:\/\/www.rajapack.ch\/verpackungsnews\/wp-json\/wp\/v2\/types\/post"}],"author":[{"embeddable":true,"href":"https:\/\/www.rajapack.ch\/verpackungsnews\/wp-json\/wp\/v2\/users\/20"}],"replies":[{"embeddable":true,"href":"https:\/\/www.rajapack.ch\/verpackungsnews\/wp-json\/wp\/v2\/comments?post=18465"}],"version-history":[{"count":0,"href":"https:\/\/www.rajapack.ch\/verpackungsnews\/wp-json\/wp\/v2\/posts\/18465\/revisions"}],"wp:featuredmedia":[{"embeddable":true,"href":"https:\/\/www.rajapack.ch\/verpackungsnews\/wp-json\/wp\/v2\/media\/25568"}],"wp:attachment":[{"href":"https:\/\/www.rajapack.ch\/verpackungsnews\/wp-json\/wp\/v2\/media?parent=18465"}],"wp:term":[{"taxonomy":"category","embeddable":true,"href":"https:\/\/www.rajapack.ch\/verpackungsnews\/wp-json\/wp\/v2\/categories?post=18465"},{"taxonomy":"post_tag","embeddable":true,"href":"https:\/\/www.rajapack.ch\/verpackungsnews\/wp-json\/wp\/v2\/tags?post=18465"}],"curies":[{"name":"wp","href":"https:\/\/api.w.org\/{rel}","templated":true}]}}