{"id":18910,"date":"2020-03-23T14:47:50","date_gmt":"2020-03-23T13:47:50","guid":{"rendered":"https:\/\/www.rajapack.ch\/verpackungsnews\/?p=18910"},"modified":"2023-05-17T08:25:19","modified_gmt":"2023-05-17T06:25:19","slug":"logistik-in-krisenzeiten","status":"publish","type":"post","link":"https:\/\/www.rajapack.ch\/verpackungsnews\/logistik-in-krisenzeiten","title":{"rendered":"Logistik in Krisenzeiten"},"content":{"rendered":"<h5>Die Corona-Pandemie hat unser gewohntes Leben komplett aus der Bahn geworfen und wir alle stehen vor ungeahnten Herausforderungen. Auch im Warenverkehr und der Logistik sind massive Einschr\u00e4nkungen zu beobachten: es ist mit einem zunehmenden Fahrermangel zu rechnen und Amazon beginnt bereits seine Lagerkapazit\u00e4ten f\u00fcr jetzt ben\u00f6tigte Produkte frei zu machen:<\/h5>\n<div class=\"su-spacer\" style=\"height:20px\"><\/div><div class=\"su-divider su-divider-style-default\" style=\"margin:15px 0;border-width:3px;border-color:#999999\"><\/div><div class=\"su-spacer\" style=\"height:20px\"><\/div>\n<div class=\"su-quote su-quote-style-default su-quote-has-cite\"><div class=\"su-quote-inner su-u-clearfix su-u-trim\">Im Zuge der wachsenden Ausbreitung von COVID-19 verzeichnen wir eine verst\u00e4rkte Nachfrage im Online-Shopping, die sich kurzfristig auch auf Bestellungen auswirkt. Aus diesem Grund priorisieren wir vor\u00fcbergehend den Eingang von Waren f\u00fcr den t\u00e4glichen Bedarf, medizinischen Verbrauchsg\u00fctern und anderen Produkten mit hoher Nachfrage in unseren Logistikzentren.<span class=\"su-quote-cite\"><a href=\"https:\/\/blog.aboutamazon.de\/amazon-gemeinsam\/covid-19-unterst\u00fctzung-f\u00fcr-amazon-kunden-mitarbeiter-unternehmenspartner-und-gesellschaft\" target=\"_blank\">Quelle: https:\/\/blog.aboutamazon.de\/<\/a><\/span><\/div><\/div>\n<p>Niemand kann genau vorhersagen wie sich die Situation entwickelt, einige grundlegende Dinge k\u00f6nnen jetzt helfen die Situation f\u00fcr Logistiker und Produzenten zu vereinfachen.<\/p>\n<h3 style=\"padding-left: 40px;\">1. Auf l\u00e4ngere Lieferzeiten einstellen<\/h3>\n<p style=\"padding-left: 40px;\">Wir bei RAJAPACK k\u00f6nnen unsere Lieferzeiten von 48\/72 Stunden aktuell noch garantieren, keiner kann jedoch voraussagen wie sich die Situation entwickelt. Weltweit sind versch\u00e4rfte Grenzkontrollen in Kraft getreten. Auch an den innereurop\u00e4ischen Grenzen wurden wieder Kontrollen eingef\u00fchrt um die ungehemmte Verbreitung vom COVID-19 einzud\u00e4mmen. Zwar soll der G\u00fcterverkehr weiterhin laufen, allerdings muss mit erheblichen Wartezeiten durch kilometerlange Staus an den Grenzen gerechnet werden, was wiederum dazu f\u00fchren kann, dass sich die Lieferungen verz\u00f6gern. Der Softwareanbieter Sixfold hat eine Karte mit Live-Daten ver\u00f6ffentlicht mit der LKW-Fahrer die aktuellen Wartezeiten verfolgen k\u00f6nnen: https:\/\/covid-19.sixfold.com\/<\/p>\n<h3 style=\"padding-left: 40px;\">2. Lagerkapazit\u00e4ten nutzen<\/h3>\n<p style=\"padding-left: 40px;\">Lagerkapazit\u00e4ten die noch vorhanden sind sollten nun genutzt werden und Ware die unter Umst\u00e4nden bei externen Anbietern eingelagert wurde sollte jetzt abgerufen werden. Auf diese Weise k\u00f6nnen Nachproduktionen rechtzeitig ausgel\u00f6st und ein Puffer f\u00fcr die n\u00e4chsten Monate aufgebaut werden. Verpackungsmaterial kann auch l\u00e4ngere Zeit auf Lager gehalten werden, handelt es sich doch um Produkte die kaum kritische Haltbarkeitsgrenzen erf\u00fcllen. Sogar\u00a0<a href=\"https:\/\/www.rajapack.ch\/de_CH\/klebebaender-verschlussmittel\/klebeband_C3030.html\" target=\"_blank\" rel=\"noopener\">Klebeband<\/a>\u00a0kann 6 Monate ohne Qualit\u00e4tsverlust gelagert werden (bedrucktes Klebeband 3 Monate),\u00a0<a href=\"https:\/\/www.rajapack.ch\/de_CH\/klebebaender-verschlussmittel\/packband\/papierklebeband_C301050.html\" target=\"_blank\" rel=\"noopener\">Papierklebeband<\/a> sogar \u00fcber mehrere Jahre.<\/p>\n<h3 style=\"padding-left: 40px;\">3. Vorausschauend Planen<\/h3>\n<p style=\"padding-left: 40px;\">Die Corona-Krise offenbart die Schw\u00e4chen der Just-in-Time Lieferung: der vernetzte Weltmarkt erm\u00f6glichte es vielen die eigene Lagerhaltung zur\u00fcckzufahren. Die punktgenaue Planung ist aktuell jedoch schwierig. Wenn Sonderl\u00f6sungen ben\u00f6tigt werden, sollten diese wenn m\u00f6glich jetzt fr\u00fchzeitig bestellt werden, um eventuelle Engp\u00e4sse zu vermeiden.<\/p>\n<h3 style=\"padding-left: 40px;\">4. Mit Bedacht handeln<\/h3>\n<p style=\"padding-left: 40px;\">Besondere Zeiten erfordern besondere Massnahmen aber bei allem gilt: Ruhe bewahren und mit Bedacht handeln. Besonders gefragt ist gerade Verst\u00e4ndnis und R\u00fccksichtnahme und ein respektvolles Miteinander in allen Bereichen. Viele Unternehmen haben ihre Arbeitst\u00e4tigkeit eingeschr\u00e4nkt, ausgesetzt oder ins Homeoffice verlagert, daher kann es zu Engp\u00e4ssen oder Problemen der Erreichbarkeit kommen. Niemand ist davon ausgenommen, denn jeder ist von den aktuellen Entwicklungen betroffen und nur gemeinsam werden wir diese umfassenden Herausforderungen meistern k\u00f6nnen.<\/p>\n<h3 style=\"padding-left: 40px;\">5. Mitarbeiterschutz und Personalplanung<\/h3>\n<p style=\"padding-left: 40px;\">Die beiden grundlegenden Schutzmassnahmen gelten auch und besonders am Arbeitsplatz: Distanz \u2013 wo m\u00f6glich \u2013 und Hygiene. Das mobile Arbeiten bzw. das Arbeiten von zu Hause aus ist ein ganz wesentlicher Schritt, um weiter handlungsf\u00e4hig zu bleiben. Aber auch dann ist jetzt ein geeigneter Zeitpunkt, Notfall- bzw. Vertretungspl\u00e4ne zu aktualisieren. Wer vertritt wen im Krankheitsfall? Gibt es (schriftliche) \u00dcbergaben, f\u00fcr den Fall, dass vertreten werden muss?<\/p>\n<p><strong>\u00dcber allem steht die Gesundheit und sie f\u00fcr m\u00f6glichst viele zu erhalten ist jetzt unsere gemeinsame Aufgabe.<\/strong><\/p>\n","protected":false},"excerpt":{"rendered":"<p>Die Corona-Pandemie hat unser gewohntes Leben komplett aus der Bahn geworfen und wir alle stehen vor ungeahnten Herausforderungen. Auch im Warenverkehr und der Logistik sind massive Einschr\u00e4nkungen zu beobachten: es [&#8230;]<\/p>\n","protected":false},"author":20,"featured_media":25574,"comment_status":"open","ping_status":"closed","sticky":false,"template":"","format":"standard","meta":{"_acf_changed":false,"footnotes":""},"categories":[21],"tags":[25,826],"class_list":["post-18910","post","type-post","status-publish","format-standard","has-post-thumbnail","hentry","category-news-und-trends","tag-logistik","tag-warenverkehr"],"acf":[],"yoast_head":"\n<title>Logistik in Krisenzeiten - RAJA Blog CH<\/title>\n<meta name=\"description\" content=\"Krisenzeiten: einige grundlegende Dinge k\u00f6nnen jetzt helfen die Situation f\u00fcr Logistiker und Produzenten zu vereinfachen:\" \/>\n<meta name=\"robots\" content=\"index, follow, max-snippet:-1, max-image-preview:large, max-video-preview:-1\" \/>\n<link rel=\"canonical\" href=\"https:\/\/www.rajapack.ch\/verpackungsnews\/logistik-in-krisenzeiten\" \/>\n<meta property=\"og:locale\" content=\"de_DE\" \/>\n<meta property=\"og:type\" content=\"article\" \/>\n<meta property=\"og:title\" content=\"Logistik in Krisenzeiten - RAJA Blog CH\" \/>\n<meta property=\"og:description\" content=\"Krisenzeiten: einige grundlegende Dinge k\u00f6nnen jetzt helfen die Situation f\u00fcr Logistiker und Produzenten zu vereinfachen:\" \/>\n<meta property=\"og:url\" content=\"https:\/\/www.rajapack.ch\/verpackungsnews\/logistik-in-krisenzeiten\" \/>\n<meta property=\"og:site_name\" content=\"RAJA Blog CH\" \/>\n<meta property=\"article:published_time\" content=\"2020-03-23T13:47:50+00:00\" \/>\n<meta property=\"article:modified_time\" content=\"2023-05-17T06:25:19+00:00\" \/>\n<meta property=\"og:image\" content=\"https:\/\/www.rajapack.ch\/verpackungsnews\/wp-content\/uploads\/2020\/03\/Logistik-in-Krisenzeiten.jpg\" \/>\n\t<meta property=\"og:image:width\" content=\"810\" \/>\n\t<meta property=\"og:image:height\" content=\"420\" \/>\n\t<meta property=\"og:image:type\" content=\"image\/jpeg\" \/>\n<meta name=\"author\" content=\"RAJAPACK Schweiz\" \/>\n<meta name=\"twitter:card\" content=\"summary_large_image\" \/>\n<meta name=\"twitter:title\" content=\"Logistik in Krisenzeiten - RAJA Blog CH\" \/>\n<meta name=\"twitter:description\" content=\"Krisenzeiten: einige grundlegende Dinge k\u00f6nnen jetzt helfen die Situation f\u00fcr Logistiker und Produzenten zu vereinfachen:\" \/>\n<meta name=\"twitter:image\" content=\"https:\/\/www.rajapack.ch\/verpackungsnews\/wp-content\/uploads\/2020\/03\/Logistik-in-Krisenzeiten.jpg\" \/>\n<meta name=\"twitter:label1\" content=\"Verfasst von\" \/>\n\t<meta name=\"twitter:data1\" content=\"RAJAPACK Schweiz\" \/>\n\t<meta name=\"twitter:label2\" content=\"Gesch\u00e4tzte Lesezeit\" \/>\n\t<meta name=\"twitter:data2\" content=\"3 Minuten\" \/>\n<script type=\"application\/ld+json\" class=\"yoast-schema-graph\">{\n\t    \"@context\": \"https:\/\/schema.org\",\n\t    \"@graph\": [\n\t        {\n\t            \"@type\": \"Article\",\n\t            \"@id\": \"https:\/\/www.rajapack.ch\/verpackungsnews\/logistik-in-krisenzeiten#article\",\n\t            \"isPartOf\": {\n\t                \"@id\": \"https:\/\/www.rajapack.ch\/verpackungsnews\/logistik-in-krisenzeiten\"\n\t            },\n\t            \"author\": {\n\t                \"name\": \"RAJAPACK Schweiz\",\n\t                \"@id\": \"https:\/\/www.rajapack.ch\/verpackungsnews\/#\/schema\/person\/e0825d9926514f72b2ba6eafaf517f7a\"\n\t            },\n\t            \"headline\": \"Logistik in Krisenzeiten\",\n\t            \"datePublished\": \"2020-03-23T13:47:50+00:00\",\n\t            \"dateModified\": \"2023-05-17T06:25:19+00:00\",\n\t            \"mainEntityOfPage\": {\n\t                \"@id\": \"https:\/\/www.rajapack.ch\/verpackungsnews\/logistik-in-krisenzeiten\"\n\t            },\n\t            \"wordCount\": 579,\n\t            \"commentCount\": 0,\n\t            \"publisher\": {\n\t                \"@id\": \"https:\/\/www.rajapack.ch\/verpackungsnews\/#organization\"\n\t            },\n\t            \"image\": {\n\t                \"@id\": \"https:\/\/www.rajapack.ch\/verpackungsnews\/logistik-in-krisenzeiten#primaryimage\"\n\t            },\n\t            \"thumbnailUrl\": \"https:\/\/www.rajapack.ch\/verpackungsnews\/wp-content\/uploads\/2020\/03\/Logistik-in-Krisenzeiten.jpg\",\n\t            \"keywords\": [\n\t                \"Logistik\",\n\t                \"Warenverkehr\"\n\t            ],\n\t            \"articleSection\": [\n\t                \"News und Trends\"\n\t            ],\n\t            \"inLanguage\": \"de-DE\",\n\t            \"potentialAction\": [\n\t                {\n\t                    \"@type\": \"CommentAction\",\n\t                    \"name\": \"Comment\",\n\t                    \"target\": [\n\t                        \"https:\/\/www.rajapack.ch\/verpackungsnews\/logistik-in-krisenzeiten#respond\"\n\t                    ]\n\t                }\n\t            ]\n\t        },\n\t        {\n\t            \"@type\": \"WebPage\",\n\t            \"@id\": \"https:\/\/www.rajapack.ch\/verpackungsnews\/logistik-in-krisenzeiten\",\n\t            \"url\": \"https:\/\/www.rajapack.ch\/verpackungsnews\/logistik-in-krisenzeiten\",\n\t            \"name\": \"Logistik in Krisenzeiten - RAJA Blog CH\",\n\t            \"isPartOf\": {\n\t                \"@id\": \"https:\/\/www.rajapack.ch\/verpackungsnews\/#website\"\n\t            },\n\t            \"primaryImageOfPage\": {\n\t                \"@id\": \"https:\/\/www.rajapack.ch\/verpackungsnews\/logistik-in-krisenzeiten#primaryimage\"\n\t            },\n\t            \"image\": {\n\t                \"@id\": \"https:\/\/www.rajapack.ch\/verpackungsnews\/logistik-in-krisenzeiten#primaryimage\"\n\t            },\n\t            \"thumbnailUrl\": \"https:\/\/www.rajapack.ch\/verpackungsnews\/wp-content\/uploads\/2020\/03\/Logistik-in-Krisenzeiten.jpg\",\n\t            \"datePublished\": \"2020-03-23T13:47:50+00:00\",\n\t            \"dateModified\": \"2023-05-17T06:25:19+00:00\",\n\t            \"description\": \"Krisenzeiten: einige grundlegende Dinge k\u00f6nnen jetzt helfen die Situation f\u00fcr Logistiker und Produzenten zu vereinfachen:\",\n\t            \"inLanguage\": \"de-DE\",\n\t            \"potentialAction\": [\n\t                {\n\t                    \"@type\": \"ReadAction\",\n\t                    \"target\": [\n\t                        \"https:\/\/www.rajapack.ch\/verpackungsnews\/logistik-in-krisenzeiten\"\n\t                    ]\n\t                }\n\t            ]\n\t        },\n\t        {\n\t            \"@type\": \"ImageObject\",\n\t            \"inLanguage\": \"de-DE\",\n\t            \"@id\": \"https:\/\/www.rajapack.ch\/verpackungsnews\/logistik-in-krisenzeiten#primaryimage\",\n\t            \"url\": \"https:\/\/www.rajapack.ch\/verpackungsnews\/wp-content\/uploads\/2020\/03\/Logistik-in-Krisenzeiten.jpg\",\n\t            \"contentUrl\": \"https:\/\/www.rajapack.ch\/verpackungsnews\/wp-content\/uploads\/2020\/03\/Logistik-in-Krisenzeiten.jpg\",\n\t            \"width\": 810,\n\t            \"height\": 420,\n\t            \"caption\": \"Krisenzeiten Logistik\"\n\t        },\n\t        {\n\t            \"@type\": \"WebSite\",\n\t            \"@id\": \"https:\/\/www.rajapack.ch\/verpackungsnews\/#website\",\n\t            \"url\": \"https:\/\/www.rajapack.ch\/verpackungsnews\/\",\n\t            \"name\": \"RAJA Blog CH\",\n\t            \"description\": \"Verpackungsnews vom Experten\",\n\t            \"publisher\": {\n\t                \"@id\": \"https:\/\/www.rajapack.ch\/verpackungsnews\/#organization\"\n\t            },\n\t            \"potentialAction\": [\n\t                {\n\t                    \"@type\": \"SearchAction\",\n\t                    \"target\": {\n\t                        \"@type\": \"EntryPoint\",\n\t                        \"urlTemplate\": \"https:\/\/www.rajapack.ch\/verpackungsnews\/?s={search_term_string}\"\n\t                    },\n\t                    \"query-input\": \"required name=search_term_string\"\n\t                }\n\t            ],\n\t            \"inLanguage\": \"de-DE\"\n\t        },\n\t        {\n\t            \"@type\": \"Organization\",\n\t            \"@id\": \"https:\/\/www.rajapack.ch\/verpackungsnews\/#organization\",\n\t            \"name\": \"RAJA Blog CH\",\n\t            \"url\": \"https:\/\/www.rajapack.ch\/verpackungsnews\/\",\n\t            \"logo\": {\n\t                \"@type\": \"ImageObject\",\n\t                \"inLanguage\": \"de-DE\",\n\t                \"@id\": \"https:\/\/www.rajapack.ch\/verpackungsnews\/#\/schema\/logo\/image\/\",\n\t                \"url\": \"\",\n\t                \"contentUrl\": \"\",\n\t                \"caption\": \"RAJA Blog CH\"\n\t            },\n\t            \"image\": {\n\t                \"@id\": \"https:\/\/www.rajapack.ch\/verpackungsnews\/#\/schema\/logo\/image\/\"\n\t            },\n\t            \"sameAs\": [\n\t                \"https:\/\/de.linkedin.com\/company\/rajapack-gmbh\"\n\t            ]\n\t        },\n\t        {\n\t            \"@type\": \"Person\",\n\t            \"@id\": \"https:\/\/www.rajapack.ch\/verpackungsnews\/#\/schema\/person\/e0825d9926514f72b2ba6eafaf517f7a\",\n\t            \"name\": \"RAJAPACK Schweiz\",\n\t            \"image\": {\n\t                \"@type\": \"ImageObject\",\n\t                \"inLanguage\": \"de-DE\",\n\t                \"@id\": \"https:\/\/www.rajapack.ch\/verpackungsnews\/#\/schema\/person\/image\/\",\n\t                \"url\": \"https:\/\/secure.gravatar.com\/avatar\/f391ad6b3c41197daad8136e36418c64?s=96&d=mm&r=g\",\n\t                \"contentUrl\": \"https:\/\/secure.gravatar.com\/avatar\/f391ad6b3c41197daad8136e36418c64?s=96&d=mm&r=g\",\n\t                \"caption\": \"RAJAPACK Schweiz\"\n\t            },\n\t            \"description\": \"Geschrieben von unseren Verpackungsexperten bei RAJAPACK Schweiz: Wir lieben Verpackungen.\",\n\t            \"url\": \"https:\/\/www.rajapack.ch\/verpackungsnews\/author\/raja-ch\"\n\t        }\n\t    ]\n\t}<\/script>\n","yoast_head_json":{"title":"Logistik in Krisenzeiten - RAJA Blog CH","description":"Krisenzeiten: einige grundlegende Dinge k\u00f6nnen jetzt helfen die Situation f\u00fcr Logistiker und Produzenten zu vereinfachen:","robots":{"index":"index","follow":"follow","max-snippet":"max-snippet:-1","max-image-preview":"max-image-preview:large","max-video-preview":"max-video-preview:-1"},"canonical":"https:\/\/www.rajapack.ch\/verpackungsnews\/logistik-in-krisenzeiten","og_locale":"de_DE","og_type":"article","og_title":"Logistik in Krisenzeiten - RAJA Blog CH","og_description":"Krisenzeiten: einige grundlegende Dinge k\u00f6nnen jetzt helfen die Situation f\u00fcr Logistiker und Produzenten zu vereinfachen:","og_url":"https:\/\/www.rajapack.ch\/verpackungsnews\/logistik-in-krisenzeiten","og_site_name":"RAJA Blog CH","article_published_time":"2020-03-23T13:47:50+00:00","article_modified_time":"2023-05-17T06:25:19+00:00","og_image":[{"width":810,"height":420,"url":"https:\/\/www.rajapack.ch\/verpackungsnews\/wp-content\/uploads\/2020\/03\/Logistik-in-Krisenzeiten.jpg","type":"image\/jpeg"}],"author":"RAJAPACK Schweiz","twitter_card":"summary_large_image","twitter_title":"Logistik in Krisenzeiten - RAJA Blog CH","twitter_description":"Krisenzeiten: einige grundlegende Dinge k\u00f6nnen jetzt helfen die Situation f\u00fcr Logistiker und Produzenten zu vereinfachen:","twitter_image":"https:\/\/www.rajapack.ch\/verpackungsnews\/wp-content\/uploads\/2020\/03\/Logistik-in-Krisenzeiten.jpg","twitter_misc":{"Verfasst von":"RAJAPACK Schweiz","Gesch\u00e4tzte Lesezeit":"3 Minuten"},"schema":{"@context":"https:\/\/schema.org","@graph":[{"@type":"Article","@id":"https:\/\/www.rajapack.ch\/verpackungsnews\/logistik-in-krisenzeiten#article","isPartOf":{"@id":"https:\/\/www.rajapack.ch\/verpackungsnews\/logistik-in-krisenzeiten"},"author":{"name":"RAJAPACK Schweiz","@id":"https:\/\/www.rajapack.ch\/verpackungsnews\/#\/schema\/person\/e0825d9926514f72b2ba6eafaf517f7a"},"headline":"Logistik in Krisenzeiten","datePublished":"2020-03-23T13:47:50+00:00","dateModified":"2023-05-17T06:25:19+00:00","mainEntityOfPage":{"@id":"https:\/\/www.rajapack.ch\/verpackungsnews\/logistik-in-krisenzeiten"},"wordCount":579,"commentCount":0,"publisher":{"@id":"https:\/\/www.rajapack.ch\/verpackungsnews\/#organization"},"image":{"@id":"https:\/\/www.rajapack.ch\/verpackungsnews\/logistik-in-krisenzeiten#primaryimage"},"thumbnailUrl":"https:\/\/www.rajapack.ch\/verpackungsnews\/wp-content\/uploads\/2020\/03\/Logistik-in-Krisenzeiten.jpg","keywords":["Logistik","Warenverkehr"],"articleSection":["News und Trends"],"inLanguage":"de-DE","potentialAction":[{"@type":"CommentAction","name":"Comment","target":["https:\/\/www.rajapack.ch\/verpackungsnews\/logistik-in-krisenzeiten#respond"]}]},{"@type":"WebPage","@id":"https:\/\/www.rajapack.ch\/verpackungsnews\/logistik-in-krisenzeiten","url":"https:\/\/www.rajapack.ch\/verpackungsnews\/logistik-in-krisenzeiten","name":"Logistik in Krisenzeiten - RAJA Blog CH","isPartOf":{"@id":"https:\/\/www.rajapack.ch\/verpackungsnews\/#website"},"primaryImageOfPage":{"@id":"https:\/\/www.rajapack.ch\/verpackungsnews\/logistik-in-krisenzeiten#primaryimage"},"image":{"@id":"https:\/\/www.rajapack.ch\/verpackungsnews\/logistik-in-krisenzeiten#primaryimage"},"thumbnailUrl":"https:\/\/www.rajapack.ch\/verpackungsnews\/wp-content\/uploads\/2020\/03\/Logistik-in-Krisenzeiten.jpg","datePublished":"2020-03-23T13:47:50+00:00","dateModified":"2023-05-17T06:25:19+00:00","description":"Krisenzeiten: einige grundlegende Dinge k\u00f6nnen jetzt helfen die Situation f\u00fcr Logistiker und Produzenten zu vereinfachen:","inLanguage":"de-DE","potentialAction":[{"@type":"ReadAction","target":["https:\/\/www.rajapack.ch\/verpackungsnews\/logistik-in-krisenzeiten"]}]},{"@type":"ImageObject","inLanguage":"de-DE","@id":"https:\/\/www.rajapack.ch\/verpackungsnews\/logistik-in-krisenzeiten#primaryimage","url":"https:\/\/www.rajapack.ch\/verpackungsnews\/wp-content\/uploads\/2020\/03\/Logistik-in-Krisenzeiten.jpg","contentUrl":"https:\/\/www.rajapack.ch\/verpackungsnews\/wp-content\/uploads\/2020\/03\/Logistik-in-Krisenzeiten.jpg","width":810,"height":420,"caption":"Krisenzeiten Logistik"},{"@type":"WebSite","@id":"https:\/\/www.rajapack.ch\/verpackungsnews\/#website","url":"https:\/\/www.rajapack.ch\/verpackungsnews\/","name":"RAJA Blog CH","description":"Verpackungsnews vom Experten","publisher":{"@id":"https:\/\/www.rajapack.ch\/verpackungsnews\/#organization"},"potentialAction":[{"@type":"SearchAction","target":{"@type":"EntryPoint","urlTemplate":"https:\/\/www.rajapack.ch\/verpackungsnews\/?s={search_term_string}"},"query-input":"required name=search_term_string"}],"inLanguage":"de-DE"},{"@type":"Organization","@id":"https:\/\/www.rajapack.ch\/verpackungsnews\/#organization","name":"RAJA Blog CH","url":"https:\/\/www.rajapack.ch\/verpackungsnews\/","logo":{"@type":"ImageObject","inLanguage":"de-DE","@id":"https:\/\/www.rajapack.ch\/verpackungsnews\/#\/schema\/logo\/image\/","url":"","contentUrl":"","caption":"RAJA Blog CH"},"image":{"@id":"https:\/\/www.rajapack.ch\/verpackungsnews\/#\/schema\/logo\/image\/"},"sameAs":["https:\/\/de.linkedin.com\/company\/rajapack-gmbh"]},{"@type":"Person","@id":"https:\/\/www.rajapack.ch\/verpackungsnews\/#\/schema\/person\/e0825d9926514f72b2ba6eafaf517f7a","name":"RAJAPACK Schweiz","image":{"@type":"ImageObject","inLanguage":"de-DE","@id":"https:\/\/www.rajapack.ch\/verpackungsnews\/#\/schema\/person\/image\/","url":"https:\/\/secure.gravatar.com\/avatar\/f391ad6b3c41197daad8136e36418c64?s=96&d=mm&r=g","contentUrl":"https:\/\/secure.gravatar.com\/avatar\/f391ad6b3c41197daad8136e36418c64?s=96&d=mm&r=g","caption":"RAJAPACK Schweiz"},"description":"Geschrieben von unseren Verpackungsexperten bei RAJAPACK Schweiz: Wir lieben Verpackungen.","url":"https:\/\/www.rajapack.ch\/verpackungsnews\/author\/raja-ch"}]}},"_links":{"self":[{"href":"https:\/\/www.rajapack.ch\/verpackungsnews\/wp-json\/wp\/v2\/posts\/18910"}],"collection":[{"href":"https:\/\/www.rajapack.ch\/verpackungsnews\/wp-json\/wp\/v2\/posts"}],"about":[{"href":"https:\/\/www.rajapack.ch\/verpackungsnews\/wp-json\/wp\/v2\/types\/post"}],"author":[{"embeddable":true,"href":"https:\/\/www.rajapack.ch\/verpackungsnews\/wp-json\/wp\/v2\/users\/20"}],"replies":[{"embeddable":true,"href":"https:\/\/www.rajapack.ch\/verpackungsnews\/wp-json\/wp\/v2\/comments?post=18910"}],"version-history":[{"count":0,"href":"https:\/\/www.rajapack.ch\/verpackungsnews\/wp-json\/wp\/v2\/posts\/18910\/revisions"}],"wp:featuredmedia":[{"embeddable":true,"href":"https:\/\/www.rajapack.ch\/verpackungsnews\/wp-json\/wp\/v2\/media\/25574"}],"wp:attachment":[{"href":"https:\/\/www.rajapack.ch\/verpackungsnews\/wp-json\/wp\/v2\/media?parent=18910"}],"wp:term":[{"taxonomy":"category","embeddable":true,"href":"https:\/\/www.rajapack.ch\/verpackungsnews\/wp-json\/wp\/v2\/categories?post=18910"},{"taxonomy":"post_tag","embeddable":true,"href":"https:\/\/www.rajapack.ch\/verpackungsnews\/wp-json\/wp\/v2\/tags?post=18910"}],"curies":[{"name":"wp","href":"https:\/\/api.w.org\/{rel}","templated":true}]}}