{"id":19303,"date":"2020-06-02T13:36:46","date_gmt":"2020-06-02T11:36:46","guid":{"rendered":"https:\/\/www.rajapack.ch\/verpackungsnews\/?p=19303"},"modified":"2025-12-29T09:32:07","modified_gmt":"2025-12-29T08:32:07","slug":"verpackungsgrundsaetze-bei-raja","status":"publish","type":"post","link":"https:\/\/www.rajapack.ch\/verpackungsnews\/verpackungsgrundsaetze-bei-raja","title":{"rendered":"RAJAPACK&#8217;s 5 Verpackungsgrunds\u00e4tze"},"content":{"rendered":"<h5><strong>Verpacken und Umwelt \u2013 nur scheinbar ein Widerspruch.<\/strong><\/h5>\n<h5>Fakt ist: Gebrauchte Verpackungen machen den gr\u00f6ssten Teil der Abf\u00e4lle aus Haushalten aus. Die Menge steigt seit Jahren, und im Jahr produzieren die Schweizer rund 80 bis 90 Millionen Tonnen Abfall j\u00e4hrlich.<\/h5>\n<h5>Fakt ist aber auch: Verpackungen sch\u00fctzen beim Transport, halten Lebensmittel frisch und dienen der Hygiene \u2013 und tragen so dazu bei, Abfall zu vermeiden. Sie sind n\u00f6tig und nicht wegzudenken.<\/h5>\n<h5>Die eigentliche Frage ist also nicht,\u00a0<strong>ob<\/strong>\u00a0wir verpacken, sondern\u00a0<strong>wie<\/strong>. Und diese Frage m\u00fcssen sich alle am Verpackungskreislauf beteiligten Akteure stellen, immer und immer wieder. Denn immer wieder \u00e4ndern sich Rahmenbedingungen, es gibt neue Erkenntnisse, neue Gesetze und neue Materialien. Die entscheidende Frage: Wie geht nachhaltiges Verpacken?<\/h5>\n<div class=\"su-spacer\" style=\"height:20px\"><\/div><div class=\"su-divider su-divider-style-default\" style=\"margin:15px 0;border-width:3px;border-color:#999999\"><\/div><div class=\"su-spacer\" style=\"height:20px\"><\/div>\n<p>Wen sehen die Befragten einer Umfrage des BMU in der Hauptverantwortung, Verpackungen zu reduzieren?<\/p>\n<div class=\"su-custom-gallery su-custom-gallery-align-left su-custom-gallery-title-never\"><div class=\"su-custom-gallery-slide\" style=\"width:265px;height:394px\"><a><img loading=\"lazy\" decoding=\"async\" src=\"https:\/\/www.rajapack.ch\/verpackungsnews\/wp-content\/uploads\/2020\/06\/Verantwortlich-fuer-Verpackungsmuell-Grafik-265x394.jpg\" alt=\"Verantwortlich-f\u00fcr-Verpackungsm\u00fcll-Grafik\" width=\"265\" height=\"394\" \/><span class=\"su-custom-gallery-title\">Verantwortlich-f\u00fcr-Verpackungsm\u00fcll-Grafik<\/span><\/a><\/div><div class=\"su-clear\"><\/div><\/div>\n<p>Wir nehmen den Aktionstag \u201e<a href=\"https:\/\/www.worldenvironmentday.global\/\" target=\"_blank\" rel=\"noopener\">Weltumwelttag<\/a>\u201c am 05. Juni zum Anlass, unsere Herangehensweise an nachhaltiges Verpacken, zusammengefasst in unseren 5 Verpackungsgrunds\u00e4tzen, vorzustellen:<\/p>\n<div class=\"su-custom-gallery su-custom-gallery-align-left su-custom-gallery-title-never\"><div class=\"su-custom-gallery-slide\" style=\"width:1136px;height:357px\"><a><img loading=\"lazy\" decoding=\"async\" src=\"https:\/\/www.rajapack.ch\/verpackungsnews\/wp-content\/uploads\/2020\/06\/die-5-R-Grafik-1136x357.png\" alt=\"RAJA Verpackungsgrunds\u00e4tze\" width=\"1136\" height=\"357\" \/><span class=\"su-custom-gallery-title\">RAJA Verpackungsgrunds\u00e4tze<\/span><\/a><\/div><div class=\"su-clear\"><\/div><\/div>\n<div class=\"su-spacer\" style=\"height:20px\"><\/div>\n<h2>Grundsatz Nr.1: Reduzieren<\/h2>\n<div class=\"su-spacer\" style=\"height:20px\"><\/div>\n<p>Oft wird deutlich mehr Verpackungsmaterial verwendet, als der Produktschutz es fordert. Dies ist zu grossen Teilen bei Lebensmittel- und Convenience-Verpackungen der Fall (\u201eMogelverpackungen\u201c). Aber auch in Versand und Transport wird oft zu viel Material verwendet. Der Hauptgrund: Viele Versender nutzen aus Gr\u00fcnden der Kostenoptimierung Versandverpackungen in Standardgr\u00f6sse(n)\u2013 und f\u00fcllen die entstehenden Hohlr\u00e4ume dann mit F\u00fcllmaterial, das in diesen Mengen bei einem passgenauen Versandkarton nicht n\u00f6tig w\u00e4re.<\/p>\n<p><a href=\"\/verpackungsnews\/die-zukunft-des-e-commerce\" target=\"_blank\" rel=\"noopener\">Welche Rolle die passende Kartongr\u00f6sse f\u00fcr die Umwelt spielt<\/a>, welche Einsparm\u00f6glichkeiten sich mit optimierter Versandverpackung bieten und wie Sie mit <a href=\"\/verpackungsnews\/kartons-hoehenverstellbar\" target=\"_blank\" rel=\"noopener\">volumenvariablen Kartons<\/a> bei divergenter Gr\u00f6sse Ihrer Produkte in Versand und Transport flexibel bleiben, erfahren Sie im Gespr\u00e4ch mit unseren Kundenberatern sowie\u00a0hier im Blog. Und im Webshop hilft Ihnen unser\u00a0<a href=\"https:\/\/www.rajapack.ch\/de_CH\/boxselector_cms_000002.html\" target=\"_blank\" rel=\"noopener\">Karton-Finder<\/a>\u00a0in wenigen Klicks bei der Suche zum perfekten Karton.<\/p>\n<div class=\"su-spacer\" style=\"height:20px\"><\/div>\n<h2>Grundsatz Nr.2: Wiederverwenden<\/h2>\n<div class=\"su-spacer\" style=\"height:20px\"><\/div>\n<p>Eine wachsende Zahl\u00a0an Unternehmen setzen statt auf Einweg- auf Mehrwegverpackungen. Diese werden nach Benutzung zur\u00fcckgenommen, gereinigt und erneut verwendet. Das Wiederverwenden bringt geringeren Rohstoff- und Energieverbrauch bei der Herstellung, aber auch geringere Abfallmengen in Unternehmen und Haushalten.<\/p>\n<p>Schon \u00fcblich und etabliert sind Mehrwegsysteme bei Getr\u00e4nke- und Molkereiprodukten, aber sie sind durchaus denkbar auch als L\u00f6sung in der Industrie oder f\u00fcr Transportverpackungen. Das Prinzip \u201eEuropalette\u201c l\u00e4sst sich n\u00e4mlich auch ausbauen und anwenden bei Mehrwegbeh\u00e4ltern wie Gitterboxen und Kunststoffkisten, ideal f\u00fcr nachhaltiges Verpacken. Die Umstellung auf Mehrwegsysteme bedeutet aber zun\u00e4chst eine nicht unerhebliche Investition: Die Logistik muss umgestellt werden, der R\u00fccklauf der <a href=\"https:\/\/www.rajapack.ch\/de_CH\/lagerung-handling\/lagerboxen-kaesten\/aufbewahrungsboxen\/mehrwegbehaelter_PDT05753.html\" target=\"_blank\" rel=\"noopener\">Mehrwegbeh\u00e4lter<\/a>\u00a0muss gew\u00e4hrleistet sein, die Reinigung -insbesondere auch vor dem Hintergrund der geltenden und aktuell versch\u00e4rften Hygienevorschriften! &#8211; ist komplex und aufw\u00e4ndig.<\/p>\n<div class=\"su-spacer\" style=\"height:20px\"><\/div>\n<div class=\"su-service\"><div class=\"su-service-title\" style=\"padding-left:54px;min-height:40px;line-height:40px\"><i class=\"sui sui-lightbulb-o\" style=\"font-size:40px;color:#4169ed\"><\/i> F\u00fcr wen eignen sich Pfand- bzw. Mehrwegsysteme? Und was gilt es zu beachten?<\/div><div class=\"su-service-content su-u-clearfix su-u-trim\" style=\"padding-left:54px\">Unternehmen, die einen festen Kundenstamm beliefern und deren Produkte weitestgehend homogen sind in Gr\u00f6sse und Schutzanforderungen, profitieren von Mehrwegverpackungen. Dabei muss beachtet werden, dass die Verpackungen stabil, langlebig und gut zu reinigen sein. F\u00fcr positive Effekte in Lager und Transport sollten Mehrwegbeh\u00e4lter genormte Masse haben und gut stapelbar sein.\u00a0 <\/div><\/div>\n<div class=\"su-service\"><div class=\"su-service-title\" style=\"padding-left:54px;min-height:40px;line-height:40px\"><i class=\"sui sui-refresh\" style=\"font-size:40px;color:#4169ed\"><\/i> Mehrwegverpackungen im Onlinehandel?<\/div><div class=\"su-service-content su-u-clearfix su-u-trim\" style=\"padding-left:54px\">Ein ganz wesentlicher Anteil an Verpackungsm\u00fcll f\u00e4llt bei Onlinebestellungen an. Die g\u00e4ngigen Versandverpackung sind optimiert f\u00fcr den Versand per Post und so konzipiert, dass sie auch einen einmaligen R\u00fcckversand \u00fcberstehen \u2013 dann ist Schluss. Entweder beim Verbraucher, sp\u00e4testens aber nach dem Retourversand beim Versender werden sie entsorgt und dem Recycling-Kreislauf zugef\u00fchrt. Die Strukturen f\u00fcr Mehrwegverpackungen im Onlinehandel sind l\u00e4ngst nicht geschaffen. Aber: Die Akzeptanz unter den Verbrauchern w\u00e4re zumindest laut einer Studie von PwC schon mal da:<\/div><\/div>\n<div class=\"su-quote su-quote-style-default su-quote-has-cite\"><div class=\"su-quote-inner su-u-clearfix su-u-trim\">Umdenken auch beim Online-Konsumenten: 70% der Befragten w\u00e4ren bereit, bei Ihren Bestellungen auf Mehrweg-Versandverpackungen umzusteigen <span class=\"su-quote-cite\">Studie pwc, Februar 2018<\/span><\/div><\/div>\n<p>Auch interessant:<\/p>\n<p>Sind\u00a0<a href=\"https:\/\/www.nzz.ch\/schweiz\/klimafreundlich-einkaufen-es-kommt-auf-den-konsumenten-an-ld.1484434\" target=\"_blank\" rel=\"noopener\">Onlinebestellungen wirklich klimasch\u00e4dlicher<\/a>\u00a0als im station\u00e4ren Handel zu kaufen?<\/p>\n<div class=\"su-spacer\" style=\"height:20px\"><\/div>\n<h2>Grundsatz Nr.3: Ersetzen<\/h2>\n<div class=\"su-spacer\" style=\"height:20px\"><\/div>\n<p>In Bezug auf Verpackungsmaterialien wird ausgiebig und intensiv diskutiert. Der Klassiker unter den Streitfragen?\u00a0<a href=\"\/verpackungsnews\/nachhaltiger-polsterschutz\" target=\"_blank\" rel=\"noopener\">Ist Plastik generell schlechter als Papier<\/a>? Es lohnt sich immer, im Einzelfall zu entscheiden. Viele Faktoren beeinflussen die Entscheidung: Schutzanspr\u00fcche des Produktes, welche Einfl\u00fcssen ist der Verpackungsinhalt bei Lager und Transport ausgesetzt, \u00fcber welche Dauer muss der Schutz bestehen.<\/p>\n<p>Es lohnt sich auch immer, den gesamten Lifecycle des Materials anzuschauen, von der Herstellung bis zur Entsorgung nach m\u00f6glicherweise mehrfacher Wiederverwertung. Keiner der Wertstoffe erf\u00fcllt alle Kriterien zur Nachhaltigkeit. Wir beraten Sie gerne bei der Auswahl des passenden Verpackungsmaterials f\u00fcr nachhaltiges Verpacken. Aber auch wir haben (und tun es immer noch!) dazugelernt und pr\u00fcfen kontinuierlich, ob es eventuell vertr\u00e4glichere Materialen mit denselben Schutzeigenschaften gibt. So haben wir beispielsweise Produkte aus Polystyrol aus dem Sortiment genommen und durch <a href=\"https:\/\/www.rajapack.ch\/de_CH\/polster-fuellmaterialien\/kantenschutzprofile-ecken\/eckenschutz\/karton-kantenschutzecken-dreieckig_PDT00350.html\" target=\"_blank\" rel=\"noopener\">Produkte aus Karton<\/a>\u00a0ersetzt.<\/p>\n<p>Hier finden Sie eine Auswahl unserer Produkte f\u00fcr\u00a0<a href=\"https:\/\/www.rajapack.ch\/de_CH\/umweltfreundliche-verpackungen_cms_000101.html\" target=\"_blank\" rel=\"noopener\">nachhaltiges Verpacken<\/a>.<\/p>\n<div class=\"su-spacer\" style=\"height:20px\"><\/div>\n<h2>Grundsatz Nr4: Nachwachsen<\/h2>\n<div class=\"su-spacer\" style=\"height:20px\"><\/div>\n<p>Wo immer es die Produktanforderungen erlauben, bieten wir Produkte aus nachwachsenden Rohstoffen an. In unserem Produktsortiment erkennen Sie diese zum Beispiel am FSC oder PEFC Siegel \u2013 im Bereich Holz, Papier und Karton. Aber auch pflanzliche St\u00e4rke und PLA (abbaubares Bioplastik) werden verwendet. So ist inzwischen auch im Bereich\u00a0<a href=\"https:\/\/www.rajapack.ch\/de_CH\/hygiene-catering\/catering_C6092.html\" target=\"_blank\" rel=\"noopener\">Take-Away Verpackungen<\/a>\u00a0das Thema nachhaltiges Verpacken in unserem Sortiment vorherrschend \u2013 vom Pappbecher aus recycelbaren und nachwachsenden Rohstoffen bis hin zu R\u00fchrst\u00e4bchen aus Holz, die voll und ganz biologisch abbaubar sind.<\/p>\n<div class=\"su-spacer\" style=\"height:20px\"><\/div>\n<h2>Grundsatz Nr5: Recyceln<\/h2>\n<div class=\"su-spacer\" style=\"height:20px\"><\/div>\n<p>Was geschieht mit der Verpackung, nach Gebrauch? Das\u00a0Schliessen der Recycling-Kreisl\u00e4ufe\u00a0ist\u00a0<strong>eine der wesentlichen Herausforderungen<\/strong>, denen wir uns in Bezug auf Verpackungen stellen m\u00fcssen. Vom Gesetzgeber gibt es hierzu klare Vorgaben:<\/p>\n<div class=\"su-custom-gallery su-custom-gallery-align-left su-custom-gallery-title-never\"><div class=\"su-custom-gallery-slide\" style=\"width:1140px;height:415px\"><a><img loading=\"lazy\" decoding=\"async\" src=\"https:\/\/www.rajapack.ch\/verpackungsnews\/wp-content\/uploads\/2020\/06\/Gesetzliche-Quoten-Recycling-Grafik-1140x415.jpg\" alt=\"Gesetzliche-Quoten-Recycling-Grafik\" width=\"1140\" height=\"415\" \/><span class=\"su-custom-gallery-title\">Gesetzliche-Quoten-Recycling-Grafik<\/span><\/a><\/div><div class=\"su-clear\"><\/div><\/div>\n<h2>Erf\u00fcllen wir in der Schweiz die Recyclingquoten?<\/h2>\n<div class=\"su-spacer\" style=\"height:20px\"><\/div>\n<p>Die Recyclingquote (bezogen auf Siedlungsabfallaufkommen) gem\u00e4ss des <a href=\"https:\/\/ec.europa.eu\/commission\/presscorner\/detail\/de\/ip_18_3846\" target=\"_blank\" rel=\"noopener\">Abfallwirtschaftspakets<\/a>\u00a0liegen bei\u00a0<strong>55% f\u00fcr 2025<\/strong>\u00a0und bei\u00a0<strong>65% bis 2035<\/strong>. Aktuell errechnet sich nach geltenden Massst\u00e4ben f\u00fcr\u00a0<strong>die Schweiz eine Quote von 52%<\/strong> (Deutschland 67%; \u00d6sterreich 59%). Damit sind die Ziele erf\u00fcllt.<\/p>\n<p>Alles gut also? Nein. Denn mit dem Inkrafttreten des Abfallwirtschaftspakets gelten auch\u00a0<a href=\"https:\/\/eur-lex.europa.eu\/legal-content\/DE\/TXT\/?qid=1540556404802&amp;uri=CELEX:32018L0851\" target=\"_blank\" rel=\"noopener\">neue Berechnungsmethoden f\u00fcr Recyclingquoten<\/a>. Die neue, outputbasierte Berechnungsmethode (der Input in Recyclingverfahren darf erst dann zur Berechnung herangezogen werden, nachdem alle vorgelagerten Pr\u00fcf-, Sortier- und sonstigen vorbereitenden Verfahren zur Entfernung von nicht recycelbaren Abf\u00e4llen durchlaufen wurden) wird zur Folge haben, dass in Deutschland, aber auch in \u00d6sterreich und der Schweiz die Recyclingquoten absinken werden.<\/p>\n<div class=\"su-box su-box-style-soft font-size: 40pt;\" id=\"Betonung\" style=\"border-color:#76a8b0;border-radius:3px\"><div class=\"su-box-title\" style=\"background-color:#a9dbe3;color:#141313;border-top-left-radius:1px;border-top-right-radius:1px\">Auch f\u00fcr Verpackungen werden klare Ziele vorgegeben<\/div><div class=\"su-box-content su-u-clearfix su-u-trim\" style=\"border-bottom-left-radius:1px;border-bottom-right-radius:1px\">F\u00fcr Verpackungen werden konkrete Recyclingziele vorgegeben:<\/p>\n<div class=\"su-table 01 table { 02 background-color: #ffffff; 03 border-collapse: collapse; 04 border: 0px; 05 } 06 thead { 07 background-color: #f3c600; 08 } 09 tfoot { 10 background-color: #F7F1D4; 11 font-size: 80%; 12 border-top: 1px solid #999; 13 } 14 td, th { 15 text-align: left; 16 padding: 0.5em 1em; 17 } su-table-responsive\">\n<table border=\"0\">\n<tbody>\n<tr>\n<td><\/td>\n<td>\u00a0\u00a0<strong>Bis 2025<\/strong><\/td>\n<td>\u00a0\u00a0<strong>Bis 2030<\/strong><\/td>\n<\/tr>\n<tr>\n<td>Alle Verpackungen<\/td>\n<td>\u00a0 65%<\/td>\n<td>\u00a0 70%<\/td>\n<\/tr>\n<tr>\n<td>Plastik<\/td>\n<td>\u00a0 50%<\/td>\n<td>\u00a0 55%<\/td>\n<\/tr>\n<tr>\n<td>Holz<\/td>\n<td>\u00a0 25%<\/td>\n<td>\u00a0 30%<\/td>\n<\/tr>\n<tr>\n<td>Eisenmetalle<\/td>\n<td>\u00a0 70%<\/td>\n<td>\u00a0 80%<\/td>\n<\/tr>\n<tr>\n<td>Aluminium<\/td>\n<td>\u00a0 50%<\/td>\n<td>\u00a0 60%<\/td>\n<\/tr>\n<tr>\n<td>Glas<\/td>\n<td>\u00a0 70%<\/td>\n<td>\u00a0 75%<\/td>\n<\/tr>\n<tr>\n<td>Papier und Karton<\/td>\n<td>\u00a0 75%<\/td>\n<td>\u00a0 85%<\/td>\n<\/tr>\n<\/tbody>\n<\/table>\n<\/div><\/div><\/div>\n<h2>Mehr zum Thema Recycling:<\/h2>\n<div class=\"su-spacer\" style=\"height:20px\"><\/div>\n<p><a href=\"https:\/\/www.rajapack.ch\/verpackungsnews\/plastik-recyceln\" target=\"_blank\" rel=\"noopener\">Recycling als Ressource &#8211; Plastikabf\u00e4lle sind kein M\u00fcll<\/a><\/p>\n<p class=\"header-pages-blog\"><a href=\"\/verpackungsnews\/eu-recyclingquoten\" target=\"_blank\" rel=\"noopener\">Guideline f\u00fcr Verpackungen \u2013 so nachhaltig wie m\u00f6glich!<\/a><\/p>\n","protected":false},"excerpt":{"rendered":"<p>Verpacken und Umwelt \u2013 nur scheinbar ein Widerspruch. Fakt ist: Gebrauchte Verpackungen machen den gr\u00f6ssten Teil der Abf\u00e4lle aus Haushalten aus. Die Menge steigt seit Jahren, und im Jahr produzieren [&#8230;]<\/p>\n","protected":false},"author":20,"featured_media":25499,"comment_status":"open","ping_status":"closed","sticky":false,"template":"","format":"standard","meta":{"_acf_changed":false,"footnotes":""},"categories":[20],"tags":[790,16,361],"class_list":["post-19303","post","type-post","status-publish","format-standard","has-post-thumbnail","hentry","category-know-how","tag-mehrweg","tag-nachhaltigkeit","tag-recycling"],"acf":[],"yoast_head":"\n<title>RAJAPACK&#039;s 5 Verpackungsgrunds\u00e4tze - RAJA Blog CH<\/title>\n<meta name=\"description\" content=\"Unsere Herangehensweise an nachhaltiges Verpacken haben wir in unseren 5 Verpackungsgrunds\u00e4tzen zusammengefasst : Die 5R bei RAJAPACK\" \/>\n<meta name=\"robots\" content=\"index, follow, max-snippet:-1, max-image-preview:large, max-video-preview:-1\" \/>\n<link rel=\"canonical\" href=\"https:\/\/www.rajapack.ch\/verpackungsnews\/verpackungsgrundsaetze-bei-raja\" \/>\n<meta property=\"og:locale\" content=\"de_DE\" \/>\n<meta property=\"og:type\" content=\"article\" \/>\n<meta property=\"og:title\" content=\"RAJAPACK&#039;s 5 Verpackungsgrunds\u00e4tze - RAJA Blog CH\" \/>\n<meta property=\"og:description\" content=\"Unsere Herangehensweise an nachhaltiges Verpacken haben wir in unseren 5 Verpackungsgrunds\u00e4tzen zusammengefasst : Die 5R bei RAJA\" \/>\n<meta property=\"og:url\" content=\"https:\/\/www.rajapack.ch\/verpackungsnews\/verpackungsgrundsaetze-bei-raja\" \/>\n<meta property=\"og:site_name\" content=\"RAJA Blog CH\" \/>\n<meta property=\"article:published_time\" content=\"2020-06-02T11:36:46+00:00\" \/>\n<meta property=\"article:modified_time\" content=\"2025-12-29T08:32:07+00:00\" \/>\n<meta property=\"og:image\" content=\"https:\/\/www.rajapack.ch\/verpackungsnews\/wp-content\/uploads\/2020\/06\/Blogtitel_Die-5R.jpg\" \/>\n\t<meta property=\"og:image:width\" content=\"810\" \/>\n\t<meta property=\"og:image:height\" content=\"420\" \/>\n\t<meta property=\"og:image:type\" content=\"image\/jpeg\" \/>\n<meta name=\"author\" content=\"RAJAPACK Schweiz\" \/>\n<meta name=\"twitter:card\" content=\"summary_large_image\" \/>\n<meta name=\"twitter:title\" content=\"RAJAPACK&#039;s 5 Verpackungsgrunds\u00e4tze - RAJA Blog CH\" \/>\n<meta name=\"twitter:description\" content=\"Unsere Herangehensweise an nachhaltiges Verpacken haben wir in unseren 5 Verpackungsgrunds\u00e4tzen zusammengefasst : Die 5R bei RAJA\" \/>\n<meta name=\"twitter:image\" content=\"https:\/\/www.rajapack.ch\/verpackungsnews\/wp-content\/uploads\/2020\/06\/Blogtitel_Die-5R.jpg\" \/>\n<meta name=\"twitter:label1\" content=\"Verfasst von\" \/>\n\t<meta name=\"twitter:data1\" content=\"RAJAPACK Schweiz\" \/>\n\t<meta name=\"twitter:label2\" content=\"Gesch\u00e4tzte Lesezeit\" \/>\n\t<meta name=\"twitter:data2\" content=\"7 Minuten\" \/>\n<script type=\"application\/ld+json\" class=\"yoast-schema-graph\">{\n\t    \"@context\": \"https:\/\/schema.org\",\n\t    \"@graph\": [\n\t        {\n\t            \"@type\": \"Article\",\n\t            \"@id\": \"https:\/\/www.rajapack.ch\/verpackungsnews\/verpackungsgrundsaetze-bei-raja#article\",\n\t            \"isPartOf\": {\n\t                \"@id\": \"https:\/\/www.rajapack.ch\/verpackungsnews\/verpackungsgrundsaetze-bei-raja\"\n\t            },\n\t            \"author\": {\n\t                \"name\": \"RAJAPACK Schweiz\",\n\t                \"@id\": \"https:\/\/www.rajapack.ch\/verpackungsnews\/#\/schema\/person\/e0825d9926514f72b2ba6eafaf517f7a\"\n\t            },\n\t            \"headline\": \"RAJAPACK&#8217;s 5 Verpackungsgrunds\u00e4tze\",\n\t            \"datePublished\": \"2020-06-02T11:36:46+00:00\",\n\t            \"dateModified\": \"2025-12-29T08:32:07+00:00\",\n\t            \"mainEntityOfPage\": {\n\t                \"@id\": \"https:\/\/www.rajapack.ch\/verpackungsnews\/verpackungsgrundsaetze-bei-raja\"\n\t            },\n\t            \"wordCount\": 1225,\n\t            \"commentCount\": 0,\n\t            \"publisher\": {\n\t                \"@id\": \"https:\/\/www.rajapack.ch\/verpackungsnews\/#organization\"\n\t            },\n\t            \"image\": {\n\t                \"@id\": \"https:\/\/www.rajapack.ch\/verpackungsnews\/verpackungsgrundsaetze-bei-raja#primaryimage\"\n\t            },\n\t            \"thumbnailUrl\": \"https:\/\/www.rajapack.ch\/verpackungsnews\/wp-content\/uploads\/2020\/06\/Blogtitel_Die-5R.jpg\",\n\t            \"keywords\": [\n\t                \"Mehrweg\",\n\t                \"Nachhaltigkeit\",\n\t                \"Recycling\"\n\t            ],\n\t            \"articleSection\": [\n\t                \"Know How\"\n\t            ],\n\t            \"inLanguage\": \"de-DE\",\n\t            \"potentialAction\": [\n\t                {\n\t                    \"@type\": \"CommentAction\",\n\t                    \"name\": \"Comment\",\n\t                    \"target\": [\n\t                        \"https:\/\/www.rajapack.ch\/verpackungsnews\/verpackungsgrundsaetze-bei-raja#respond\"\n\t                    ]\n\t                }\n\t            ]\n\t        },\n\t        {\n\t            \"@type\": \"WebPage\",\n\t            \"@id\": \"https:\/\/www.rajapack.ch\/verpackungsnews\/verpackungsgrundsaetze-bei-raja\",\n\t            \"url\": \"https:\/\/www.rajapack.ch\/verpackungsnews\/verpackungsgrundsaetze-bei-raja\",\n\t            \"name\": \"RAJAPACK's 5 Verpackungsgrunds\u00e4tze - RAJA Blog CH\",\n\t            \"isPartOf\": {\n\t                \"@id\": \"https:\/\/www.rajapack.ch\/verpackungsnews\/#website\"\n\t            },\n\t            \"primaryImageOfPage\": {\n\t                \"@id\": \"https:\/\/www.rajapack.ch\/verpackungsnews\/verpackungsgrundsaetze-bei-raja#primaryimage\"\n\t            },\n\t            \"image\": {\n\t                \"@id\": \"https:\/\/www.rajapack.ch\/verpackungsnews\/verpackungsgrundsaetze-bei-raja#primaryimage\"\n\t            },\n\t            \"thumbnailUrl\": \"https:\/\/www.rajapack.ch\/verpackungsnews\/wp-content\/uploads\/2020\/06\/Blogtitel_Die-5R.jpg\",\n\t            \"datePublished\": \"2020-06-02T11:36:46+00:00\",\n\t            \"dateModified\": \"2025-12-29T08:32:07+00:00\",\n\t            \"description\": \"Unsere Herangehensweise an nachhaltiges Verpacken haben wir in unseren 5 Verpackungsgrunds\u00e4tzen zusammengefasst : Die 5R bei RAJAPACK\",\n\t            \"inLanguage\": \"de-DE\",\n\t            \"potentialAction\": [\n\t                {\n\t                    \"@type\": \"ReadAction\",\n\t                    \"target\": [\n\t                        \"https:\/\/www.rajapack.ch\/verpackungsnews\/verpackungsgrundsaetze-bei-raja\"\n\t                    ]\n\t                }\n\t            ]\n\t        },\n\t        {\n\t            \"@type\": \"ImageObject\",\n\t            \"inLanguage\": \"de-DE\",\n\t            \"@id\": \"https:\/\/www.rajapack.ch\/verpackungsnews\/verpackungsgrundsaetze-bei-raja#primaryimage\",\n\t            \"url\": \"https:\/\/www.rajapack.ch\/verpackungsnews\/wp-content\/uploads\/2020\/06\/Blogtitel_Die-5R.jpg\",\n\t            \"contentUrl\": \"https:\/\/www.rajapack.ch\/verpackungsnews\/wp-content\/uploads\/2020\/06\/Blogtitel_Die-5R.jpg\",\n\t            \"width\": 810,\n\t            \"height\": 420,\n\t            \"caption\": \"nachhaltiges Verpacken\"\n\t        },\n\t        {\n\t            \"@type\": \"WebSite\",\n\t            \"@id\": \"https:\/\/www.rajapack.ch\/verpackungsnews\/#website\",\n\t            \"url\": \"https:\/\/www.rajapack.ch\/verpackungsnews\/\",\n\t            \"name\": \"RAJA Blog CH\",\n\t            \"description\": \"Verpackungsnews vom Experten\",\n\t            \"publisher\": {\n\t                \"@id\": \"https:\/\/www.rajapack.ch\/verpackungsnews\/#organization\"\n\t            },\n\t            \"potentialAction\": [\n\t                {\n\t                    \"@type\": \"SearchAction\",\n\t                    \"target\": {\n\t                        \"@type\": \"EntryPoint\",\n\t                        \"urlTemplate\": \"https:\/\/www.rajapack.ch\/verpackungsnews\/?s={search_term_string}\"\n\t                    },\n\t                    \"query-input\": \"required name=search_term_string\"\n\t                }\n\t            ],\n\t            \"inLanguage\": \"de-DE\"\n\t        },\n\t        {\n\t            \"@type\": \"Organization\",\n\t            \"@id\": \"https:\/\/www.rajapack.ch\/verpackungsnews\/#organization\",\n\t            \"name\": \"RAJA Blog CH\",\n\t            \"url\": \"https:\/\/www.rajapack.ch\/verpackungsnews\/\",\n\t            \"logo\": {\n\t                \"@type\": \"ImageObject\",\n\t                \"inLanguage\": \"de-DE\",\n\t                \"@id\": \"https:\/\/www.rajapack.ch\/verpackungsnews\/#\/schema\/logo\/image\/\",\n\t                \"url\": \"\",\n\t                \"contentUrl\": \"\",\n\t                \"caption\": \"RAJA Blog CH\"\n\t            },\n\t            \"image\": {\n\t                \"@id\": \"https:\/\/www.rajapack.ch\/verpackungsnews\/#\/schema\/logo\/image\/\"\n\t            },\n\t            \"sameAs\": [\n\t                \"https:\/\/de.linkedin.com\/company\/rajapack-gmbh\"\n\t            ]\n\t        },\n\t        {\n\t            \"@type\": \"Person\",\n\t            \"@id\": \"https:\/\/www.rajapack.ch\/verpackungsnews\/#\/schema\/person\/e0825d9926514f72b2ba6eafaf517f7a\",\n\t            \"name\": \"RAJAPACK Schweiz\",\n\t            \"image\": {\n\t                \"@type\": \"ImageObject\",\n\t                \"inLanguage\": \"de-DE\",\n\t                \"@id\": \"https:\/\/www.rajapack.ch\/verpackungsnews\/#\/schema\/person\/image\/\",\n\t                \"url\": \"https:\/\/secure.gravatar.com\/avatar\/f391ad6b3c41197daad8136e36418c64?s=96&d=mm&r=g\",\n\t                \"contentUrl\": \"https:\/\/secure.gravatar.com\/avatar\/f391ad6b3c41197daad8136e36418c64?s=96&d=mm&r=g\",\n\t                \"caption\": \"RAJAPACK Schweiz\"\n\t            },\n\t            \"description\": \"Geschrieben von unseren Verpackungsexperten bei RAJAPACK Schweiz: Wir lieben Verpackungen.\",\n\t            \"url\": \"https:\/\/www.rajapack.ch\/verpackungsnews\/author\/raja-ch\"\n\t        }\n\t    ]\n\t}<\/script>\n","yoast_head_json":{"title":"RAJAPACK's 5 Verpackungsgrunds\u00e4tze - RAJA Blog CH","description":"Unsere Herangehensweise an nachhaltiges Verpacken haben wir in unseren 5 Verpackungsgrunds\u00e4tzen zusammengefasst : Die 5R bei RAJAPACK","robots":{"index":"index","follow":"follow","max-snippet":"max-snippet:-1","max-image-preview":"max-image-preview:large","max-video-preview":"max-video-preview:-1"},"canonical":"https:\/\/www.rajapack.ch\/verpackungsnews\/verpackungsgrundsaetze-bei-raja","og_locale":"de_DE","og_type":"article","og_title":"RAJAPACK's 5 Verpackungsgrunds\u00e4tze - RAJA Blog CH","og_description":"Unsere Herangehensweise an nachhaltiges Verpacken haben wir in unseren 5 Verpackungsgrunds\u00e4tzen zusammengefasst : Die 5R bei RAJA","og_url":"https:\/\/www.rajapack.ch\/verpackungsnews\/verpackungsgrundsaetze-bei-raja","og_site_name":"RAJA Blog CH","article_published_time":"2020-06-02T11:36:46+00:00","article_modified_time":"2025-12-29T08:32:07+00:00","og_image":[{"width":810,"height":420,"url":"https:\/\/www.rajapack.ch\/verpackungsnews\/wp-content\/uploads\/2020\/06\/Blogtitel_Die-5R.jpg","type":"image\/jpeg"}],"author":"RAJAPACK Schweiz","twitter_card":"summary_large_image","twitter_title":"RAJAPACK's 5 Verpackungsgrunds\u00e4tze - RAJA Blog CH","twitter_description":"Unsere Herangehensweise an nachhaltiges Verpacken haben wir in unseren 5 Verpackungsgrunds\u00e4tzen zusammengefasst : Die 5R bei RAJA","twitter_image":"https:\/\/www.rajapack.ch\/verpackungsnews\/wp-content\/uploads\/2020\/06\/Blogtitel_Die-5R.jpg","twitter_misc":{"Verfasst von":"RAJAPACK Schweiz","Gesch\u00e4tzte Lesezeit":"7 Minuten"},"schema":{"@context":"https:\/\/schema.org","@graph":[{"@type":"Article","@id":"https:\/\/www.rajapack.ch\/verpackungsnews\/verpackungsgrundsaetze-bei-raja#article","isPartOf":{"@id":"https:\/\/www.rajapack.ch\/verpackungsnews\/verpackungsgrundsaetze-bei-raja"},"author":{"name":"RAJAPACK Schweiz","@id":"https:\/\/www.rajapack.ch\/verpackungsnews\/#\/schema\/person\/e0825d9926514f72b2ba6eafaf517f7a"},"headline":"RAJAPACK&#8217;s 5 Verpackungsgrunds\u00e4tze","datePublished":"2020-06-02T11:36:46+00:00","dateModified":"2025-12-29T08:32:07+00:00","mainEntityOfPage":{"@id":"https:\/\/www.rajapack.ch\/verpackungsnews\/verpackungsgrundsaetze-bei-raja"},"wordCount":1225,"commentCount":0,"publisher":{"@id":"https:\/\/www.rajapack.ch\/verpackungsnews\/#organization"},"image":{"@id":"https:\/\/www.rajapack.ch\/verpackungsnews\/verpackungsgrundsaetze-bei-raja#primaryimage"},"thumbnailUrl":"https:\/\/www.rajapack.ch\/verpackungsnews\/wp-content\/uploads\/2020\/06\/Blogtitel_Die-5R.jpg","keywords":["Mehrweg","Nachhaltigkeit","Recycling"],"articleSection":["Know How"],"inLanguage":"de-DE","potentialAction":[{"@type":"CommentAction","name":"Comment","target":["https:\/\/www.rajapack.ch\/verpackungsnews\/verpackungsgrundsaetze-bei-raja#respond"]}]},{"@type":"WebPage","@id":"https:\/\/www.rajapack.ch\/verpackungsnews\/verpackungsgrundsaetze-bei-raja","url":"https:\/\/www.rajapack.ch\/verpackungsnews\/verpackungsgrundsaetze-bei-raja","name":"RAJAPACK's 5 Verpackungsgrunds\u00e4tze - RAJA Blog CH","isPartOf":{"@id":"https:\/\/www.rajapack.ch\/verpackungsnews\/#website"},"primaryImageOfPage":{"@id":"https:\/\/www.rajapack.ch\/verpackungsnews\/verpackungsgrundsaetze-bei-raja#primaryimage"},"image":{"@id":"https:\/\/www.rajapack.ch\/verpackungsnews\/verpackungsgrundsaetze-bei-raja#primaryimage"},"thumbnailUrl":"https:\/\/www.rajapack.ch\/verpackungsnews\/wp-content\/uploads\/2020\/06\/Blogtitel_Die-5R.jpg","datePublished":"2020-06-02T11:36:46+00:00","dateModified":"2025-12-29T08:32:07+00:00","description":"Unsere Herangehensweise an nachhaltiges Verpacken haben wir in unseren 5 Verpackungsgrunds\u00e4tzen zusammengefasst : Die 5R bei RAJAPACK","inLanguage":"de-DE","potentialAction":[{"@type":"ReadAction","target":["https:\/\/www.rajapack.ch\/verpackungsnews\/verpackungsgrundsaetze-bei-raja"]}]},{"@type":"ImageObject","inLanguage":"de-DE","@id":"https:\/\/www.rajapack.ch\/verpackungsnews\/verpackungsgrundsaetze-bei-raja#primaryimage","url":"https:\/\/www.rajapack.ch\/verpackungsnews\/wp-content\/uploads\/2020\/06\/Blogtitel_Die-5R.jpg","contentUrl":"https:\/\/www.rajapack.ch\/verpackungsnews\/wp-content\/uploads\/2020\/06\/Blogtitel_Die-5R.jpg","width":810,"height":420,"caption":"nachhaltiges Verpacken"},{"@type":"WebSite","@id":"https:\/\/www.rajapack.ch\/verpackungsnews\/#website","url":"https:\/\/www.rajapack.ch\/verpackungsnews\/","name":"RAJA Blog CH","description":"Verpackungsnews vom Experten","publisher":{"@id":"https:\/\/www.rajapack.ch\/verpackungsnews\/#organization"},"potentialAction":[{"@type":"SearchAction","target":{"@type":"EntryPoint","urlTemplate":"https:\/\/www.rajapack.ch\/verpackungsnews\/?s={search_term_string}"},"query-input":"required name=search_term_string"}],"inLanguage":"de-DE"},{"@type":"Organization","@id":"https:\/\/www.rajapack.ch\/verpackungsnews\/#organization","name":"RAJA Blog CH","url":"https:\/\/www.rajapack.ch\/verpackungsnews\/","logo":{"@type":"ImageObject","inLanguage":"de-DE","@id":"https:\/\/www.rajapack.ch\/verpackungsnews\/#\/schema\/logo\/image\/","url":"","contentUrl":"","caption":"RAJA Blog CH"},"image":{"@id":"https:\/\/www.rajapack.ch\/verpackungsnews\/#\/schema\/logo\/image\/"},"sameAs":["https:\/\/de.linkedin.com\/company\/rajapack-gmbh"]},{"@type":"Person","@id":"https:\/\/www.rajapack.ch\/verpackungsnews\/#\/schema\/person\/e0825d9926514f72b2ba6eafaf517f7a","name":"RAJAPACK Schweiz","image":{"@type":"ImageObject","inLanguage":"de-DE","@id":"https:\/\/www.rajapack.ch\/verpackungsnews\/#\/schema\/person\/image\/","url":"https:\/\/secure.gravatar.com\/avatar\/f391ad6b3c41197daad8136e36418c64?s=96&d=mm&r=g","contentUrl":"https:\/\/secure.gravatar.com\/avatar\/f391ad6b3c41197daad8136e36418c64?s=96&d=mm&r=g","caption":"RAJAPACK Schweiz"},"description":"Geschrieben von unseren Verpackungsexperten bei RAJAPACK Schweiz: Wir lieben Verpackungen.","url":"https:\/\/www.rajapack.ch\/verpackungsnews\/author\/raja-ch"}]}},"_links":{"self":[{"href":"https:\/\/www.rajapack.ch\/verpackungsnews\/wp-json\/wp\/v2\/posts\/19303"}],"collection":[{"href":"https:\/\/www.rajapack.ch\/verpackungsnews\/wp-json\/wp\/v2\/posts"}],"about":[{"href":"https:\/\/www.rajapack.ch\/verpackungsnews\/wp-json\/wp\/v2\/types\/post"}],"author":[{"embeddable":true,"href":"https:\/\/www.rajapack.ch\/verpackungsnews\/wp-json\/wp\/v2\/users\/20"}],"replies":[{"embeddable":true,"href":"https:\/\/www.rajapack.ch\/verpackungsnews\/wp-json\/wp\/v2\/comments?post=19303"}],"version-history":[{"count":4,"href":"https:\/\/www.rajapack.ch\/verpackungsnews\/wp-json\/wp\/v2\/posts\/19303\/revisions"}],"predecessor-version":[{"id":30716,"href":"https:\/\/www.rajapack.ch\/verpackungsnews\/wp-json\/wp\/v2\/posts\/19303\/revisions\/30716"}],"wp:featuredmedia":[{"embeddable":true,"href":"https:\/\/www.rajapack.ch\/verpackungsnews\/wp-json\/wp\/v2\/media\/25499"}],"wp:attachment":[{"href":"https:\/\/www.rajapack.ch\/verpackungsnews\/wp-json\/wp\/v2\/media?parent=19303"}],"wp:term":[{"taxonomy":"category","embeddable":true,"href":"https:\/\/www.rajapack.ch\/verpackungsnews\/wp-json\/wp\/v2\/categories?post=19303"},{"taxonomy":"post_tag","embeddable":true,"href":"https:\/\/www.rajapack.ch\/verpackungsnews\/wp-json\/wp\/v2\/tags?post=19303"}],"curies":[{"name":"wp","href":"https:\/\/api.w.org\/{rel}","templated":true}]}}