{"id":21253,"date":"2020-09-22T18:26:22","date_gmt":"2020-09-22T16:26:22","guid":{"rendered":"https:\/\/www.rajapack.ch\/verpackungsnews\/?p=21253"},"modified":"2026-03-25T13:27:37","modified_gmt":"2026-03-25T12:27:37","slug":"fondation-raja","status":"publish","type":"post","link":"https:\/\/www.rajapack.ch\/verpackungsnews\/fondation-raja","title":{"rendered":"Die RAJA-Dani\u00e8le Marcovici Stiftung"},"content":{"rendered":"<h5>Die Fondation <a href=\"https:\/\/www.fondation-raja-marcovici.com\/en\/homepage\/\">RAJA-Dani\u00e9le Marcovici<\/a> wurde im Januar 2006 von Dani\u00e8le Kapel-Marcovici, der Gesch\u00e4ftsf\u00fchrerin der <a href=\"https:\/\/www.raja-group.com\/de\/homepage\">RAJA Gruppe<\/a>, gegr\u00fcndet. Die unter der Schirmherrschaft der franz\u00f6sischen Stiftung \u201cFondation de France\u201d entstandene Stiftung entspricht dem Wunsch Dani\u00e8le Kapel-Marcovicis, die Werte zu teilen, die ihr so sehr am Herzen liegen: <b>Respekt, Solidarit\u00e4t und berufliche Gleichstellung<\/b>.<\/h5>\n<div class=\"su-spacer\" style=\"height:30px\"><\/div><div class=\"su-divider su-divider-style-default\" style=\"margin:15px 0;border-width:3px;border-color:#999999\"><\/div><div class=\"su-spacer\" style=\"height:30px\"><\/div>\n<div class=\"su-quote su-quote-style-default su-quote-has-cite\"><div class=\"su-quote-inner su-u-clearfix su-u-trim\"><strong><a href=\"https:\/\/www.rajapack.ch\/de_CH\/\">RAJAPACK<\/a>, das ist<\/strong> zun\u00e4chst eine Geschichte, die von Frauen bewegt wird\u2026 eine Geschichte, die im Jahr 1954, vor mehr als 60 Jahren, ihren Anfang <img loading=\"lazy\" decoding=\"async\" class=\"alignleft wp-image-26850 size-medium\" src=\"https:\/\/www.rajapack.ch\/verpackungsnews\/wp-content\/uploads\/2020\/09\/daniele_marcovic-275x300.jpg\" alt=\"Fondation_Daniele Kapel Marcovici\" width=\"275\" height=\"300\" \/>nahm. Ihre Existenz verdankt RAJAPACK der Willenskraft Rachel Marcovicis, meiner Mutter, die sich in dem m\u00e4nnerdominierten Universum des Verpackungshandels durchk\u00e4mpfen musste, um ihre Firma zu gr\u00fcnden. Ich denke, dass die Gesellschaft noch sehr grosse Fortschritte zu machen hat, bevor Frauen die gleiche Rechte haben wie M\u00e4nner. Mein Wunsch ist es, ihnen durch die Fondation RAJA-Dani\u00e8le Marcovici meine Unterst\u00fctzung zukommen zu lassen und die Fortsetzung meines Engagements zu bekr\u00e4ftigen in einem Kampf, den wir alle f\u00fchren, zur Eroberung unserer Freiheit.<span class=\"su-quote-cite\">Dani\u00e8le Kapel-Marcovici, Gesch\u00e4ftsf\u00fchrerin RAJA Gruppe<\/span><\/div><\/div>\n<div class=\"su-spacer\" style=\"height:30px\"><\/div>\n<h2>Seit 2006 z\u00e4hlt die Stiftung<\/h2>\n<div class=\"su-spacer\" style=\"height:30px\"><\/div>\n<div class=\"su-row\"><div class=\"su-column su-column-size-1-3\"><div class=\"su-column-inner su-u-clearfix su-u-trim\"><div class=\"su-image-carousel su-image-carousel-has-spacing su-image-carousel-crop su-image-carousel-crop-1-1 su-image-carousel-has-outline su-image-carousel-adaptive su-image-carousel-slides-style-minimal su-image-carousel-controls-style-dark su-image-carousel-align-center\" style=\"\" data-flickity-options='{\"groupCells\":true,\"cellSelector\":\".su-image-carousel-item\",\"adaptiveHeight\":false,\"cellAlign\":\"left\",\"prevNextButtons\":false,\"pageDots\":false,\"autoPlay\":5000,\"imagesLoaded\":true,\"contain\":true,\"selectedAttraction\":0.025,\"friction\":0.28}' id=\"su_image_carousel_69f296571cd80\"><div class=\"su-image-carousel-item\"><div class=\"su-image-carousel-item-content\"><img loading=\"lazy\" decoding=\"async\" width=\"200\" height=\"200\" src=\"https:\/\/www.rajapack.ch\/verpackungsnews\/wp-content\/uploads\/2020\/09\/Globe-Icon.jpg\" class=\"\" alt=\"Fondation Globe\" srcset=\"https:\/\/www.rajapack.ch\/verpackungsnews\/wp-content\/uploads\/2020\/09\/Globe-Icon.jpg 200w, https:\/\/www.rajapack.ch\/verpackungsnews\/wp-content\/uploads\/2020\/09\/Globe-Icon-150x150.jpg 150w, https:\/\/www.rajapack.ch\/verpackungsnews\/wp-content\/uploads\/2020\/09\/Globe-Icon-120x120.jpg 120w\" sizes=\"(max-width: 200px) 100vw, 200px\" \/><\/div><\/div><\/div><script id=\"su_image_carousel_69f296571cd80_script\">if(window.SUImageCarousel){setTimeout(function() {window.SUImageCarousel.initGallery(document.getElementById(\"su_image_carousel_69f296571cd80\"))}, 0);}var su_image_carousel_69f296571cd80_script=document.getElementById(\"su_image_carousel_69f296571cd80_script\");if(su_image_carousel_69f296571cd80_script){su_image_carousel_69f296571cd80_script.parentNode.removeChild(su_image_carousel_69f296571cd80_script);}<\/script>\n<h2 style=\"text-align: center;\"><span style=\"color: #000080;\"><strong>56<\/strong><\/span><\/h2>\n<p style=\"text-align: center;\">unterst\u00fctzte L\u00e4nder<\/p>\n<\/div><\/div><div class=\"su-column su-column-size-1-3\"><div class=\"su-column-inner su-u-clearfix su-u-trim\"><div class=\"su-image-carousel su-image-carousel-has-spacing su-image-carousel-crop su-image-carousel-crop-1-1 su-image-carousel-has-outline su-image-carousel-adaptive su-image-carousel-slides-style-minimal su-image-carousel-controls-style-dark su-image-carousel-align-center\" style=\"\" data-flickity-options='{\"groupCells\":true,\"cellSelector\":\".su-image-carousel-item\",\"adaptiveHeight\":false,\"cellAlign\":\"left\",\"prevNextButtons\":false,\"pageDots\":false,\"autoPlay\":5000,\"imagesLoaded\":true,\"contain\":true,\"selectedAttraction\":0.025,\"friction\":0.28}' id=\"su_image_carousel_69f296571d5ee\"><div class=\"su-image-carousel-item\"><div class=\"su-image-carousel-item-content\"><img loading=\"lazy\" decoding=\"async\" width=\"200\" height=\"200\" src=\"https:\/\/www.rajapack.ch\/verpackungsnews\/wp-content\/uploads\/2020\/09\/handshake-Icon.jpg\" class=\"\" alt=\"Handshake\" srcset=\"https:\/\/www.rajapack.ch\/verpackungsnews\/wp-content\/uploads\/2020\/09\/handshake-Icon.jpg 200w, https:\/\/www.rajapack.ch\/verpackungsnews\/wp-content\/uploads\/2020\/09\/handshake-Icon-150x150.jpg 150w, https:\/\/www.rajapack.ch\/verpackungsnews\/wp-content\/uploads\/2020\/09\/handshake-Icon-120x120.jpg 120w\" sizes=\"(max-width: 200px) 100vw, 200px\" \/><\/div><\/div><\/div><script id=\"su_image_carousel_69f296571d5ee_script\">if(window.SUImageCarousel){setTimeout(function() {window.SUImageCarousel.initGallery(document.getElementById(\"su_image_carousel_69f296571d5ee\"))}, 0);}var su_image_carousel_69f296571d5ee_script=document.getElementById(\"su_image_carousel_69f296571d5ee_script\");if(su_image_carousel_69f296571d5ee_script){su_image_carousel_69f296571d5ee_script.parentNode.removeChild(su_image_carousel_69f296571d5ee_script);}<\/script>\n<h2 style=\"text-align: center;\"><span style=\"color: #000080;\"><strong>576<\/strong><\/span><\/h2>\n<p style=\"text-align: center;\">unterst\u00fctzte L\u00e4nder<\/p>\n<\/div><\/div><div class=\"su-column su-column-size-1-3\"><div class=\"su-column-inner su-u-clearfix su-u-trim\"><div class=\"su-image-carousel su-image-carousel-has-spacing su-image-carousel-crop su-image-carousel-crop-1-1 su-image-carousel-has-outline su-image-carousel-adaptive su-image-carousel-slides-style-minimal su-image-carousel-controls-style-dark su-image-carousel-align-center\" style=\"\" data-flickity-options='{\"groupCells\":true,\"cellSelector\":\".su-image-carousel-item\",\"adaptiveHeight\":false,\"cellAlign\":\"left\",\"prevNextButtons\":false,\"pageDots\":false,\"autoPlay\":5000,\"imagesLoaded\":true,\"contain\":true,\"selectedAttraction\":0.025,\"friction\":0.28}' id=\"su_image_carousel_69f296571de50\"><div class=\"su-image-carousel-item\"><div class=\"su-image-carousel-item-content\"><img loading=\"lazy\" decoding=\"async\" width=\"200\" height=\"200\" src=\"https:\/\/www.rajapack.ch\/verpackungsnews\/wp-content\/uploads\/2020\/09\/woman-icon.jpg\" class=\"\" alt=\"Frau\" srcset=\"https:\/\/www.rajapack.ch\/verpackungsnews\/wp-content\/uploads\/2020\/09\/woman-icon.jpg 200w, https:\/\/www.rajapack.ch\/verpackungsnews\/wp-content\/uploads\/2020\/09\/woman-icon-150x150.jpg 150w, https:\/\/www.rajapack.ch\/verpackungsnews\/wp-content\/uploads\/2020\/09\/woman-icon-120x120.jpg 120w\" sizes=\"(max-width: 200px) 100vw, 200px\" \/><\/div><\/div><\/div><script id=\"su_image_carousel_69f296571de50_script\">if(window.SUImageCarousel){setTimeout(function() {window.SUImageCarousel.initGallery(document.getElementById(\"su_image_carousel_69f296571de50\"))}, 0);}var su_image_carousel_69f296571de50_script=document.getElementById(\"su_image_carousel_69f296571de50_script\");if(su_image_carousel_69f296571de50_script){su_image_carousel_69f296571de50_script.parentNode.removeChild(su_image_carousel_69f296571de50_script);}<\/script>\n<h2 style=\"text-align: center;\"><span style=\"color: #000080;\"><strong>110.000<\/strong><\/span><\/h2>\n<p style=\"text-align: center;\">unterst\u00fctzte Frauen<\/p>\n<p style=\"text-align: center;\"><\/div><\/div><\/div>\n<div class=\"su-spacer\" style=\"height:30px\"><\/div>\n<h2>Die Stiftung konzentriert sich auf 4 Schwerpunkte<\/h2>\n<div class=\"su-spacer\" style=\"height:30px\"><\/div>\n<p>Ziel der RAJA-Dani\u00e8le Marcovici-Stiftung ist es, zum Wohl der Frauen in Frankreich und der ganzen Welt, Programme, Aktionen und Projekte zu unterst\u00fctzen, die sich im Bereich Bildung und soziale Unterst\u00fctzung, berufliche Weiterbildung und Eingliederung, Frauenrechte und Bek\u00e4mpfung von Gewalt sowie Umweltschutz bewegen.<\/p>\n<p>Die RAJA-Dani\u00e8le Marcovici-Stiftung unterst\u00fctzt insbesondere Initiativen oder Projekte von lokalen oder regionalen Vereinigungen oder von Nichtregierungsorganisationen (NGO).<\/p>\n<div class=\"su-note\" style=\"border-color:#e5be4c;border-radius:3px;-moz-border-radius:3px;-webkit-border-radius:3px;\"><div class=\"su-note-inner su-u-clearfix su-u-trim\" style=\"background-color:#ffd866;border-color:#ffffff;color:#333333;border-radius:3px;-moz-border-radius:3px;-webkit-border-radius:3px;\"><div class=\"su-row\"><div class=\"su-column su-column-size-1-4\"><div class=\"su-column-inner su-u-clearfix su-u-trim\"><div class=\"su-image-carousel su-image-carousel-has-spacing su-image-carousel-crop su-image-carousel-crop-4-3 su-image-carousel-has-outline su-image-carousel-adaptive su-image-carousel-slides-style-default su-image-carousel-controls-style-dark su-image-carousel-align-center\" style=\"\" data-flickity-options='{\"groupCells\":true,\"cellSelector\":\".su-image-carousel-item\",\"adaptiveHeight\":false,\"cellAlign\":\"left\",\"prevNextButtons\":false,\"pageDots\":false,\"autoPlay\":5000,\"imagesLoaded\":true,\"contain\":true,\"selectedAttraction\":0.025,\"friction\":0.28}' id=\"su_image_carousel_69f296571e855\"><div class=\"su-image-carousel-item\"><div class=\"su-image-carousel-item-content\"><img loading=\"lazy\" decoding=\"async\" width=\"464\" height=\"320\" src=\"https:\/\/www.rajapack.ch\/verpackungsnews\/wp-content\/uploads\/2020\/09\/fondation-card-sozial.jpg\" class=\"\" alt=\"Beruf Fondation\" srcset=\"https:\/\/www.rajapack.ch\/verpackungsnews\/wp-content\/uploads\/2020\/09\/fondation-card-sozial.jpg 464w, https:\/\/www.rajapack.ch\/verpackungsnews\/wp-content\/uploads\/2020\/09\/fondation-card-sozial-430x297.jpg 430w\" sizes=\"(max-width: 464px) 100vw, 464px\" \/><\/div><\/div><\/div><script id=\"su_image_carousel_69f296571e855_script\">if(window.SUImageCarousel){setTimeout(function() {window.SUImageCarousel.initGallery(document.getElementById(\"su_image_carousel_69f296571e855\"))}, 0);}var su_image_carousel_69f296571e855_script=document.getElementById(\"su_image_carousel_69f296571e855_script\");if(su_image_carousel_69f296571e855_script){su_image_carousel_69f296571e855_script.parentNode.removeChild(su_image_carousel_69f296571e855_script);}<\/script><strong>Berufliche Weiterbildung und Eingliederung <\/strong><\/p>\n<p>Unterst\u00fctzung von Projekten zur Emanzipation und finanziellen Unabh\u00e4ngigkeit von Frauen, zur Berufsausbildung, Existenzgr\u00fcndung und professionellen Weiterbildung <\/div><\/div>\n<div class=\"su-column su-column-size-1-4\"><div class=\"su-column-inner su-u-clearfix su-u-trim\"><div class=\"su-image-carousel su-image-carousel-has-spacing su-image-carousel-crop su-image-carousel-crop-4-3 su-image-carousel-has-outline su-image-carousel-adaptive su-image-carousel-slides-style-default su-image-carousel-controls-style-dark su-image-carousel-align-center\" style=\"\" data-flickity-options='{\"groupCells\":true,\"cellSelector\":\".su-image-carousel-item\",\"adaptiveHeight\":false,\"cellAlign\":\"left\",\"prevNextButtons\":false,\"pageDots\":false,\"autoPlay\":5000,\"imagesLoaded\":true,\"contain\":true,\"selectedAttraction\":0.025,\"friction\":0.28}' id=\"su_image_carousel_69f296571f046\"><div class=\"su-image-carousel-item\"><div class=\"su-image-carousel-item-content\"><img loading=\"lazy\" decoding=\"async\" width=\"464\" height=\"320\" src=\"https:\/\/www.rajapack.ch\/verpackungsnews\/wp-content\/uploads\/2020\/09\/fondation-card-frauenrechte.jpg\" class=\"\" alt=\"Frauenrechte Fondation\" srcset=\"https:\/\/www.rajapack.ch\/verpackungsnews\/wp-content\/uploads\/2020\/09\/fondation-card-frauenrechte.jpg 464w, https:\/\/www.rajapack.ch\/verpackungsnews\/wp-content\/uploads\/2020\/09\/fondation-card-frauenrechte-430x297.jpg 430w\" sizes=\"(max-width: 464px) 100vw, 464px\" \/><\/div><\/div><\/div><script id=\"su_image_carousel_69f296571f046_script\">if(window.SUImageCarousel){setTimeout(function() {window.SUImageCarousel.initGallery(document.getElementById(\"su_image_carousel_69f296571f046\"))}, 0);}var su_image_carousel_69f296571f046_script=document.getElementById(\"su_image_carousel_69f296571f046_script\");if(su_image_carousel_69f296571f046_script){su_image_carousel_69f296571f046_script.parentNode.removeChild(su_image_carousel_69f296571f046_script);}<\/script><strong>F\u00f6rderung der Frauenrechte und den Schutz vor Gewalt <\/strong><\/p>\n<p>Kofinanzierung von Pr\u00e4vention und Massnahmen f\u00fcr Frauen in Schwierigkeiten, sowie bei ihrem Einsatz gegen Ungerechtigkeit und Gewalt. <\/div><\/div>\n<div class=\"su-column su-column-size-1-4\"><div class=\"su-column-inner su-u-clearfix su-u-trim\"><div class=\"su-image-carousel su-image-carousel-has-spacing su-image-carousel-crop su-image-carousel-crop-4-3 su-image-carousel-has-outline su-image-carousel-adaptive su-image-carousel-slides-style-default su-image-carousel-controls-style-dark su-image-carousel-align-center\" style=\"\" data-flickity-options='{\"groupCells\":true,\"cellSelector\":\".su-image-carousel-item\",\"adaptiveHeight\":false,\"cellAlign\":\"left\",\"prevNextButtons\":false,\"pageDots\":false,\"autoPlay\":5000,\"imagesLoaded\":true,\"contain\":true,\"selectedAttraction\":0.025,\"friction\":0.28}' id=\"su_image_carousel_69f296571f862\"><div class=\"su-image-carousel-item\"><div class=\"su-image-carousel-item-content\"><img loading=\"lazy\" decoding=\"async\" width=\"464\" height=\"320\" src=\"https:\/\/www.rajapack.ch\/verpackungsnews\/wp-content\/uploads\/2020\/09\/fondation-card-bildung.jpg\" class=\"\" alt=\"Bildung Fondation\" srcset=\"https:\/\/www.rajapack.ch\/verpackungsnews\/wp-content\/uploads\/2020\/09\/fondation-card-bildung.jpg 464w, https:\/\/www.rajapack.ch\/verpackungsnews\/wp-content\/uploads\/2020\/09\/fondation-card-bildung-430x297.jpg 430w\" sizes=\"(max-width: 464px) 100vw, 464px\" \/><\/div><\/div><\/div><script id=\"su_image_carousel_69f296571f862_script\">if(window.SUImageCarousel){setTimeout(function() {window.SUImageCarousel.initGallery(document.getElementById(\"su_image_carousel_69f296571f862\"))}, 0);}var su_image_carousel_69f296571f862_script=document.getElementById(\"su_image_carousel_69f296571f862_script\");if(su_image_carousel_69f296571f862_script){su_image_carousel_69f296571f862_script.parentNode.removeChild(su_image_carousel_69f296571f862_script);}<\/script><strong>Bildung und soziale Unterst\u00fctzung <\/strong><\/p>\n<p>Hilfe bei der sozialen (Re-)Integration von betroffenen M\u00e4dchen und Frauen sowie Unterst\u00fctzung bei der Bek\u00e4mpfung von Krankheiten oder Ungerechtigkeiten denen sie ausgesetzt sind. <\/div><\/div>\n<div class=\"su-column su-column-size-1-4\"><div class=\"su-column-inner su-u-clearfix su-u-trim\"><div class=\"su-image-carousel su-image-carousel-has-spacing su-image-carousel-crop su-image-carousel-crop-4-3 su-image-carousel-has-outline su-image-carousel-adaptive su-image-carousel-slides-style-default su-image-carousel-controls-style-dark su-image-carousel-align-center\" style=\"\" data-flickity-options='{\"groupCells\":true,\"cellSelector\":\".su-image-carousel-item\",\"adaptiveHeight\":false,\"cellAlign\":\"left\",\"prevNextButtons\":false,\"pageDots\":false,\"autoPlay\":5000,\"imagesLoaded\":true,\"contain\":true,\"selectedAttraction\":0.025,\"friction\":0.28}' id=\"su_image_carousel_69f2965720054\"><div class=\"su-image-carousel-item\"><div class=\"su-image-carousel-item-content\"><img loading=\"lazy\" decoding=\"async\" width=\"464\" height=\"322\" src=\"https:\/\/www.rajapack.ch\/verpackungsnews\/wp-content\/uploads\/2020\/09\/champ-ecole-mais-soja-3_neuSep2019.jpg\" class=\"\" alt=\"Fondation Umweltschutz\" srcset=\"https:\/\/www.rajapack.ch\/verpackungsnews\/wp-content\/uploads\/2020\/09\/champ-ecole-mais-soja-3_neuSep2019.jpg 464w, https:\/\/www.rajapack.ch\/verpackungsnews\/wp-content\/uploads\/2020\/09\/champ-ecole-mais-soja-3_neuSep2019-430x298.jpg 430w\" sizes=\"(max-width: 464px) 100vw, 464px\" \/><\/div><\/div><\/div><script id=\"su_image_carousel_69f2965720054_script\">if(window.SUImageCarousel){setTimeout(function() {window.SUImageCarousel.initGallery(document.getElementById(\"su_image_carousel_69f2965720054\"))}, 0);}var su_image_carousel_69f2965720054_script=document.getElementById(\"su_image_carousel_69f2965720054_script\");if(su_image_carousel_69f2965720054_script){su_image_carousel_69f2965720054_script.parentNode.removeChild(su_image_carousel_69f2965720054_script);}<\/script><strong>Umweltschutz im Kampf gegen Klimawandel <\/strong><\/p>\n<p>St\u00e4rkung der Rolle der Frauen beim Umweltschutz und bei der Bek\u00e4mpfung des Klimawandels durch Schulungen in nachhaltiger Landwirtschaft, in M\u00fcllvermeidung und -entsorgung sowie durch Zugang zu erneuerbarer Energie. <\/div><\/div><\/div><\/div><\/div>\n<div class=\"su-spacer\" style=\"height:30px\"><\/div>\n<h2>Unterst\u00fctzte Projekte<\/h2>\n<div class=\"su-spacer\" style=\"height:30px\"><\/div>\n<div class=\"su-image-carousel su-image-carousel-columns-2 su-image-carousel-has-spacing su-image-carousel-has-outline su-image-carousel-adaptive su-image-carousel-slides-style-default su-image-carousel-controls-style-dark su-image-carousel-align-none\" style=\"\" data-flickity-options='{\"groupCells\":true,\"cellSelector\":\".su-image-carousel-item\",\"adaptiveHeight\":true,\"cellAlign\":\"left\",\"prevNextButtons\":true,\"pageDots\":true,\"autoPlay\":5000,\"imagesLoaded\":true,\"contain\":false,\"selectedAttraction\":0.025,\"friction\":0.28}' id=\"su_image_carousel_69f2965720bfd\"><div class=\"su-image-carousel-item\"><div class=\"su-image-carousel-item-content\"><img loading=\"lazy\" decoding=\"async\" width=\"450\" height=\"264\" src=\"https:\/\/www.rajapack.ch\/verpackungsnews\/wp-content\/uploads\/2020\/09\/tb-fondation-1.jpg\" class=\"\" alt=\"\" srcset=\"https:\/\/www.rajapack.ch\/verpackungsnews\/wp-content\/uploads\/2020\/09\/tb-fondation-1.jpg 450w, https:\/\/www.rajapack.ch\/verpackungsnews\/wp-content\/uploads\/2020\/09\/tb-fondation-1-430x252.jpg 430w\" sizes=\"(max-width: 450px) 100vw, 450px\" \/><\/div><\/div><div class=\"su-image-carousel-item\"><div class=\"su-image-carousel-item-content\"><img loading=\"lazy\" decoding=\"async\" width=\"450\" height=\"465\" src=\"https:\/\/www.rajapack.ch\/verpackungsnews\/wp-content\/uploads\/2020\/09\/tb-fondation-2.jpg\" class=\"\" alt=\"Medizinbus Fondation\" srcset=\"https:\/\/www.rajapack.ch\/verpackungsnews\/wp-content\/uploads\/2020\/09\/tb-fondation-2.jpg 450w, https:\/\/www.rajapack.ch\/verpackungsnews\/wp-content\/uploads\/2020\/09\/tb-fondation-2-416x430.jpg 416w\" sizes=\"(max-width: 450px) 100vw, 450px\" \/><\/div><\/div><div class=\"su-image-carousel-item\"><div class=\"su-image-carousel-item-content\"><img loading=\"lazy\" decoding=\"async\" width=\"450\" height=\"310\" src=\"https:\/\/www.rajapack.ch\/verpackungsnews\/wp-content\/uploads\/2020\/09\/tb-fondation-3.jpg\" class=\"\" alt=\"Ernte Fondation\" srcset=\"https:\/\/www.rajapack.ch\/verpackungsnews\/wp-content\/uploads\/2020\/09\/tb-fondation-3.jpg 450w, https:\/\/www.rajapack.ch\/verpackungsnews\/wp-content\/uploads\/2020\/09\/tb-fondation-3-430x296.jpg 430w\" sizes=\"(max-width: 450px) 100vw, 450px\" \/><\/div><\/div><div class=\"su-image-carousel-item\"><div class=\"su-image-carousel-item-content\"><img loading=\"lazy\" decoding=\"async\" width=\"280\" height=\"221\" src=\"https:\/\/www.rajapack.ch\/verpackungsnews\/wp-content\/uploads\/2020\/09\/tb-fondation-4.jpg\" class=\"\" alt=\"Blumenfarm Fondation\" \/><\/div><\/div><div class=\"su-image-carousel-item\"><div class=\"su-image-carousel-item-content\"><img loading=\"lazy\" decoding=\"async\" width=\"464\" height=\"320\" src=\"https:\/\/www.rajapack.ch\/verpackungsnews\/wp-content\/uploads\/2020\/09\/fondation-card-bildung.jpg\" class=\"\" alt=\"Bildung Fondation\" srcset=\"https:\/\/www.rajapack.ch\/verpackungsnews\/wp-content\/uploads\/2020\/09\/fondation-card-bildung.jpg 464w, https:\/\/www.rajapack.ch\/verpackungsnews\/wp-content\/uploads\/2020\/09\/fondation-card-bildung-430x297.jpg 430w\" sizes=\"(max-width: 464px) 100vw, 464px\" \/><\/div><\/div><\/div><script id=\"su_image_carousel_69f2965720bfd_script\">if(window.SUImageCarousel){setTimeout(function() {window.SUImageCarousel.initGallery(document.getElementById(\"su_image_carousel_69f2965720bfd\"))}, 0);}var su_image_carousel_69f2965720bfd_script=document.getElementById(\"su_image_carousel_69f2965720bfd_script\");if(su_image_carousel_69f2965720bfd_script){su_image_carousel_69f2965720bfd_script.parentNode.removeChild(su_image_carousel_69f2965720bfd_script);}<\/script>\n<p>Informationen zu den aktuell und in der Vergangenheit unterst\u00fctzten Projekten finden Sie auf der Seite der Stiftung.<\/p>\n<div class=\"su-button-center\"><a href=\"https:\/\/www.fondation-raja-marcovici.com\/en\" class=\"su-button su-button-style-default\" style=\"color:#FFFFFF;background-color:#f8103a;border-color:#c70d2f;border-radius:6px\" target=\"_blank\" rel=\"noopener noreferrer\" id=\"Blog intern\"><span style=\"color:#FFFFFF;padding:6px 18px;font-size:14px;line-height:21px;border-color:#fb5876;border-radius:6px;text-shadow:none\"><i class=\"sui sui-external-link\" style=\"font-size:14px;color:#FFFFFF\"><\/i> Fondation RAJAPACK Dani\u00e8le Marcovici<\/span><\/a><\/div>\n<p>&nbsp;<\/p>\n","protected":false},"excerpt":{"rendered":"<p>Die Fondation RAJA-Dani\u00e9le Marcovici wurde im Januar 2006 von Dani\u00e8le Kapel-Marcovici, der Gesch\u00e4ftsf\u00fchrerin der RAJA Gruppe, gegr\u00fcndet. Die unter der Schirmherrschaft der franz\u00f6sischen Stiftung \u201cFondation de France\u201d entstandene Stiftung entspricht [&#8230;]<\/p>\n","protected":false},"author":20,"featured_media":26887,"comment_status":"closed","ping_status":"closed","sticky":false,"template":"","format":"standard","meta":{"_acf_changed":false,"footnotes":""},"categories":[12],"tags":[521,793,33],"class_list":["post-21253","post","type-post","status-publish","format-standard","has-post-thumbnail","hentry","category-rajapack-insights","tag-engagement","tag-gleichstellung","tag-raja-gruppe"],"acf":[],"yoast_head":"\n<title>Die RAJA-Dani\u00e8le Marcovici Stiftung - RAJA Blog CH<\/title>\n<meta name=\"description\" content=\"Die Fondation RAJA-Dani\u00e9le Marcovici Stiftung setzt sich weltweit f\u00fcr Respekt, Solidarit\u00e4t und berufliche Gleichstellung f\u00fcr Frauen ein.\" \/>\n<meta name=\"robots\" content=\"index, follow, max-snippet:-1, max-image-preview:large, max-video-preview:-1\" \/>\n<link rel=\"canonical\" href=\"https:\/\/www.rajapack.ch\/verpackungsnews\/fondation-raja\" \/>\n<meta property=\"og:locale\" content=\"de_DE\" \/>\n<meta property=\"og:type\" content=\"article\" \/>\n<meta property=\"og:title\" content=\"Die RAJA-Dani\u00e8le Marcovici Stiftung - RAJA Blog CH\" \/>\n<meta property=\"og:description\" content=\"Die Fondation RAJA-Dani\u00e9le Marcovici Stiftung setzt sich weltweit f\u00fcr Respekt, Solidarit\u00e4t und berufliche Gleichstellung f\u00fcr Frauen ein.\" \/>\n<meta property=\"og:url\" content=\"https:\/\/www.rajapack.ch\/verpackungsnews\/fondation-raja\" \/>\n<meta property=\"og:site_name\" content=\"RAJA Blog CH\" \/>\n<meta property=\"article:published_time\" content=\"2020-09-22T16:26:22+00:00\" \/>\n<meta property=\"article:modified_time\" content=\"2026-03-25T12:27:37+00:00\" \/>\n<meta property=\"og:image\" content=\"https:\/\/www.rajapack.ch\/verpackungsnews\/wp-content\/uploads\/2020\/09\/Fondation.jpg\" \/>\n\t<meta property=\"og:image:width\" content=\"810\" \/>\n\t<meta property=\"og:image:height\" content=\"420\" \/>\n\t<meta property=\"og:image:type\" content=\"image\/jpeg\" \/>\n<meta name=\"author\" content=\"RAJAPACK Schweiz\" \/>\n<meta name=\"twitter:card\" content=\"summary_large_image\" \/>\n<meta name=\"twitter:label1\" content=\"Verfasst von\" \/>\n\t<meta name=\"twitter:data1\" content=\"RAJAPACK Schweiz\" \/>\n\t<meta name=\"twitter:label2\" content=\"Gesch\u00e4tzte Lesezeit\" \/>\n\t<meta name=\"twitter:data2\" content=\"4 Minuten\" \/>\n<script type=\"application\/ld+json\" class=\"yoast-schema-graph\">{\n\t    \"@context\": \"https:\/\/schema.org\",\n\t    \"@graph\": [\n\t        {\n\t            \"@type\": \"Article\",\n\t            \"@id\": \"https:\/\/www.rajapack.ch\/verpackungsnews\/fondation-raja#article\",\n\t            \"isPartOf\": {\n\t                \"@id\": \"https:\/\/www.rajapack.ch\/verpackungsnews\/fondation-raja\"\n\t            },\n\t            \"author\": {\n\t                \"name\": \"RAJAPACK Schweiz\",\n\t                \"@id\": \"https:\/\/www.rajapack.ch\/verpackungsnews\/#\/schema\/person\/e0825d9926514f72b2ba6eafaf517f7a\"\n\t            },\n\t            \"headline\": \"Die RAJA-Dani\u00e8le Marcovici Stiftung\",\n\t            \"datePublished\": \"2020-09-22T16:26:22+00:00\",\n\t            \"dateModified\": \"2026-03-25T12:27:37+00:00\",\n\t            \"mainEntityOfPage\": {\n\t                \"@id\": \"https:\/\/www.rajapack.ch\/verpackungsnews\/fondation-raja\"\n\t            },\n\t            \"wordCount\": 638,\n\t            \"publisher\": {\n\t                \"@id\": \"https:\/\/www.rajapack.ch\/verpackungsnews\/#organization\"\n\t            },\n\t            \"image\": {\n\t                \"@id\": \"https:\/\/www.rajapack.ch\/verpackungsnews\/fondation-raja#primaryimage\"\n\t            },\n\t            \"thumbnailUrl\": \"https:\/\/www.rajapack.ch\/verpackungsnews\/wp-content\/uploads\/2020\/09\/Fondation.jpg\",\n\t            \"keywords\": [\n\t                \"Engagement\",\n\t                \"Gleichstellung\",\n\t                \"RAJA-Gruppe\"\n\t            ],\n\t            \"articleSection\": [\n\t                \"RAJAPACK Insights\"\n\t            ],\n\t            \"inLanguage\": \"de-DE\"\n\t        },\n\t        {\n\t            \"@type\": \"WebPage\",\n\t            \"@id\": \"https:\/\/www.rajapack.ch\/verpackungsnews\/fondation-raja\",\n\t            \"url\": \"https:\/\/www.rajapack.ch\/verpackungsnews\/fondation-raja\",\n\t            \"name\": \"Die RAJA-Dani\u00e8le Marcovici Stiftung - RAJA Blog CH\",\n\t            \"isPartOf\": {\n\t                \"@id\": \"https:\/\/www.rajapack.ch\/verpackungsnews\/#website\"\n\t            },\n\t            \"primaryImageOfPage\": {\n\t                \"@id\": \"https:\/\/www.rajapack.ch\/verpackungsnews\/fondation-raja#primaryimage\"\n\t            },\n\t            \"image\": {\n\t                \"@id\": \"https:\/\/www.rajapack.ch\/verpackungsnews\/fondation-raja#primaryimage\"\n\t            },\n\t            \"thumbnailUrl\": \"https:\/\/www.rajapack.ch\/verpackungsnews\/wp-content\/uploads\/2020\/09\/Fondation.jpg\",\n\t            \"datePublished\": \"2020-09-22T16:26:22+00:00\",\n\t            \"dateModified\": \"2026-03-25T12:27:37+00:00\",\n\t            \"description\": \"Die Fondation RAJA-Dani\u00e9le Marcovici Stiftung setzt sich weltweit f\u00fcr Respekt, Solidarit\u00e4t und berufliche Gleichstellung f\u00fcr Frauen ein.\",\n\t            \"inLanguage\": \"de-DE\",\n\t            \"potentialAction\": [\n\t                {\n\t                    \"@type\": \"ReadAction\",\n\t                    \"target\": [\n\t                        \"https:\/\/www.rajapack.ch\/verpackungsnews\/fondation-raja\"\n\t                    ]\n\t                }\n\t            ]\n\t        },\n\t        {\n\t            \"@type\": \"ImageObject\",\n\t            \"inLanguage\": \"de-DE\",\n\t            \"@id\": \"https:\/\/www.rajapack.ch\/verpackungsnews\/fondation-raja#primaryimage\",\n\t            \"url\": \"https:\/\/www.rajapack.ch\/verpackungsnews\/wp-content\/uploads\/2020\/09\/Fondation.jpg\",\n\t            \"contentUrl\": \"https:\/\/www.rajapack.ch\/verpackungsnews\/wp-content\/uploads\/2020\/09\/Fondation.jpg\",\n\t            \"width\": 810,\n\t            \"height\": 420,\n\t            \"caption\": \"Fondation RAJA\"\n\t        },\n\t        {\n\t            \"@type\": \"WebSite\",\n\t            \"@id\": \"https:\/\/www.rajapack.ch\/verpackungsnews\/#website\",\n\t            \"url\": \"https:\/\/www.rajapack.ch\/verpackungsnews\/\",\n\t            \"name\": \"RAJA Blog CH\",\n\t            \"description\": \"Verpackungsnews vom Experten\",\n\t            \"publisher\": {\n\t                \"@id\": \"https:\/\/www.rajapack.ch\/verpackungsnews\/#organization\"\n\t            },\n\t            \"potentialAction\": [\n\t                {\n\t                    \"@type\": \"SearchAction\",\n\t                    \"target\": {\n\t                        \"@type\": \"EntryPoint\",\n\t                        \"urlTemplate\": \"https:\/\/www.rajapack.ch\/verpackungsnews\/?s={search_term_string}\"\n\t                    },\n\t                    \"query-input\": \"required name=search_term_string\"\n\t                }\n\t            ],\n\t            \"inLanguage\": \"de-DE\"\n\t        },\n\t        {\n\t            \"@type\": \"Organization\",\n\t            \"@id\": \"https:\/\/www.rajapack.ch\/verpackungsnews\/#organization\",\n\t            \"name\": \"RAJA Blog CH\",\n\t            \"url\": \"https:\/\/www.rajapack.ch\/verpackungsnews\/\",\n\t            \"logo\": {\n\t                \"@type\": \"ImageObject\",\n\t                \"inLanguage\": \"de-DE\",\n\t                \"@id\": \"https:\/\/www.rajapack.ch\/verpackungsnews\/#\/schema\/logo\/image\/\",\n\t                \"url\": \"\",\n\t                \"contentUrl\": \"\",\n\t                \"caption\": \"RAJA Blog CH\"\n\t            },\n\t            \"image\": {\n\t                \"@id\": \"https:\/\/www.rajapack.ch\/verpackungsnews\/#\/schema\/logo\/image\/\"\n\t            },\n\t            \"sameAs\": [\n\t                \"https:\/\/de.linkedin.com\/company\/rajapack-gmbh\"\n\t            ]\n\t        },\n\t        {\n\t            \"@type\": \"Person\",\n\t            \"@id\": \"https:\/\/www.rajapack.ch\/verpackungsnews\/#\/schema\/person\/e0825d9926514f72b2ba6eafaf517f7a\",\n\t            \"name\": \"RAJAPACK Schweiz\",\n\t            \"image\": {\n\t                \"@type\": \"ImageObject\",\n\t                \"inLanguage\": \"de-DE\",\n\t                \"@id\": \"https:\/\/www.rajapack.ch\/verpackungsnews\/#\/schema\/person\/image\/\",\n\t                \"url\": \"https:\/\/secure.gravatar.com\/avatar\/f391ad6b3c41197daad8136e36418c64?s=96&d=mm&r=g\",\n\t                \"contentUrl\": \"https:\/\/secure.gravatar.com\/avatar\/f391ad6b3c41197daad8136e36418c64?s=96&d=mm&r=g\",\n\t                \"caption\": \"RAJAPACK Schweiz\"\n\t            },\n\t            \"description\": \"Geschrieben von unseren Verpackungsexperten bei RAJAPACK Schweiz: Wir lieben Verpackungen.\",\n\t            \"url\": \"https:\/\/www.rajapack.ch\/verpackungsnews\/author\/raja-ch\"\n\t        }\n\t    ]\n\t}<\/script>\n","yoast_head_json":{"title":"Die RAJA-Dani\u00e8le Marcovici Stiftung - RAJA Blog CH","description":"Die Fondation RAJA-Dani\u00e9le Marcovici Stiftung setzt sich weltweit f\u00fcr Respekt, Solidarit\u00e4t und berufliche Gleichstellung f\u00fcr Frauen ein.","robots":{"index":"index","follow":"follow","max-snippet":"max-snippet:-1","max-image-preview":"max-image-preview:large","max-video-preview":"max-video-preview:-1"},"canonical":"https:\/\/www.rajapack.ch\/verpackungsnews\/fondation-raja","og_locale":"de_DE","og_type":"article","og_title":"Die RAJA-Dani\u00e8le Marcovici Stiftung - RAJA Blog CH","og_description":"Die Fondation RAJA-Dani\u00e9le Marcovici Stiftung setzt sich weltweit f\u00fcr Respekt, Solidarit\u00e4t und berufliche Gleichstellung f\u00fcr Frauen ein.","og_url":"https:\/\/www.rajapack.ch\/verpackungsnews\/fondation-raja","og_site_name":"RAJA Blog CH","article_published_time":"2020-09-22T16:26:22+00:00","article_modified_time":"2026-03-25T12:27:37+00:00","og_image":[{"width":810,"height":420,"url":"https:\/\/www.rajapack.ch\/verpackungsnews\/wp-content\/uploads\/2020\/09\/Fondation.jpg","type":"image\/jpeg"}],"author":"RAJAPACK Schweiz","twitter_card":"summary_large_image","twitter_misc":{"Verfasst von":"RAJAPACK Schweiz","Gesch\u00e4tzte Lesezeit":"4 Minuten"},"schema":{"@context":"https:\/\/schema.org","@graph":[{"@type":"Article","@id":"https:\/\/www.rajapack.ch\/verpackungsnews\/fondation-raja#article","isPartOf":{"@id":"https:\/\/www.rajapack.ch\/verpackungsnews\/fondation-raja"},"author":{"name":"RAJAPACK Schweiz","@id":"https:\/\/www.rajapack.ch\/verpackungsnews\/#\/schema\/person\/e0825d9926514f72b2ba6eafaf517f7a"},"headline":"Die RAJA-Dani\u00e8le Marcovici Stiftung","datePublished":"2020-09-22T16:26:22+00:00","dateModified":"2026-03-25T12:27:37+00:00","mainEntityOfPage":{"@id":"https:\/\/www.rajapack.ch\/verpackungsnews\/fondation-raja"},"wordCount":638,"publisher":{"@id":"https:\/\/www.rajapack.ch\/verpackungsnews\/#organization"},"image":{"@id":"https:\/\/www.rajapack.ch\/verpackungsnews\/fondation-raja#primaryimage"},"thumbnailUrl":"https:\/\/www.rajapack.ch\/verpackungsnews\/wp-content\/uploads\/2020\/09\/Fondation.jpg","keywords":["Engagement","Gleichstellung","RAJA-Gruppe"],"articleSection":["RAJAPACK Insights"],"inLanguage":"de-DE"},{"@type":"WebPage","@id":"https:\/\/www.rajapack.ch\/verpackungsnews\/fondation-raja","url":"https:\/\/www.rajapack.ch\/verpackungsnews\/fondation-raja","name":"Die RAJA-Dani\u00e8le Marcovici Stiftung - RAJA Blog CH","isPartOf":{"@id":"https:\/\/www.rajapack.ch\/verpackungsnews\/#website"},"primaryImageOfPage":{"@id":"https:\/\/www.rajapack.ch\/verpackungsnews\/fondation-raja#primaryimage"},"image":{"@id":"https:\/\/www.rajapack.ch\/verpackungsnews\/fondation-raja#primaryimage"},"thumbnailUrl":"https:\/\/www.rajapack.ch\/verpackungsnews\/wp-content\/uploads\/2020\/09\/Fondation.jpg","datePublished":"2020-09-22T16:26:22+00:00","dateModified":"2026-03-25T12:27:37+00:00","description":"Die Fondation RAJA-Dani\u00e9le Marcovici Stiftung setzt sich weltweit f\u00fcr Respekt, Solidarit\u00e4t und berufliche Gleichstellung f\u00fcr Frauen ein.","inLanguage":"de-DE","potentialAction":[{"@type":"ReadAction","target":["https:\/\/www.rajapack.ch\/verpackungsnews\/fondation-raja"]}]},{"@type":"ImageObject","inLanguage":"de-DE","@id":"https:\/\/www.rajapack.ch\/verpackungsnews\/fondation-raja#primaryimage","url":"https:\/\/www.rajapack.ch\/verpackungsnews\/wp-content\/uploads\/2020\/09\/Fondation.jpg","contentUrl":"https:\/\/www.rajapack.ch\/verpackungsnews\/wp-content\/uploads\/2020\/09\/Fondation.jpg","width":810,"height":420,"caption":"Fondation RAJA"},{"@type":"WebSite","@id":"https:\/\/www.rajapack.ch\/verpackungsnews\/#website","url":"https:\/\/www.rajapack.ch\/verpackungsnews\/","name":"RAJA Blog CH","description":"Verpackungsnews vom Experten","publisher":{"@id":"https:\/\/www.rajapack.ch\/verpackungsnews\/#organization"},"potentialAction":[{"@type":"SearchAction","target":{"@type":"EntryPoint","urlTemplate":"https:\/\/www.rajapack.ch\/verpackungsnews\/?s={search_term_string}"},"query-input":"required name=search_term_string"}],"inLanguage":"de-DE"},{"@type":"Organization","@id":"https:\/\/www.rajapack.ch\/verpackungsnews\/#organization","name":"RAJA Blog CH","url":"https:\/\/www.rajapack.ch\/verpackungsnews\/","logo":{"@type":"ImageObject","inLanguage":"de-DE","@id":"https:\/\/www.rajapack.ch\/verpackungsnews\/#\/schema\/logo\/image\/","url":"","contentUrl":"","caption":"RAJA Blog CH"},"image":{"@id":"https:\/\/www.rajapack.ch\/verpackungsnews\/#\/schema\/logo\/image\/"},"sameAs":["https:\/\/de.linkedin.com\/company\/rajapack-gmbh"]},{"@type":"Person","@id":"https:\/\/www.rajapack.ch\/verpackungsnews\/#\/schema\/person\/e0825d9926514f72b2ba6eafaf517f7a","name":"RAJAPACK Schweiz","image":{"@type":"ImageObject","inLanguage":"de-DE","@id":"https:\/\/www.rajapack.ch\/verpackungsnews\/#\/schema\/person\/image\/","url":"https:\/\/secure.gravatar.com\/avatar\/f391ad6b3c41197daad8136e36418c64?s=96&d=mm&r=g","contentUrl":"https:\/\/secure.gravatar.com\/avatar\/f391ad6b3c41197daad8136e36418c64?s=96&d=mm&r=g","caption":"RAJAPACK Schweiz"},"description":"Geschrieben von unseren Verpackungsexperten bei RAJAPACK Schweiz: Wir lieben Verpackungen.","url":"https:\/\/www.rajapack.ch\/verpackungsnews\/author\/raja-ch"}]}},"_links":{"self":[{"href":"https:\/\/www.rajapack.ch\/verpackungsnews\/wp-json\/wp\/v2\/posts\/21253"}],"collection":[{"href":"https:\/\/www.rajapack.ch\/verpackungsnews\/wp-json\/wp\/v2\/posts"}],"about":[{"href":"https:\/\/www.rajapack.ch\/verpackungsnews\/wp-json\/wp\/v2\/types\/post"}],"author":[{"embeddable":true,"href":"https:\/\/www.rajapack.ch\/verpackungsnews\/wp-json\/wp\/v2\/users\/20"}],"replies":[{"embeddable":true,"href":"https:\/\/www.rajapack.ch\/verpackungsnews\/wp-json\/wp\/v2\/comments?post=21253"}],"version-history":[{"count":4,"href":"https:\/\/www.rajapack.ch\/verpackungsnews\/wp-json\/wp\/v2\/posts\/21253\/revisions"}],"predecessor-version":[{"id":30922,"href":"https:\/\/www.rajapack.ch\/verpackungsnews\/wp-json\/wp\/v2\/posts\/21253\/revisions\/30922"}],"wp:featuredmedia":[{"embeddable":true,"href":"https:\/\/www.rajapack.ch\/verpackungsnews\/wp-json\/wp\/v2\/media\/26887"}],"wp:attachment":[{"href":"https:\/\/www.rajapack.ch\/verpackungsnews\/wp-json\/wp\/v2\/media?parent=21253"}],"wp:term":[{"taxonomy":"category","embeddable":true,"href":"https:\/\/www.rajapack.ch\/verpackungsnews\/wp-json\/wp\/v2\/categories?post=21253"},{"taxonomy":"post_tag","embeddable":true,"href":"https:\/\/www.rajapack.ch\/verpackungsnews\/wp-json\/wp\/v2\/tags?post=21253"}],"curies":[{"name":"wp","href":"https:\/\/api.w.org\/{rel}","templated":true}]}}