{"id":21765,"date":"2020-10-21T08:54:29","date_gmt":"2020-10-21T06:54:29","guid":{"rendered":"https:\/\/www.rajapack.ch\/verpackungsnews\/?p=21765"},"modified":"2023-05-30T13:44:55","modified_gmt":"2023-05-30T11:44:55","slug":"verpackung-4-0","status":"publish","type":"post","link":"https:\/\/www.rajapack.ch\/verpackungsnews\/verpackung-4-0","title":{"rendered":"Verpackung 4.0 &#8211; Es ist noch Luft nach oben!"},"content":{"rendered":"<h4>An eine \u201egute\u201c Verpackung werden heute eine Vielzahl an Anforderungen gestellt. Das gilt insbesondere f\u00fcr Transport- oder Versandverpackung, viele Punkte lassen sich aber genauso auch auf Verkaufsverpackung \u00fcbertragen. Neben der offenkundlichen Hauptaufgabe, n\u00e4mlich dem Schutz des Packgutes w\u00e4hrend Transport und Lagerung, verstehen wir unter der Verpackung 4.0 eine Verpackung, die den heutigen und zuk\u00fcnftigen W\u00fcnschen bzw. Tr\u00e4umen der Kunden und Versender entspricht.<\/h4>\n<div class=\"su-divider su-divider-style-default\" style=\"margin:15px 0;border-width:3px;border-color:#999999\"><\/div>\n<h2>Verpackung &#8211; heute und in Zukunft<\/h2>\n<div class=\"su-spacer\" style=\"height:30px\"><\/div>\n<p>Verpackung wird stetig entwickelt und weitergedacht. Fortschritte in Forschung und Technik, sich \u00e4ndernde Absatzm\u00e4rkte und Bed\u00fcrfnisse sowohl der Versender als auch Empf\u00e4nger ergeben immer neue \u201eKompromisse\u201c. Ob die Verpackung der Zukunft tats\u00e4chlich aus Meeresalgen oder Pilzen besteht, wird sich zeigen. \u00dcber die Verpackung der Zukunft l\u00e4sst sich heute nur spekulieren. Was aber ist HEUTE eine Verpackung, die alle aktuell an sie gestellten Anspr\u00fcche erf\u00fcllt? Was ist die Verpackung state of the art, die Verpackung 4.0?<\/p>\n<div class=\"su-custom-gallery su-custom-gallery-align-left su-custom-gallery-title-never\"><div class=\"su-custom-gallery-slide\" style=\"width:626px;height:378px\"><a><img loading=\"lazy\" decoding=\"async\" src=\"https:\/\/www.rajapack.ch\/verpackungsnews\/wp-content\/uploads\/2020\/10\/Karton-mit-Diagrammen-626x378.jpg\" alt=\"Karton-mit-Diagrammen\" width=\"626\" height=\"378\" \/><span class=\"su-custom-gallery-title\">Karton-mit-Diagrammen<\/span><\/a><\/div><div class=\"su-clear\"><\/div><\/div>\n<h2>Eine Verpackung 4.0 ist eine Verpackung, die<\/h2>\n<div class=\"su-spacer\" style=\"height:30px\"><\/div>\n<div class=\"su-list\" style=\"margin-left:0px\">1. voll automatisierte Prozesse im Lager und Versand d.h. die Industrie 4.0 unterst\u00fctzt,<\/div>\n<div class=\"su-list\" style=\"margin-left:0px\">2. nicht nur selbst Informationen generiert, sondern auch \u00fcber alle Stufen der Lieferkette hinweg miteinander kommuniziert, ihre Inhalte selbst \u00fcberwacht und dabei zielf\u00fchrende Entscheidungen trifft. Sogenannte intelligente und auch smarte Verpackungen.<\/div>\n<div class=\"su-list\" style=\"margin-left:0px\">3. beim Kunden als Point of Sale agiert und jeden Kunden pers\u00f6nlich anspricht<\/div>\n<div class=\"su-list\" style=\"margin-left:0px\">4. nachhaltig ist.<\/div>\n<h2>Wie weit sind wir heute im Einsatz der Verpackung 4.0?<\/h2>\n<div class=\"su-spacer\" style=\"height:30px\"><\/div>\n<p>Fabian Kraft, Leitung National Key Accounts bei RAJAPACK Deutschland, wagt auf der Logistic Summit 2020 eine Einsch\u00e4tzung: \u201eWir k\u00f6nnten 3.8 heute schon ganz gut abbilden. Reell liegen wir wohl er bei 3.6 \u2013 und selbst das ist f\u00fcr viele deutsche Unternehmen noch unerreicht.\u201c<\/p>\n<p>Woran liegt das? Was sind die Herausforderungen, mit denen Unternehmen in Bezug auf Verpackung zu k\u00e4mpfen haben? Wir haben sie Punkt f\u00fcr Punkt \u201eabgearbeitet\u201c:<\/p>\n<h2>1. Die Rolle der Automatisierung in der Verpackung<\/h2>\n<div class=\"su-spacer\" style=\"height:30px\"><\/div>\n<p>Ab einem gewissen Pack-Aufkommen kommen Sie an einer Automatisierung der Abl\u00e4ufe nicht vorbei. Doch was ist heute in realistischem Masse als Automatisierungsgrad m\u00f6glich?<\/p>\n<p><strong>Vollautomatische Waren-Kommissionierung<\/strong>, mithilfe von Kommissionierautomaten bzw. Kommissionier-Robotern, setzt eine komplette Neuorganisation der Lagersysteme voraus. Eine Investition, die sich aktuell kaum rechnet. Steigende Lohnkosten und Arbeitskr\u00e4ftemangel k\u00f6nnten hier (sehr) langfristig gesehen zu einem Umdenken f\u00fchren. F\u00fcr eine Teil-Automatisierung bzw. das elektronisch unterst\u00fctze Arbeiten beim Kommissionieren jedoch gibt es bereits einige praktikable L\u00f6sungen. Das Kommissionieren mithilfe mobiler Datenerfassung (MDE), das Kommissionieren mittels Barcode (Pick-by-Scan), sprachgesteuerte Kommissionierung (Pick-by-Voice), das Kommissionieren mithilfe einer Datenbrille (Pick-by-Vision) oder mittels Radiowellen (Pick-by-RFID) sind einige der Ans\u00e4tze, die in der Praxis bereits t\u00e4gliche Realit\u00e4t sind. Mehr dazu im Blog: <a href=\"\/verpackungsnews\/modernes-kommissionieren-4-0\" target=\"_blank\" rel=\"noopener\">Modernes Kommissionieren<\/a>.<\/p>\n<p>Beim Verpacken f\u00fchrt ein gewisser Grad an Automatisierung zu Effizienzsteigerung, mehr Nachhaltigkeit und einer End-Kontrolle, der nichts entgeht. Das kann dann so\u00a0 oder so \u00e4hnlich aussehen:<\/p>\n<div class=\"su-image-carousel su-image-carousel-columns-2 su-image-carousel-has-spacing su-image-carousel-has-outline su-image-carousel-adaptive su-image-carousel-slides-style-default su-image-carousel-controls-style-light su-image-carousel-align-center\" style=\"\" data-flickity-options='{\"groupCells\":true,\"cellSelector\":\".su-image-carousel-item\",\"adaptiveHeight\":true,\"cellAlign\":\"left\",\"prevNextButtons\":false,\"pageDots\":false,\"autoPlay\":4000,\"imagesLoaded\":true,\"contain\":false,\"selectedAttraction\":0.025,\"friction\":0.28}' id=\"su_image_carousel_69f11d349fb3c\"><div class=\"su-image-carousel-item\"><div class=\"su-image-carousel-item-content\"><img loading=\"lazy\" decoding=\"async\" width=\"918\" height=\"555\" src=\"https:\/\/www.rajapack.ch\/verpackungsnews\/wp-content\/uploads\/2020\/10\/frid-scan.jpg\" class=\"\" alt=\"Verpackung 4.0 frid scan\" srcset=\"https:\/\/www.rajapack.ch\/verpackungsnews\/wp-content\/uploads\/2020\/10\/frid-scan.jpg 918w, https:\/\/www.rajapack.ch\/verpackungsnews\/wp-content\/uploads\/2020\/10\/frid-scan-430x260.jpg 430w, https:\/\/www.rajapack.ch\/verpackungsnews\/wp-content\/uploads\/2020\/10\/frid-scan-768x464.jpg 768w\" sizes=\"(max-width: 918px) 100vw, 918px\" \/><\/div><\/div><div class=\"su-image-carousel-item\"><div class=\"su-image-carousel-item-content\"><img loading=\"lazy\" decoding=\"async\" width=\"918\" height=\"555\" src=\"https:\/\/www.rajapack.ch\/verpackungsnews\/wp-content\/uploads\/2020\/10\/Kartonaufrichtemaschine.jpg\" class=\"\" alt=\"Ein Karton wird von einer Kartonaufrichtemaschine zusammengefaltet\" srcset=\"https:\/\/www.rajapack.ch\/verpackungsnews\/wp-content\/uploads\/2020\/10\/Kartonaufrichtemaschine.jpg 918w, https:\/\/www.rajapack.ch\/verpackungsnews\/wp-content\/uploads\/2020\/10\/Kartonaufrichtemaschine-430x260.jpg 430w, https:\/\/www.rajapack.ch\/verpackungsnews\/wp-content\/uploads\/2020\/10\/Kartonaufrichtemaschine-768x464.jpg 768w\" sizes=\"(max-width: 918px) 100vw, 918px\" \/><\/div><\/div><\/div><script id=\"su_image_carousel_69f11d349fb3c_script\">if(window.SUImageCarousel){setTimeout(function() {window.SUImageCarousel.initGallery(document.getElementById(\"su_image_carousel_69f11d349fb3c\"))}, 0);}var su_image_carousel_69f11d349fb3c_script=document.getElementById(\"su_image_carousel_69f11d349fb3c_script\");if(su_image_carousel_69f11d349fb3c_script){su_image_carousel_69f11d349fb3c_script.parentNode.removeChild(su_image_carousel_69f11d349fb3c_script);}<\/script>\n<h2>Ein typischer, teil-automatisierter Packprozess:<\/h2>\n<div class=\"su-spacer\" style=\"height:30px\"><\/div>\n<p>Das Packen der (Versand-) Kartons ist in aller Regel immer noch \u201eHandarbeit\u201c. Aber entlang der Packstrasse machen sich automatisierte Prozesse bezahlt. Eine\u00a0<strong>Karton-Aufrichtemaschine<\/strong>\u00a0beispielsweise, die anhand der Auftragsdaten den Karton auf die Rollenbahn schickt, der in Gr\u00f6sse und Beschaffenheit zum Auftrag passt, f\u00fchrt nicht nur zu eindeutig schnelleren Abl\u00e4ufen, sondern zahlt auch auf die Nachhaltigkeit ein: In Sekundenbruchteilen kann die Maschine erfassen, welches der kleinstm\u00f6gliche Karton und damit der mit dem geringsten Aufwand an F\u00fcll- und Polstermaterial ist \u2013 w\u00e4hrend der Packer bzw. die Packerin verst\u00e4ndlicherweise eher zum gr\u00f6sseren Karton greift, um nicht nachher noch einmal umpacken zu m\u00fcssen.<\/p>\n<div class=\"su-service\"><div class=\"su-service-title\" style=\"padding-left:54px;min-height:40px;line-height:40px\"><i class=\"sui sui-long-arrow-right\" style=\"font-size:40px;color:#4169ed\"><\/i> Exkurs:<\/div><div class=\"su-service-content su-u-clearfix su-u-trim\" style=\"padding-left:54px\">Mehr \u00fcber das \u201ePh\u00e4nomen\u201c zu grosser Versandkartons und wie z.B. das Fraunhofer Institut an m\u00f6glichen, automatisierten L\u00f6sungen arbeitet:<a href=\"\/verpackungsnews\/zu-grosse-versandverpackungen\" target=\"_blank\" rel=\"noopener\"> Zu grosse Versandverpackungen<\/a><\/div><\/div>\n<p>Nach dem Packen wird dank des\u00a0<strong>RFID Chips<\/strong>\u00a0\u00fcberpr\u00fcft, ob der Inhalt des Kartons auch mit dem Auftrag \u00fcbereinstimmt. Auch hier spielen Nachhaltigkeitsgr\u00fcnde eine Rolle f\u00fcr diesen Automatisierungsschritt: Eine Nachlieferung bedeutet eben nicht nur einen ver\u00e4rgerten Kunden, sondern auch mehr Verpackungsaufwand und mehr Transportlogistik bedeutet mehr CO\u00b2.<\/p>\n<p>Nach dem Einpacken geht der Karton weiter Richtung\u00a0<strong>automatische volumenoptimierende Kartonverschliessmaschine<\/strong>\u00a0(Bild e3neo) und danach zum\u00a0<strong>Versandlabelling<\/strong>\u00a0um final \u00fcber eine PLZ-Vorsortierung dem passenden Post-Trolley oder einer Palette zugef\u00fchrt und ggf. noch umstretcht zu werden. An die Verpackung selbst stellt dieser Prozess die Anforderung des aufgebrachten Tracking Codes und der Maschinentauglichkeit.<\/p>\n<h2>3. Verpackung 4.0: Die Kundenansprache<\/h2>\n<div class=\"su-spacer\" style=\"height:30px\"><\/div>\n<p>Kunden wollen begeistert und \u00fcberrascht werden. Ein brauner schlichter Karton tut dies nicht. Nutzen Sie die Werbefl\u00e4che, die sich auf der Verpackung bietet! Gerade im stetig wachsenden E-Commerce Bereich sollte Verpackung inzwischen als PoS verstanden werden.<\/p>\n<p>Heute in vielen Unternehmen gang und g\u00e4be: Bedruckte Kartons, Versandtaschen und Klebeband mit Firmen-Logo. Wiedererkennungswert, Werbefl\u00e4che und Kundenbindungsinstrument. Verpackung 4.0 kann aber noch ein wenig mehr:<\/p>\n<p>Einen Schritt weiter gehen und den Kunden begeistern k\u00f6nnen Sie, wenn auch die Innenfl\u00e4chen genutzt werden. Schon \u201enormale\u201c Innenbedruckung kann hier einen grossen Unterschied machen. H\u00f6chster Standard, und damit quasi Verpackung 4.0: Jedes Paket spricht den Kunden pers\u00f6nlich an! Das ist heute schon \u00fcber die Anbringung eines personalisierten Etiketts auf der Innenseite des Kartons, z.B. \u201eMichael, viel Spass mit Deinen neuen Schuhen!\u201c oder das Aufbringen eines QR Codes via Etikett m\u00f6glich.<\/p>\n<div class=\"su-image-carousel su-image-carousel-columns-2 su-image-carousel-has-spacing su-image-carousel-has-outline su-image-carousel-adaptive su-image-carousel-slides-style-default su-image-carousel-controls-style-light su-image-carousel-align-center\" style=\"\" data-flickity-options='{\"groupCells\":true,\"cellSelector\":\".su-image-carousel-item\",\"adaptiveHeight\":true,\"cellAlign\":\"left\",\"prevNextButtons\":false,\"pageDots\":false,\"autoPlay\":4000,\"imagesLoaded\":true,\"contain\":false,\"selectedAttraction\":0.025,\"friction\":0.28}' id=\"su_image_carousel_69f11d34a04ce\"><div class=\"su-image-carousel-item\"><div class=\"su-image-carousel-item-content\"><img loading=\"lazy\" decoding=\"async\" width=\"682\" height=\"577\" src=\"https:\/\/www.rajapack.ch\/verpackungsnews\/wp-content\/uploads\/2020\/10\/Innendruck-Verpackung.jpg\" class=\"\" alt=\"karton innen bedruckt\" srcset=\"https:\/\/www.rajapack.ch\/verpackungsnews\/wp-content\/uploads\/2020\/10\/Innendruck-Verpackung.jpg 682w, https:\/\/www.rajapack.ch\/verpackungsnews\/wp-content\/uploads\/2020\/10\/Innendruck-Verpackung-430x364.jpg 430w\" sizes=\"(max-width: 682px) 100vw, 682px\" \/><\/div><\/div><div class=\"su-image-carousel-item\"><div class=\"su-image-carousel-item-content\"><img loading=\"lazy\" decoding=\"async\" width=\"1200\" height=\"627\" src=\"https:\/\/www.rajapack.ch\/verpackungsnews\/wp-content\/uploads\/2020\/10\/qr-code-scan.jpg\" class=\"\" alt=\"Verpakung 4.0 QR Code\" srcset=\"https:\/\/www.rajapack.ch\/verpackungsnews\/wp-content\/uploads\/2020\/10\/qr-code-scan.jpg 1200w, https:\/\/www.rajapack.ch\/verpackungsnews\/wp-content\/uploads\/2020\/10\/qr-code-scan-430x225.jpg 430w, https:\/\/www.rajapack.ch\/verpackungsnews\/wp-content\/uploads\/2020\/10\/qr-code-scan-1024x535.jpg 1024w, https:\/\/www.rajapack.ch\/verpackungsnews\/wp-content\/uploads\/2020\/10\/qr-code-scan-768x401.jpg 768w\" sizes=\"(max-width: 1200px) 100vw, 1200px\" \/><\/div><\/div><\/div><script id=\"su_image_carousel_69f11d34a04ce_script\">if(window.SUImageCarousel){setTimeout(function() {window.SUImageCarousel.initGallery(document.getElementById(\"su_image_carousel_69f11d34a04ce\"))}, 0);}var su_image_carousel_69f11d34a04ce_script=document.getElementById(\"su_image_carousel_69f11d34a04ce_script\");if(su_image_carousel_69f11d34a04ce_script){su_image_carousel_69f11d34a04ce_script.parentNode.removeChild(su_image_carousel_69f11d34a04ce_script);}<\/script>\n<p>Beim Thema Augmented Reality verkn\u00fcpft man endg\u00fcltig die reale und die digitale Welt. \u00dcber ein Wasserzeichen, welches in einem Bild auf dem Karton integriert ist, entf\u00fchren Sie den Kunden in eine andere Welt. Da alle Informationen in der Cloud gespeichert sind, kann man hier die dargebotenen Infos jederzeit anpassen. Keine Zukunftsmusik, sondern l\u00e4ngst ein rasant wachsender Markt, wie diese Zahlen beweisen:<\/p>\n<ul>\n<li>GLOBALER MARKTANTEIL:<br \/>\nIn den n\u00e4chsten 5 Jahren<br \/>\nbis zu 85-90 Milliarden US-Dollar*<\/li>\n<li>INSTALLIERTE APPLIKATIONEN:<br \/>\nInsgesamt 3,5 Milliarden installierte Applikationen<\/li>\n<li>ANSTIEG DER AUSGABEN:<br \/>\n+70% vom Jahr 2018 auf 2019<br \/>\n(auf insgesamt 20 Milliarden)<\/li>\n<\/ul>\n<p>*Quelle: https:\/\/de.cosmoconsult.com\/blog\/2019\/11\/augmented-reality-verpackungen\/<\/p>\n<h2>4. Nachhaltige Verpackung<\/h2>\n<div class=\"su-spacer\" style=\"height:30px\"><\/div>\n<p>Grunds\u00e4tzlich ist die Verpackung die wichtigste Voraussetzung f\u00fcr einen nachhaltigen Transport. Denn kommt das Produkt besch\u00e4digt beim Kunden an, ist das nicht nur ein Imageverlust, sondern zieht auch immense Kosten sowie einen Neuversand und damit einen erh\u00f6hten CO\u00b2 Ausstoss nach sich.<\/p>\n<p>Laut einer Forbes Studie aus 2018 enthalten 60% der Lieferungen mehr als 25% Leervolumen und das hat sich seither nur leicht verbessert. Ziel ist es also die passende Verpackung f\u00fcr Ihr Produkt zu w\u00e4hlen, d.h. eine Verpackung nur so gross wie n\u00f6tig und mit genau ausreichend Polsterschutz um ein sicheres Ankommen Ihrer Ware zu gew\u00e4hrleisten. Das ist das A und O.<\/p>\n<p>Auch beim Polsterschutz sehen wir noch Potential hin zur Verpackung 4.0. Denn: Durch die passende F\u00fcll- und Polstermaterialmaschine, die am Packplatz integriert ist, spart man Platz und arbeitet wesentlich ergonomischer als mit manuellem Kn\u00fcllpapier. Laut einer PwC Umfrage aus 2018 sind 85% der Konsumenten nachhaltige Verpackungen wichtig. Bereits 52% suchen gezielt nach Produkten mit umweltfreundlicher Verpackung.<\/p>\n<p>Gem\u00e4ss einer Studie der STI Group aus 2015 waren die Befragten bereit, bei einem angenommenen Produktpreis von 2,50 Euro, durchschnittlich 30 Cent \u2013 also 12 Prozent \u2013 mehr auszugeben, wenn Sie daf\u00fcr eine nachhaltige Verpackung bekommen. Unsere Erfahrung zeigt, dass sich sehr viele Unternehmen Gedanken \u00fcber das Thema Nachhaltigkeit machen, aber noch zu wenige den Schritt wagen all ihre bisherigen Verpackungen auf nachhaltigere umzustellen. Oft beruhigt man das Gewissen durch \u00c4nderung einer kleinen Stellschraube.<\/p>\n<p>Es sind kleine Schritte, aber es tut sich etwas. Allein die Verkaufszahlen bei RAJAPACK belegen ein (z\u00f6gerliches) umdenken:<\/p>\n<ul>\n<li>85% unserer Kunden haben mindestens ein umweltfreundliches Produkt im Sortiment<\/li>\n<li>der Anteil derer, die bei uns ausschliesslich umweltfreundliche Materialien kaufen in den letzten 2 Jahren um 3% gestiegen ist<\/li>\n<li>die Menge der verkauften umweltfreundlichen Produkte hat sich in den letzten 2 Jahren um 12% erh\u00f6ht<\/li>\n<\/ul>\n<div class=\"su-box su-box-style-glass font-size: 40pt;\" id=\"Betonung\" style=\"border-color:#be310c;border-radius:3px\"><div class=\"su-box-title\" style=\"background-color:#f1643f;color:#141313;border-top-left-radius:1px;border-top-right-radius:1px\">Fazit: Unser Weg zu Verpackung 4.0<\/div><div class=\"su-box-content su-u-clearfix su-u-trim\" style=\"border-bottom-left-radius:1px;border-bottom-right-radius:1px\">Die genannten Punkte machen deutlich: Die Verpackung 4.0 ist kein unerreichbares Ziel. \u00a0Warum also sind wir nur bei 3.6?<\/p>\n<ul>\n<li><strong>Durch g\u00fcnstige und schnelle Lagerarbeiter fehlt es an der gef\u00fchlten Notwendigkeit der Automatisierung, wobei uns Corona jetzt gezeigt hat wie fragil Lieferketten sind, wenn Sie auf zu viel rein menschlicher Arbeitskraft basieren. Viele haben Respekt davor bestehende Prozesse zu \u00e4ndern. <\/strong><\/li>\n<li><strong>Angst vor Prozess\u00e4nderung und personeller Mangel <\/strong><\/li>\n<li><strong>Nachhaltigkeit muss Teil des Unternehmensziel sein<\/strong><\/div><\/div><\/li>\n<\/ul>\n<div class=\"su-quote su-quote-style-default\"><div class=\"su-quote-inner su-u-clearfix su-u-trim\">Unternehmen erkennen mehr und mehr, dass Kunden in Zukunft mehr erwarten als die reine Zustellung der Ware. Kunden wollen begeistert werden. Diesem Punkt wird noch immer viel zu wenig Beachtung geschenkt. Wenn Firmen das volle Potential einer Verpackung ausnutzen m\u00f6chten und dadurch Kundenbindung auf ein neues Level heben, erst dann wird das Thema Automatisierung bzw. smarte Verpackungen voranschreiten. <\/div><\/div>\n<p>RAJAPACK steht Ihnen gerne zur Seite, den n\u00e4chsten (oder aber auch: den ersten) Schritt zu gehen. Eine bestehende Infrastruktur kann durchaus Schritt f\u00fcr Schritt parallel zum weiterlaufenden Gesch\u00e4ft umgebaut und angepasst werden.<\/p>\n","protected":false},"excerpt":{"rendered":"<p>An eine \u201egute\u201c Verpackung werden heute eine Vielzahl an Anforderungen gestellt. Das gilt insbesondere f\u00fcr Transport- oder Versandverpackung, viele Punkte lassen sich aber genauso auch auf Verkaufsverpackung \u00fcbertragen. Neben der [&#8230;]<\/p>\n","protected":false},"author":20,"featured_media":25302,"comment_status":"open","ping_status":"closed","sticky":false,"template":"","format":"standard","meta":{"_acf_changed":false,"footnotes":""},"categories":[21],"tags":[589,447,683,16],"class_list":["post-21765","post","type-post","status-publish","format-standard","has-post-thumbnail","hentry","category-news-und-trends","tag-automatisierung","tag-intelligente-verpackung","tag-kommissionieren","tag-nachhaltigkeit"],"acf":[],"yoast_head":"\n<title>Verpackung 4.0 - Es ist noch Luft nach oben! - RAJA Blog CH<\/title>\n<meta name=\"description\" content=\"Was sind die Anspr\u00fcche an eine moderne (Versand-) Verpackung? Was ist die Verpackung 4.0 und in wieweit ist sie heute schon Realit\u00e4t?\" \/>\n<meta name=\"robots\" content=\"index, follow, max-snippet:-1, max-image-preview:large, max-video-preview:-1\" \/>\n<link rel=\"canonical\" href=\"https:\/\/www.rajapack.ch\/verpackungsnews\/verpackung-4-0\" \/>\n<meta property=\"og:locale\" content=\"de_DE\" \/>\n<meta property=\"og:type\" content=\"article\" \/>\n<meta property=\"og:title\" content=\"Verpackung 4.0 - Es ist noch Luft nach oben! - RAJA Blog CH\" \/>\n<meta property=\"og:description\" content=\"Was sind die Anspr\u00fcche an eine moderne (Versand-) Verpackung? Was ist die Verpackung 4.0 und in wieweit ist sie heute schon Realit\u00e4t?\" \/>\n<meta property=\"og:url\" content=\"https:\/\/www.rajapack.ch\/verpackungsnews\/verpackung-4-0\" \/>\n<meta property=\"og:site_name\" content=\"RAJA Blog CH\" \/>\n<meta property=\"article:published_time\" content=\"2020-10-21T06:54:29+00:00\" \/>\n<meta property=\"article:modified_time\" content=\"2023-05-30T11:44:55+00:00\" \/>\n<meta property=\"og:image\" content=\"https:\/\/www.rajapack.ch\/verpackungsnews\/wp-content\/uploads\/2020\/10\/Luft-nach-oben-1536x585-1-e1678803933495.jpg\" \/>\n\t<meta property=\"og:image:width\" content=\"820\" \/>\n\t<meta property=\"og:image:height\" content=\"312\" \/>\n\t<meta property=\"og:image:type\" content=\"image\/jpeg\" \/>\n<meta name=\"author\" content=\"RAJAPACK Schweiz\" \/>\n<meta name=\"twitter:card\" content=\"summary_large_image\" \/>\n<meta name=\"twitter:label1\" content=\"Verfasst von\" \/>\n\t<meta name=\"twitter:data1\" content=\"RAJAPACK Schweiz\" \/>\n\t<meta name=\"twitter:label2\" content=\"Gesch\u00e4tzte Lesezeit\" \/>\n\t<meta name=\"twitter:data2\" content=\"8 Minuten\" \/>\n<script type=\"application\/ld+json\" class=\"yoast-schema-graph\">{\n\t    \"@context\": \"https:\/\/schema.org\",\n\t    \"@graph\": [\n\t        {\n\t            \"@type\": \"Article\",\n\t            \"@id\": \"https:\/\/www.rajapack.ch\/verpackungsnews\/verpackung-4-0#article\",\n\t            \"isPartOf\": {\n\t                \"@id\": \"https:\/\/www.rajapack.ch\/verpackungsnews\/verpackung-4-0\"\n\t            },\n\t            \"author\": {\n\t                \"name\": \"RAJAPACK Schweiz\",\n\t                \"@id\": \"https:\/\/www.rajapack.ch\/verpackungsnews\/#\/schema\/person\/e0825d9926514f72b2ba6eafaf517f7a\"\n\t            },\n\t            \"headline\": \"Verpackung 4.0 &#8211; Es ist noch Luft nach oben!\",\n\t            \"datePublished\": \"2020-10-21T06:54:29+00:00\",\n\t            \"dateModified\": \"2023-05-30T11:44:55+00:00\",\n\t            \"mainEntityOfPage\": {\n\t                \"@id\": \"https:\/\/www.rajapack.ch\/verpackungsnews\/verpackung-4-0\"\n\t            },\n\t            \"wordCount\": 1556,\n\t            \"commentCount\": 0,\n\t            \"publisher\": {\n\t                \"@id\": \"https:\/\/www.rajapack.ch\/verpackungsnews\/#organization\"\n\t            },\n\t            \"image\": {\n\t                \"@id\": \"https:\/\/www.rajapack.ch\/verpackungsnews\/verpackung-4-0#primaryimage\"\n\t            },\n\t            \"thumbnailUrl\": \"https:\/\/www.rajapack.ch\/verpackungsnews\/wp-content\/uploads\/2020\/10\/Luft-nach-oben-1536x585-1-e1678803933495.jpg\",\n\t            \"keywords\": [\n\t                \"Automatisierung\",\n\t                \"intelligente Verpackung\",\n\t                \"Kommissionieren\",\n\t                \"Nachhaltigkeit\"\n\t            ],\n\t            \"articleSection\": [\n\t                \"News und Trends\"\n\t            ],\n\t            \"inLanguage\": \"de-DE\",\n\t            \"potentialAction\": [\n\t                {\n\t                    \"@type\": \"CommentAction\",\n\t                    \"name\": \"Comment\",\n\t                    \"target\": [\n\t                        \"https:\/\/www.rajapack.ch\/verpackungsnews\/verpackung-4-0#respond\"\n\t                    ]\n\t                }\n\t            ]\n\t        },\n\t        {\n\t            \"@type\": \"WebPage\",\n\t            \"@id\": \"https:\/\/www.rajapack.ch\/verpackungsnews\/verpackung-4-0\",\n\t            \"url\": \"https:\/\/www.rajapack.ch\/verpackungsnews\/verpackung-4-0\",\n\t            \"name\": \"Verpackung 4.0 - Es ist noch Luft nach oben! - RAJA Blog CH\",\n\t            \"isPartOf\": {\n\t                \"@id\": \"https:\/\/www.rajapack.ch\/verpackungsnews\/#website\"\n\t            },\n\t            \"primaryImageOfPage\": {\n\t                \"@id\": \"https:\/\/www.rajapack.ch\/verpackungsnews\/verpackung-4-0#primaryimage\"\n\t            },\n\t            \"image\": {\n\t                \"@id\": \"https:\/\/www.rajapack.ch\/verpackungsnews\/verpackung-4-0#primaryimage\"\n\t            },\n\t            \"thumbnailUrl\": \"https:\/\/www.rajapack.ch\/verpackungsnews\/wp-content\/uploads\/2020\/10\/Luft-nach-oben-1536x585-1-e1678803933495.jpg\",\n\t            \"datePublished\": \"2020-10-21T06:54:29+00:00\",\n\t            \"dateModified\": \"2023-05-30T11:44:55+00:00\",\n\t            \"description\": \"Was sind die Anspr\u00fcche an eine moderne (Versand-) Verpackung? Was ist die Verpackung 4.0 und in wieweit ist sie heute schon Realit\u00e4t?\",\n\t            \"inLanguage\": \"de-DE\",\n\t            \"potentialAction\": [\n\t                {\n\t                    \"@type\": \"ReadAction\",\n\t                    \"target\": [\n\t                        \"https:\/\/www.rajapack.ch\/verpackungsnews\/verpackung-4-0\"\n\t                    ]\n\t                }\n\t            ]\n\t        },\n\t        {\n\t            \"@type\": \"ImageObject\",\n\t            \"inLanguage\": \"de-DE\",\n\t            \"@id\": \"https:\/\/www.rajapack.ch\/verpackungsnews\/verpackung-4-0#primaryimage\",\n\t            \"url\": \"https:\/\/www.rajapack.ch\/verpackungsnews\/wp-content\/uploads\/2020\/10\/Luft-nach-oben-1536x585-1-e1678803933495.jpg\",\n\t            \"contentUrl\": \"https:\/\/www.rajapack.ch\/verpackungsnews\/wp-content\/uploads\/2020\/10\/Luft-nach-oben-1536x585-1-e1678803933495.jpg\",\n\t            \"width\": 820,\n\t            \"height\": 312,\n\t            \"caption\": \"Verpackung 4.0\"\n\t        },\n\t        {\n\t            \"@type\": \"WebSite\",\n\t            \"@id\": \"https:\/\/www.rajapack.ch\/verpackungsnews\/#website\",\n\t            \"url\": \"https:\/\/www.rajapack.ch\/verpackungsnews\/\",\n\t            \"name\": \"RAJA Blog CH\",\n\t            \"description\": \"Verpackungsnews vom Experten\",\n\t            \"publisher\": {\n\t                \"@id\": \"https:\/\/www.rajapack.ch\/verpackungsnews\/#organization\"\n\t            },\n\t            \"potentialAction\": [\n\t                {\n\t                    \"@type\": \"SearchAction\",\n\t                    \"target\": {\n\t                        \"@type\": \"EntryPoint\",\n\t                        \"urlTemplate\": \"https:\/\/www.rajapack.ch\/verpackungsnews\/?s={search_term_string}\"\n\t                    },\n\t                    \"query-input\": \"required name=search_term_string\"\n\t                }\n\t            ],\n\t            \"inLanguage\": \"de-DE\"\n\t        },\n\t        {\n\t            \"@type\": \"Organization\",\n\t            \"@id\": \"https:\/\/www.rajapack.ch\/verpackungsnews\/#organization\",\n\t            \"name\": \"RAJA Blog CH\",\n\t            \"url\": \"https:\/\/www.rajapack.ch\/verpackungsnews\/\",\n\t            \"logo\": {\n\t                \"@type\": \"ImageObject\",\n\t                \"inLanguage\": \"de-DE\",\n\t                \"@id\": \"https:\/\/www.rajapack.ch\/verpackungsnews\/#\/schema\/logo\/image\/\",\n\t                \"url\": \"\",\n\t                \"contentUrl\": \"\",\n\t                \"caption\": \"RAJA Blog CH\"\n\t            },\n\t            \"image\": {\n\t                \"@id\": \"https:\/\/www.rajapack.ch\/verpackungsnews\/#\/schema\/logo\/image\/\"\n\t            },\n\t            \"sameAs\": [\n\t                \"https:\/\/de.linkedin.com\/company\/rajapack-gmbh\"\n\t            ]\n\t        },\n\t        {\n\t            \"@type\": \"Person\",\n\t            \"@id\": \"https:\/\/www.rajapack.ch\/verpackungsnews\/#\/schema\/person\/e0825d9926514f72b2ba6eafaf517f7a\",\n\t            \"name\": \"RAJAPACK Schweiz\",\n\t            \"image\": {\n\t                \"@type\": \"ImageObject\",\n\t                \"inLanguage\": \"de-DE\",\n\t                \"@id\": \"https:\/\/www.rajapack.ch\/verpackungsnews\/#\/schema\/person\/image\/\",\n\t                \"url\": \"https:\/\/secure.gravatar.com\/avatar\/f391ad6b3c41197daad8136e36418c64?s=96&d=mm&r=g\",\n\t                \"contentUrl\": \"https:\/\/secure.gravatar.com\/avatar\/f391ad6b3c41197daad8136e36418c64?s=96&d=mm&r=g\",\n\t                \"caption\": \"RAJAPACK Schweiz\"\n\t            },\n\t            \"description\": \"Geschrieben von unseren Verpackungsexperten bei RAJAPACK Schweiz: Wir lieben Verpackungen.\",\n\t            \"url\": \"https:\/\/www.rajapack.ch\/verpackungsnews\/author\/raja-ch\"\n\t        }\n\t    ]\n\t}<\/script>\n","yoast_head_json":{"title":"Verpackung 4.0 - Es ist noch Luft nach oben! - RAJA Blog CH","description":"Was sind die Anspr\u00fcche an eine moderne (Versand-) Verpackung? Was ist die Verpackung 4.0 und in wieweit ist sie heute schon Realit\u00e4t?","robots":{"index":"index","follow":"follow","max-snippet":"max-snippet:-1","max-image-preview":"max-image-preview:large","max-video-preview":"max-video-preview:-1"},"canonical":"https:\/\/www.rajapack.ch\/verpackungsnews\/verpackung-4-0","og_locale":"de_DE","og_type":"article","og_title":"Verpackung 4.0 - Es ist noch Luft nach oben! - RAJA Blog CH","og_description":"Was sind die Anspr\u00fcche an eine moderne (Versand-) Verpackung? Was ist die Verpackung 4.0 und in wieweit ist sie heute schon Realit\u00e4t?","og_url":"https:\/\/www.rajapack.ch\/verpackungsnews\/verpackung-4-0","og_site_name":"RAJA Blog CH","article_published_time":"2020-10-21T06:54:29+00:00","article_modified_time":"2023-05-30T11:44:55+00:00","og_image":[{"width":820,"height":312,"url":"https:\/\/www.rajapack.ch\/verpackungsnews\/wp-content\/uploads\/2020\/10\/Luft-nach-oben-1536x585-1-e1678803933495.jpg","type":"image\/jpeg"}],"author":"RAJAPACK Schweiz","twitter_card":"summary_large_image","twitter_misc":{"Verfasst von":"RAJAPACK Schweiz","Gesch\u00e4tzte Lesezeit":"8 Minuten"},"schema":{"@context":"https:\/\/schema.org","@graph":[{"@type":"Article","@id":"https:\/\/www.rajapack.ch\/verpackungsnews\/verpackung-4-0#article","isPartOf":{"@id":"https:\/\/www.rajapack.ch\/verpackungsnews\/verpackung-4-0"},"author":{"name":"RAJAPACK Schweiz","@id":"https:\/\/www.rajapack.ch\/verpackungsnews\/#\/schema\/person\/e0825d9926514f72b2ba6eafaf517f7a"},"headline":"Verpackung 4.0 &#8211; Es ist noch Luft nach oben!","datePublished":"2020-10-21T06:54:29+00:00","dateModified":"2023-05-30T11:44:55+00:00","mainEntityOfPage":{"@id":"https:\/\/www.rajapack.ch\/verpackungsnews\/verpackung-4-0"},"wordCount":1556,"commentCount":0,"publisher":{"@id":"https:\/\/www.rajapack.ch\/verpackungsnews\/#organization"},"image":{"@id":"https:\/\/www.rajapack.ch\/verpackungsnews\/verpackung-4-0#primaryimage"},"thumbnailUrl":"https:\/\/www.rajapack.ch\/verpackungsnews\/wp-content\/uploads\/2020\/10\/Luft-nach-oben-1536x585-1-e1678803933495.jpg","keywords":["Automatisierung","intelligente Verpackung","Kommissionieren","Nachhaltigkeit"],"articleSection":["News und Trends"],"inLanguage":"de-DE","potentialAction":[{"@type":"CommentAction","name":"Comment","target":["https:\/\/www.rajapack.ch\/verpackungsnews\/verpackung-4-0#respond"]}]},{"@type":"WebPage","@id":"https:\/\/www.rajapack.ch\/verpackungsnews\/verpackung-4-0","url":"https:\/\/www.rajapack.ch\/verpackungsnews\/verpackung-4-0","name":"Verpackung 4.0 - Es ist noch Luft nach oben! - RAJA Blog CH","isPartOf":{"@id":"https:\/\/www.rajapack.ch\/verpackungsnews\/#website"},"primaryImageOfPage":{"@id":"https:\/\/www.rajapack.ch\/verpackungsnews\/verpackung-4-0#primaryimage"},"image":{"@id":"https:\/\/www.rajapack.ch\/verpackungsnews\/verpackung-4-0#primaryimage"},"thumbnailUrl":"https:\/\/www.rajapack.ch\/verpackungsnews\/wp-content\/uploads\/2020\/10\/Luft-nach-oben-1536x585-1-e1678803933495.jpg","datePublished":"2020-10-21T06:54:29+00:00","dateModified":"2023-05-30T11:44:55+00:00","description":"Was sind die Anspr\u00fcche an eine moderne (Versand-) Verpackung? Was ist die Verpackung 4.0 und in wieweit ist sie heute schon Realit\u00e4t?","inLanguage":"de-DE","potentialAction":[{"@type":"ReadAction","target":["https:\/\/www.rajapack.ch\/verpackungsnews\/verpackung-4-0"]}]},{"@type":"ImageObject","inLanguage":"de-DE","@id":"https:\/\/www.rajapack.ch\/verpackungsnews\/verpackung-4-0#primaryimage","url":"https:\/\/www.rajapack.ch\/verpackungsnews\/wp-content\/uploads\/2020\/10\/Luft-nach-oben-1536x585-1-e1678803933495.jpg","contentUrl":"https:\/\/www.rajapack.ch\/verpackungsnews\/wp-content\/uploads\/2020\/10\/Luft-nach-oben-1536x585-1-e1678803933495.jpg","width":820,"height":312,"caption":"Verpackung 4.0"},{"@type":"WebSite","@id":"https:\/\/www.rajapack.ch\/verpackungsnews\/#website","url":"https:\/\/www.rajapack.ch\/verpackungsnews\/","name":"RAJA Blog CH","description":"Verpackungsnews vom Experten","publisher":{"@id":"https:\/\/www.rajapack.ch\/verpackungsnews\/#organization"},"potentialAction":[{"@type":"SearchAction","target":{"@type":"EntryPoint","urlTemplate":"https:\/\/www.rajapack.ch\/verpackungsnews\/?s={search_term_string}"},"query-input":"required name=search_term_string"}],"inLanguage":"de-DE"},{"@type":"Organization","@id":"https:\/\/www.rajapack.ch\/verpackungsnews\/#organization","name":"RAJA Blog CH","url":"https:\/\/www.rajapack.ch\/verpackungsnews\/","logo":{"@type":"ImageObject","inLanguage":"de-DE","@id":"https:\/\/www.rajapack.ch\/verpackungsnews\/#\/schema\/logo\/image\/","url":"","contentUrl":"","caption":"RAJA Blog CH"},"image":{"@id":"https:\/\/www.rajapack.ch\/verpackungsnews\/#\/schema\/logo\/image\/"},"sameAs":["https:\/\/de.linkedin.com\/company\/rajapack-gmbh"]},{"@type":"Person","@id":"https:\/\/www.rajapack.ch\/verpackungsnews\/#\/schema\/person\/e0825d9926514f72b2ba6eafaf517f7a","name":"RAJAPACK Schweiz","image":{"@type":"ImageObject","inLanguage":"de-DE","@id":"https:\/\/www.rajapack.ch\/verpackungsnews\/#\/schema\/person\/image\/","url":"https:\/\/secure.gravatar.com\/avatar\/f391ad6b3c41197daad8136e36418c64?s=96&d=mm&r=g","contentUrl":"https:\/\/secure.gravatar.com\/avatar\/f391ad6b3c41197daad8136e36418c64?s=96&d=mm&r=g","caption":"RAJAPACK Schweiz"},"description":"Geschrieben von unseren Verpackungsexperten bei RAJAPACK Schweiz: Wir lieben Verpackungen.","url":"https:\/\/www.rajapack.ch\/verpackungsnews\/author\/raja-ch"}]}},"_links":{"self":[{"href":"https:\/\/www.rajapack.ch\/verpackungsnews\/wp-json\/wp\/v2\/posts\/21765"}],"collection":[{"href":"https:\/\/www.rajapack.ch\/verpackungsnews\/wp-json\/wp\/v2\/posts"}],"about":[{"href":"https:\/\/www.rajapack.ch\/verpackungsnews\/wp-json\/wp\/v2\/types\/post"}],"author":[{"embeddable":true,"href":"https:\/\/www.rajapack.ch\/verpackungsnews\/wp-json\/wp\/v2\/users\/20"}],"replies":[{"embeddable":true,"href":"https:\/\/www.rajapack.ch\/verpackungsnews\/wp-json\/wp\/v2\/comments?post=21765"}],"version-history":[{"count":0,"href":"https:\/\/www.rajapack.ch\/verpackungsnews\/wp-json\/wp\/v2\/posts\/21765\/revisions"}],"wp:featuredmedia":[{"embeddable":true,"href":"https:\/\/www.rajapack.ch\/verpackungsnews\/wp-json\/wp\/v2\/media\/25302"}],"wp:attachment":[{"href":"https:\/\/www.rajapack.ch\/verpackungsnews\/wp-json\/wp\/v2\/media?parent=21765"}],"wp:term":[{"taxonomy":"category","embeddable":true,"href":"https:\/\/www.rajapack.ch\/verpackungsnews\/wp-json\/wp\/v2\/categories?post=21765"},{"taxonomy":"post_tag","embeddable":true,"href":"https:\/\/www.rajapack.ch\/verpackungsnews\/wp-json\/wp\/v2\/tags?post=21765"}],"curies":[{"name":"wp","href":"https:\/\/api.w.org\/{rel}","templated":true}]}}