{"id":28587,"date":"2023-03-13T15:22:30","date_gmt":"2023-03-13T14:22:30","guid":{"rendered":"https:\/\/www.rajapack.ch\/verpackungsnews\/?p=28587"},"modified":"2026-02-26T13:24:33","modified_gmt":"2026-02-26T12:24:33","slug":"fashion-e-commerce-versand","status":"publish","type":"post","link":"https:\/\/www.rajapack.ch\/verpackungsnews\/fashion-e-commerce-versand","title":{"rendered":"Alles, was Sie \u00fcber den Versand von Mode im Fashion E-Commerce wissen sollten"},"content":{"rendered":"<h2>Fashion E-Commerce, nach wie vor ein Zugpferd im Online-Versand<\/h2>\n<div class=\"su-spacer\" style=\"height:20px\"><\/div>\n<h5 align=\"justify\">Laut der Verbraucherumfrage \u201eInteraktiver Handel in Deutschland 2021\u201c stieg die Umsatzentwicklung im Segment Bekleidung von 2020 bis 2021 um 16,8 % und machte insgesamt einen der gr\u00f6ssten Anteile im E-Commerce aus. Allerdings sind die E-Commerce Zahlen 2023 nach dem \u201eCorona-Boom\u201c generell r\u00fcckl\u00e4ufig. Das liegt zum einen an der gestiegenen Inflation, zum anderen an der generellen Marktunsicherheit durch die globalpolitische Lage. Dennoch ist gerade Fashion-Branche zusammen mit Accessoires und Schuhen weiterhin ein treibender Sektor im Online-Versand.<div class=\"su-divider su-divider-style-default\" style=\"margin:15px 0;border-width:3px;border-color:#999999\"><\/div><div class=\"su-spacer\" style=\"height:30px\"><\/div><\/h5>\n<div class=\"su-spacer\" style=\"height:20px\"><\/div>\n<h4>Das erwartet Sie in diesem Blogbeitrag<\/h4>\n<div class=\"su-spacer\" style=\"height:20px\"><\/div>\n<ul>\n<li><a href=\"#Chancen\">Chancen und Risiken im Fashion E-Commerce<\/a><\/li>\n<li><a href=\"#Grundlagen\">1. Die Grundlagen f\u00fcr den Versand im Fashion E-Commerce<\/a><\/li>\n<li><a href=\"#Verpackung\">2. Die richtige Verpackung f\u00fcr Online-Modeshops finden: von praktisch bis optisch ansprechend<\/a><\/li>\n<li><a href=\"#Marketing\">3. Online Marketing im Fashion E-Commerce: Auf das \u00c4ussere kommt es an<\/a><\/li>\n<li><a href=\"#Sch\u00fctzen\">4. Kleidung beim Transport sch\u00fctzen<\/a><\/li>\n<li><a href=\"#Unternehmen\">5. Von Konzern, \u00fcber Second Hand bis Luxus<\/a><\/li>\n<li><a href=\"#Versenden\">6. Kleidung effizient Verpacken und Versenden<\/a><\/li>\n<li><a href=\"#Best\">7. Best Practices<\/a><\/li>\n<li><a href=\"#Retoure\">8. Retouren Management im Modeversand<\/a><\/li>\n<\/ul>\n<div class=\"su-spacer\" style=\"height:20px\"><\/div>\n<h2 id=\"Chancen\">Chancen und Risiken im Fashion E-Commerce, die Sie kennen sollten<\/h2>\n<div class=\"su-spacer\" style=\"height:30px\"><\/div>\n<p><strong>Laut <a href=\"https:\/\/www.shopify.com\/de\/blog\/modeindustrie\" target=\"_blank\" rel=\"noopener\">shopify<\/a> ist das Wachstum im Fashion E-Commerce getrieben von:<\/strong><\/p>\n<ul>\n<li>Expansion in die globalen M\u00e4rkte ausserhalb des Westens<\/li>\n<li>Zunehmender Online-Zugang und Verbreitung von Smartphones<\/li>\n<li>Weltweit wachsende Mittelschichten mit verf\u00fcgbarem Einkommen<\/li>\n<li>Nutzung der Macht von Prominenten und Influencer:innen<\/li>\n<\/ul>\n<p><strong>Zu den gr\u00f6ssten Bedrohungen f\u00fcr etablierte Marken<\/strong> geh\u00f6ren (erg\u00e4nzt durch die Prognosen Branchenanalyse &#8222;The State of Fashion 2023&#8220;):<\/p>\n<ul>\n<li>Verschwindende Markentreue aufgrund von Markts\u00e4ttigung<\/li>\n<li>Druck zur Verwendung von Materialien aus ethischen und umweltfreundlichen Quellen, Bewusstsein f\u00fcr Greenwashing w\u00e4chst<\/li>\n<li>Technologische Neuerungen im Bereich der virtuellen Welten, wie NFTs und Metaverse<\/li>\n<li>Reduziertes Konsumverhalten aufgrund von Krieg und Inflation<\/li>\n<li>Steigende Werbekosten im digitalen Marketing<\/li>\n<li>Neuausrichtung im digitalen Marketing nach Cookieless Tracking und DSGVO<\/li>\n<li>Steigender Fachkr\u00e4ftemangel und genereller Personalmangel<\/li>\n<\/ul>\n<p>Wer hier gegen globale Moderiesen bestehen m\u00f6chte, braucht ein reibungsloses K\u00e4ufererlebnis \u2013 beginnend bei einer <strong>ausgekl\u00fcgelten Verpackungsl\u00f6sung und optimiertem Versand<\/strong>.<\/p>\n<div class=\"su-spacer\" style=\"height:20px\"><\/div>\n<h3>In unserem Blog haben wir bereits einige spannende Artikel zum Thema Mode verpacken und versenden sowie Fashion E-Commerce geschrieben. Hier geben wir Ihnen einen \u00dcberblick.<\/h3>\n<div class=\"su-spacer\" style=\"height:20px\"><\/div>\n<h2 id=\"Grundlagen\">1. Die Grundlagen f\u00fcr den Versand im Fashion E-Commerce<\/h2>\n<div class=\"su-spacer\" style=\"height:30px\"><\/div>\n<p>Von Angebot, Bestellung \u00fcber Handling, Lager, Versandverpackung, Transport bis zur Lieferung und Zustellung: Sie suchen eine generelle \u00dcbersicht \u00fcber Verpackungen im Modeversand und Tipps f\u00fcr Online-Modeh\u00e4ndler? Dann sind diese Artikel aus unserem Blog das Richtige f\u00fcr Sie. Hier erkl\u00e4ren wir Ihnen unter anderem, worauf es bei Verpackungen ankommt, und welche Prozesse Sie sich von grossen Modeversendern abschauen k\u00f6nnen.<\/p>\n\n\n<div class=\"su-posts su-posts-default-loop \">\n\n\t\n\t\t\t\t\t\n\t\t\t\n\t\t\t<div id=\"su-post-30065\" class=\"su-post \">\n\n\t\t\t\t\t\t\t\t\t<a class=\"su-post-thumbnail\" href=\"https:\/\/www.rajapack.ch\/verpackungsnews\/einfache-verpackungstipps-zur-weihnachtszeit\"><img loading=\"lazy\" decoding=\"async\" width=\"1162\" height=\"560\" src=\"https:\/\/www.rajapack.ch\/verpackungsnews\/wp-content\/uploads\/2023\/12\/Thumbnail-1.jpg\" class=\"attachment-post-thumbnail size-post-thumbnail wp-post-image\" alt=\"\" srcset=\"https:\/\/www.rajapack.ch\/verpackungsnews\/wp-content\/uploads\/2023\/12\/Thumbnail-1.jpg 1162w, https:\/\/www.rajapack.ch\/verpackungsnews\/wp-content\/uploads\/2023\/12\/Thumbnail-1-430x207.jpg 430w, https:\/\/www.rajapack.ch\/verpackungsnews\/wp-content\/uploads\/2023\/12\/Thumbnail-1-1024x493.jpg 1024w, https:\/\/www.rajapack.ch\/verpackungsnews\/wp-content\/uploads\/2023\/12\/Thumbnail-1-768x370.jpg 768w\" sizes=\"(max-width: 1162px) 100vw, 1162px\" \/><\/a>\n\t\t\t\t\n\t\t\t\t<h2 class=\"su-post-title\"><a href=\"https:\/\/www.rajapack.ch\/verpackungsnews\/einfache-verpackungstipps-zur-weihnachtszeit\">Einfache Verpackungstipps zur Weihnachtszeit!<\/a><\/h2>\n\n\t\t\t\t<div class=\"su-post-meta\">\n\t\t\t\t\tVer\u00f6ffentlicht: 8. Dezember 2023\t\t\t\t<\/div>\n\n\t\t\t\t<div class=\"su-post-excerpt\">\n\t\t\t\t\t<p>Entdecken Sie kreative Geschenkverpackungsideen, die Festlichkeit verspr\u00fchen! Noch nie war es so einfach, Ihre Weihnachtsgeschenke sch\u00f6n zu verpacken. Willkommen zur zweiten Episode unserer Verpackungsserie \u00abPatricia&#8217;s Verpackungstipps\u00bb. Die festliche Jahreszeit steht [&#8230;]<\/p>\n\t\t\t\t<\/div>\n\n\t\t\t\t\t\t\t\t\t<a href=\"https:\/\/www.rajapack.ch\/verpackungsnews\/einfache-verpackungstipps-zur-weihnachtszeit#respond\" class=\"su-post-comments-link\">0 Kommentare<\/a>\n\t\t\t\t\n\t\t\t<\/div>\n\n\t\t\t\t\t\n\t\t\t\n\t\t\t<div id=\"su-post-17347\" class=\"su-post \">\n\n\t\t\t\t\t\t\t\t\t<a class=\"su-post-thumbnail\" href=\"https:\/\/www.rajapack.ch\/verpackungsnews\/6-tipps-fuer-online-modehaendler\"><img loading=\"lazy\" decoding=\"async\" width=\"810\" height=\"420\" src=\"https:\/\/www.rajapack.ch\/verpackungsnews\/wp-content\/uploads\/2019\/07\/Online-Modehaendler.jpg\" class=\"attachment-post-thumbnail size-post-thumbnail wp-post-image\" alt=\"Mode online verkaufen\" srcset=\"https:\/\/www.rajapack.ch\/verpackungsnews\/wp-content\/uploads\/2019\/07\/Online-Modehaendler.jpg 810w, https:\/\/www.rajapack.ch\/verpackungsnews\/wp-content\/uploads\/2019\/07\/Online-Modehaendler-430x223.jpg 430w, https:\/\/www.rajapack.ch\/verpackungsnews\/wp-content\/uploads\/2019\/07\/Online-Modehaendler-768x398.jpg 768w\" sizes=\"(max-width: 810px) 100vw, 810px\" \/><\/a>\n\t\t\t\t\n\t\t\t\t<h2 class=\"su-post-title\"><a href=\"https:\/\/www.rajapack.ch\/verpackungsnews\/6-tipps-fuer-online-modehaendler\">6 Tipps f\u00fcr Online-Modeh\u00e4ndler<\/a><\/h2>\n\n\t\t\t\t<div class=\"su-post-meta\">\n\t\t\t\t\tVer\u00f6ffentlicht: 11. Juli 2019\t\t\t\t<\/div>\n\n\t\t\t\t<div class=\"su-post-excerpt\">\n\t\t\t\t\t<p>Die M\u00f6glichkeit einfach und bequem online von zu Hause aus einzukaufen gewinnt in allen europ\u00e4ischen L\u00e4ndern immer mehr an Attraktivit\u00e4t. Auch der schweizer Internet-Einzelhandel konnte laut statista\u00a0seinen Umsatz im Jahr [&#8230;]<\/p>\n\t\t\t\t<\/div>\n\n\t\t\t\t\t\t\t\t\t<a href=\"https:\/\/www.rajapack.ch\/verpackungsnews\/6-tipps-fuer-online-modehaendler#respond\" class=\"su-post-comments-link\">0 Kommentare<\/a>\n\t\t\t\t\n\t\t\t<\/div>\n\n\t\t\t\t\t\n\t\t\t\n\t\t\t<div id=\"su-post-17311\" class=\"su-post \">\n\n\t\t\t\t\t\t\t\t\t<a class=\"su-post-thumbnail\" href=\"https:\/\/www.rajapack.ch\/verpackungsnews\/grundlagen-des-modeversands\"><img loading=\"lazy\" decoding=\"async\" width=\"810\" height=\"420\" src=\"https:\/\/www.rajapack.ch\/verpackungsnews\/wp-content\/uploads\/2019\/07\/Modeversender.jpg\" class=\"attachment-post-thumbnail size-post-thumbnail wp-post-image\" alt=\"Modeversand\" srcset=\"https:\/\/www.rajapack.ch\/verpackungsnews\/wp-content\/uploads\/2019\/07\/Modeversender.jpg 810w, https:\/\/www.rajapack.ch\/verpackungsnews\/wp-content\/uploads\/2019\/07\/Modeversender-430x223.jpg 430w, https:\/\/www.rajapack.ch\/verpackungsnews\/wp-content\/uploads\/2019\/07\/Modeversender-768x398.jpg 768w\" sizes=\"(max-width: 810px) 100vw, 810px\" \/><\/a>\n\t\t\t\t\n\t\t\t\t<h2 class=\"su-post-title\"><a href=\"https:\/\/www.rajapack.ch\/verpackungsnews\/grundlagen-des-modeversands\">Fashion \u2013 die Grundlagen des Modeversands<\/a><\/h2>\n\n\t\t\t\t<div class=\"su-post-meta\">\n\t\t\t\t\tVer\u00f6ffentlicht: 1. Juli 2019\t\t\t\t<\/div>\n\n\t\t\t\t<div class=\"su-post-excerpt\">\n\t\t\t\t\t<p>Mailand, New York, Paris und Berlin! Die deutsche Hauptstadt geh\u00f6rt inzwischen zu den Modemetropolen der Welt. Seit 2007 finden die Modewochen zwei Mal im Jahr statt. Neben etablierten Designern wie [&#8230;]<\/p>\n\t\t\t\t<\/div>\n\n\t\t\t\t\t\t\t\t\t<a href=\"https:\/\/www.rajapack.ch\/verpackungsnews\/grundlagen-des-modeversands#respond\" class=\"su-post-comments-link\">0 Kommentare<\/a>\n\t\t\t\t\n\t\t\t<\/div>\n\n\t\t\n\t\n<\/div>\n\n<div class=\"su-spacer\" style=\"height:20px\"><\/div>\n<h2 id=\"Verpackung\">2. Die richtige Verpackung f\u00fcr Online-Modeshops finden: von praktisch bis optisch ansprechend<\/h2>\n<div class=\"su-spacer\" style=\"height:30px\"><\/div>\n<p>In kaum einem E-Commerce kommt es so auf das \u00e4ussere Erscheinungsbild an, wie im Bereich Fashion E-Commerce. Dabei spielen sowohl die Qualit\u00e4t, das Design als auch die Funktionalit\u00e4t der Versandverpackung und die Versandkosten eine Rolle. Ob leichte Shirts oder schwere Winterjacken, empfindliche Seide oder robuste Polyester \u2013 auch die Beschaffenheit der zu versendenden Mode ist (mit-)entscheidend. RAJAPACK bietet ein grosses Portfolio passender Versandtaschen und Kleiderkartons f\u00fcr jeden Mode-Fall.<\/p>\n<p><strong>Das sind unsere Favoriten:\u00a0<\/strong><\/p>\n<div class=\"su-spacer\" style=\"height:20px\"><\/div>\n<h3>Porto sparen beim Mode versenden mit Versandbeuteln<\/h3>\n<p><a title=\"Versandbeutel\" href=\"https:\/\/www.rajapack.ch\/de_CH\/versandtaschen-umschlaege-versandrohre\/versandbeutel_C1516.html\" target=\"_blank\" rel=\"noopener\"><img loading=\"lazy\" decoding=\"async\" class=\"wp-image-28591 size-medium alignleft\" src=\"https:\/\/www.rajapack.ch\/verpackungsnews\/wp-content\/uploads\/2023\/03\/Versandbeutel-300x188.png\" alt=\"Versandbeutel, undurchsichtig mit doppeltem Klebestreifen\" width=\"300\" height=\"188\" \/><\/a><\/p>\n<p><strong><a href=\"https:\/\/www.rajapack.ch\/de_CH\/versandtaschen-umschlaege-versandrohre\/versandbeutel_C1516.html\" target=\"_blank\" rel=\"noopener\">Versandbeutel<\/a> f\u00fcr Kleidung<\/strong> sind g\u00fcnstig, platzsparend, leicht, flexibel und einfach zu bef\u00fcllen. Optional sind sie dank eines zweiten Klebestreifens bereits f\u00fcr den R\u00fcckversand optimiert (s. Punkt Retouren Management). Sie eignen sich vor allem f\u00fcr leichte und unempfindliche Waren wie Sommerkleider, Shirts und Oberteile.<\/p>\n<p>Schwere oder spitze Gegenst\u00e4nde sowie zerbrechliche oder empfindliche Materialien sollten Sie jedoch nicht in Beuteln versenden. W\u00e4hlen Sie am besten eine Variante mit Recyclinganteil.<\/p>\n<div class=\"su-spacer\" style=\"height:20px\"><\/div>\n<h3>Elegante Verpackung f\u00fcr den Modeversand: Postkartons<\/h3>\n<p>Wenn Sie Schmuck, kleine Accessoires, Hemden, T-Shirts oder Hosen hochwertig verschicken wollen, w\u00e4hlen Sie <strong><a href=\"https:\/\/www.rajapack.ch\/de_CH\/kartons-schachteln-container\/versandkartons-postverpackungen\/postkartons_C101814.html\" target=\"_blank\" rel=\"noopener\">Postkartons<\/a><\/strong>. Diese sind robust, machen optisch viel her und sind einfach zusammenzufalten. Viele Varianten k\u00f6nnen kosteng\u00fcnstig in Deutschland als Warensendung per Maxibrief oder P\u00e4ckchen S versendet werden.<\/p>\n<p><a title=\"postkarton\" href=\"https:\/\/www.rajapack.ch\/kartons-schachteln-container\/deutschepost-und-dhlkartons\/paeckchen-s\/postkarton-verstaerkter-verschluss-weisse-innenseite-paeckchen-s_OFF_DE_01565.html\" target=\"_blank\" rel=\"noopener\"><img loading=\"lazy\" decoding=\"async\" class=\"alignright wp-image-28592 size-medium\" src=\"https:\/\/www.rajapack.ch\/verpackungsnews\/wp-content\/uploads\/2023\/03\/Postkarton_web-300x188.png\" alt=\"Postkarton mit verst\u00e4rktem Verschluss und weisser Innenseite f\u00fcr P\u00e4ckchen S\" width=\"300\" height=\"188\" \/><\/a>Die Aufmachung des <strong><a href=\"https:\/\/www.rajapack.ch\/de_CH\/kartons-schachteln-container\/verstaerkter-verschluss-weisse-innenseite_OFF_CH_01172.html\" target=\"_blank\" rel=\"noopener\">Postkarton mit verst\u00e4rktem Verschluss<\/a><\/strong> ist von aussen in schlichtem braun gehalten doch dank der weissen Innenseite wartet eine elegante \u00dcberraschung auf den \u00d6ffner.\u00a0Extra Schutz bieten die mit Wellpappe verst\u00e4rkten Seiten.<\/p>\n<div class=\"su-spacer\" style=\"height:20px\"><\/div>\n<h3>Flexibel grosse Mengen Kleidung verschicken<\/h3>\n<p><a title=\"St\u00fclpdeckelkarton\" href=\"https:\/\/www.rajapack.ch\/kartons-schachteln-container\/sonderformat-kartonagen\/stuelpdeckelkartons-stuelpdeckelschachteln-teleskopschachteln_C101412.html\" target=\"_blank\" rel=\"noopener\"><img loading=\"lazy\" decoding=\"async\" class=\"alignleft wp-image-28514 size-medium\" src=\"https:\/\/www.rajapack.ch\/verpackungsnews\/wp-content\/uploads\/2023\/02\/Stuelpdeckelkarton-1-300x169.png\" alt=\"St\u00fclpdeckelkarton braun RAJA\" width=\"300\" height=\"169\" \/><\/a><\/p>\n<p>Ihr Lager ist begrenzt und Sie k\u00f6nnen nicht Verpackungen in jeder Gr\u00f6sse auf Vorrat halten? Dann sind <strong><a href=\"https:\/\/www.rajapack.ch\/de_CH\/kartons-schachteln-container\/sonderformat-kartonagen\/stuelpdeckelkartons-stuelpdeckelschachteln-teleskopschachteln_C101412.html\" target=\"_blank\" rel=\"noopener\">St\u00fclpdeckelkartons und Teleskopschachteln<\/a><\/strong> die universal L\u00f6sung f\u00fcr Sie. Die Kartons mit Deckel passen sich an ihren F\u00fcllstand an. So passt neben der Hose und dem Pullover auch noch die Winterjacke mit in den Kleiderkarton.<\/p>\n<div class=\"su-spacer\" style=\"height:20px\"><\/div>\n<h3>Schnell und einfach Kleidung verpacken mit Automatik Kartons und Haftklebeverschluss<\/h3>\n<p><a title=\"Automatikboden Karton\" href=\"https:\/\/www.rajapack.ch\/de_CH\/kartons-schachteln-container\/sonderformat-kartonagen\/blitzboden-aufrichtekarton-mit-haftklebeverschluss_OFF_CH_0427.html\" target=\"_blank\" rel=\"noopener\"><img loading=\"lazy\" decoding=\"async\" class=\"alignright wp-image-28594 size-medium\" src=\"https:\/\/www.rajapack.ch\/verpackungsnews\/wp-content\/uploads\/2023\/03\/Automatikboden-karton-web-300x188.png\" alt=\"Blitzboden-Aufrichtekarton mit Haftklebeverschluss RAJA\" width=\"300\" height=\"188\" \/><\/a><\/p>\n<p>Ihr Personal hat nur begrenzt Zeit, sich um passende Verpackungen zu k\u00fcmmern? Auch daf\u00fcr gibt es einfache L\u00f6sungen. Stabile <strong><a href=\"https:\/\/www.rajapack.ch\/de_CH\/kartons-schachteln-container\/sonderformat-kartonagen\/blitzboden-aufrichtekarton-mit-haftklebeverschluss_OFF_CH_0427.html\">Automatikkartons<\/a><\/strong> sind blitzschnell aufgebaut und dank integriertem Haftklebeverschluss ebenso schnell verschlossen.<\/p>\n<div class=\"su-spacer\" style=\"height:20px\"><\/div>\n<h3>Papier-Alternative zum Plastikbeutel: Papier-Versandtaschen<\/h3>\n<p><a title=\"Papier-Versandtaschen\" href=\"https:\/\/www.rajapack.ch\/de_CH\/versandtaschen-umschlaege-versandrohre\/wiederverschliessbare-kraftpapier-versandbeutel-bodenfalte-seitenfalte_OFF_CH_01647.html\" target=\"_blank\" rel=\"noopener\"><img loading=\"lazy\" decoding=\"async\" class=\"alignleft wp-image-28595 size-medium\" src=\"https:\/\/www.rajapack.ch\/verpackungsnews\/wp-content\/uploads\/2023\/03\/Papier-Versandtaschen_web-300x188.png\" alt=\"Wiederverschliessbare Kraftpapier-Versandbeutel mit Bodenfalte extra stark\" width=\"300\" height=\"188\" \/><\/a><strong><a href=\"https:\/\/www.rajapack.ch\/de_CH\/versandtaschen-umschlaege-versandrohre\/versandbeutel\/papier-versandtaschen_C151640.html\" target=\"_blank\" rel=\"noopener\">Papier-Versandtaschen<\/a><\/strong> mit Seitenfalten sind eine umweltfreundliche und ebenso leichte Alternative zu undurchsichtigen Plastikt\u00fcten im Modeversand. Umschl\u00e4ge aus Kraftpapier mit zus\u00e4tzlichem Haftstreifen sind sehr n\u00fctzlich f\u00fcr K\u00e4ufer, die das gekaufte Kleidungsst\u00fcck umtauschen oder zur\u00fcckgeben m\u00f6chten.<\/p>\n<div class=\"su-spacer\" style=\"height:20px\"><\/div>\n<h2 id=\"Marketing\">3. Online Marketing im Fashion E-Commerce: Auf das \u00c4ussere kommt es an<\/h2>\n<div class=\"su-spacer\" style=\"height:30px\"><\/div>\n<p>Nun Wissen Sie, welche grosse Auswahl an Kleiderkartons, Versandtaschen, P\u00e4ckchen und Kleiderboxen grunds\u00e4tzlich geeignet ist f\u00fcr den Kleiderversand. <strong>Aber:<\/strong> In wenigen E-Commerce Branchen kommt es so sehr auf das Design an, wie im Fashion E-Commerce. Beim Online-Modehandel steht das <strong>Einkaufserlebnis<\/strong>, die <strong>Optik<\/strong> und die <strong>Haptik<\/strong> besonders im Vordergrund \u2013 vor allem deshalb, da die Kleidungsst\u00fccke nicht vorab anprobiert werden k\u00f6nnen. Eine passende, ansprechende Umverpackung kann sogar die Retourenquote reduzieren und die <strong>Markentreue in einem hart umk\u00e4mpften Markt st\u00e4rken<\/strong>. Personalisierte Verpackung ist ein essenzieller Teil des Brand Buildings im Fashion E-Commerce. Zusammen mit dem passenden Lifestyle Content sorgen Sie f\u00fcr eine besondere E-Commerce Experience in der Customer Journey und bleiben im Ged\u00e4chtnis.<\/p>\n<p>Der Unboxing Moment f\u00fcr Social Media &amp; Social Commerce ist gerade f\u00fcr kleine Unternehmen ein Trumpf! Nutzen Sie den Wow-Effekt f\u00fcr sich und lassen Sie Kunden und Interessenten Ihr Unternehmen in allen Facetten &#8222;entdecken&#8220;.<\/p>\n<p><strong>Wie Sie Ihren Modeversand personalisieren und das Unboxing-Erlebnis kreieren, erfahren Sie in diesem Blogartikel:<\/strong><\/p>\n\n\n<div class=\"su-posts su-posts-default-loop \">\n\n\t\n\t\t\t\t\t\n\t\t\t\n\t\t\t<div id=\"su-post-30065\" class=\"su-post \">\n\n\t\t\t\t\t\t\t\t\t<a class=\"su-post-thumbnail\" href=\"https:\/\/www.rajapack.ch\/verpackungsnews\/einfache-verpackungstipps-zur-weihnachtszeit\"><img loading=\"lazy\" decoding=\"async\" width=\"1162\" height=\"560\" src=\"https:\/\/www.rajapack.ch\/verpackungsnews\/wp-content\/uploads\/2023\/12\/Thumbnail-1.jpg\" class=\"attachment-post-thumbnail size-post-thumbnail wp-post-image\" alt=\"\" srcset=\"https:\/\/www.rajapack.ch\/verpackungsnews\/wp-content\/uploads\/2023\/12\/Thumbnail-1.jpg 1162w, https:\/\/www.rajapack.ch\/verpackungsnews\/wp-content\/uploads\/2023\/12\/Thumbnail-1-430x207.jpg 430w, https:\/\/www.rajapack.ch\/verpackungsnews\/wp-content\/uploads\/2023\/12\/Thumbnail-1-1024x493.jpg 1024w, https:\/\/www.rajapack.ch\/verpackungsnews\/wp-content\/uploads\/2023\/12\/Thumbnail-1-768x370.jpg 768w\" sizes=\"(max-width: 1162px) 100vw, 1162px\" \/><\/a>\n\t\t\t\t\n\t\t\t\t<h2 class=\"su-post-title\"><a href=\"https:\/\/www.rajapack.ch\/verpackungsnews\/einfache-verpackungstipps-zur-weihnachtszeit\">Einfache Verpackungstipps zur Weihnachtszeit!<\/a><\/h2>\n\n\t\t\t\t<div class=\"su-post-meta\">\n\t\t\t\t\tVer\u00f6ffentlicht: 8. Dezember 2023\t\t\t\t<\/div>\n\n\t\t\t\t<div class=\"su-post-excerpt\">\n\t\t\t\t\t<p>Entdecken Sie kreative Geschenkverpackungsideen, die Festlichkeit verspr\u00fchen! Noch nie war es so einfach, Ihre Weihnachtsgeschenke sch\u00f6n zu verpacken. Willkommen zur zweiten Episode unserer Verpackungsserie \u00abPatricia&#8217;s Verpackungstipps\u00bb. Die festliche Jahreszeit steht [&#8230;]<\/p>\n\t\t\t\t<\/div>\n\n\t\t\t\t\t\t\t\t\t<a href=\"https:\/\/www.rajapack.ch\/verpackungsnews\/einfache-verpackungstipps-zur-weihnachtszeit#respond\" class=\"su-post-comments-link\">0 Kommentare<\/a>\n\t\t\t\t\n\t\t\t<\/div>\n\n\t\t\t\t\t\n\t\t\t\n\t\t\t<div id=\"su-post-17390\" class=\"su-post \">\n\n\t\t\t\t\t\t\t\t\t<a class=\"su-post-thumbnail\" href=\"https:\/\/www.rajapack.ch\/verpackungsnews\/verpackung-von-mode\"><img loading=\"lazy\" decoding=\"async\" width=\"810\" height=\"420\" src=\"https:\/\/www.rajapack.ch\/verpackungsnews\/wp-content\/uploads\/2019\/07\/Modewert-Verpackung.jpg\" class=\"attachment-post-thumbnail size-post-thumbnail wp-post-image\" alt=\"Verpackung von Mode\" srcset=\"https:\/\/www.rajapack.ch\/verpackungsnews\/wp-content\/uploads\/2019\/07\/Modewert-Verpackung.jpg 810w, https:\/\/www.rajapack.ch\/verpackungsnews\/wp-content\/uploads\/2019\/07\/Modewert-Verpackung-430x223.jpg 430w, https:\/\/www.rajapack.ch\/verpackungsnews\/wp-content\/uploads\/2019\/07\/Modewert-Verpackung-768x398.jpg 768w\" sizes=\"(max-width: 810px) 100vw, 810px\" \/><\/a>\n\t\t\t\t\n\t\t\t\t<h2 class=\"su-post-title\"><a href=\"https:\/\/www.rajapack.ch\/verpackungsnews\/verpackung-von-mode\">Verpackung von Mode \u2013 kommt es auf das \u00c4ussere an?<\/a><\/h2>\n\n\t\t\t\t<div class=\"su-post-meta\">\n\t\t\t\t\tVer\u00f6ffentlicht: 22. Juli 2019\t\t\t\t<\/div>\n\n\t\t\t\t<div class=\"su-post-excerpt\">\n\t\t\t\t\t<p>Sehen, Riechen, Schmecken, H\u00f6ren, F\u00fchlen \u2013 die Sinne beeinflussen die Wahrnehmung und appellieren an das limbische System. Also das Hirnareal, in dem wir Emotionen verarbeiten und wo unser Triebverhalten gesteuert [&#8230;]<\/p>\n\t\t\t\t<\/div>\n\n\t\t\t\t\t\t\t\t\t<a href=\"https:\/\/www.rajapack.ch\/verpackungsnews\/verpackung-von-mode#respond\" class=\"su-post-comments-link\">0 Kommentare<\/a>\n\t\t\t\t\n\t\t\t<\/div>\n\n\t\t\n\t\n<\/div>\n\n<div class=\"su-spacer\" style=\"height:20px\"><\/div>\n<h2 id=\"Sch\u00fctzen\">4. Kleidung beim Transport sch\u00fctzen<\/h2>\n<div class=\"su-spacer\" style=\"height:30px\"><\/div>\n<p>Aber nicht nur auf die Umverpackung kommt es an: Ein angemessener Schutz des Kleidungsst\u00fccks muss sowohl bei der Vorbereitung des Pakets als auch beim Transport und der Lieferung gew\u00e4hrleistet sein. Von der Herstellung bis zur Auslieferung darf das Kleidungsst\u00fcck weder durch <strong>Feuchtigkeit<\/strong> noch durch m\u00f6gliche <strong>Risse oder Knicke<\/strong> beeintr\u00e4chtigt werden. Auch wichtig zu wissen: Reiben verschiedene Materialien in einem Paket aneinander, k\u00f6nnen sich gegenseitig besch\u00e4digen. Um <strong>Kleidung in der Versandverpackung<\/strong> zu sch\u00fctzen, eignen recycelbare,\u00a0 <a href=\"https:\/\/www.rajapack.ch\/de_CH\/beutel-behaelter\/plastikbeutel\/beutel-mit-haftklebeverschluss_C201040.html\" target=\"_blank\" rel=\"noopener\">transparente Plastikfolienbeutel<\/a> mit Haftklebeverschluss oder biologisch abbaubare <a href=\"https:\/\/www.rajapack.ch\/de_CH\/beutel-behaelter\/pergamin-flachbeutel_OFF_CH_01640.html\" target=\"_blank\" rel=\"noopener\">Pergamin-Flachbeutel<\/a>. In <a href=\"https:\/\/www.rajapack.ch\/de_CH\/tragetaschen-geschenkverpackung\/seidenpapier_C659010.html\" target=\"_blank\" rel=\"noopener\">Seidenpapier<\/a> eingeschlagene Kleidung wirkt edel und l\u00e4sst Textilien fast knitterfrei bei Ihren Kunden ankommen.<\/p>\n<div class=\"su-spacer\" style=\"height:20px\"><\/div>\n<h2 id=\"Unternehmen\">5. Von Konzern, \u00fcber Second Hand bis Luxus<\/h2>\n<div class=\"su-spacer\" style=\"height:30px\"><\/div>\n<p>Wenn es um die Fashion E-Commerce Verpackung geht, haben grosse Modeversender andere Herausforderungen als kleine Fashion Startups und Mode Einzelh\u00e4ndler.<\/p>\n<p><strong>Kurz zusammengefasst, gibt es vor allem folgende Herausforderungen:\u00a0<\/strong><\/p>\n<div class=\"su-spacer\" style=\"height:20px\"><\/div>\n<p><strong>Grosse Modeversender und Global Palyer<\/strong> m\u00f6chten Kosten reduzieren und ihren Umsatz steigern, Effizienz in der Verpackungsstrasse steigern und ihr <a href=\"\/verpackungsnews\/sommer-zur-lageroptimierung\" target=\"_blank\" rel=\"noopener\">Lager optimieren<\/a>. Das Haupt-Ziel: Das Versandvolumen steigern, indem effizienter gearbeitet wird und grosse Verpackungsmengen zu g\u00fcnstigen Staffelpreisen bezogen werden. Die Optik und Wertigkeit der Verpackung ist bei etablierten und bekannten Versendern zweitrangig, denn die Markenbekanntheit wird auch so erreicht.<\/p>\n<p>Bei <strong>Mittelst\u00e4ndischen Modeversendern<\/strong>, gilt es hingegen den Balanceakt zwischen Optik und Preis der Versandverpackung f\u00fcr ihre Produkte zu finden.\u00a0 Zum einen muss der Verpackungsprozess effizienter gestaltet werden aber auch die Markenbildung darf nicht vergessen werden. Denn, die richtige Optik kann wesentlich zur Customer Retention beitragen und unterscheidet Sie von Fast-Fashion Versandh\u00e4usern. Geh\u00f6ren Sie zu diesem Segment, k\u00f6nnen Sie aber dennoch von den grossen Playern lernen, wie wir Ihnen in diesem Artikel zeigen: <a href=\"\/verpackungsnews\/6-tipps-fuer-online-modehaendler\" target=\"_blank\" rel=\"noopener\">6 Tipps f\u00fcr Online-Modeh\u00e4ndler<\/a><\/p>\n\n\n<div class=\"su-posts su-posts-default-loop \">\n\n\t\n\t\t\t\t\t\n\t\t\t\n\t\t\t<div id=\"su-post-30065\" class=\"su-post \">\n\n\t\t\t\t\t\t\t\t\t<a class=\"su-post-thumbnail\" href=\"https:\/\/www.rajapack.ch\/verpackungsnews\/einfache-verpackungstipps-zur-weihnachtszeit\"><img loading=\"lazy\" decoding=\"async\" width=\"1162\" height=\"560\" src=\"https:\/\/www.rajapack.ch\/verpackungsnews\/wp-content\/uploads\/2023\/12\/Thumbnail-1.jpg\" class=\"attachment-post-thumbnail size-post-thumbnail wp-post-image\" alt=\"\" srcset=\"https:\/\/www.rajapack.ch\/verpackungsnews\/wp-content\/uploads\/2023\/12\/Thumbnail-1.jpg 1162w, https:\/\/www.rajapack.ch\/verpackungsnews\/wp-content\/uploads\/2023\/12\/Thumbnail-1-430x207.jpg 430w, https:\/\/www.rajapack.ch\/verpackungsnews\/wp-content\/uploads\/2023\/12\/Thumbnail-1-1024x493.jpg 1024w, https:\/\/www.rajapack.ch\/verpackungsnews\/wp-content\/uploads\/2023\/12\/Thumbnail-1-768x370.jpg 768w\" sizes=\"(max-width: 1162px) 100vw, 1162px\" \/><\/a>\n\t\t\t\t\n\t\t\t\t<h2 class=\"su-post-title\"><a href=\"https:\/\/www.rajapack.ch\/verpackungsnews\/einfache-verpackungstipps-zur-weihnachtszeit\">Einfache Verpackungstipps zur Weihnachtszeit!<\/a><\/h2>\n\n\t\t\t\t<div class=\"su-post-meta\">\n\t\t\t\t\tVer\u00f6ffentlicht: 8. Dezember 2023\t\t\t\t<\/div>\n\n\t\t\t\t<div class=\"su-post-excerpt\">\n\t\t\t\t\t<p>Entdecken Sie kreative Geschenkverpackungsideen, die Festlichkeit verspr\u00fchen! Noch nie war es so einfach, Ihre Weihnachtsgeschenke sch\u00f6n zu verpacken. Willkommen zur zweiten Episode unserer Verpackungsserie \u00abPatricia&#8217;s Verpackungstipps\u00bb. Die festliche Jahreszeit steht [&#8230;]<\/p>\n\t\t\t\t<\/div>\n\n\t\t\t\t\t\t\t\t\t<a href=\"https:\/\/www.rajapack.ch\/verpackungsnews\/einfache-verpackungstipps-zur-weihnachtszeit#respond\" class=\"su-post-comments-link\">0 Kommentare<\/a>\n\t\t\t\t\n\t\t\t<\/div>\n\n\t\t\t\t\t\n\t\t\t\n\t\t\t<div id=\"su-post-17347\" class=\"su-post \">\n\n\t\t\t\t\t\t\t\t\t<a class=\"su-post-thumbnail\" href=\"https:\/\/www.rajapack.ch\/verpackungsnews\/6-tipps-fuer-online-modehaendler\"><img loading=\"lazy\" decoding=\"async\" width=\"810\" height=\"420\" src=\"https:\/\/www.rajapack.ch\/verpackungsnews\/wp-content\/uploads\/2019\/07\/Online-Modehaendler.jpg\" class=\"attachment-post-thumbnail size-post-thumbnail wp-post-image\" alt=\"Mode online verkaufen\" srcset=\"https:\/\/www.rajapack.ch\/verpackungsnews\/wp-content\/uploads\/2019\/07\/Online-Modehaendler.jpg 810w, https:\/\/www.rajapack.ch\/verpackungsnews\/wp-content\/uploads\/2019\/07\/Online-Modehaendler-430x223.jpg 430w, https:\/\/www.rajapack.ch\/verpackungsnews\/wp-content\/uploads\/2019\/07\/Online-Modehaendler-768x398.jpg 768w\" sizes=\"(max-width: 810px) 100vw, 810px\" \/><\/a>\n\t\t\t\t\n\t\t\t\t<h2 class=\"su-post-title\"><a href=\"https:\/\/www.rajapack.ch\/verpackungsnews\/6-tipps-fuer-online-modehaendler\">6 Tipps f\u00fcr Online-Modeh\u00e4ndler<\/a><\/h2>\n\n\t\t\t\t<div class=\"su-post-meta\">\n\t\t\t\t\tVer\u00f6ffentlicht: 11. Juli 2019\t\t\t\t<\/div>\n\n\t\t\t\t<div class=\"su-post-excerpt\">\n\t\t\t\t\t<p>Die M\u00f6glichkeit einfach und bequem online von zu Hause aus einzukaufen gewinnt in allen europ\u00e4ischen L\u00e4ndern immer mehr an Attraktivit\u00e4t. Auch der schweizer Internet-Einzelhandel konnte laut statista\u00a0seinen Umsatz im Jahr [&#8230;]<\/p>\n\t\t\t\t<\/div>\n\n\t\t\t\t\t\t\t\t\t<a href=\"https:\/\/www.rajapack.ch\/verpackungsnews\/6-tipps-fuer-online-modehaendler#respond\" class=\"su-post-comments-link\">0 Kommentare<\/a>\n\t\t\t\t\n\t\t\t<\/div>\n\n\t\t\n\t\n<\/div>\n\n<p>Sind Sie <strong>Einzelk\u00e4mpfer<\/strong>, haben Sie ein <strong>Einzelhandelsgesch\u00e4ft<\/strong> und sind im <strong>Aufbau eines\u00a0Online-Shops<\/strong> oder haben Sie ein kleines <strong>Startup im Fashion-Bereich<\/strong>? Dann ist bei Ihnen vor allem wichtig, zun\u00e4chst die Bekanntheit zu steigern und eine m\u00f6glichst hohe Kundenbindung zu erreichen. Hier sollte das Einkaufserlebnis mit personalisierten Verpackungen im Vordergrund stehen. Diese bed\u00fcrfen mehr Aufwand und Kosten, aber bescheren Ihnen -geschickt eingesetzt &#8211; Social Media Unboxing-Momente und somit Reichweite. Oder zumindest Kunden, die sich gerne an den Einkauf erinnern und wieder bestellen m\u00f6chten. Wie das gelingt, schauen Sie am besten nochmals unter Punkt 3. Marketing nach. Kleiner Tipp vorweg: Eine kosteng\u00fcnstige, aber effektive Idee ist eine handgeschriebene Nachricht (<em>dieses Paket wurde mit Liebe von Laura verpackt. Ich freue mich \u00fcber eine 5-Sterne Bewertung und einen Share auf Social Media unter dem Hastag #unsereBrand<\/em>).<\/p>\n<p><strong>P.S.: So verkaufen Sie schnell online:<\/strong><\/p>\n\n\n<div class=\"su-posts su-posts-default-loop \">\n\n\t\n\t\t\t\t\t\n\t\t\t\n\t\t\t<div id=\"su-post-30065\" class=\"su-post \">\n\n\t\t\t\t\t\t\t\t\t<a class=\"su-post-thumbnail\" href=\"https:\/\/www.rajapack.ch\/verpackungsnews\/einfache-verpackungstipps-zur-weihnachtszeit\"><img loading=\"lazy\" decoding=\"async\" width=\"1162\" height=\"560\" src=\"https:\/\/www.rajapack.ch\/verpackungsnews\/wp-content\/uploads\/2023\/12\/Thumbnail-1.jpg\" class=\"attachment-post-thumbnail size-post-thumbnail wp-post-image\" alt=\"\" srcset=\"https:\/\/www.rajapack.ch\/verpackungsnews\/wp-content\/uploads\/2023\/12\/Thumbnail-1.jpg 1162w, https:\/\/www.rajapack.ch\/verpackungsnews\/wp-content\/uploads\/2023\/12\/Thumbnail-1-430x207.jpg 430w, https:\/\/www.rajapack.ch\/verpackungsnews\/wp-content\/uploads\/2023\/12\/Thumbnail-1-1024x493.jpg 1024w, https:\/\/www.rajapack.ch\/verpackungsnews\/wp-content\/uploads\/2023\/12\/Thumbnail-1-768x370.jpg 768w\" sizes=\"(max-width: 1162px) 100vw, 1162px\" \/><\/a>\n\t\t\t\t\n\t\t\t\t<h2 class=\"su-post-title\"><a href=\"https:\/\/www.rajapack.ch\/verpackungsnews\/einfache-verpackungstipps-zur-weihnachtszeit\">Einfache Verpackungstipps zur Weihnachtszeit!<\/a><\/h2>\n\n\t\t\t\t<div class=\"su-post-meta\">\n\t\t\t\t\tVer\u00f6ffentlicht: 8. Dezember 2023\t\t\t\t<\/div>\n\n\t\t\t\t<div class=\"su-post-excerpt\">\n\t\t\t\t\t<p>Entdecken Sie kreative Geschenkverpackungsideen, die Festlichkeit verspr\u00fchen! Noch nie war es so einfach, Ihre Weihnachtsgeschenke sch\u00f6n zu verpacken. Willkommen zur zweiten Episode unserer Verpackungsserie \u00abPatricia&#8217;s Verpackungstipps\u00bb. Die festliche Jahreszeit steht [&#8230;]<\/p>\n\t\t\t\t<\/div>\n\n\t\t\t\t\t\t\t\t\t<a href=\"https:\/\/www.rajapack.ch\/verpackungsnews\/einfache-verpackungstipps-zur-weihnachtszeit#respond\" class=\"su-post-comments-link\">0 Kommentare<\/a>\n\t\t\t\t\n\t\t\t<\/div>\n\n\t\t\t\t\t\n\t\t\t\n\t\t\t<div id=\"su-post-19023\" class=\"su-post \">\n\n\t\t\t\t\t\t\t\t\t<a class=\"su-post-thumbnail\" href=\"https:\/\/www.rajapack.ch\/verpackungsnews\/schnell-online-verkaufen\"><img loading=\"lazy\" decoding=\"async\" width=\"1200\" height=\"627\" src=\"https:\/\/www.rajapack.ch\/verpackungsnews\/wp-content\/uploads\/2020\/04\/Online-Verkaufen-Einzelhandel.jpg\" class=\"attachment-post-thumbnail size-post-thumbnail wp-post-image\" alt=\"schnell Online Verkaufen\" srcset=\"https:\/\/www.rajapack.ch\/verpackungsnews\/wp-content\/uploads\/2020\/04\/Online-Verkaufen-Einzelhandel.jpg 1200w, https:\/\/www.rajapack.ch\/verpackungsnews\/wp-content\/uploads\/2020\/04\/Online-Verkaufen-Einzelhandel-430x225.jpg 430w, https:\/\/www.rajapack.ch\/verpackungsnews\/wp-content\/uploads\/2020\/04\/Online-Verkaufen-Einzelhandel-1024x535.jpg 1024w, https:\/\/www.rajapack.ch\/verpackungsnews\/wp-content\/uploads\/2020\/04\/Online-Verkaufen-Einzelhandel-768x401.jpg 768w\" sizes=\"(max-width: 1200px) 100vw, 1200px\" \/><\/a>\n\t\t\t\t\n\t\t\t\t<h2 class=\"su-post-title\"><a href=\"https:\/\/www.rajapack.ch\/verpackungsnews\/schnell-online-verkaufen\">Schnell Online Verkaufen: Tipps f\u00fcr den Einzelhandel<\/a><\/h2>\n\n\t\t\t\t<div class=\"su-post-meta\">\n\t\t\t\t\tVer\u00f6ffentlicht: 1. M\u00e4rz 2023\t\t\t\t<\/div>\n\n\t\t\t\t<div class=\"su-post-excerpt\">\n\t\t\t\t\t<p>Die Auswirkungen der Ausbreitung von Covid-19 haben den Einzelhandel schwer getroffen. Insbesondere der station\u00e4re Handel mit Konsumg\u00fctern war betroffen. Die Situation hat auch l\u00e4ngerfristig Auswirkungen auf das\u00a0 Konsumverhalten: Die Kunden [&#8230;]<\/p>\n\t\t\t\t<\/div>\n\n\t\t\t\t\t\t\t\t\t<a href=\"https:\/\/www.rajapack.ch\/verpackungsnews\/schnell-online-verkaufen#comments\" class=\"su-post-comments-link\">2 comments<\/a>\n\t\t\t\t\n\t\t\t<\/div>\n\n\t\t\n\t\n<\/div>\n\n<p>Der <strong>Second Hand und der nachhaltige Mode-Versand<\/strong> sind besondere Sparten im Fashion E-Commerce, die immer mehr an Bedeutung gewinnen: Hier spielt neben der Optik auch die Glaubw\u00fcrdigkeit eine grosse Rolle. Ihre Kunden erwarten eine Versandverpackung, die genauso nachhaltig ist, wie das gekaufte Kleidungsst\u00fcck. RAJAPACK bietet nachhaltige Verpackungen aus recyceltem Material, oder nachhaltigem Graspapier, die zum Image passen aber nicht zu teuer sind.<\/p>\n<p><strong>Weitere Tipps, haben wir in diesem Blogartikel zusammengestellt:<\/strong><\/p>\n\n\n<div class=\"su-posts su-posts-default-loop \">\n\n\t\n\t\t\t\t\t\n\t\t\t\n\t\t\t<div id=\"su-post-30065\" class=\"su-post \">\n\n\t\t\t\t\t\t\t\t\t<a class=\"su-post-thumbnail\" href=\"https:\/\/www.rajapack.ch\/verpackungsnews\/einfache-verpackungstipps-zur-weihnachtszeit\"><img loading=\"lazy\" decoding=\"async\" width=\"1162\" height=\"560\" src=\"https:\/\/www.rajapack.ch\/verpackungsnews\/wp-content\/uploads\/2023\/12\/Thumbnail-1.jpg\" class=\"attachment-post-thumbnail size-post-thumbnail wp-post-image\" alt=\"\" srcset=\"https:\/\/www.rajapack.ch\/verpackungsnews\/wp-content\/uploads\/2023\/12\/Thumbnail-1.jpg 1162w, https:\/\/www.rajapack.ch\/verpackungsnews\/wp-content\/uploads\/2023\/12\/Thumbnail-1-430x207.jpg 430w, https:\/\/www.rajapack.ch\/verpackungsnews\/wp-content\/uploads\/2023\/12\/Thumbnail-1-1024x493.jpg 1024w, https:\/\/www.rajapack.ch\/verpackungsnews\/wp-content\/uploads\/2023\/12\/Thumbnail-1-768x370.jpg 768w\" sizes=\"(max-width: 1162px) 100vw, 1162px\" \/><\/a>\n\t\t\t\t\n\t\t\t\t<h2 class=\"su-post-title\"><a href=\"https:\/\/www.rajapack.ch\/verpackungsnews\/einfache-verpackungstipps-zur-weihnachtszeit\">Einfache Verpackungstipps zur Weihnachtszeit!<\/a><\/h2>\n\n\t\t\t\t<div class=\"su-post-meta\">\n\t\t\t\t\tVer\u00f6ffentlicht: 8. Dezember 2023\t\t\t\t<\/div>\n\n\t\t\t\t<div class=\"su-post-excerpt\">\n\t\t\t\t\t<p>Entdecken Sie kreative Geschenkverpackungsideen, die Festlichkeit verspr\u00fchen! Noch nie war es so einfach, Ihre Weihnachtsgeschenke sch\u00f6n zu verpacken. Willkommen zur zweiten Episode unserer Verpackungsserie \u00abPatricia&#8217;s Verpackungstipps\u00bb. Die festliche Jahreszeit steht [&#8230;]<\/p>\n\t\t\t\t<\/div>\n\n\t\t\t\t\t\t\t\t\t<a href=\"https:\/\/www.rajapack.ch\/verpackungsnews\/einfache-verpackungstipps-zur-weihnachtszeit#respond\" class=\"su-post-comments-link\">0 Kommentare<\/a>\n\t\t\t\t\n\t\t\t<\/div>\n\n\t\t\t\t\t\n\t\t\t\n\t\t\t<div id=\"su-post-17373\" class=\"su-post \">\n\n\t\t\t\t\t\t\t\t\t<a class=\"su-post-thumbnail\" href=\"https:\/\/www.rajapack.ch\/verpackungsnews\/kleider-verkaufen\"><img loading=\"lazy\" decoding=\"async\" width=\"810\" height=\"420\" src=\"https:\/\/www.rajapack.ch\/verpackungsnews\/wp-content\/uploads\/2019\/07\/Second-Hand.jpg\" class=\"attachment-post-thumbnail size-post-thumbnail wp-post-image\" alt=\"Second-Hand verkaufen\" srcset=\"https:\/\/www.rajapack.ch\/verpackungsnews\/wp-content\/uploads\/2019\/07\/Second-Hand.jpg 810w, https:\/\/www.rajapack.ch\/verpackungsnews\/wp-content\/uploads\/2019\/07\/Second-Hand-430x223.jpg 430w, https:\/\/www.rajapack.ch\/verpackungsnews\/wp-content\/uploads\/2019\/07\/Second-Hand-768x398.jpg 768w\" sizes=\"(max-width: 810px) 100vw, 810px\" \/><\/a>\n\t\t\t\t\n\t\t\t\t<h2 class=\"su-post-title\"><a href=\"https:\/\/www.rajapack.ch\/verpackungsnews\/kleider-verkaufen\">Das Gesch\u00e4ft mit Second Hand-Kleidung<\/a><\/h2>\n\n\t\t\t\t<div class=\"su-post-meta\">\n\t\t\t\t\tVer\u00f6ffentlicht: 17. Juli 2020\t\t\t\t<\/div>\n\n\t\t\t\t<div class=\"su-post-excerpt\">\n\t\t\t\t\t<p>Im Jahr 2020 gaben die Schweizer rund 8,1 Milliarden Euro f\u00fcr Kleidungsst\u00fccke aus. Das deckt sich mit den Angaben von Greenpeace, wonach wir j\u00e4hrlich cirka 60 Kleidungsst\u00fccke neu kaufen. Tats\u00e4chlich\u00a0tragen\u00a0wir\u00a0Studien [&#8230;]<\/p>\n\t\t\t\t<\/div>\n\n\t\t\t\t\t\t\t\t\t<a href=\"https:\/\/www.rajapack.ch\/verpackungsnews\/kleider-verkaufen#comments\" class=\"su-post-comments-link\">2 comments<\/a>\n\t\t\t\t\n\t\t\t<\/div>\n\n\t\t\n\t\n<\/div>\n\n<p>Sind Sie hingegen im <strong>Luxus-Mode-Segment<\/strong> t\u00e4tig, m\u00fcssen Sie klotzen statt kleckern &#8211; auch beim Versand und der Verpackung. Ein premium Online-Auftritt und eine koh\u00e4rente Premium Verpackung sind hier ein Muss. Die Wertigkeit Ihres Angebots muss in der Verpackung widergespiegelt werden. Setzten Sie auf edles Seidenpapier in einer personalisierten Versandschachtel als gute Grundlage.<\/p>\n<div class=\"su-spacer\" style=\"height:40px\"><\/div>\n<h2 id=\"Versenden\">6. Kleidung effizient Verpacken und Versenden<\/h2>\n<div class=\"su-spacer\" style=\"height:30px\"><\/div>\n<p>In diesem Blogartikel wurde schon viel \u00fcber \u201eEffizienz steigern\u201c geschrieben. Aber wie genau funktioniert das? Es ist unter anderem ein Zusammenspiel aus optimaler <strong>Lagerlogistik<\/strong>, ergonomischen <strong>Packstationen<\/strong> und einer guten <strong>Versandvorbereitung<\/strong>. Alle Prozesse m\u00fcssen ineinandergreifen und aufeinander abgestimmt sein. <strong>Am besten wird das an einem Beispiel veranschaulicht, n\u00e4mlich dem unseres Kunden Brands Fashion:<\/strong><\/p>\n<p>&nbsp;<\/p>\n\n\n<div class=\"su-posts su-posts-default-loop \">\n\n\t\n\t\t\t\t\t\n\t\t\t\n\t\t\t<div id=\"su-post-30065\" class=\"su-post \">\n\n\t\t\t\t\t\t\t\t\t<a class=\"su-post-thumbnail\" href=\"https:\/\/www.rajapack.ch\/verpackungsnews\/einfache-verpackungstipps-zur-weihnachtszeit\"><img loading=\"lazy\" decoding=\"async\" width=\"1162\" height=\"560\" src=\"https:\/\/www.rajapack.ch\/verpackungsnews\/wp-content\/uploads\/2023\/12\/Thumbnail-1.jpg\" class=\"attachment-post-thumbnail size-post-thumbnail wp-post-image\" alt=\"\" srcset=\"https:\/\/www.rajapack.ch\/verpackungsnews\/wp-content\/uploads\/2023\/12\/Thumbnail-1.jpg 1162w, https:\/\/www.rajapack.ch\/verpackungsnews\/wp-content\/uploads\/2023\/12\/Thumbnail-1-430x207.jpg 430w, https:\/\/www.rajapack.ch\/verpackungsnews\/wp-content\/uploads\/2023\/12\/Thumbnail-1-1024x493.jpg 1024w, https:\/\/www.rajapack.ch\/verpackungsnews\/wp-content\/uploads\/2023\/12\/Thumbnail-1-768x370.jpg 768w\" sizes=\"(max-width: 1162px) 100vw, 1162px\" \/><\/a>\n\t\t\t\t\n\t\t\t\t<h2 class=\"su-post-title\"><a href=\"https:\/\/www.rajapack.ch\/verpackungsnews\/einfache-verpackungstipps-zur-weihnachtszeit\">Einfache Verpackungstipps zur Weihnachtszeit!<\/a><\/h2>\n\n\t\t\t\t<div class=\"su-post-meta\">\n\t\t\t\t\tVer\u00f6ffentlicht: 8. Dezember 2023\t\t\t\t<\/div>\n\n\t\t\t\t<div class=\"su-post-excerpt\">\n\t\t\t\t\t<p>Entdecken Sie kreative Geschenkverpackungsideen, die Festlichkeit verspr\u00fchen! Noch nie war es so einfach, Ihre Weihnachtsgeschenke sch\u00f6n zu verpacken. Willkommen zur zweiten Episode unserer Verpackungsserie \u00abPatricia&#8217;s Verpackungstipps\u00bb. Die festliche Jahreszeit steht [&#8230;]<\/p>\n\t\t\t\t<\/div>\n\n\t\t\t\t\t\t\t\t\t<a href=\"https:\/\/www.rajapack.ch\/verpackungsnews\/einfache-verpackungstipps-zur-weihnachtszeit#respond\" class=\"su-post-comments-link\">0 Kommentare<\/a>\n\t\t\t\t\n\t\t\t<\/div>\n\n\t\t\n\t\n<\/div>\n\n<p>Zudem sollten Sie Ihre Verpackung f\u00fcr einen kosteng\u00fcnstigen, einfachen Transport optimieren. Versenden Sie auch international? Dann sollten Sie g\u00fcnstige Versanddienstleister recherchieren, denn nicht immer haben deutsche Anbieter die besten Preise.<\/p>\n<div class=\"su-spacer\" style=\"height:20px\"><\/div>\n<h2 id=\"Best\">7. Best Practices<\/h2>\n<div class=\"su-spacer\" style=\"height:30px\"><\/div>\n<p>Neben Brands Fashion zeigen weitere Erfolgsgeschichten von RAJA-Kunden, wie man mit wenigen Kniffen seinen Fashion E-Commerce optimieren kann. Hier sind ein paar inspirierende Beispiele f\u00fcr Sie:<\/p>\n\n\n<div class=\"su-posts su-posts-default-loop \">\n\n\t\n\t\t\t\t\t\n\t\t\t\n\t\t\t<div id=\"su-post-30065\" class=\"su-post \">\n\n\t\t\t\t\t\t\t\t\t<a class=\"su-post-thumbnail\" href=\"https:\/\/www.rajapack.ch\/verpackungsnews\/einfache-verpackungstipps-zur-weihnachtszeit\"><img loading=\"lazy\" decoding=\"async\" width=\"1162\" height=\"560\" src=\"https:\/\/www.rajapack.ch\/verpackungsnews\/wp-content\/uploads\/2023\/12\/Thumbnail-1.jpg\" class=\"attachment-post-thumbnail size-post-thumbnail wp-post-image\" alt=\"\" srcset=\"https:\/\/www.rajapack.ch\/verpackungsnews\/wp-content\/uploads\/2023\/12\/Thumbnail-1.jpg 1162w, https:\/\/www.rajapack.ch\/verpackungsnews\/wp-content\/uploads\/2023\/12\/Thumbnail-1-430x207.jpg 430w, https:\/\/www.rajapack.ch\/verpackungsnews\/wp-content\/uploads\/2023\/12\/Thumbnail-1-1024x493.jpg 1024w, https:\/\/www.rajapack.ch\/verpackungsnews\/wp-content\/uploads\/2023\/12\/Thumbnail-1-768x370.jpg 768w\" sizes=\"(max-width: 1162px) 100vw, 1162px\" \/><\/a>\n\t\t\t\t\n\t\t\t\t<h2 class=\"su-post-title\"><a href=\"https:\/\/www.rajapack.ch\/verpackungsnews\/einfache-verpackungstipps-zur-weihnachtszeit\">Einfache Verpackungstipps zur Weihnachtszeit!<\/a><\/h2>\n\n\t\t\t\t<div class=\"su-post-meta\">\n\t\t\t\t\tVer\u00f6ffentlicht: 8. Dezember 2023\t\t\t\t<\/div>\n\n\t\t\t\t<div class=\"su-post-excerpt\">\n\t\t\t\t\t<p>Entdecken Sie kreative Geschenkverpackungsideen, die Festlichkeit verspr\u00fchen! Noch nie war es so einfach, Ihre Weihnachtsgeschenke sch\u00f6n zu verpacken. Willkommen zur zweiten Episode unserer Verpackungsserie \u00abPatricia&#8217;s Verpackungstipps\u00bb. Die festliche Jahreszeit steht [&#8230;]<\/p>\n\t\t\t\t<\/div>\n\n\t\t\t\t\t\t\t\t\t<a href=\"https:\/\/www.rajapack.ch\/verpackungsnews\/einfache-verpackungstipps-zur-weihnachtszeit#respond\" class=\"su-post-comments-link\">0 Kommentare<\/a>\n\t\t\t\t\n\t\t\t<\/div>\n\n\t\t\n\t\n<\/div>\n\n<div class=\"su-spacer\" style=\"height:20px\"><\/div>\n<h2 id=\"Retoure\">8. Retouren Management im Modeversand<\/h2>\n<div class=\"su-spacer\" style=\"height:30px\"><\/div>\n<p>Ein leidiges, aber wichtiges Thema zum Schluss: Die Modebranche geh\u00f6rt zu den Branchen, in denen die meisten R\u00fccksendungen und Umtauschaktionen stattfinden. Zus\u00e4tzlich steigt die R\u00fccksendequote beim Online-Kauf von Kleidung j\u00e4hrlich. Da es nicht m\u00f6glich ist, die Kleidungsst\u00fccke oder Schuhe vor der Bestellung anzuprobieren, ist die Wahrscheinlichkeit gross, dass die Nutzer eine Gr\u00f6ssen\u00e4nderung oder eine Stornierung des Kaufs verlangen, wenn das Produkt nicht ihren Erwartungen entspricht. Es kommt nicht selten vor, dass Kunden nicht ben\u00f6tigte Kleidung unsachgem\u00e4ss verpacken und zur\u00fcckschicken. Das erschwert das Sortieren und die Weiternutzung der Retouren.<\/p>\n<p><strong>Ein paar grundlegende Punkte helfen Ihnen die Retourenquote zu reduzieren, oder zumindest den Retouren Prozess zu vereinfachen:<\/strong><\/p>\n<ol>\n<li>Optimieren Sie Ihre Produktbeschreibung und -fotos. Je genauer Sie das Kleidungsst\u00fcck, das Material und die Passform beschreiben, desto besser k\u00f6nnen sich Kunden das Kleidungsst\u00fcck vorstellen. Ebenso k\u00f6nnen Sie bei den Fotos die Masse des Models mit angeben (<em>unser Model tr\u00e4gt Gr\u00f6sse S, bei 172 cm H\u00f6he und 60 kg<\/em>). Zeigen Sie, wenn m\u00f6glich, ein Foto von jeder Seite.<\/li>\n<li>Erleichtern Sie sich den Retouren Prozess, indem Sie Versandbeutel f\u00fcr die Retoure beilegen oder gleich <a href=\"https:\/\/www.rajapack.ch\/de_CH\/retourenmanagement_C9634.html\" target=\"_blank\" rel=\"noopener\">Versandverpackungen, die f\u00fcr Retouren optimiert sind<\/a>, nutzen. Diese Rundumverpackungen enthalten einen doppelten Klebestreifen, so dass sie beim ersten Mal f\u00fcr den Versand und bei Bedarf ein zweites Mal f\u00fcr die R\u00fccksendung ordnungsgem\u00e4ss verschlossen werden k\u00f6nnen. Dies erleichtert Kunden die R\u00fccksendung, und gleichzeitig f\u00f6rdert es die Nachhaltigkeit Ihrer Marke.<\/li>\n<\/ol>\n<div class=\"su-spacer\" style=\"height:30px\"><\/div>\n<p><strong>In unserem Blogartikel zum Retourenmanagement finden Sie weitere hilfreiche Tipps, wie Sie Ihre Retourenquote senken k\u00f6nnen:<\/strong><\/p>\n\n\n<div class=\"su-posts su-posts-default-loop \">\n\n\t\n\t\t\t\t\t\n\t\t\t\n\t\t\t<div id=\"su-post-30065\" class=\"su-post \">\n\n\t\t\t\t\t\t\t\t\t<a class=\"su-post-thumbnail\" href=\"https:\/\/www.rajapack.ch\/verpackungsnews\/einfache-verpackungstipps-zur-weihnachtszeit\"><img loading=\"lazy\" decoding=\"async\" width=\"1162\" height=\"560\" src=\"https:\/\/www.rajapack.ch\/verpackungsnews\/wp-content\/uploads\/2023\/12\/Thumbnail-1.jpg\" class=\"attachment-post-thumbnail size-post-thumbnail wp-post-image\" alt=\"\" srcset=\"https:\/\/www.rajapack.ch\/verpackungsnews\/wp-content\/uploads\/2023\/12\/Thumbnail-1.jpg 1162w, https:\/\/www.rajapack.ch\/verpackungsnews\/wp-content\/uploads\/2023\/12\/Thumbnail-1-430x207.jpg 430w, https:\/\/www.rajapack.ch\/verpackungsnews\/wp-content\/uploads\/2023\/12\/Thumbnail-1-1024x493.jpg 1024w, https:\/\/www.rajapack.ch\/verpackungsnews\/wp-content\/uploads\/2023\/12\/Thumbnail-1-768x370.jpg 768w\" sizes=\"(max-width: 1162px) 100vw, 1162px\" \/><\/a>\n\t\t\t\t\n\t\t\t\t<h2 class=\"su-post-title\"><a href=\"https:\/\/www.rajapack.ch\/verpackungsnews\/einfache-verpackungstipps-zur-weihnachtszeit\">Einfache Verpackungstipps zur Weihnachtszeit!<\/a><\/h2>\n\n\t\t\t\t<div class=\"su-post-meta\">\n\t\t\t\t\tVer\u00f6ffentlicht: 8. Dezember 2023\t\t\t\t<\/div>\n\n\t\t\t\t<div class=\"su-post-excerpt\">\n\t\t\t\t\t<p>Entdecken Sie kreative Geschenkverpackungsideen, die Festlichkeit verspr\u00fchen! Noch nie war es so einfach, Ihre Weihnachtsgeschenke sch\u00f6n zu verpacken. Willkommen zur zweiten Episode unserer Verpackungsserie \u00abPatricia&#8217;s Verpackungstipps\u00bb. Die festliche Jahreszeit steht [&#8230;]<\/p>\n\t\t\t\t<\/div>\n\n\t\t\t\t\t\t\t\t\t<a href=\"https:\/\/www.rajapack.ch\/verpackungsnews\/einfache-verpackungstipps-zur-weihnachtszeit#respond\" class=\"su-post-comments-link\">0 Kommentare<\/a>\n\t\t\t\t\n\t\t\t<\/div>\n\n\t\t\t\t\t\n\t\t\t\n\t\t\t<div id=\"su-post-24514\" class=\"su-post \">\n\n\t\t\t\t\t\t\t\t\t<a class=\"su-post-thumbnail\" href=\"https:\/\/www.rajapack.ch\/verpackungsnews\/retourenmanagement-so-senken-sie-ihre-retourenquote\"><img loading=\"lazy\" decoding=\"async\" width=\"820\" height=\"312\" src=\"https:\/\/www.rajapack.ch\/verpackungsnews\/wp-content\/uploads\/2022\/06\/Retouren-Management-1536x585-1-e1678696426296.jpg\" class=\"attachment-post-thumbnail size-post-thumbnail wp-post-image\" alt=\"Retourenmanagement Tipps\" srcset=\"https:\/\/www.rajapack.ch\/verpackungsnews\/wp-content\/uploads\/2022\/06\/Retouren-Management-1536x585-1-e1678696426296.jpg 820w, https:\/\/www.rajapack.ch\/verpackungsnews\/wp-content\/uploads\/2022\/06\/Retouren-Management-1536x585-1-e1678696426296-430x164.jpg 430w, https:\/\/www.rajapack.ch\/verpackungsnews\/wp-content\/uploads\/2022\/06\/Retouren-Management-1536x585-1-e1678696426296-768x292.jpg 768w\" sizes=\"(max-width: 820px) 100vw, 820px\" \/><\/a>\n\t\t\t\t\n\t\t\t\t<h2 class=\"su-post-title\"><a href=\"https:\/\/www.rajapack.ch\/verpackungsnews\/retourenmanagement-so-senken-sie-ihre-retourenquote\">So senken Sie Ihre Retourenquote<\/a><\/h2>\n\n\t\t\t\t<div class=\"su-post-meta\">\n\t\t\t\t\tVer\u00f6ffentlicht: 23. Juni 2022\t\t\t\t<\/div>\n\n\t\t\t\t<div class=\"su-post-excerpt\">\n\t\t\t\t\t<p>Ob Beautyartikel, Klamotten oder Elektronikartikel \u2013 wenn ein online bestelltes Produkt nicht passt oder den Erwartungen nicht gerecht wird, wird es einfach zur\u00fcckgeschickt. Grossz\u00fcgige R\u00fcckgabefristen und ein kostenloser R\u00fcckversand erschweren [&#8230;]<\/p>\n\t\t\t\t<\/div>\n\n\t\t\t\t\t\t\t\t\t<a href=\"https:\/\/www.rajapack.ch\/verpackungsnews\/retourenmanagement-so-senken-sie-ihre-retourenquote#respond\" class=\"su-post-comments-link\">0 Kommentare<\/a>\n\t\t\t\t\n\t\t\t<\/div>\n\n\t\t\n\t\n<\/div>\n\n","protected":false},"excerpt":{"rendered":"<p>Fashion E-Commerce, nach wie vor ein Zugpferd im Online-Versand Laut der Verbraucherumfrage \u201eInteraktiver Handel in Deutschland 2021\u201c stieg die Umsatzentwicklung im Segment Bekleidung von 2020 bis 2021 um 16,8 % [&#8230;]<\/p>\n","protected":false},"author":20,"featured_media":28589,"comment_status":"open","ping_status":"closed","sticky":false,"template":"","format":"standard","meta":{"_acf_changed":false,"footnotes":""},"categories":[10],"tags":[130,417,725],"class_list":["post-28587","post","type-post","status-publish","format-standard","has-post-thumbnail","hentry","category-branchenloesungen","tag-e-commerce","tag-verpackungsdesign","tag-versenden"],"acf":[],"yoast_head":"\n<title>Versand von Mode im Fashion E-Commerce - RAJA Blog CH<\/title>\n<meta name=\"description\" content=\"Wer gegen globale Moderiesen im E-Commerce bestehen will, braucht ein positives K\u00e4ufererlebnis \u2013 auch bei Verpackung &amp; Versand. So geht&#039;s\" \/>\n<meta name=\"robots\" content=\"index, follow, max-snippet:-1, max-image-preview:large, max-video-preview:-1\" \/>\n<link rel=\"canonical\" href=\"https:\/\/www.rajapack.ch\/verpackungsnews\/fashion-e-commerce-versand\" \/>\n<meta property=\"og:locale\" content=\"de_DE\" \/>\n<meta property=\"og:type\" content=\"article\" \/>\n<meta property=\"og:title\" content=\"Versand von Mode im Fashion E-Commerce - RAJA Blog CH\" \/>\n<meta property=\"og:description\" content=\"Wer gegen globale Moderiesen im E-Commerce bestehen will, braucht ein positives K\u00e4ufererlebnis \u2013 auch bei Verpackung &amp; Versand. So geht&#039;s\" \/>\n<meta property=\"og:url\" content=\"https:\/\/www.rajapack.ch\/verpackungsnews\/fashion-e-commerce-versand\" \/>\n<meta property=\"og:site_name\" content=\"RAJA Blog CH\" \/>\n<meta property=\"article:published_time\" content=\"2023-03-13T14:22:30+00:00\" \/>\n<meta property=\"article:modified_time\" content=\"2026-02-26T12:24:33+00:00\" \/>\n<meta property=\"og:image\" content=\"https:\/\/www.rajapack.ch\/verpackungsnews\/wp-content\/uploads\/2023\/03\/Personalisierte-Verpackung.jpeg\" \/>\n\t<meta property=\"og:image:width\" content=\"2560\" \/>\n\t<meta property=\"og:image:height\" content=\"1707\" \/>\n\t<meta property=\"og:image:type\" content=\"image\/jpeg\" \/>\n<meta name=\"author\" content=\"RAJAPACK Schweiz\" \/>\n<meta name=\"twitter:card\" content=\"summary_large_image\" \/>\n<meta name=\"twitter:label1\" content=\"Verfasst von\" \/>\n\t<meta name=\"twitter:data1\" content=\"RAJAPACK Schweiz\" \/>\n\t<meta name=\"twitter:label2\" content=\"Gesch\u00e4tzte Lesezeit\" \/>\n\t<meta name=\"twitter:data2\" content=\"12 Minuten\" \/>\n<script type=\"application\/ld+json\" class=\"yoast-schema-graph\">{\n\t    \"@context\": \"https:\/\/schema.org\",\n\t    \"@graph\": [\n\t        {\n\t            \"@type\": \"Article\",\n\t            \"@id\": \"https:\/\/www.rajapack.ch\/verpackungsnews\/fashion-e-commerce-versand#article\",\n\t            \"isPartOf\": {\n\t                \"@id\": \"https:\/\/www.rajapack.ch\/verpackungsnews\/fashion-e-commerce-versand\"\n\t            },\n\t            \"author\": {\n\t                \"name\": \"RAJAPACK Schweiz\",\n\t                \"@id\": \"https:\/\/www.rajapack.ch\/verpackungsnews\/#\/schema\/person\/e0825d9926514f72b2ba6eafaf517f7a\"\n\t            },\n\t            \"headline\": \"Alles, was Sie \u00fcber den Versand von Mode im Fashion E-Commerce wissen sollten\",\n\t            \"datePublished\": \"2023-03-13T14:22:30+00:00\",\n\t            \"dateModified\": \"2026-02-26T12:24:33+00:00\",\n\t            \"mainEntityOfPage\": {\n\t                \"@id\": \"https:\/\/www.rajapack.ch\/verpackungsnews\/fashion-e-commerce-versand\"\n\t            },\n\t            \"wordCount\": 2099,\n\t            \"commentCount\": 0,\n\t            \"publisher\": {\n\t                \"@id\": \"https:\/\/www.rajapack.ch\/verpackungsnews\/#organization\"\n\t            },\n\t            \"image\": {\n\t                \"@id\": \"https:\/\/www.rajapack.ch\/verpackungsnews\/fashion-e-commerce-versand#primaryimage\"\n\t            },\n\t            \"thumbnailUrl\": \"https:\/\/www.rajapack.ch\/verpackungsnews\/wp-content\/uploads\/2023\/03\/Personalisierte-Verpackung.jpeg\",\n\t            \"keywords\": [\n\t                \"e-commerce\",\n\t                \"Verpackungsdesign\",\n\t                \"Versenden\"\n\t            ],\n\t            \"articleSection\": [\n\t                \"Branchenl\u00f6sungen\"\n\t            ],\n\t            \"inLanguage\": \"de-DE\",\n\t            \"potentialAction\": [\n\t                {\n\t                    \"@type\": \"CommentAction\",\n\t                    \"name\": \"Comment\",\n\t                    \"target\": [\n\t                        \"https:\/\/www.rajapack.ch\/verpackungsnews\/fashion-e-commerce-versand#respond\"\n\t                    ]\n\t                }\n\t            ]\n\t        },\n\t        {\n\t            \"@type\": \"WebPage\",\n\t            \"@id\": \"https:\/\/www.rajapack.ch\/verpackungsnews\/fashion-e-commerce-versand\",\n\t            \"url\": \"https:\/\/www.rajapack.ch\/verpackungsnews\/fashion-e-commerce-versand\",\n\t            \"name\": \"Versand von Mode im Fashion E-Commerce - RAJA Blog CH\",\n\t            \"isPartOf\": {\n\t                \"@id\": \"https:\/\/www.rajapack.ch\/verpackungsnews\/#website\"\n\t            },\n\t            \"primaryImageOfPage\": {\n\t                \"@id\": \"https:\/\/www.rajapack.ch\/verpackungsnews\/fashion-e-commerce-versand#primaryimage\"\n\t            },\n\t            \"image\": {\n\t                \"@id\": \"https:\/\/www.rajapack.ch\/verpackungsnews\/fashion-e-commerce-versand#primaryimage\"\n\t            },\n\t            \"thumbnailUrl\": \"https:\/\/www.rajapack.ch\/verpackungsnews\/wp-content\/uploads\/2023\/03\/Personalisierte-Verpackung.jpeg\",\n\t            \"datePublished\": \"2023-03-13T14:22:30+00:00\",\n\t            \"dateModified\": \"2026-02-26T12:24:33+00:00\",\n\t            \"description\": \"Wer gegen globale Moderiesen im E-Commerce bestehen will, braucht ein positives K\u00e4ufererlebnis \u2013 auch bei Verpackung & Versand. So geht's\",\n\t            \"inLanguage\": \"de-DE\",\n\t            \"potentialAction\": [\n\t                {\n\t                    \"@type\": \"ReadAction\",\n\t                    \"target\": [\n\t                        \"https:\/\/www.rajapack.ch\/verpackungsnews\/fashion-e-commerce-versand\"\n\t                    ]\n\t                }\n\t            ]\n\t        },\n\t        {\n\t            \"@type\": \"ImageObject\",\n\t            \"inLanguage\": \"de-DE\",\n\t            \"@id\": \"https:\/\/www.rajapack.ch\/verpackungsnews\/fashion-e-commerce-versand#primaryimage\",\n\t            \"url\": \"https:\/\/www.rajapack.ch\/verpackungsnews\/wp-content\/uploads\/2023\/03\/Personalisierte-Verpackung.jpeg\",\n\t            \"contentUrl\": \"https:\/\/www.rajapack.ch\/verpackungsnews\/wp-content\/uploads\/2023\/03\/Personalisierte-Verpackung.jpeg\",\n\t            \"width\": 2560,\n\t            \"height\": 1707,\n\t            \"caption\": \"Eine l\u00e4chelnde Frau erh\u00e4lt ein personalisiertes Paket mit der franz\u00f6sischen Aufschrift: Tu es belle comme tu es.\"\n\t        },\n\t        {\n\t            \"@type\": \"WebSite\",\n\t            \"@id\": \"https:\/\/www.rajapack.ch\/verpackungsnews\/#website\",\n\t            \"url\": \"https:\/\/www.rajapack.ch\/verpackungsnews\/\",\n\t            \"name\": \"RAJA Blog CH\",\n\t            \"description\": \"Verpackungsnews vom Experten\",\n\t            \"publisher\": {\n\t                \"@id\": \"https:\/\/www.rajapack.ch\/verpackungsnews\/#organization\"\n\t            },\n\t            \"potentialAction\": [\n\t                {\n\t                    \"@type\": \"SearchAction\",\n\t                    \"target\": {\n\t                        \"@type\": \"EntryPoint\",\n\t                        \"urlTemplate\": \"https:\/\/www.rajapack.ch\/verpackungsnews\/?s={search_term_string}\"\n\t                    },\n\t                    \"query-input\": \"required name=search_term_string\"\n\t                }\n\t            ],\n\t            \"inLanguage\": \"de-DE\"\n\t        },\n\t        {\n\t            \"@type\": \"Organization\",\n\t            \"@id\": \"https:\/\/www.rajapack.ch\/verpackungsnews\/#organization\",\n\t            \"name\": \"RAJA Blog CH\",\n\t            \"url\": \"https:\/\/www.rajapack.ch\/verpackungsnews\/\",\n\t            \"logo\": {\n\t                \"@type\": \"ImageObject\",\n\t                \"inLanguage\": \"de-DE\",\n\t                \"@id\": \"https:\/\/www.rajapack.ch\/verpackungsnews\/#\/schema\/logo\/image\/\",\n\t                \"url\": \"\",\n\t                \"contentUrl\": \"\",\n\t                \"caption\": \"RAJA Blog CH\"\n\t            },\n\t            \"image\": {\n\t                \"@id\": \"https:\/\/www.rajapack.ch\/verpackungsnews\/#\/schema\/logo\/image\/\"\n\t            },\n\t            \"sameAs\": [\n\t                \"https:\/\/de.linkedin.com\/company\/rajapack-gmbh\"\n\t            ]\n\t        },\n\t        {\n\t            \"@type\": \"Person\",\n\t            \"@id\": \"https:\/\/www.rajapack.ch\/verpackungsnews\/#\/schema\/person\/e0825d9926514f72b2ba6eafaf517f7a\",\n\t            \"name\": \"RAJAPACK Schweiz\",\n\t            \"image\": {\n\t                \"@type\": \"ImageObject\",\n\t                \"inLanguage\": \"de-DE\",\n\t                \"@id\": \"https:\/\/www.rajapack.ch\/verpackungsnews\/#\/schema\/person\/image\/\",\n\t                \"url\": \"https:\/\/secure.gravatar.com\/avatar\/f391ad6b3c41197daad8136e36418c64?s=96&d=mm&r=g\",\n\t                \"contentUrl\": \"https:\/\/secure.gravatar.com\/avatar\/f391ad6b3c41197daad8136e36418c64?s=96&d=mm&r=g\",\n\t                \"caption\": \"RAJAPACK Schweiz\"\n\t            },\n\t            \"description\": \"Geschrieben von unseren Verpackungsexperten bei RAJAPACK Schweiz: Wir lieben Verpackungen.\",\n\t            \"url\": \"https:\/\/www.rajapack.ch\/verpackungsnews\/author\/raja-ch\"\n\t        }\n\t    ]\n\t}<\/script>\n","yoast_head_json":{"title":"Versand von Mode im Fashion E-Commerce - RAJA Blog CH","description":"Wer gegen globale Moderiesen im E-Commerce bestehen will, braucht ein positives K\u00e4ufererlebnis \u2013 auch bei Verpackung & Versand. So geht's","robots":{"index":"index","follow":"follow","max-snippet":"max-snippet:-1","max-image-preview":"max-image-preview:large","max-video-preview":"max-video-preview:-1"},"canonical":"https:\/\/www.rajapack.ch\/verpackungsnews\/fashion-e-commerce-versand","og_locale":"de_DE","og_type":"article","og_title":"Versand von Mode im Fashion E-Commerce - RAJA Blog CH","og_description":"Wer gegen globale Moderiesen im E-Commerce bestehen will, braucht ein positives K\u00e4ufererlebnis \u2013 auch bei Verpackung & Versand. So geht's","og_url":"https:\/\/www.rajapack.ch\/verpackungsnews\/fashion-e-commerce-versand","og_site_name":"RAJA Blog CH","article_published_time":"2023-03-13T14:22:30+00:00","article_modified_time":"2026-02-26T12:24:33+00:00","og_image":[{"width":2560,"height":1707,"url":"https:\/\/www.rajapack.ch\/verpackungsnews\/wp-content\/uploads\/2023\/03\/Personalisierte-Verpackung.jpeg","type":"image\/jpeg"}],"author":"RAJAPACK Schweiz","twitter_card":"summary_large_image","twitter_misc":{"Verfasst von":"RAJAPACK Schweiz","Gesch\u00e4tzte Lesezeit":"12 Minuten"},"schema":{"@context":"https:\/\/schema.org","@graph":[{"@type":"Article","@id":"https:\/\/www.rajapack.ch\/verpackungsnews\/fashion-e-commerce-versand#article","isPartOf":{"@id":"https:\/\/www.rajapack.ch\/verpackungsnews\/fashion-e-commerce-versand"},"author":{"name":"RAJAPACK Schweiz","@id":"https:\/\/www.rajapack.ch\/verpackungsnews\/#\/schema\/person\/e0825d9926514f72b2ba6eafaf517f7a"},"headline":"Alles, was Sie \u00fcber den Versand von Mode im Fashion E-Commerce wissen sollten","datePublished":"2023-03-13T14:22:30+00:00","dateModified":"2026-02-26T12:24:33+00:00","mainEntityOfPage":{"@id":"https:\/\/www.rajapack.ch\/verpackungsnews\/fashion-e-commerce-versand"},"wordCount":2099,"commentCount":0,"publisher":{"@id":"https:\/\/www.rajapack.ch\/verpackungsnews\/#organization"},"image":{"@id":"https:\/\/www.rajapack.ch\/verpackungsnews\/fashion-e-commerce-versand#primaryimage"},"thumbnailUrl":"https:\/\/www.rajapack.ch\/verpackungsnews\/wp-content\/uploads\/2023\/03\/Personalisierte-Verpackung.jpeg","keywords":["e-commerce","Verpackungsdesign","Versenden"],"articleSection":["Branchenl\u00f6sungen"],"inLanguage":"de-DE","potentialAction":[{"@type":"CommentAction","name":"Comment","target":["https:\/\/www.rajapack.ch\/verpackungsnews\/fashion-e-commerce-versand#respond"]}]},{"@type":"WebPage","@id":"https:\/\/www.rajapack.ch\/verpackungsnews\/fashion-e-commerce-versand","url":"https:\/\/www.rajapack.ch\/verpackungsnews\/fashion-e-commerce-versand","name":"Versand von Mode im Fashion E-Commerce - RAJA Blog CH","isPartOf":{"@id":"https:\/\/www.rajapack.ch\/verpackungsnews\/#website"},"primaryImageOfPage":{"@id":"https:\/\/www.rajapack.ch\/verpackungsnews\/fashion-e-commerce-versand#primaryimage"},"image":{"@id":"https:\/\/www.rajapack.ch\/verpackungsnews\/fashion-e-commerce-versand#primaryimage"},"thumbnailUrl":"https:\/\/www.rajapack.ch\/verpackungsnews\/wp-content\/uploads\/2023\/03\/Personalisierte-Verpackung.jpeg","datePublished":"2023-03-13T14:22:30+00:00","dateModified":"2026-02-26T12:24:33+00:00","description":"Wer gegen globale Moderiesen im E-Commerce bestehen will, braucht ein positives K\u00e4ufererlebnis \u2013 auch bei Verpackung & Versand. So geht's","inLanguage":"de-DE","potentialAction":[{"@type":"ReadAction","target":["https:\/\/www.rajapack.ch\/verpackungsnews\/fashion-e-commerce-versand"]}]},{"@type":"ImageObject","inLanguage":"de-DE","@id":"https:\/\/www.rajapack.ch\/verpackungsnews\/fashion-e-commerce-versand#primaryimage","url":"https:\/\/www.rajapack.ch\/verpackungsnews\/wp-content\/uploads\/2023\/03\/Personalisierte-Verpackung.jpeg","contentUrl":"https:\/\/www.rajapack.ch\/verpackungsnews\/wp-content\/uploads\/2023\/03\/Personalisierte-Verpackung.jpeg","width":2560,"height":1707,"caption":"Eine l\u00e4chelnde Frau erh\u00e4lt ein personalisiertes Paket mit der franz\u00f6sischen Aufschrift: Tu es belle comme tu es."},{"@type":"WebSite","@id":"https:\/\/www.rajapack.ch\/verpackungsnews\/#website","url":"https:\/\/www.rajapack.ch\/verpackungsnews\/","name":"RAJA Blog CH","description":"Verpackungsnews vom Experten","publisher":{"@id":"https:\/\/www.rajapack.ch\/verpackungsnews\/#organization"},"potentialAction":[{"@type":"SearchAction","target":{"@type":"EntryPoint","urlTemplate":"https:\/\/www.rajapack.ch\/verpackungsnews\/?s={search_term_string}"},"query-input":"required name=search_term_string"}],"inLanguage":"de-DE"},{"@type":"Organization","@id":"https:\/\/www.rajapack.ch\/verpackungsnews\/#organization","name":"RAJA Blog CH","url":"https:\/\/www.rajapack.ch\/verpackungsnews\/","logo":{"@type":"ImageObject","inLanguage":"de-DE","@id":"https:\/\/www.rajapack.ch\/verpackungsnews\/#\/schema\/logo\/image\/","url":"","contentUrl":"","caption":"RAJA Blog CH"},"image":{"@id":"https:\/\/www.rajapack.ch\/verpackungsnews\/#\/schema\/logo\/image\/"},"sameAs":["https:\/\/de.linkedin.com\/company\/rajapack-gmbh"]},{"@type":"Person","@id":"https:\/\/www.rajapack.ch\/verpackungsnews\/#\/schema\/person\/e0825d9926514f72b2ba6eafaf517f7a","name":"RAJAPACK Schweiz","image":{"@type":"ImageObject","inLanguage":"de-DE","@id":"https:\/\/www.rajapack.ch\/verpackungsnews\/#\/schema\/person\/image\/","url":"https:\/\/secure.gravatar.com\/avatar\/f391ad6b3c41197daad8136e36418c64?s=96&d=mm&r=g","contentUrl":"https:\/\/secure.gravatar.com\/avatar\/f391ad6b3c41197daad8136e36418c64?s=96&d=mm&r=g","caption":"RAJAPACK Schweiz"},"description":"Geschrieben von unseren Verpackungsexperten bei RAJAPACK Schweiz: Wir lieben Verpackungen.","url":"https:\/\/www.rajapack.ch\/verpackungsnews\/author\/raja-ch"}]}},"_links":{"self":[{"href":"https:\/\/www.rajapack.ch\/verpackungsnews\/wp-json\/wp\/v2\/posts\/28587"}],"collection":[{"href":"https:\/\/www.rajapack.ch\/verpackungsnews\/wp-json\/wp\/v2\/posts"}],"about":[{"href":"https:\/\/www.rajapack.ch\/verpackungsnews\/wp-json\/wp\/v2\/types\/post"}],"author":[{"embeddable":true,"href":"https:\/\/www.rajapack.ch\/verpackungsnews\/wp-json\/wp\/v2\/users\/20"}],"replies":[{"embeddable":true,"href":"https:\/\/www.rajapack.ch\/verpackungsnews\/wp-json\/wp\/v2\/comments?post=28587"}],"version-history":[{"count":5,"href":"https:\/\/www.rajapack.ch\/verpackungsnews\/wp-json\/wp\/v2\/posts\/28587\/revisions"}],"predecessor-version":[{"id":30837,"href":"https:\/\/www.rajapack.ch\/verpackungsnews\/wp-json\/wp\/v2\/posts\/28587\/revisions\/30837"}],"wp:featuredmedia":[{"embeddable":true,"href":"https:\/\/www.rajapack.ch\/verpackungsnews\/wp-json\/wp\/v2\/media\/28589"}],"wp:attachment":[{"href":"https:\/\/www.rajapack.ch\/verpackungsnews\/wp-json\/wp\/v2\/media?parent=28587"}],"wp:term":[{"taxonomy":"category","embeddable":true,"href":"https:\/\/www.rajapack.ch\/verpackungsnews\/wp-json\/wp\/v2\/categories?post=28587"},{"taxonomy":"post_tag","embeddable":true,"href":"https:\/\/www.rajapack.ch\/verpackungsnews\/wp-json\/wp\/v2\/tags?post=28587"}],"curies":[{"name":"wp","href":"https:\/\/api.w.org\/{rel}","templated":true}]}}