{"id":29386,"date":"2023-05-09T15:18:42","date_gmt":"2023-05-09T13:18:42","guid":{"rendered":"https:\/\/www.rajapack.ch\/verpackungsnews\/?p=29386"},"modified":"2025-08-29T11:40:28","modified_gmt":"2025-08-29T09:40:28","slug":"das-europaeische-verpackungsgesetz","status":"publish","type":"post","link":"https:\/\/www.rajapack.ch\/verpackungsnews\/das-europaeische-verpackungsgesetz","title":{"rendered":"Das neue Europ\u00e4ische Verpackungsgesetz \u2013 und was es f\u00fcr die Schweiz bedeutet"},"content":{"rendered":"\r\n<h5 class=\"wp-block-heading\">Haben Sie schon von dem \u201ePPWR\u201c geh\u00f6rt? Es steht f\u00fcr den neuen <a href=\"https:\/\/ec.europa.eu\/commission\/presscorner\/detail\/en\/ip_22_7155\" target=\"_blank\" rel=\"noreferrer noopener\">EU-Vorschlag \u00fcber Verpackungen und Verpackungsabf\u00e4lle<\/a> (Proposal on Packaging and Packaging Waste Regulation). Dabei handelt es sich um einen neuen Gesetzesvorschlag der Europ\u00e4ischen Kommission, der Ende 2022 auf den Weg gebracht wurde. Als Baustein des <a href=\"https:\/\/commission.europa.eu\/strategy-and-policy\/priorities-2019-2024\/european-green-deal_de\" target=\"_blank\" rel=\"noreferrer noopener\">European Green Deals<\/a>, soll es f\u00fcr ein einheitlich nachhaltigeres Europa bis 2030 (respektive 2040) sorgen. Diese Europ\u00e4ische Verpackungs- und Verpackungsabfallverordnung, oder umgangssprachlich das Verpackungsgesetz, wird neue Regeln f\u00fcr die Verpackung von Produkten im E-Commerce, (Take-away) Food und POS aufstellen. Es ist das erste Mal, dass Verpackungen f\u00fcr den elektronischen Handel in diesem Zusammenhang ausdr\u00fccklich erw\u00e4hnt werden. Umso interessanter ist es zu sehen, welche Auswirkungen dies auf Online-H\u00e4ndler haben wird und wie RAJAPACK Sie dabei bereits unterst\u00fctzen kann. F\u00fcr Schweizer Unternehmen ist das PPWR in zweierlei Hinsicht relevant: Beim Export von Waren in die EU, die von einem Importeur weiter verkauft werden und bei einem Direktexport zum Verbraucher. Lesen Sie weiter und machen Sie sich bereit f\u00fcr die Zukunft.<div class=\"su-divider su-divider-style-default\" style=\"margin:15px 0;border-width:3px;border-color:#999999\"><\/div><\/h5>\r\n\r\n\r\n<div class=\"su-spacer\" style=\"height:30px\"><\/div>\n\r\n\r\n\r\n<h2 class=\"wp-block-heading\">Das erwartet Sie in diesem Blogbeitrag<\/h2>\r\n\r\n\r\n<div class=\"su-spacer\" style=\"height:30px\"><\/div>\n\r\n\r\n\r\n<ul class=\"wp-block-list\">\r\n<li><a href=\"#initiiert\">Warum wurde die PPWR initiiert?<\/a><\/li>\r\n\r\n\r\n\r\n<li><a href=\"#EU-Verpackungsgesetz\">Wie ist das Europ\u00e4ische Verpackungsgesetz zustande gekommen?<\/a><\/li>\r\n\r\n\r\n\r\n<li><a href=\"#beinhaltet\">Was beinhaltet das neue Europ\u00e4ische Verpackungsgesetz?<\/a><\/li>\r\n\r\n\r\n\r\n<li><a href=\"#RAJA\">Machen Sie sich bereit f\u00fcr das europ\u00e4ische Verpackungsgesetz<\/a><\/li>\r\n<\/ul>\r\n\r\n\r\n<div class=\"su-spacer\" style=\"height:30px\"><\/div>\n\r\n\r\n\r\n<h2 id=\"initiiert\" class=\"wp-block-heading\">Warum wurde die PPWR initiiert?<\/h2>\r\n\r\n\r\n<div class=\"su-spacer\" style=\"height:20px\"><\/div>\n\r\n\r\n\r\n<p>Durchschnittlich produziert jeder Europ\u00e4er j\u00e4hrlich <a href=\"https:\/\/ec.europa.eu\/commission\/presscorner\/detail\/en\/ip_22_7155\" target=\"_blank\" rel=\"noreferrer noopener\">beinahe 180 kg an Verpackungsabf\u00e4llen<\/a>. Dabei stellen Verpackungen einen der gr\u00f6\u00dften Verbraucher von frischen (unrecycelten) Materialien dar: <strong>Ganze 40% der Kunststoffe und 50% des Papiers werden in der EU f\u00fcr Verpackungen genutzt.<\/strong> Ohne entsprechende Gegenma\u00dfnahmen wird der Anteil an <strong>Verpackungsm\u00fcll in der EU bis 2030 um weitere 19 % steigen<\/strong>, wobei Kunststoffverpackungen sogar um 46 % zunehmen werden. Um dieser Entwicklung entgegenzuwirken, wird aktiv nach nachhaltigen L\u00f6sungen f\u00fcr dieses Problem gesucht.<\/p>\r\n\r\n\r\n\r\n<p>Des Weiteren gibt es EU-weit auf L\u00e4nderebene sehr <strong>unterschiedliche Herangehensweisen und Vorschriften f\u00fcr den Umgang, Reduzierung und Recycling von Verpackungen<\/strong>. Dabei sind einige L\u00e4nder Vorreiter und andere Nachz\u00fcgler, was vor allem die Recyclingquote angeht. International agierende H\u00e4ndler stehen zudem vor der Herausforderung, allen Regelungen in den L\u00e4ndern zu entsprechen, in denen sie aktiv sind. Dies gilt auch f\u00fcr Online-H\u00e4ndler, die ins Ausland versenden. Der neue EU-Vorschlag \u00fcber Verpackungsabf\u00e4lle soll diese <strong>EU-weiten Herangehensweisen<\/strong> auf einem h\u00f6heren Standard harmonisieren und <strong>vereinfachen<\/strong>.<\/p>\r\n\r\n\r\n\r\n<p>&nbsp;<\/p>\r\n\r\n\r\n\r\n<div class=\"is-nowrap is-layout-flex wp-container-core-group-is-layout-1 wp-block-group-is-layout-flex\"><div class=\"su-custom-gallery su-custom-gallery-align-left su-custom-gallery-title-never\"><div class=\"su-custom-gallery-slide\" style=\"width:680px;height:420px\"><a><img loading=\"lazy\" decoding=\"async\" src=\"https:\/\/www.rajapack.ch\/verpackungsnews\/wp-content\/uploads\/2023\/05\/Europa-Recycling-680x420.jpg\" alt=\"Europa-Recycling\" width=\"680\" height=\"420\" \/><span class=\"su-custom-gallery-title\">Europa-Recycling<\/span><\/a><\/div><div class=\"su-clear\"><\/div><\/div><\/div>\r\n<div class=\"wp-block-group\">\r\n<p><\/p>\r\n<p><\/p>\r\n<div class=\"su-spacer\" style=\"height:30px\"><\/div>\r\n<p><\/p>\r\n<p><\/p>\r\n<h2 id=\"EU-Verpackungsgesetz\" class=\"wp-block-heading\">Wie ist das Europ\u00e4ische Verpackungsgesetz zustande gekommen?<\/h2>\r\n<p><\/p>\r\n<p><\/p>\r\n<div class=\"su-spacer\" style=\"height:20px\"><\/div>\r\n<p><\/p>\r\n<p><\/p>\r\n<p>Das Europ\u00e4ische Verpackungsgesetz ist nicht aus heiterem Himmel entstanden. Es ist das Ergebnis eines jahrelangen Prozesses, der darauf abzielt, unsere europ\u00e4ische Wirtschaft nachhaltiger und \u00f6kologischer zu gestalten. Im Folgenden listen wir die wichtigsten Meilensteine f\u00fcr Sie auf.<\/p>\r\n<p><\/p>\r\n<p><\/p>\r\n<p><strong>2015:<\/strong> Mit den <strong>Pariser Vertr\u00e4gen<\/strong> wurden internationale Vereinbarungen getroffen, um die Lebensf\u00e4higkeit unseres Planeten zu sichern. Das Ziel ist, dass wir gemeinsam weniger CO2 aussto\u00dfen. Die Folgen dieser Vereinbarungen sickern Jahr f\u00fcr Jahr weiter in unser t\u00e4gliches Leben ein; man denke nur an die Zunahme des Fahrens von Elektroautos oder das Verbot von Einwegplastik.<\/p>\r\n<p><\/p>\r\n<p><\/p>\r\n<p><strong>2019:<\/strong> Im Anschluss an die Pariser Vereinbarungen hat die EU den <strong>Green Deal<\/strong> ins Leben gerufen, eine Liste von Initiativen, die den Mitgliedstaaten eine modernere und sauberere Wirtschaft erm\u00f6glichen sollen. Ziel ist es, die <strong>Netto-Treibhausgasemissionen bis 2050 auf Null zu bringen<\/strong>. Au\u00dferdem soll das Wirtschaftswachstum von der Nutzung externer Ressourcen entkoppelt werden. Der Green Deal wurde unter anderem auf lokale und regionale Beh\u00f6rden \u00fcbertragen.<\/p>\r\n<p><\/p>\r\n<p><\/p>\r\n<div class=\"su-spacer\" style=\"height:30px\"><\/div>\r\n<p><\/p>\r\n<p><\/p>\r\n<h2 id=\"beinhaltet\" class=\"wp-block-heading\">Was beinhaltet das neue Europ\u00e4ische Verpackungsgesetz?<\/h2>\r\n<p><\/p>\r\n<p><\/p>\r\n<div class=\"su-spacer\" style=\"height:20px\"><\/div>\r\n<p><\/p>\r\n<p><\/p>\r\n<p>Konkret zielt die EU-Verpackungsverordnung (kurz PPWR) darauf ab, Verpackungen <a href=\"\/verpackungsnews\/eu-recyclingquoten\" target=\"_blank\" rel=\"noreferrer noopener\">bis zum Jahr 2030 <strong>besser recycelbar und wiederverwendbar<\/strong><\/a> zu machen. Im Mittelpunkt steht dabei der Gedanke der <strong>Kreislaufwirtschaft<\/strong>: Die Verpackungen von heute sollen auch als Verpackungen von morgen dienen k\u00f6nnen. Au\u00dferdem werden Ma\u00dfnahmen zur Verringerung von Verpackungsabf\u00e4llen und zur Verringerung der Komplexit\u00e4t von Verpackungsmaterialien erwogen. Zum Beispiel durch eine bessere Trennung von Plastik und Papier.<\/p>\r\n<p><\/p>\r\n<p><\/p>\r\n<ul>\r\n<li style=\"list-style-type: none;\">\r\n<ul><\/ul>\r\n<\/li>\r\n<\/ul>\r\n<p>&nbsp;<\/p>\r\n<ul>\r\n<li style=\"list-style-type: none;\">\r\n<ul>\r\n<li>Das Hauptziel ist eine <strong>Reduzierung des Verpackungsm\u00fclls um 15%<\/strong> pro Mitgliedsstaat und Kopf bis 2040 (im Vergleich zu 2018). W\u00fcrde an der jetzigen Entwicklung und Rechtsvorschriften nichts ver\u00e4ndert werden, w\u00e4re das Abfallaufkommen bei Verpackungen in der EU bis 2040 um ca. 37 % h\u00f6her.<\/li>\r\n<\/ul>\r\n<\/li>\r\n<\/ul>\r\n<p><\/p>\r\n<p><\/p>\r\n<ul>\r\n<li style=\"list-style-type: none;\">\r\n<ul>\r\n<li>Um die <strong>Wiederverwendung bzw. das Nachf\u00fcllen<\/strong>\u00a0von Verpackungen zu f\u00f6rdern, m\u00fcssen Unternehmen den Verbrauchern einen bestimmten Prozentsatz ihrer Produkte in <strong>wiederverwendbaren oder nachf\u00fcllbaren Verpackungen<\/strong> anbieten, z.\u00a0B. Take-Away Essen oder E-Commerce-Lieferungen. Ferner werden einige Verpackungsformate genormt und eine klare Kennzeichnung<strong> wiederverwendbarer Verpackungen<\/strong>\u00a0vorgeschrieben.<\/li>\r\n<\/ul>\r\n<\/li>\r\n<\/ul>\r\n<p><\/p>\r\n<p><\/p>\r\n<ul>\r\n<li style=\"list-style-type: none;\">\r\n<ul>\r\n<li><strong>Unn\u00f6tige Verpackungen<\/strong> wie z.\u00a0B. Einwegverpackungen f\u00fcr Lebensmittel und Getr\u00e4nke, die in Restaurants und Caf\u00e9s verzehrt werden, Einwegverpackungen f\u00fcr Obst und Gem\u00fcse, Miniatur-Shampooflaschen und andere Miniaturverpackungen in Hotels <strong>sollen verboten werden<\/strong>.<\/li>\r\n<\/ul>\r\n<\/li>\r\n<\/ul>\r\n<p><\/p>\r\n<p><\/p>\r\n<ul>\r\n<li style=\"list-style-type: none;\">\r\n<ul>\r\n<li>Verpackungen sollen bis 2030 <strong>uneingeschr\u00e4nkt recyclingf\u00e4hig<\/strong> werden. Um das zu erreichen, werden unter anderem Kriterien f\u00fcr die <strong>Gestaltung von Verpackungen<\/strong> vorgeschrieben und <strong>verbindliche Pfandsysteme<\/strong> f\u00fcr Kunststoffflaschen und Aluminiumdosen eingef\u00fchrt. Zudem soll festgelegt werden, welche <strong>Verpackungsarten kompostierbar<\/strong> sein m\u00fcssen, damit Verbraucher sie in den Biom\u00fcll werfen k\u00f6nnen.<\/li>\r\n<\/ul>\r\n<\/li>\r\n<\/ul>\r\n<p><\/p>\r\n<p><\/p>\r\n<ul>\r\n<li style=\"list-style-type: none;\">\r\n<ul>\r\n<li>Dar\u00fcber hinaus wird es <strong>verbindlich vorgeschriebene Recyclinganteile<\/strong> geben, die die Hersteller in neue <strong>Kunststoffverpackungen<\/strong> aufnehmen m\u00fcssen. Das soll dazu beitragen, <strong>recycelten Kunststoff zu einem wertvollen Rohstoff<\/strong>\u00a0zu machen, wie das Beispiel der PET-Flaschen im Kontext der Richtlinie \u00fcber Einwegkunststoffartikel zeigt.<\/li>\r\n<\/ul>\r\n<\/li>\r\n<\/ul>\r\n<p><\/p>\r\n<p><\/p>\r\n<p><\/p>\r\n<div class=\"su-custom-gallery su-custom-gallery-align-left su-custom-gallery-title-never\"><div class=\"su-custom-gallery-slide\" style=\"width:680px;height:330px\"><a><img loading=\"lazy\" decoding=\"async\" src=\"https:\/\/www.rajapack.ch\/verpackungsnews\/wp-content\/uploads\/2023\/05\/Recycling-PET-680x330.jpg\" alt=\"Recycling-PET\" width=\"680\" height=\"330\" \/><span class=\"su-custom-gallery-title\">Recycling-PET<\/span><\/a><\/div><div class=\"su-clear\"><\/div><\/div>\r\n<p><\/p>\r\n<p><\/p>\r\n<p>Derzeit (Stand 2023) handelt es sich nur um einen <strong>Legislativvorschlag<\/strong>. Dieser muss anschlie\u00dfend in eine Verordnung umgewandelt werden. Eine solche Verordnung ist eine gleichwertige und verbindliche Vorgabe f\u00fcr alle EU-Mitgliedstaaten, um einheitliche Regeln f\u00fcr den gesamten Markt zu schaffen. Sobald der PPWR in Kraft ist, wird er auch alle Einzelh\u00e4ndler im E-Commerce Bereich betreffen.<\/p>\r\n<p><\/p>\r\n<p><\/p>\r\n<p>Viele der zukunftssicheren, <a href=\"https:\/\/www.rajapack.ch\/de_CH\/umweltfreundliche-verpackungen_cms_000101.html\" target=\"_blank\" rel=\"noreferrer noopener\">umweltfreundlichen Verpackungen<\/a> finden Sie bereits im RAJAPACK-Sortiment &#8211; denn als Pionier des \u00f6kologischen Wandels, stehen wir gerne in der ersten Reihe. Lesen Sie weiter und erfahren Sie, wie RAJAPACK Sie schon jetzt auf das Europ\u00e4ische Verpackungsgesetz vorbereiten kann.<\/p>\r\n<p><\/p>\r\n<p><\/p>\r\n<div class=\"su-spacer\" style=\"height:30px\"><\/div>\r\n<p><\/p>\r\n<p><\/p>\r\n<h2 id=\"RAJA\" class=\"wp-block-heading\">Machen Sie sich bereit f\u00fcr das europ\u00e4ische Verpackungsgesetz &#8211; mit RAJAPACK<\/h2>\r\n<p><\/p>\r\n<p><\/p>\r\n<div class=\"su-spacer\" style=\"height:20px\"><\/div>\r\n<p><\/p>\r\n<p><\/p>\r\n<p>Verpackungen oder Packungen, die nicht dem europ\u00e4ischen Verpackungsgesetz entsprechen, d\u00fcrfen in Zukunft nicht mehr in Verkehr gebracht werden. F\u00fcr E-Commerce-Unternehmen bedeutet dies also einen zus\u00e4tzlichen Punkt, den es zu beachten gilt. Sp\u00fcren Sie als Website-Betreiber pl\u00f6tzlich den hei\u00dfen Atem im Nacken? Kein Grund zur Sorge! Im Folgenden stellen wir Ihnen einige RAJAPACK-Verpackungen vor, mit denen Sie die meisten Anforderungen des PPWR bereits vorwegnehmen k\u00f6nnen.<\/p>\r\n<p><\/p>\r\n<p><\/p>\r\n<div class=\"su-custom-gallery su-custom-gallery-align-left su-custom-gallery-title-never\"><div class=\"su-custom-gallery-slide\" style=\"width:680px;height:330px\"><a><img loading=\"lazy\" decoding=\"async\" src=\"https:\/\/www.rajapack.ch\/verpackungsnews\/wp-content\/uploads\/2023\/05\/Recycling-Karton-Natur-680x330.jpg\" alt=\"Recycling-Karton-Natur\" width=\"680\" height=\"330\" \/><span class=\"su-custom-gallery-title\">Recycling-Karton-Natur<\/span><\/a><\/div><div class=\"su-clear\"><\/div><\/div><div class=\"su-spacer\" style=\"height:20px\"><\/div>\r\n<p><\/p>\r\n<p><\/p>\r\n<h3 class=\"wp-block-heading\">1. W\u00e4hlen Sie Verpackungen mit einem Circular-Design<\/h3>\r\n<p><\/p>\r\n<p><\/p>\r\n<div class=\"su-spacer\" style=\"height:20px\"><\/div>\r\n<p><\/p>\r\n<p><\/p>\r\n<p><strong>PPWR-Anforderung:<\/strong> Das Europ\u00e4ische Verpackungsgesetz konzentriert sich stark auf die Form und Zusammensetzung von Verpackungen. Das <strong>Kreislauf-Prinzip<\/strong> spielt dabei eine gro\u00dfe Rolle. Die Quintessenz ist, dass Sie in der Lage sein sollten, <strong>die Verpackungen von heute leicht in die Verpackungen von morgen umzuwandeln<\/strong>. Verpackungen, die sich leicht sortieren und innerhalb eines Abfallstroms recyceln lassen, werden bevorzugt. Dies wird auch als <strong>Monomaterialverpackung <\/strong>bzw.<strong> Einstoffverpackung <\/strong>bezeichnet: Eine Verpackung, die bspw. vollst\u00e4ndig aus Papier und Pappe besteht, kann einfach sortiert und zu einem neuen Papierprodukt verarbeitet werden. So l\u00e4sst sich der Rohstoffkreislauf leicht(er) schlie\u00dfen. Papier ist in dieser Hinsicht hervorragend, wie seine hohe Recyclingquote in Europa beweist.<\/p>\r\n<p><\/p>\r\n<p><\/p>\r\n<p><strong>Die L\u00f6sungen von RAJAPACK: <\/strong>RAJAPACK bietet eine riesige Bandbreite an Produkten an, die vollst\u00e4ndig aus Papier, Karton oder PET bestehen. Damit verbessern wir die kurzfristige Kreislauff\u00e4higkeit der meisten Verpackungen. Diese Verpackungen sind das Ergebnis st\u00e4ndiger Innovation und einer engen Abstimmung mit unseren Lieferanten. F\u00fcr fast jede traditionelle Verpackung k\u00f6nnen wir heute schon eine Alternative aus Papier oder recyceltem Plastik anbieten.<\/p>\r\n<p><\/p>\r\n<p><\/p>\r\n<p>Mit den nachstehenden Neuheiten von RAJAPACK k\u00f6nnen Sie eine Verpackung zusammenstellen, die vollst\u00e4ndig aus einem leicht zu sortierenden Monomaterial besteht: Papier!<\/p>\r\n<p><\/p>\r\n<p><\/p>\r\n<ul>\r\n<li style=\"list-style-type: none;\">\r\n<ul><\/ul>\r\n<\/li>\r\n<\/ul>\r\n<p>&nbsp;<\/p>\r\n<ul>\r\n<li style=\"list-style-type: none;\">\r\n<ul>\r\n<li><a href=\"https:\/\/www.rajapack.ch\/de_CH\/polster-fuellmaterialien\/papierpolsterchips_OFF_CH_01671.html\" target=\"_blank\" rel=\"noreferrer noopener\">Papierpolsterchips<\/a><\/li>\r\n<\/ul>\r\n<\/li>\r\n<\/ul>\r\n<p><\/p>\r\n<p><\/p>\r\n<ul>\r\n<li style=\"list-style-type: none;\">\r\n<ul>\r\n<li><a href=\"https:\/\/www.rajapack.ch\/de_CH\/polster-fuellmaterialien\/luftpolster\/luftpolsterpapier_C251030.html\" target=\"_blank\" rel=\"noreferrer noopener\">Luftpolsterfolie aus Papier<\/a><\/li>\r\n<\/ul>\r\n<\/li>\r\n<\/ul>\r\n<p><\/p>\r\n<p><\/p>\r\n<ul>\r\n<li style=\"list-style-type: none;\">\r\n<ul>\r\n<li><a href=\"https:\/\/www.rajapack.ch\/de_CH\/klebebaender-verschlussmittel\/packband\/papierpackband_C301050.html\" target=\"_blank\" rel=\"noreferrer noopener\">Papierklebeband<\/a><\/li>\r\n<\/ul>\r\n<\/li>\r\n<\/ul>\r\n<p><\/p>\r\n<p><\/p>\r\n<p><\/p>\r\n<div class=\"su-custom-gallery su-custom-gallery-align-left su-custom-gallery-title-never\"><div class=\"su-custom-gallery-slide\" style=\"width:750px;height:258px\"><a><img loading=\"lazy\" decoding=\"async\" src=\"https:\/\/www.rajapack.ch\/verpackungsnews\/wp-content\/uploads\/2023\/05\/Monomaterialen-EU-Verpackungsgesetz-750x258.jpg\" alt=\"Monomaterialen-EU-Verpackungsgesetz\" width=\"750\" height=\"258\" \/><span class=\"su-custom-gallery-title\">Monomaterialen-EU-Verpackungsgesetz<\/span><\/a><\/div><div class=\"su-clear\"><\/div><\/div>\r\n<p><\/p>\r\n<p><\/p>\r\n<div class=\"su-spacer\" style=\"height:20px\"><\/div>\r\n<p><\/p>\r\n<p><\/p>\r\n<h3 class=\"wp-block-heading\">2. W\u00e4hlen Sie recycelte Materialien<\/h3>\r\n<p><\/p>\r\n<p><\/p>\r\n<div class=\"su-spacer\" style=\"height:20px\"><\/div>\r\n<p><\/p>\r\n<p><\/p>\r\n<p><strong>Anforderung des PPWR:<\/strong> Ab dem 1. Januar 2030 m\u00fcssen alle Verpackungen neue Recycling-Grenzwerte erf\u00fcllen. Wie hoch diese Schwellenwerte genau sind, h\u00e4ngt von der Art der Verpackung ab. F\u00fcr Kunststoff bedeutet dies zum Beispiel, dass <strong>jede Verpackung einen Mindestanteil an Post-Consumer-Rezyklaten enthalten muss<\/strong>. Dabei handelt es sich um Kunststoff, der aus recycelten Haushaltsabf\u00e4llen gewonnen wird.<\/p>\r\n<p><\/p>\r\n<p><\/p>\r\n<p><strong>RAJAPACK-L\u00f6sungen:<\/strong> Bei der Auswahl von Kunststoffverpackungen ersetzt RAJAPACK zunehmend reines Neumaterial durch recyceltes Material. Insgesamt handelt es sich bereits um rund 500 Kunststoffprodukte, von T\u00fcten \u00fcber Luftpolsterfolie bis hin zu Luftkissen. Unser Ziel ist es, die Nachfrage nach diesem Rohstoff durch einen<strong> hohen Anteil an recyceltem Kunststoff<\/strong> in unseren Produkten zu steigern. Eine h\u00f6here Nachfrage nach recyceltem Kunststoff erh\u00f6ht auch den Anreiz, Kunststoff wirklich gut zu sortieren. <strong>Damit sind wir dem gesetzlichen Rahmen, der jetzt gilt, um viele Jahre voraus.<\/strong><\/p>\r\n<p><\/p>\r\n<p><\/p>\r\n<p><strong>Gut zu wissen:<\/strong> Bei RAJAPACK entscheiden wir uns bewusst f\u00fcr recyceltes Plastik, das v\u00f6llig transparent ist. Warum eigentlich? Oft sieht man Luftpolsterfolien oder T\u00fcten, denen der Hersteller einen gr\u00fcnen Farbstoff beigef\u00fcgt hat. Dieses gr\u00fcne Aussehen macht den Verbrauchern deutlich, dass der Kunststoff ganz (oder teilweise) aus recyceltem Material hergestellt ist. Der Nachteil dabei ist, dass der Kunststoff sp\u00e4ter schwieriger wieder zu recyceln ist. Der gr\u00fcne Farbstoff \u201everschmutzt\u201c n\u00e4mlich den Prozess. Wenn Sie also umweltbewusst sind, sollten Sie immer Verpackungen aus recyceltem Kunststoff w\u00e4hlen, die vollst\u00e4ndig transparent sind. <strong>Im Folgenden finden Sie einige Beispiele f\u00fcr beliebte Kunststoffverpackungen mit einem hohen Anteil an recyceltem Material:<\/strong><\/p>\r\n<p><\/p>\r\n<p><\/p>\r\n<ul>\r\n<li style=\"list-style-type: none;\">\r\n<ul><\/ul>\r\n<\/li>\r\n<\/ul>\r\n<p>&nbsp;<\/p>\r\n<ul>\r\n<li style=\"list-style-type: none;\">\r\n<ul>\r\n<li><a href=\"https:\/\/www.rajapack.ch\/de_CH\/polster-fullmaterialien\/luftpolster\/umweltfreundliche-luftpolsterfolie-rajabul_OFF_DE_0388.html\" target=\"_blank\" rel=\"noreferrer noopener\">Luftpolsterfolie 80 % recycelt<\/a><\/li>\r\n<\/ul>\r\n<\/li>\r\n<\/ul>\r\n<p><\/p>\r\n<p><\/p>\r\n<ul>\r\n<li style=\"list-style-type: none;\">\r\n<ul>\r\n<li><a href=\"https:\/\/www.rajapack.ch\/de_CH\/polster-fullmaterialien\/luftpolster\/perforierte-luftpolsterfolie-spenderbox-distribul_OFF_DE_0387.html\" target=\"_blank\" rel=\"noreferrer noopener\">Luftpolsterfolie 80 % recycelt im Spender<\/a><\/li>\r\n<\/ul>\r\n<\/li>\r\n<\/ul>\r\n<p><\/p>\r\n<p><\/p>\r\n<ul>\r\n<li style=\"list-style-type: none;\">\r\n<ul>\r\n<li><a href=\"https:\/\/www.rajapack.ch\/de_CH\/versandtaschen-umschlaege-versandrohre\/blickdichte-wiederverschliessbare-versandbeutel_OFF_CH_1012.html\" target=\"_blank\" rel=\"noreferrer noopener\">Wiederverwendbare Versandtasche 80 % recycelt<\/a><\/li>\r\n<\/ul>\r\n<\/li>\r\n<\/ul>\r\n<p><\/p>\r\n<p><\/p>\r\n<p><\/p>\r\n<p><\/p>\r\n<p><\/p>\r\n<div class=\"su-custom-gallery su-custom-gallery-align-left su-custom-gallery-title-never\"><div class=\"su-custom-gallery-slide\" style=\"width:750px;height:258px\"><a><img loading=\"lazy\" decoding=\"async\" src=\"https:\/\/www.rajapack.ch\/verpackungsnews\/wp-content\/uploads\/2023\/05\/Recycled-Plastik-EU-Verpackungsgesetz-750x258.jpg\" alt=\"Recycled-Plastik-EU-Verpackungsgesetz\" width=\"750\" height=\"258\" \/><span class=\"su-custom-gallery-title\">Recycled-Plastik-EU-Verpackungsgesetz<\/span><\/a><\/div><div class=\"su-clear\"><\/div><\/div>\r\n<p><\/p>\r\n<p><\/p>\r\n<p>Ebenso wichtig in dieser Geschichte sind unsere <strong>Produkte aus Recyclingpapier und -karton<\/strong>. Praktisch jeder <a href=\"https:\/\/www.rajapack.ch\/de_CH\/kartons-schachteln-container\/faltkartons-aus-wellpappe_C1010.html\" target=\"_blank\" rel=\"noreferrer noopener\">Faltkarton aus Wellpappe<\/a> von RAJAPACK enth\u00e4lt einen hohen Anteil an recyceltem Material (im Durchschnitt 70 %). Bei der Auswahl neuer Produkte ist dieser Recyclinganteil f\u00fcr uns immer ein wichtiger Faktor. Auf diese Weise nehmen wir schon heute die Anforderungen von morgen vorweg. Au\u00dferdem lassen sich Verpackungsmaterialien aus Papier nach dem Gebrauch leicht sortieren. <strong>Wussten Sie \u00fcbrigens, dass Karton bis zu 10 Mal recycelt werden kann? <\/strong>Wenn die Kartons einmal abgeschrieben sind, k\u00f6nnen sie leicht zu z. B. Toilettenpapier oder Zeitungspapier verarbeitet werden.<\/p>\r\n<p><\/p>\r\n<p><\/p>\r\n<div class=\"su-spacer\" style=\"height:20px\"><\/div>\r\n<p><\/p>\r\n<p><\/p>\r\n<h3 class=\"wp-block-heading\">3. Vermeiden Sie unn\u00f6tigen Verpackungsraum<\/h3>\r\n<p><\/p>\r\n<p><\/p>\r\n<div class=\"su-spacer\" style=\"height:20px\"><\/div>\r\n<p><\/p>\r\n<p><\/p>\r\n<p><strong>Forderung des PPWR:<\/strong> <a href=\"\/verpackungsnews\/zu-grosse-versandverpackungen\" target=\"_blank\" rel=\"noreferrer noopener\">Zu gro\u00dfe Verpackungen<\/a>\u00a0ad\u00e9! Das Europ\u00e4ische Verpackungsgesetz verlangt, dass Gewicht und Volumen einer Verpackung auf ein Minimum beschr\u00e4nkt werden &#8211; ohne die Sicherheit und Funktionalit\u00e4t der Verpackung zu beeintr\u00e4chtigen. Mit anderen Worten: Es d\u00fcrfen keine Verpackungen mit unn\u00f6tigen Zwischenr\u00e4umen, wie z. B. doppelten W\u00e4nden oder doppelten B\u00f6den, vermarktet werden, um ein gr\u00f6\u00dferes Produktvolumen vorzut\u00e4uschen. Nach der Einf\u00fchrung des Gesetzentwurfs werden <strong>maximal 40 Prozent leerer Verpackungsraum f\u00fcr Sammelverpackungen oder E-Commerce-Verpackungen erlaubt<\/strong> sein.<\/p>\r\n<p><\/p>\r\n<p><\/p>\r\n<p><strong>Die L\u00f6sungen von RAJAPACK: <\/strong>Unter dem Motto &#8222;Jedes Produkt verdient eine ma\u00dfgeschneiderte Verpackung&#8220; kann man bei RAJAPACK aus einem Sortiment von <a href=\"https:\/\/www.rajapack.ch\/de_CH\/boxselector_cms_000002.html\" target=\"_blank\" rel=\"noreferrer noopener\">1&#8217;250 Kartongr\u00f6\u00dfen<\/a>\u00a0und <a href=\"https:\/\/www.rajapack.ch\/de_CH\/bagselector_cms_000001.html\" target=\"_blank\" rel=\"noreferrer noopener\">1&#8217;300 Beutelgr\u00f6\u00dfen<\/a> w\u00e4hlen. So gibt es f\u00fcr jede Art von Produkt eine perfekt passende Verpackung. <strong>Das Ergebnis?<\/strong> Weniger leerer Verpackungsraum und weniger \u00fcbersch\u00fcssiges Polstermaterial. RAJAPACK bef\u00fcrwortet auch die Verwendung von <a href=\"https:\/\/www.rajapack.ch\/de_CH\/versandtaschen-umschlaege-versandrohre_C15.html\" target=\"_blank\" rel=\"noreferrer noopener\">Versandtaschen<\/a>\u00a0als Ersatz f\u00fcr einen Karton. <a href=\"https:\/\/www.rajapack.ch\/de_CH\/versandtaschen-umschlaege-versandrohre\/polsterumschlaege_C1514.html\" target=\"_blank\" rel=\"noreferrer noopener\">Polsterumschl\u00e4ge<\/a>\u00a0bieten einen guten Schutz f\u00fcr empfindliche Produkte und sind viel kompakter als Kartons. Sie sparen also sowohl Verpackungsmaterial als auch <a href=\"\/verpackungsnews\/transportkosten-reduzieren\" target=\"_blank\" rel=\"noreferrer noopener\">Transportkosten<\/a>\u00a0(= je kompakter Sie verpacken, desto weniger Transportvolumen beanspruchen Sie).<\/p>\r\n<p><\/p>\r\n<p><\/p>\r\n<p>Sollten Sie doch einen Karton ben\u00f6tigen bzw. bevorzugen, k\u00f6nnen Sie einen <a href=\"https:\/\/www.rajapack.ch\/de_CH\/kartons-schachteln-container\/sonderformat-kartonagen\/hoehenvariable-kartons_C101422.html\" target=\"_blank\" rel=\"noreferrer noopener\">h\u00f6henvariablen Karton<\/a> w\u00e4hlen. <strong>Oder Sie finden die Verpackung, die perfekt zu Ihrem Produkt passt:<\/strong><\/p>\r\n<p><\/p>\r\n<p><\/p>\r\n<div class=\"su-custom-gallery su-custom-gallery-align-left su-custom-gallery-title-never\"><div class=\"su-custom-gallery-slide\" style=\"width:1080px;height:280px\"><a href=\"https:\/\/www.rajapack.ch\/de_CH\/boxselector_cms_000002.html\" target=\"_blank\" title=\"2023-05-17 13_02_03-Mein Karton-Finder &#8211; RAJAPACK Schweiz\"><img loading=\"lazy\" decoding=\"async\" src=\"https:\/\/www.rajapack.ch\/verpackungsnews\/wp-content\/uploads\/2023\/05\/2023-05-17-13_02_03-Mein-Karton-Finder-RAJA-Schweiz-1080x280.png\" alt=\"2023-05-17 13_02_03-Mein Karton-Finder &#8211; RAJAPACK Schweiz\" width=\"1080\" height=\"280\" \/><span class=\"su-custom-gallery-title\">2023-05-17 13_02_03-Mein Karton-Finder &#8211; RAJAPACK Schweiz<\/span><\/a><\/div><div class=\"su-clear\"><\/div><\/div>\r\n<p><\/p>\r\n<p><\/p>\r\n<div class=\"su-spacer\" style=\"height:20px\"><\/div>\r\n<p><\/p>\r\n<p><\/p>\r\n<h3 class=\"wp-block-heading\">4. Verpackungen f\u00fcr den E-Commerce h\u00e4ufiger wiederverwenden und wiederbef\u00fcllen<\/h3>\r\n<p><\/p>\r\n<p><\/p>\r\n<div class=\"su-spacer\" style=\"height:20px\"><\/div>\r\n<p><\/p>\r\n<p><\/p>\r\n<p><strong>Forderung des PPWR:<\/strong> Neben dem Recycling spielen die <strong>Wiederverwendung und Wiederbef\u00fcllung von Verpackungen<\/strong> eine wichtige Rolle. Der Gesetzentwurf enth\u00e4lt klare <strong>Vorgaben f\u00fcr die Gestaltung von Mehrwegverpackungen<\/strong> und die H\u00e4ufigkeit ihrer Wiederverwendung. Nach dem Europ\u00e4ischen Verpackungsgesetz m\u00fcssen<strong> ab 2030 10 % der Verpackungen im E-Commerce<\/strong> (Non-Food) <strong>wiederverwendbar<\/strong> sein<strong>. Bis 2040 soll dieser Anteil sogar auf 50 % aller Verpackungen<\/strong> erh\u00f6ht werden. Das bedeutet, dass wir als Unternehmen nach einem neuen Weg suchen m\u00fcssen, um mit Verpackungen umzugehen&#8230;<\/p>\r\n<p><\/p>\r\n<p><\/p>\r\n<p><strong>RAJAPACK-L\u00f6sungen: <\/strong>Um die Wiederverwendbarkeit von Verpackungen zu gew\u00e4hrleisten, m\u00fcssen wir in der Lage sein, die <strong>R\u00fcckf\u00fchrungslogistik<\/strong> in ausreichendem Umfang anzupassen. Die Branche arbeitet hinter den Kulissen hart daran, diesen blinden Fleck auf der Landkarte zu f\u00fcllen. Unter anderem durch den Green Deal m\u00f6chte RAJAPACK einer der ersten Akteure sein, der sich an diesem Projekt beteiligt.<\/p>\r\n<p><\/p>\r\n<p><\/p>\r\n<p><a href=\"\/verpackungsnews\/nachhaltige-mehrwegverpackungen\" target=\"_blank\" rel=\"noreferrer noopener\">RAJAPACK arbeitet aktiv an neuen L\u00f6sungen<\/a>, um Verpackungen auf den Markt zu bringen, die ausreichend stabil, leicht biegsam und kompakt sind, um zur\u00fcckgegeben zu werden. Vorzugsweise ist diese Art von Verpackung auch erneuerbar und recycelbar. Unser besonderes Augenmerk gilt dabei den Innovationen aus Karton.<\/p>\r\n<p><\/p>\r\n<p><\/p>\r\n<p>Dank all dieser Anstrengungen k\u00f6nnen wir bei RAJAPACK daf\u00fcr sorgen, dass in der gesamten Produktions- und Nutzungskette viel weniger reine Rohstoffe ben\u00f6tigt werden und die Menge an nicht wiederverwertbarem Verpackungsm\u00fcll deutlich reduziert wird. Damit leisten wir unseren Beitrag zu einer Kreislaufwirtschaft und reduzieren gemeinsam mit unseren Kunden den Druck auf den Gesamtrohstoffverbrauch.<\/p>\r\n<p><\/p>\r\n<\/div>","protected":false},"excerpt":{"rendered":"<p>Haben Sie schon von dem \u201ePPWR\u201c geh\u00f6rt? Es steht f\u00fcr den neuen EU-Vorschlag \u00fcber Verpackungen und Verpackungsabf\u00e4lle (Proposal on Packaging and Packaging Waste Regulation). Dabei handelt es sich um einen [&#8230;]<\/p>\n","protected":false},"author":20,"featured_media":29676,"comment_status":"open","ping_status":"open","sticky":false,"template":"","format":"standard","meta":{"_acf_changed":false,"footnotes":""},"categories":[21],"tags":[287],"class_list":["post-29386","post","type-post","status-publish","format-standard","has-post-thumbnail","hentry","category-news-und-trends","tag-normen"],"acf":[],"yoast_head":"\n<title>Das neue Europ\u00e4ische Verpackungsgesetz - RAJA Blog CH<\/title>\n<meta name=\"description\" content=\"Das neue Europ\u00e4ische Verpackungsgesetz, erw\u00e4hnt erstmals ausdr\u00fccklich Verpackungen f\u00fcr den elektronischen Handel. Wir zeigen was das bedeutet.\" \/>\n<meta name=\"robots\" content=\"index, follow, max-snippet:-1, max-image-preview:large, max-video-preview:-1\" \/>\n<link rel=\"canonical\" href=\"https:\/\/www.rajapack.ch\/verpackungsnews\/das-europaeische-verpackungsgesetz\" \/>\n<meta property=\"og:locale\" content=\"de_DE\" \/>\n<meta property=\"og:type\" content=\"article\" \/>\n<meta property=\"og:title\" content=\"Das neue Europ\u00e4ische Verpackungsgesetz - RAJA Blog CH\" \/>\n<meta property=\"og:description\" content=\"Das neue Europ\u00e4ische Verpackungsgesetz, erw\u00e4hnt erstmals ausdr\u00fccklich Verpackungen f\u00fcr den elektronischen Handel. Wir zeigen was das bedeutet.\" \/>\n<meta property=\"og:url\" content=\"https:\/\/www.rajapack.ch\/verpackungsnews\/das-europaeische-verpackungsgesetz\" \/>\n<meta property=\"og:site_name\" content=\"RAJA Blog CH\" \/>\n<meta property=\"article:published_time\" content=\"2023-05-09T13:18:42+00:00\" \/>\n<meta property=\"article:modified_time\" content=\"2025-08-29T09:40:28+00:00\" \/>\n<meta property=\"og:image\" content=\"https:\/\/www.rajapack.ch\/verpackungsnews\/wp-content\/uploads\/2023\/05\/Europafahne-Gebaeude.jpg\" \/>\n\t<meta property=\"og:image:width\" content=\"1200\" \/>\n\t<meta property=\"og:image:height\" content=\"800\" \/>\n\t<meta property=\"og:image:type\" content=\"image\/jpeg\" \/>\n<meta name=\"author\" content=\"RAJAPACK Schweiz\" \/>\n<meta name=\"twitter:card\" content=\"summary_large_image\" \/>\n<meta name=\"twitter:label1\" content=\"Verfasst von\" \/>\n\t<meta name=\"twitter:data1\" content=\"RAJAPACK Schweiz\" \/>\n\t<meta name=\"twitter:label2\" content=\"Gesch\u00e4tzte Lesezeit\" \/>\n\t<meta name=\"twitter:data2\" content=\"12 Minuten\" \/>\n<script type=\"application\/ld+json\" class=\"yoast-schema-graph\">{\n\t    \"@context\": \"https:\/\/schema.org\",\n\t    \"@graph\": [\n\t        {\n\t            \"@type\": \"Article\",\n\t            \"@id\": \"https:\/\/www.rajapack.ch\/verpackungsnews\/das-europaeische-verpackungsgesetz#article\",\n\t            \"isPartOf\": {\n\t                \"@id\": \"https:\/\/www.rajapack.ch\/verpackungsnews\/das-europaeische-verpackungsgesetz\"\n\t            },\n\t            \"author\": {\n\t                \"name\": \"RAJAPACK Schweiz\",\n\t                \"@id\": \"https:\/\/www.rajapack.ch\/verpackungsnews\/#\/schema\/person\/e0825d9926514f72b2ba6eafaf517f7a\"\n\t            },\n\t            \"headline\": \"Das neue Europ\u00e4ische Verpackungsgesetz \u2013 und was es f\u00fcr die Schweiz bedeutet\",\n\t            \"datePublished\": \"2023-05-09T13:18:42+00:00\",\n\t            \"dateModified\": \"2025-08-29T09:40:28+00:00\",\n\t            \"mainEntityOfPage\": {\n\t                \"@id\": \"https:\/\/www.rajapack.ch\/verpackungsnews\/das-europaeische-verpackungsgesetz\"\n\t            },\n\t            \"wordCount\": 2243,\n\t            \"commentCount\": 0,\n\t            \"publisher\": {\n\t                \"@id\": \"https:\/\/www.rajapack.ch\/verpackungsnews\/#organization\"\n\t            },\n\t            \"image\": {\n\t                \"@id\": \"https:\/\/www.rajapack.ch\/verpackungsnews\/das-europaeische-verpackungsgesetz#primaryimage\"\n\t            },\n\t            \"thumbnailUrl\": \"https:\/\/www.rajapack.ch\/verpackungsnews\/wp-content\/uploads\/2023\/05\/Europafahne-Gebaeude.jpg\",\n\t            \"keywords\": [\n\t                \"Normen\"\n\t            ],\n\t            \"articleSection\": [\n\t                \"News und Trends\"\n\t            ],\n\t            \"inLanguage\": \"de-DE\",\n\t            \"potentialAction\": [\n\t                {\n\t                    \"@type\": \"CommentAction\",\n\t                    \"name\": \"Comment\",\n\t                    \"target\": [\n\t                        \"https:\/\/www.rajapack.ch\/verpackungsnews\/das-europaeische-verpackungsgesetz#respond\"\n\t                    ]\n\t                }\n\t            ]\n\t        },\n\t        {\n\t            \"@type\": \"WebPage\",\n\t            \"@id\": \"https:\/\/www.rajapack.ch\/verpackungsnews\/das-europaeische-verpackungsgesetz\",\n\t            \"url\": \"https:\/\/www.rajapack.ch\/verpackungsnews\/das-europaeische-verpackungsgesetz\",\n\t            \"name\": \"Das neue Europ\u00e4ische Verpackungsgesetz - RAJA Blog CH\",\n\t            \"isPartOf\": {\n\t                \"@id\": \"https:\/\/www.rajapack.ch\/verpackungsnews\/#website\"\n\t            },\n\t            \"primaryImageOfPage\": {\n\t                \"@id\": \"https:\/\/www.rajapack.ch\/verpackungsnews\/das-europaeische-verpackungsgesetz#primaryimage\"\n\t            },\n\t            \"image\": {\n\t                \"@id\": \"https:\/\/www.rajapack.ch\/verpackungsnews\/das-europaeische-verpackungsgesetz#primaryimage\"\n\t            },\n\t            \"thumbnailUrl\": \"https:\/\/www.rajapack.ch\/verpackungsnews\/wp-content\/uploads\/2023\/05\/Europafahne-Gebaeude.jpg\",\n\t            \"datePublished\": \"2023-05-09T13:18:42+00:00\",\n\t            \"dateModified\": \"2025-08-29T09:40:28+00:00\",\n\t            \"description\": \"Das neue Europ\u00e4ische Verpackungsgesetz, erw\u00e4hnt erstmals ausdr\u00fccklich Verpackungen f\u00fcr den elektronischen Handel. Wir zeigen was das bedeutet.\",\n\t            \"inLanguage\": \"de-DE\",\n\t            \"potentialAction\": [\n\t                {\n\t                    \"@type\": \"ReadAction\",\n\t                    \"target\": [\n\t                        \"https:\/\/www.rajapack.ch\/verpackungsnews\/das-europaeische-verpackungsgesetz\"\n\t                    ]\n\t                }\n\t            ]\n\t        },\n\t        {\n\t            \"@type\": \"ImageObject\",\n\t            \"inLanguage\": \"de-DE\",\n\t            \"@id\": \"https:\/\/www.rajapack.ch\/verpackungsnews\/das-europaeische-verpackungsgesetz#primaryimage\",\n\t            \"url\": \"https:\/\/www.rajapack.ch\/verpackungsnews\/wp-content\/uploads\/2023\/05\/Europafahne-Gebaeude.jpg\",\n\t            \"contentUrl\": \"https:\/\/www.rajapack.ch\/verpackungsnews\/wp-content\/uploads\/2023\/05\/Europafahne-Gebaeude.jpg\",\n\t            \"width\": 1200,\n\t            \"height\": 800,\n\t            \"caption\": \"EU Verpackungsgesetz\"\n\t        },\n\t        {\n\t            \"@type\": \"WebSite\",\n\t            \"@id\": \"https:\/\/www.rajapack.ch\/verpackungsnews\/#website\",\n\t            \"url\": \"https:\/\/www.rajapack.ch\/verpackungsnews\/\",\n\t            \"name\": \"RAJA Blog CH\",\n\t            \"description\": \"Verpackungsnews vom Experten\",\n\t            \"publisher\": {\n\t                \"@id\": \"https:\/\/www.rajapack.ch\/verpackungsnews\/#organization\"\n\t            },\n\t            \"potentialAction\": [\n\t                {\n\t                    \"@type\": \"SearchAction\",\n\t                    \"target\": {\n\t                        \"@type\": \"EntryPoint\",\n\t                        \"urlTemplate\": \"https:\/\/www.rajapack.ch\/verpackungsnews\/?s={search_term_string}\"\n\t                    },\n\t                    \"query-input\": \"required name=search_term_string\"\n\t                }\n\t            ],\n\t            \"inLanguage\": \"de-DE\"\n\t        },\n\t        {\n\t            \"@type\": \"Organization\",\n\t            \"@id\": \"https:\/\/www.rajapack.ch\/verpackungsnews\/#organization\",\n\t            \"name\": \"RAJA Blog CH\",\n\t            \"url\": \"https:\/\/www.rajapack.ch\/verpackungsnews\/\",\n\t            \"logo\": {\n\t                \"@type\": \"ImageObject\",\n\t                \"inLanguage\": \"de-DE\",\n\t                \"@id\": \"https:\/\/www.rajapack.ch\/verpackungsnews\/#\/schema\/logo\/image\/\",\n\t                \"url\": \"\",\n\t                \"contentUrl\": \"\",\n\t                \"caption\": \"RAJA Blog CH\"\n\t            },\n\t            \"image\": {\n\t                \"@id\": \"https:\/\/www.rajapack.ch\/verpackungsnews\/#\/schema\/logo\/image\/\"\n\t            },\n\t            \"sameAs\": [\n\t                \"https:\/\/de.linkedin.com\/company\/rajapack-gmbh\"\n\t            ]\n\t        },\n\t        {\n\t            \"@type\": \"Person\",\n\t            \"@id\": \"https:\/\/www.rajapack.ch\/verpackungsnews\/#\/schema\/person\/e0825d9926514f72b2ba6eafaf517f7a\",\n\t            \"name\": \"RAJAPACK Schweiz\",\n\t            \"image\": {\n\t                \"@type\": \"ImageObject\",\n\t                \"inLanguage\": \"de-DE\",\n\t                \"@id\": \"https:\/\/www.rajapack.ch\/verpackungsnews\/#\/schema\/person\/image\/\",\n\t                \"url\": \"https:\/\/secure.gravatar.com\/avatar\/f391ad6b3c41197daad8136e36418c64?s=96&d=mm&r=g\",\n\t                \"contentUrl\": \"https:\/\/secure.gravatar.com\/avatar\/f391ad6b3c41197daad8136e36418c64?s=96&d=mm&r=g\",\n\t                \"caption\": \"RAJAPACK Schweiz\"\n\t            },\n\t            \"description\": \"Geschrieben von unseren Verpackungsexperten bei RAJAPACK Schweiz: Wir lieben Verpackungen.\",\n\t            \"url\": \"https:\/\/www.rajapack.ch\/verpackungsnews\/author\/raja-ch\"\n\t        }\n\t    ]\n\t}<\/script>\n","yoast_head_json":{"title":"Das neue Europ\u00e4ische Verpackungsgesetz - RAJA Blog CH","description":"Das neue Europ\u00e4ische Verpackungsgesetz, erw\u00e4hnt erstmals ausdr\u00fccklich Verpackungen f\u00fcr den elektronischen Handel. Wir zeigen was das bedeutet.","robots":{"index":"index","follow":"follow","max-snippet":"max-snippet:-1","max-image-preview":"max-image-preview:large","max-video-preview":"max-video-preview:-1"},"canonical":"https:\/\/www.rajapack.ch\/verpackungsnews\/das-europaeische-verpackungsgesetz","og_locale":"de_DE","og_type":"article","og_title":"Das neue Europ\u00e4ische Verpackungsgesetz - RAJA Blog CH","og_description":"Das neue Europ\u00e4ische Verpackungsgesetz, erw\u00e4hnt erstmals ausdr\u00fccklich Verpackungen f\u00fcr den elektronischen Handel. Wir zeigen was das bedeutet.","og_url":"https:\/\/www.rajapack.ch\/verpackungsnews\/das-europaeische-verpackungsgesetz","og_site_name":"RAJA Blog CH","article_published_time":"2023-05-09T13:18:42+00:00","article_modified_time":"2025-08-29T09:40:28+00:00","og_image":[{"width":1200,"height":800,"url":"https:\/\/www.rajapack.ch\/verpackungsnews\/wp-content\/uploads\/2023\/05\/Europafahne-Gebaeude.jpg","type":"image\/jpeg"}],"author":"RAJAPACK Schweiz","twitter_card":"summary_large_image","twitter_misc":{"Verfasst von":"RAJAPACK Schweiz","Gesch\u00e4tzte Lesezeit":"12 Minuten"},"schema":{"@context":"https:\/\/schema.org","@graph":[{"@type":"Article","@id":"https:\/\/www.rajapack.ch\/verpackungsnews\/das-europaeische-verpackungsgesetz#article","isPartOf":{"@id":"https:\/\/www.rajapack.ch\/verpackungsnews\/das-europaeische-verpackungsgesetz"},"author":{"name":"RAJAPACK Schweiz","@id":"https:\/\/www.rajapack.ch\/verpackungsnews\/#\/schema\/person\/e0825d9926514f72b2ba6eafaf517f7a"},"headline":"Das neue Europ\u00e4ische Verpackungsgesetz \u2013 und was es f\u00fcr die Schweiz bedeutet","datePublished":"2023-05-09T13:18:42+00:00","dateModified":"2025-08-29T09:40:28+00:00","mainEntityOfPage":{"@id":"https:\/\/www.rajapack.ch\/verpackungsnews\/das-europaeische-verpackungsgesetz"},"wordCount":2243,"commentCount":0,"publisher":{"@id":"https:\/\/www.rajapack.ch\/verpackungsnews\/#organization"},"image":{"@id":"https:\/\/www.rajapack.ch\/verpackungsnews\/das-europaeische-verpackungsgesetz#primaryimage"},"thumbnailUrl":"https:\/\/www.rajapack.ch\/verpackungsnews\/wp-content\/uploads\/2023\/05\/Europafahne-Gebaeude.jpg","keywords":["Normen"],"articleSection":["News und Trends"],"inLanguage":"de-DE","potentialAction":[{"@type":"CommentAction","name":"Comment","target":["https:\/\/www.rajapack.ch\/verpackungsnews\/das-europaeische-verpackungsgesetz#respond"]}]},{"@type":"WebPage","@id":"https:\/\/www.rajapack.ch\/verpackungsnews\/das-europaeische-verpackungsgesetz","url":"https:\/\/www.rajapack.ch\/verpackungsnews\/das-europaeische-verpackungsgesetz","name":"Das neue Europ\u00e4ische Verpackungsgesetz - RAJA Blog CH","isPartOf":{"@id":"https:\/\/www.rajapack.ch\/verpackungsnews\/#website"},"primaryImageOfPage":{"@id":"https:\/\/www.rajapack.ch\/verpackungsnews\/das-europaeische-verpackungsgesetz#primaryimage"},"image":{"@id":"https:\/\/www.rajapack.ch\/verpackungsnews\/das-europaeische-verpackungsgesetz#primaryimage"},"thumbnailUrl":"https:\/\/www.rajapack.ch\/verpackungsnews\/wp-content\/uploads\/2023\/05\/Europafahne-Gebaeude.jpg","datePublished":"2023-05-09T13:18:42+00:00","dateModified":"2025-08-29T09:40:28+00:00","description":"Das neue Europ\u00e4ische Verpackungsgesetz, erw\u00e4hnt erstmals ausdr\u00fccklich Verpackungen f\u00fcr den elektronischen Handel. Wir zeigen was das bedeutet.","inLanguage":"de-DE","potentialAction":[{"@type":"ReadAction","target":["https:\/\/www.rajapack.ch\/verpackungsnews\/das-europaeische-verpackungsgesetz"]}]},{"@type":"ImageObject","inLanguage":"de-DE","@id":"https:\/\/www.rajapack.ch\/verpackungsnews\/das-europaeische-verpackungsgesetz#primaryimage","url":"https:\/\/www.rajapack.ch\/verpackungsnews\/wp-content\/uploads\/2023\/05\/Europafahne-Gebaeude.jpg","contentUrl":"https:\/\/www.rajapack.ch\/verpackungsnews\/wp-content\/uploads\/2023\/05\/Europafahne-Gebaeude.jpg","width":1200,"height":800,"caption":"EU Verpackungsgesetz"},{"@type":"WebSite","@id":"https:\/\/www.rajapack.ch\/verpackungsnews\/#website","url":"https:\/\/www.rajapack.ch\/verpackungsnews\/","name":"RAJA Blog CH","description":"Verpackungsnews vom Experten","publisher":{"@id":"https:\/\/www.rajapack.ch\/verpackungsnews\/#organization"},"potentialAction":[{"@type":"SearchAction","target":{"@type":"EntryPoint","urlTemplate":"https:\/\/www.rajapack.ch\/verpackungsnews\/?s={search_term_string}"},"query-input":"required name=search_term_string"}],"inLanguage":"de-DE"},{"@type":"Organization","@id":"https:\/\/www.rajapack.ch\/verpackungsnews\/#organization","name":"RAJA Blog CH","url":"https:\/\/www.rajapack.ch\/verpackungsnews\/","logo":{"@type":"ImageObject","inLanguage":"de-DE","@id":"https:\/\/www.rajapack.ch\/verpackungsnews\/#\/schema\/logo\/image\/","url":"","contentUrl":"","caption":"RAJA Blog CH"},"image":{"@id":"https:\/\/www.rajapack.ch\/verpackungsnews\/#\/schema\/logo\/image\/"},"sameAs":["https:\/\/de.linkedin.com\/company\/rajapack-gmbh"]},{"@type":"Person","@id":"https:\/\/www.rajapack.ch\/verpackungsnews\/#\/schema\/person\/e0825d9926514f72b2ba6eafaf517f7a","name":"RAJAPACK Schweiz","image":{"@type":"ImageObject","inLanguage":"de-DE","@id":"https:\/\/www.rajapack.ch\/verpackungsnews\/#\/schema\/person\/image\/","url":"https:\/\/secure.gravatar.com\/avatar\/f391ad6b3c41197daad8136e36418c64?s=96&d=mm&r=g","contentUrl":"https:\/\/secure.gravatar.com\/avatar\/f391ad6b3c41197daad8136e36418c64?s=96&d=mm&r=g","caption":"RAJAPACK Schweiz"},"description":"Geschrieben von unseren Verpackungsexperten bei RAJAPACK Schweiz: Wir lieben Verpackungen.","url":"https:\/\/www.rajapack.ch\/verpackungsnews\/author\/raja-ch"}]}},"_links":{"self":[{"href":"https:\/\/www.rajapack.ch\/verpackungsnews\/wp-json\/wp\/v2\/posts\/29386"}],"collection":[{"href":"https:\/\/www.rajapack.ch\/verpackungsnews\/wp-json\/wp\/v2\/posts"}],"about":[{"href":"https:\/\/www.rajapack.ch\/verpackungsnews\/wp-json\/wp\/v2\/types\/post"}],"author":[{"embeddable":true,"href":"https:\/\/www.rajapack.ch\/verpackungsnews\/wp-json\/wp\/v2\/users\/20"}],"replies":[{"embeddable":true,"href":"https:\/\/www.rajapack.ch\/verpackungsnews\/wp-json\/wp\/v2\/comments?post=29386"}],"version-history":[{"count":2,"href":"https:\/\/www.rajapack.ch\/verpackungsnews\/wp-json\/wp\/v2\/posts\/29386\/revisions"}],"predecessor-version":[{"id":30514,"href":"https:\/\/www.rajapack.ch\/verpackungsnews\/wp-json\/wp\/v2\/posts\/29386\/revisions\/30514"}],"wp:featuredmedia":[{"embeddable":true,"href":"https:\/\/www.rajapack.ch\/verpackungsnews\/wp-json\/wp\/v2\/media\/29676"}],"wp:attachment":[{"href":"https:\/\/www.rajapack.ch\/verpackungsnews\/wp-json\/wp\/v2\/media?parent=29386"}],"wp:term":[{"taxonomy":"category","embeddable":true,"href":"https:\/\/www.rajapack.ch\/verpackungsnews\/wp-json\/wp\/v2\/categories?post=29386"},{"taxonomy":"post_tag","embeddable":true,"href":"https:\/\/www.rajapack.ch\/verpackungsnews\/wp-json\/wp\/v2\/tags?post=29386"}],"curies":[{"name":"wp","href":"https:\/\/api.w.org\/{rel}","templated":true}]}}