{"id":29688,"date":"2022-06-22T13:08:44","date_gmt":"2022-06-22T11:08:44","guid":{"rendered":"https:\/\/www.rajapack.ch\/verpackungsnews\/?p=29688"},"modified":"2025-09-01T09:49:29","modified_gmt":"2025-09-01T07:49:29","slug":"abfallentsorgung","status":"publish","type":"post","link":"https:\/\/www.rajapack.ch\/verpackungsnews\/abfallentsorgung","title":{"rendered":"Abfallentsorgung und Recycling in der Schweiz \u2013 Quo Vadis?"},"content":{"rendered":"\r\n<h5 class=\"wp-block-heading\">Die Schweiz produziert j\u00e4hrlich rund 80 bis 90 Millionen Tonnen Abfall. Ein Grossteil entsteht durch Baumassnahmen. Jedoch erh\u00f6ht sich die Menge an dem sogenannten Siedlungsabfall j\u00e4hrlich \u2013 vor allem aufgrund eines steigenden Lebensstandards, der zu einem h\u00f6heren Ressourcenverbrauch f\u00fchrt. Laut dem\u00a0<a href=\"https:\/\/www.bafu.admin.ch\/bafu\/de\/home\/amt.html\" target=\"_blank\" rel=\"noopener\">Bundesamt f\u00fcr Umwelt<\/a>\u00a0(BAFU)\u00a0 betrug die Abfallmenge in der Schweiz 2020 pro Kopf ca. 700 kg \u2013 wenn man sowohl Privathaushalte, M\u00fcll aus \u00f6ffentlichen Abfalleimern als auch B\u00fcrogeb\u00e4ude und Kleinbetriebe ber\u00fccksichtigt (Sonderm\u00fcll ausgenommen). Die OECD hat berechnet, dass in der Schweiz im Jahr 2020 knapp 6.1 Millionen Tonnen Siedlungsm\u00fcll produziert wurden. Die Schweiz hat somit eines der h\u00f6chsten Siedlungsm\u00fcllaufkommen pro Kopf auf der Welt. Nur etwas mehr als die H\u00e4lfte der Siedlungsabf\u00e4lle wird recycelt. Der Rest wird beispielsweise verbrannt und zur Energieerzeugung genutzt, zum kleinen Teil kompostiert oder auf Deponien abgelagert.<\/h5>\r\n\r\n\r\n\r\n<div class=\"su-spacer\" style=\"height:30px\"><\/div>\r\n\r\n\r\n\r\n<h2 id=\"Siedlungsmuell\" class=\"wp-block-heading\">Die M\u00fcllproduktion von Privathaushalten und (kleinen) Gewerbe<\/h2>\r\n<div class=\"su-spacer\" style=\"height:30px\"><\/div>\r\n\r\n\r\n\r\n<p><strong>Siedlungsm\u00fcll in tausend Tonnen<\/strong><\/p>\r\n\r\n\r\n\r\n<figure class=\"wp-block-table\">\r\n<table>\r\n<tbody>\r\n<tr>\r\n<td>\u00a0<\/td>\r\n<td><strong>2012<\/strong><\/td>\r\n<td><strong>2013<\/strong><\/td>\r\n<td><strong>2014<\/strong><\/td>\r\n<td><strong>2015<\/strong><\/td>\r\n<td><strong>2016<\/strong><\/td>\r\n<td><strong>2017<\/strong><\/td>\r\n<td><strong>2018<\/strong><\/td>\r\n<td><strong>2019<\/strong><\/td>\r\n<td><strong>2020<\/strong><\/td>\r\n<\/tr>\r\n<tr>\r\n<td>Schweiz<\/td>\r\n<td>5&#8217;576<\/td>\r\n<td>5&#8217;708<\/td>\r\n<td>6&#8217;006<\/td>\r\n<td>6&#8217;030<\/td>\r\n<td>6&#8217;050<\/td>\r\n<td>5&#8217;992<\/td>\r\n<td>6&#8217;012<\/td>\r\n<td>6&#8217;079<\/td>\r\n<td>6&#8217;096<\/td>\r\n<\/tr>\r\n<tr>\r\n<td>\u00d6sterreich<\/td>\r\n<td>4&#8217;883<\/td>\r\n<td>4&#8217;905<\/td>\r\n<td>4&#8217;833<\/td>\r\n<td>4&#8217;836<\/td>\r\n<td>4&#8217;928<\/td>\r\n<td>5&#8217;018<\/td>\r\n<td>5&#8217;119<\/td>\r\n<td>5&#8217;220<\/td>\r\n<td>n\/a<\/td>\r\n<\/tr>\r\n<\/tbody>\r\n<\/table>\r\n<figcaption class=\"wp-element-caption\">Quelle: OECD (2022), &#8222;Waste: Municipal waste&#8220;,\u00a0<a href=\"https:\/\/data-explorer.oecd.org\/vis?lc=en&amp;fs[0]=Topic%2C1%7CEnvironment%23ENV%23%7CWaste%20management%23ENV_WAS%23&amp;pg=0&amp;fc=Topic&amp;bp=true&amp;snb=5&amp;df[ds]=dsDisseminateFinalDMZ&amp;df[id]=DSD_MUNW%40DF_MUNW&amp;df[ag]=OECD.ENV.EPI&amp;df[vs]=1.0&amp;pd=%2C&amp;dq=.A.MUNICIPAL.&amp;to[TIME_PERIOD]=false\" target=\"_blank\" rel=\"noopener\">OECD Environment Statistics (database)<\/a>, Zugriff: 11. Juli 2022.<br \/><br \/><\/figcaption>\r\n<\/figure>\r\n\r\n\r\n\r\n<div class=\"su-spacer\" style=\"height:30px\"><\/div>\r\n<h2 id=\"Zustaendigkeit\" class=\"wp-block-heading\">Abfallentsorgung: Zust\u00e4ndigkeiten der Kantone<\/h2>\r\n<div class=\"su-spacer\" style=\"height:30px\"><\/div>\r\n\r\n\r\n\r\n<p>In der\u00a0<a href=\"https:\/\/www.fedlex.admin.ch\/eli\/cc\/2015\/891\/de\" target=\"_blank\" rel=\"noopener\">Verordnung \u00fcber die Vermeidung und die Entsorgung von Abf\u00e4llen (Abfallverordnung, VVEA)<\/a>\u00a0ist unter anderem geregelt, dass die Kantone f\u00fcr ihr Gebiet eine Abfallplanung erstellen m\u00fcssen. Diese m\u00fcssen sie ebenfalls dem BAFU \u00fcbermitteln (2. Kapitel: Planung und Berichterstattung, Art. 4 Abfallplanung).<\/p>\r\n\r\n\r\n\r\n<p><strong>Die Abfallplanung der Kantone umfasst insbesondere:<\/strong><\/p>\r\n\r\n\r\n\r\n<ul class=\"wp-block-list\">\r\n<li>die Massnahmen zur Vermeidung von Abf\u00e4llen;<\/li>\r\n\r\n\r\n\r\n<li>die Massnahmen zur Verwertung von Abf\u00e4llen;<\/li>\r\n\r\n\r\n\r\n<li>den Bedarf an Anlagen zur Entsorgung von Siedlungsabf\u00e4llen und anderen Abf\u00e4llen, deren Entsorgung den Kantonen \u00fcbertragen ist;<\/li>\r\n\r\n\r\n\r\n<li>den Bedarf an Deponievolumen und die Standorte von Deponien (Deponieplanung);<\/li>\r\n\r\n\r\n\r\n<li>die notwendigen Einzugsgebiete;<\/li>\r\n\r\n\r\n\r\n<li>die Massnahmen zur Nutzung des Energiegehalts der Abf\u00e4lle aus deren thermischer Behandlung.<\/li>\r\n<\/ul>\r\n\r\n\r\n\r\n<p>Der Fokus liegt also darauf, dass Kantone \u2013 soweit es umsetzbar ist \u2013 relevante Abf\u00e4lle, wie zum Beispiel Glas, Papier, Karton, Metalle, Gr\u00fcnabf\u00e4lle und Textilien, getrennt sammeln und verwerten lassen.<\/p>\r\n\r\n\r\n\r\n<p>Auch wenn die Kantone zum Teil \u00fcbergreifend arbeiten, ergeben sich durch die VVEA f\u00fcr Privathaushalte als auch Unternehmen\u00a0<strong>je nach Standort andere Vorschriften<\/strong>. Eine \u00dcbersicht bietet die\u00a0<a href=\"https:\/\/recycling-map.ch\/de\" target=\"_blank\" rel=\"noopener\">Recycling Map CH<\/a>.<\/p>\r\n<div class=\"su-spacer\" style=\"height:30px\"><\/div>\r\n\r\n\r\n\r\n<h2 id=\"AllgemeineVorschriften\" class=\"wp-block-heading\">Allgemeine Vorschriften f\u00fcr private und gewerbliche M\u00fcllentsorgung<\/h2>\r\n<div class=\"su-spacer\" style=\"height:30px\"><\/div>\r\n\r\n\r\n\r\n<p>Trotz regionaler Unterschiede ergeben sich aus der\u00a0<a href=\"https:\/\/www.fedlex.admin.ch\/eli\/cc\/2015\/891\/de\" target=\"_blank\" rel=\"noopener\">Abfallverordnung (VVEA)<\/a>\u00a0sowie der\u00a0<a href=\"https:\/\/www.fedlex.admin.ch\/eli\/cc\/2005\/551\/de\" target=\"_blank\" rel=\"noopener\">Verordnung \u00fcber den Verkehr mit Abf\u00e4llen (VeVA)<\/a>\u00a0auch allgemeing\u00fcltige Regelungen. Die Verordnung gilt als Grundlage f\u00fcr eine fachgerechte Abfallentsorgung \u2013 egal ob gewerblich oder privat. Hierin sind auch alle Arten von Abf\u00e4llen, die in der Schweiz vorkommen, geregelt.<\/p>\r\n\r\n\r\n\r\n<p>Anhang 1 der Abfallverordnung unterteilt die\u00a0<strong>verschiedenen Arten von Abfall in acht Klassen:<\/strong><\/p>\r\n\r\n\r\n\r\n<ul class=\"wp-block-list\">\r\n<li>Klasse 1: Chemische Abf\u00e4lle<\/li>\r\n\r\n\r\n\r\n<li>Klasse 2: Medizinische Abf\u00e4lle<\/li>\r\n\r\n\r\n\r\n<li>Klasse 3: Metallische Abf\u00e4lle<\/li>\r\n\r\n\r\n\r\n<li>Klasse 4: Mineralische Abf\u00e4lle<\/li>\r\n\r\n\r\n\r\n<li>Klasse 5: Anlagen, Maschinen, Fahrzeuge und Zubeh\u00f6r sowie Elektro- und Elektronikger\u00e4te<\/li>\r\n\r\n\r\n\r\n<li>Klasse 6: Biogene Abf\u00e4lle<\/li>\r\n\r\n\r\n\r\n<li>Klasse 7: Schl\u00e4mme und Behandlungsr\u00fcckst\u00e4nde<\/li>\r\n\r\n\r\n\r\n<li>Klasse 8: Weitere Abfallarten (hierunter fallen die meisten Arten des Siedlungsm\u00fclls)<\/li>\r\n<\/ul>\r\n\r\n\r\n\r\n<p>Gewerbeabf\u00e4lle aus der Klasse 8 kommen auch in privaten Haushalten vor. Dazu z\u00e4hlen beispielsweise Restm\u00fcll, recycelbarer Wertstoff und Bio-Abf\u00e4lle. Dieser M\u00fcll wird zumeist nach den jeweiligen Vorschriften des Kantons gleich entsorgt \u2013 unabh\u00e4ngig ob er gewerblich oder privat angefallen ist. Dazu wird er je nach Material in dem vom Kanton vorgesehenen Beh\u00e4ltern entsorgt bzw. gesammelt, die vom beauftragten Entsorger abgeholt oder zu entsprechenden Wertstoffh\u00f6fen gebracht werden.<\/p>\r\n\r\n\r\n\r\n<p>Einen Sonderfall bilden hierbei Unternehmen ab einer Gr\u00f6sse von 250 Mitarbeitern: Nach dem 3. Abschnitt: Verwertung von Abf\u00e4llen, Art. 13 Siedlungsabf\u00e4lle und Abf\u00e4lle vergleichbarer Zusammensetzung der VVEA m\u00fcssen:<\/p>\r\n<div class=\"su-quote su-quote-style-default\"><div class=\"su-quote-inner su-u-clearfix su-u-trim\">Die Inhaberinnen und Inhaber von Abf\u00e4llen aus Unternehmen mit 250 oder mehr Vollzeitstellen [\u2026] verwertbare Anteile ihrer Abf\u00e4lle, die von der Zusammensetzung her mit Siedlungsabf\u00e4llen vergleichbar sind, so weit wie m\u00f6glich und sinnvoll getrennt sammeln und stofflich verwerten.<\/div><\/div>\r\n<p>Anders als in Privathaushalten f\u00e4llt zudem in Industriebetrieben zus\u00e4tzlich h\u00e4ufig Sonderm\u00fcll der Klassen 1-7 an. Unternehmen m\u00fcssen diese Abf\u00e4lle trennen und Sonderm\u00fcll auf den jeweiligen Sonderwegen entsorgen.<\/p>\r\n\r\n\r\n\r\n<figure class=\"wp-block-image aligncenter wp-image-29693 size-large\"><img loading=\"lazy\" decoding=\"async\" width=\"1024\" height=\"682\" class=\"wp-image-29693\" src=\"https:\/\/www.rajapack.ch\/verpackungsnews\/wp-content\/uploads\/2023\/05\/RAJA-Recycling-Schweiz-1024x682.jpg\" alt=\"Abfallentsorgung \u00f6ffentlich Schweiz\" srcset=\"https:\/\/www.rajapack.ch\/verpackungsnews\/wp-content\/uploads\/2023\/05\/RAJA-Recycling-Schweiz-1024x682.jpg 1024w, https:\/\/www.rajapack.ch\/verpackungsnews\/wp-content\/uploads\/2023\/05\/RAJA-Recycling-Schweiz-430x287.jpg 430w, https:\/\/www.rajapack.ch\/verpackungsnews\/wp-content\/uploads\/2023\/05\/RAJA-Recycling-Schweiz-768x512.jpg 768w, https:\/\/www.rajapack.ch\/verpackungsnews\/wp-content\/uploads\/2023\/05\/RAJA-Recycling-Schweiz-1536x1024.jpg 1536w, https:\/\/www.rajapack.ch\/verpackungsnews\/wp-content\/uploads\/2023\/05\/RAJA-Recycling-Schweiz.jpg 2000w\" sizes=\"(max-width: 1024px) 100vw, 1024px\" \/>\r\n<figcaption class=\"wp-element-caption\">\u00d6ffentliche M\u00fclleimer in einem Schweizer Kanton<br \/><br \/><\/figcaption>\r\n<\/figure>\r\n\r\n\r\n\r\n<div class=\"su-spacer\" style=\"height:30px\"><\/div>\r\n<h2 id=\"HerausforderungenRecycling\" class=\"wp-block-heading\">Recycling in der Schweiz \u2013 eine Mammutaufgabe?<\/h2>\r\n<div class=\"su-spacer\" style=\"height:30px\"><\/div>\r\n\r\n\r\n\r\n<p>Ein grosses Ziel der Schweizer Kantone zusammen mit der BAFU ist es, den Anteil am recycelten und recycelbaren Abfall zu erh\u00f6hen und so den Prim\u00e4rstoffverbrauch zu senken. Hierzu sollen unter anderem die M\u00f6glichkeiten zur M\u00fclltrennung und Recycling auch komplexerer Materialien ausgebaut werden.<\/p>\r\n\r\n\r\n\r\n<h3 class=\"wp-block-heading\">Die Herausforderungen beim Recycling sind vielf\u00e4ltig:<\/h3>\r\n\r\n\r\n\r\n<ul class=\"wp-block-list\">\r\n<li><strong>Zusammensetzung:<\/strong>\u00a0Steigender Anteil an schwer zu recycelbaren Verbundmaterialien &#8211; vor allem in Verpackungen und Elektroger\u00e4ten.<\/li>\r\n\r\n\r\n\r\n<li><strong>M\u00fclltrennung und M\u00fcllentsorgung:<\/strong>\u00a0Korrekte Sortierung, Entsorgung und Verwertung von Abf\u00e4llen.<\/li>\r\n\r\n\r\n\r\n<li><strong>Verschwendung:<\/strong>\u00a0z.B. mehr als die H\u00e4lfte der im Kehrichtsack entsorgten Lebensmittel sind noch geniessbar.<\/li>\r\n<\/ul>\r\n\r\n\r\n\r\n<p>Hierbei tragen ebenfalls Unternehmen und Privathaushalte eine entscheidende Rolle. Sie m\u00fcssen aktiv auf nachhaltigere Produkte setzten, diese wiederverwenden, Abfall vermeiden und die Abfallentsorgung korrekt trennen. Nur so kann der pro Kopf anfallende Siedlungsm\u00fcll gesenkt werden. Wertvolle Materialien wie Glas, PET und Papier k\u00f6nnen dann dem Kreislauf erneut zugef\u00fchrt und wiederverwendet werden.<br \/>Durch die Verbesserung von Maschinen- und Papierqualit\u00e4t konnte beispielsweise der Recyclinganteil in verschiedenen Papier- und Kartonsorten stetig erh\u00f6ht werden. Eine Faser kann mehrere Recyclingprozesse durchlaufen. Auch RAJAPACK setzt immer weiter auf wiederverwendbare,<a href=\"https:\/\/www.rajapack.ch\/de_CH\/umweltfreundliche-verpackungen_cms_000101.html\" target=\"_blank\" rel=\"noopener\">\u00a0recycelte und recycelbare Produkte<\/a>.<\/p>\r\n<div class=\"su-spacer\" style=\"height:30px\"><\/div>\r\n\r\n\r\n\r\n<h2 id=\"UebersichtRecycling\" class=\"wp-block-heading\">\u00dcbersicht: Welche Materialien werden in der Schweiz recycelt?<\/h2>\r\n<div class=\"su-spacer\" style=\"height:30px\"><\/div>\r\n\r\n\r\n\r\n<p>Unter anderen k\u00f6nnen in der Schweiz folgende Materialien nach der Abfallentsorgung wieder verwertet werden:<\/p>\r\n\r\n\r\n\r\n<h3 class=\"wp-block-heading\">Karton recyceln<\/h3>\r\n\r\n\r\n\r\n<p>Das Recyceln von Karton schont nat\u00fcrliche Ressourcen und ist sogar teilweise g\u00fcnstiger als Verbrennen und die Neuproduktion von Kartonagen. Aufbereitet dient der Rohstoff f\u00fcr die Herstellung von Wellpappe, Verpackungen, Packkartons und M\u00f6beln. Durch st\u00e4ndige Verbesserungen von technischen Recycling- und Verarbeitungsm\u00f6glichkeiten, ist der recycelte Karton ebenso hochwertig wie neue Produktionen. In den meisten Kantonen kann gesammelter Karton zu bestimmten Abfuhrtagen kostenlos abgegeben werden.<br \/>Tipp: RAJAPACK setzt auf nachhaltige Versandkartons und Verpackungen aus Pappe die zu 100 % recycelt werden k\u00f6nnen oder sogar bereits aus\u00a0<a href=\"https:\/\/www.rajapack.ch\/de_CH\/kartons-schachteln_C10.html\" target=\"_blank\" rel=\"noopener\">Recyceltem Karton<\/a>\u00a0bestehen. Verwenden Sie Kartons wenn m\u00f6glich mehrfach, bevor Sie das Material wieder dem Kreislauf zuf\u00fchren.<\/p>\r\n\r\n\r\n\r\n<div class=\"wp-block-media-text alignwide is-stacked-on-mobile\">\r\n<figure class=\"wp-block-media-text__media\">\r\n<figure id=\"attachment_29690\" aria-describedby=\"caption-attachment-29690\" style=\"width: 2000px\" class=\"wp-caption alignnone\"><img loading=\"lazy\" decoding=\"async\" class=\"wp-image-29690 size-full\" src=\"https:\/\/www.rajapack.ch\/verpackungsnews\/wp-content\/uploads\/2023\/05\/RAJA-Papier-Recycling-Schweiz.jpg\" alt=\"Papier Recycling Schweiz\" width=\"2000\" height=\"1330\" srcset=\"https:\/\/www.rajapack.ch\/verpackungsnews\/wp-content\/uploads\/2023\/05\/RAJA-Papier-Recycling-Schweiz.jpg 2000w, https:\/\/www.rajapack.ch\/verpackungsnews\/wp-content\/uploads\/2023\/05\/RAJA-Papier-Recycling-Schweiz-430x286.jpg 430w, https:\/\/www.rajapack.ch\/verpackungsnews\/wp-content\/uploads\/2023\/05\/RAJA-Papier-Recycling-Schweiz-1024x681.jpg 1024w, https:\/\/www.rajapack.ch\/verpackungsnews\/wp-content\/uploads\/2023\/05\/RAJA-Papier-Recycling-Schweiz-768x511.jpg 768w, https:\/\/www.rajapack.ch\/verpackungsnews\/wp-content\/uploads\/2023\/05\/RAJA-Papier-Recycling-Schweiz-1536x1021.jpg 1536w\" sizes=\"(max-width: 2000px) 100vw, 2000px\" \/><figcaption id=\"caption-attachment-29690\" class=\"wp-caption-text\">Ordentlich geb\u00fcndeltes Alt-Papier steht zur Abholung in Z\u00fcrich bereit.<\/figcaption><\/figure>\r\n<\/figure>\r\n<div class=\"wp-block-media-text__content\">\r\n<h3 class=\"wp-block-heading\">Papier recyceln<\/h3>\r\n\r\n\r\n\r\n<p>Papier kann mehrmals recycelt werden. Schon jetzt bleiben 4\/5 der in der Schweiz verwendeten Papiermenge mehrfach im Kreislauf. Als wertvoller Rohstoff ist Altpapier besonders wichtig f\u00fcr die Papierindustrie \u2013 und spart nebenbei jede Menge CO2 im Vergleich zur Herstellung von neuem Papier.<br \/>\u00c4hnlich wie f\u00fcr Pappe und Karton werden auch f\u00fcr Altpapier in den meisten Kantonen kostenfrei Sammlungen durchgef\u00fchrt. Hier k\u00f6nnen kleine Unternehmen und Privathaushalte ihr Altpapier geb\u00fcndelt abgeben.<br \/>Tipp: Verwenden Sie Produkte aus recyceltem Papier. Dieses steht in Wertigkeit und Aussehen neuem Papier immer weniger nach. Von der Tageszeitung, \u00fcber Toilettenpapier bis hin zur\u00a0<a href=\"https:\/\/www.rajapack.ch\/de_CH\/versandtaschen-umschlage-versandrohre\/briefumschlage-papier-versandtaschen\/braune-versandtaschen_OFF_DE_0261.html\" target=\"_blank\" rel=\"noopener\">Versandtasche<\/a>: Recyceltes Papier kann vielf\u00e4ltig eingesetzt werden.<\/p>\r\n<\/div>\r\n<\/div>\r\n\r\n\r\n\r\n<div class=\"wp-block-media-text alignwide has-media-on-the-right is-stacked-on-mobile\">\r\n<div class=\"wp-block-media-text__content\">\r\n<h3 class=\"wp-block-heading\">PET recyceln<\/h3>\r\n\r\n\r\n\r\n<p>PET steht f\u00fcr Polyethylenterephthalat. Der thermoplastische Kunststoff aus Erd\u00f6l oder Erdgas kann \u2013 sofern er sortenrein ist \u2013 zu 100 % recycelt werden. PET kennen viele Endverbraucher als Plastikflaschen. Deshalb gibt es in der Schweiz mehr als 30\u2018000Sammelstellen, in denen j\u00e4hrlich mehr als eine Milliarde Flaschen aus PET entsorgt werden. Gewerblich wird PET in der Landwirtschaft oder Lagerlogistik auch f\u00fcr Folien und Verpackungen genutzt. Nach der umfassenden Aufbereitung der gesammelten PETs werden aus dem geschmolzenen Material wieder gleichwertige Produkte hergestellt. So werden daraus\u00a0<a href=\"https:\/\/www.rajapack.ch\/de_CH\/palettierung-folien\/hand-stretchfolie-cast-recycelt_OFF_CH_01334.html\" target=\"_blank\" rel=\"noopener\">recycelte Folien<\/a>\u00a0und Verpackungen aber auch Schuhe, Rucks\u00e4cke oder Jacken \u2013 und nat\u00fcrlich wieder PET-Flaschen. Dank der hohen Recyclingquote von ca. 80 % werden j\u00e4hrlich in der Schweiz rund 139\u2018000 Tonnen Treibhausgase vermieden.<\/p>\r\n<\/div>\r\n<figure class=\"wp-block-media-text__media\">\r\n<figure id=\"attachment_29691\" aria-describedby=\"caption-attachment-29691\" style=\"width: 2560px\" class=\"wp-caption alignnone\"><img loading=\"lazy\" decoding=\"async\" class=\"wp-image-29691 size-full\" src=\"https:\/\/www.rajapack.ch\/verpackungsnews\/wp-content\/uploads\/2023\/05\/RAJA-PET-Recycling-Schweiz-scaled.jpeg\" alt=\"PET Abfallentsorgung CH\" width=\"2560\" height=\"1707\" \/><figcaption id=\"caption-attachment-29691\" class=\"wp-caption-text\">Eine PET-Flaschen-Sammelstelle in der Schweiz.<\/figcaption><\/figure>\r\n<\/figure>\r\n<\/div>\r\n\r\n\r\n\r\n<div class=\"wp-block-media-text alignwide is-stacked-on-mobile\">\r\n<figure class=\"wp-block-media-text__media\">\r\n<figure id=\"attachment_29692\" aria-describedby=\"caption-attachment-29692\" style=\"width: 2000px\" class=\"wp-caption alignnone\"><img loading=\"lazy\" decoding=\"async\" class=\"wp-image-29692 size-full\" src=\"https:\/\/www.rajapack.ch\/verpackungsnews\/wp-content\/uploads\/2023\/05\/RAJA-Plastik-Recycling-Schweiz.jpg\" alt=\"Plastik Recycling CH\" width=\"2000\" height=\"1333\" srcset=\"https:\/\/www.rajapack.ch\/verpackungsnews\/wp-content\/uploads\/2023\/05\/RAJA-Plastik-Recycling-Schweiz.jpg 2000w, https:\/\/www.rajapack.ch\/verpackungsnews\/wp-content\/uploads\/2023\/05\/RAJA-Plastik-Recycling-Schweiz-430x287.jpg 430w, https:\/\/www.rajapack.ch\/verpackungsnews\/wp-content\/uploads\/2023\/05\/RAJA-Plastik-Recycling-Schweiz-1024x682.jpg 1024w, https:\/\/www.rajapack.ch\/verpackungsnews\/wp-content\/uploads\/2023\/05\/RAJA-Plastik-Recycling-Schweiz-768x512.jpg 768w, https:\/\/www.rajapack.ch\/verpackungsnews\/wp-content\/uploads\/2023\/05\/RAJA-Plastik-Recycling-Schweiz-1536x1024.jpg 1536w\" sizes=\"(max-width: 2000px) 100vw, 2000px\" \/><figcaption id=\"caption-attachment-29692\" class=\"wp-caption-text\">Kunststoff muss sortiert werden, bevor er weiter recycelt oder verbrannt wird.<\/figcaption><\/figure>\r\n<\/figure>\r\n<div class=\"wp-block-media-text__content\">\r\n<h3 class=\"wp-block-heading\">Kunststoff recyceln<\/h3>\r\n\r\n\r\n\r\n<p>Aber was ist mit anderen Kunststoffen? Im Gegensatz zu PET handelt es sich bei anderen Produkten aus Kunststoff oft um Verbundmaterialien aus verschiedenen Kunststoffarten. Diese fehlerfrei zu bestimmen, zu trennen und aufzubereiten ist eine grosse Herausforderung. Um hier die Recyclingquote zu erh\u00f6hen, gr\u00fcnden einzelne Gemeinden und Unternehmen regionale Projekte. Welche davon f\u00fcr Sie relevant sind, k\u00f6nnen Sie beispielsweise bei Ihrer Gemeinde anfragen. F\u00fcr gr\u00f6ssere Unternehmen bieten private Recyling- und Abfallmanagement-Beratungen individuelle L\u00f6sungen.<br \/>Bei vielen Lebensmittelh\u00e4ndlern wie Coop oder Migros k\u00f6nnen auch kleine Mengen nicht PET-Plastikverpackungen vorbeigebracht werden wie Waschmittelflaschen, Geschirrsp\u00fclmittelflaschen, Shampoo sowie CDs.<\/p>\r\n<\/div>\r\n<\/div>\r\n\r\n\r\n\r\n<div class=\"wp-block-media-text alignwide has-media-on-the-right is-stacked-on-mobile\">\r\n<div class=\"wp-block-media-text__content\">\r\n<h3 class=\"wp-block-heading\">Glas recyceln<\/h3>\r\n\r\n\r\n\r\n<p>Die Schweizer sammeln j\u00e4hrlich rund 330\u2018000 Tonnen Glas, das zu neuen Glasbeh\u00e4ltern aber auch zu Bau- und Isoliermaterialien verarbeitet wird. Glas ist jedoch nicht gleich Glas: Die Zusammensetzung ist entscheidend, ob es recycelt werden kann. G\u00e4ngig f\u00fcr das Recycling ist das sogenannte Hohlglas \u2013 bekannt z.B. als Flasche oder Konfit\u00fcrenglas.<br \/>Flachglas, wie Fensterscheiben, eignet sich von der Zusammensetzung her nicht zur Produktion von Neuglas und wird deshalb gesondert entsorgt. Auch Trinkgl\u00e4ser sind nicht geeignet f\u00fcrs Recycling: Kleinmengen k\u00f6nnen normalerweise im Haushaltsm\u00fcll entsorgt werden, gr\u00f6ssere Mengen m\u00fcssen je nach Kanton auf den Wertstoffhof gebracht werden.<\/p>\r\n<\/div>\r\n<figure class=\"wp-block-media-text__media\">\r\n<figure id=\"attachment_29689\" aria-describedby=\"caption-attachment-29689\" style=\"width: 2560px\" class=\"wp-caption alignnone\"><img loading=\"lazy\" decoding=\"async\" class=\"wp-image-29689 size-full\" src=\"https:\/\/www.rajapack.ch\/verpackungsnews\/wp-content\/uploads\/2023\/05\/RAJA-Glas-Recycling-Schweiz-scaled.jpeg\" alt=\"Glas Abfallentsorgung CH\" width=\"2560\" height=\"1912\" \/><figcaption id=\"caption-attachment-29689\" class=\"wp-caption-text\">Flaschen werden nach Farbe sortiert in Sammelbeh\u00e4ltern abgegeben. Diese sehen je nach Gemeinde unterschiedlich aus.<\/figcaption><\/figure>\r\n<\/figure>\r\n<\/div>\r\n\r\n\r\n\r\n<div class=\"su-spacer\" style=\"height:30px\"><\/div>\r\n<h2 class=\"wp-block-heading\">Wohin entwickelt sich also die Abfallentsorgung und Recycling in der Schweiz?<\/h2>\r\n<div class=\"su-spacer\" style=\"height:30px\"><\/div>\r\n\r\n\r\n\r\n<p>Die steigenden Siedlungsabf\u00e4lle malen zun\u00e4chst zwar ein schwarzes Bild. Jedoch werden immer mehr M\u00f6glichkeiten entwickelt, energieeffizient Materialien zu recyceln. Sowohl auf nationaler als auch regionaler Ebene werden in der Schweiz viele spannende Projekte zur M\u00fcllvermeidung und Projekte f\u00fcr Recycling ins Leben gerufen. Die Goldregel dabei ist: Wie genau der Abfall gesammelt und getrennt wird, kann je nach Kanton und Gemeinde unterschiedlich aussehen. Einen \u00dcberblick bietet die\u00a0Schweizer Recycling-Map.<\/p>\r\n\r\n\r\n\r\n<p>Eine Anekdote von einer Schweizer RAJA Mitarbeiterin verdeutlicht das sehr gut:<\/p>\r\n<div class=\"su-quote su-quote-style-default\"><div class=\"su-quote-inner su-u-clearfix su-u-trim\">Kleines Beispiel: In meiner Gemeinde darf ich einmal pro Monat, an einem Bestimmten Tag, Karton und Papier vor die T\u00fcr stellen zwischen 19:00 am Vortag bis 7:00. Papier gebunden mit Schnur genauso wie Karton handlich verpackt und mit Schnur gebunden. Mein Partner darf in seiner Gemeinde Karton lose am Mittwoch und Samstag zwischen 9:00 \u2013 12:00 Uhr in einen Container werfen, der vom Ordnungsdienst bewacht wird. Papier darf er nur gebunden mit Schnur, alle drei Monate vor die T\u00fcr stellen.<\/div><\/div>\r\n\r\n\r\n\r\n<p>Ob aber zweimal die Woche oder einmal im Monat: Das M\u00fclltrennungssystem in der Schweiz ist im weltweiten Vergleich weit fortgeschritten und bringt die Schweiz nicht ohne Grund auf die vorderen R\u00e4nge der \u201eRecycling Nationen\u201c.<\/p>\r\n\r\n\r\n\r\n<p>Es ist allerdings wichtig sich nicht darauf auszuruhen, sondern im Privaten und in Unternehmen Wege zu finden, M\u00fcll zu vermeiden und \u2013 wenn m\u00f6glich \u2013 auf nachhaltigere Recyclingoptionen zur\u00fcckzugreifen. Gerade im Verpackungsbereich gibt es dank recyceltem PE, Karton und Papier sehr viele M\u00f6glichkeiten auf schwer recycelbares Verbundmaterial zu verzichten. RAJAPACK bietet daf\u00fcr eine grosse, stetige wachsende Palette an\u00a0<a href=\"https:\/\/www.rajapack.ch\/de_CH\/umweltfreundliche-verpackungen_cms_000101.html\" target=\"_blank\" rel=\"noopener\">umweltfreundlicheren L\u00f6sungen<\/a>\u00a0an. Wenn jede in der Schweiz lebende Person einen kleinen Beitrag leistet, k\u00f6nnten mehrere Tausend Tonnen M\u00fcll pro Jahr gespart werden. Das w\u00fcrde nicht nur das Schweizer M\u00fcllsystem entlasten \u2013 sondern auch die Umwelt \ud83d\ude0a<\/p>\r\n","protected":false},"excerpt":{"rendered":"<p>Die Schweiz produziert j\u00e4hrlich rund 80 bis 90 Millionen Tonnen Abfall. Ein Grossteil entsteht durch Baumassnahmen. Jedoch erh\u00f6ht sich die Menge an dem sogenannten Siedlungsabfall j\u00e4hrlich \u2013 vor allem aufgrund [&#8230;]<\/p>\n","protected":false},"author":20,"featured_media":29694,"comment_status":"open","ping_status":"open","sticky":false,"template":"","format":"standard","meta":{"_acf_changed":false,"footnotes":""},"categories":[20],"tags":[755,361],"class_list":["post-29688","post","type-post","status-publish","format-standard","has-post-thumbnail","hentry","category-know-how","tag-abfallmanagement","tag-recycling"],"acf":[],"yoast_head":"\n<title>Abfallentsorgung in der Schweiz - RAJA Blog CH<\/title>\n<meta name=\"description\" content=\"Abfallentsorgung &amp; Recycling in der Schweiz: Wir geben einen \u00dcberblick \u00fcber die wichtigsten Aspekte f\u00fcr privat &amp; gewerblich.\" \/>\n<meta name=\"robots\" content=\"index, follow, max-snippet:-1, max-image-preview:large, max-video-preview:-1\" \/>\n<link rel=\"canonical\" href=\"https:\/\/www.rajapack.ch\/verpackungsnews\/abfallentsorgung\" \/>\n<meta property=\"og:locale\" content=\"de_DE\" \/>\n<meta property=\"og:type\" content=\"article\" \/>\n<meta property=\"og:title\" content=\"Abfallentsorgung in der Schweiz - RAJA Blog CH\" \/>\n<meta property=\"og:description\" content=\"Abfallentsorgung &amp; Recycling in der Schweiz: Wir geben einen \u00dcberblick \u00fcber die wichtigsten Aspekte f\u00fcr privat &amp; gewerblich.\" \/>\n<meta property=\"og:url\" content=\"https:\/\/www.rajapack.ch\/verpackungsnews\/abfallentsorgung\" \/>\n<meta property=\"og:site_name\" content=\"RAJA Blog CH\" \/>\n<meta property=\"article:published_time\" content=\"2022-06-22T11:08:44+00:00\" \/>\n<meta property=\"article:modified_time\" content=\"2025-09-01T07:49:29+00:00\" \/>\n<meta property=\"og:image\" content=\"https:\/\/www.rajapack.ch\/verpackungsnews\/wp-content\/uploads\/2023\/05\/Blog-Header-Muelltrennung.jpg\" \/>\n\t<meta property=\"og:image:width\" content=\"1545\" \/>\n\t<meta property=\"og:image:height\" content=\"588\" \/>\n\t<meta property=\"og:image:type\" content=\"image\/jpeg\" \/>\n<meta name=\"author\" content=\"RAJAPACK Schweiz\" \/>\n<meta name=\"twitter:card\" content=\"summary_large_image\" \/>\n<meta name=\"twitter:label1\" content=\"Verfasst von\" \/>\n\t<meta name=\"twitter:data1\" content=\"RAJAPACK Schweiz\" \/>\n\t<meta name=\"twitter:label2\" content=\"Gesch\u00e4tzte Lesezeit\" \/>\n\t<meta name=\"twitter:data2\" content=\"11 Minuten\" \/>\n<script type=\"application\/ld+json\" class=\"yoast-schema-graph\">{\n\t    \"@context\": \"https:\/\/schema.org\",\n\t    \"@graph\": [\n\t        {\n\t            \"@type\": \"Article\",\n\t            \"@id\": \"https:\/\/www.rajapack.ch\/verpackungsnews\/abfallentsorgung#article\",\n\t            \"isPartOf\": {\n\t                \"@id\": \"https:\/\/www.rajapack.ch\/verpackungsnews\/abfallentsorgung\"\n\t            },\n\t            \"author\": {\n\t                \"name\": \"RAJAPACK Schweiz\",\n\t                \"@id\": \"https:\/\/www.rajapack.ch\/verpackungsnews\/#\/schema\/person\/e0825d9926514f72b2ba6eafaf517f7a\"\n\t            },\n\t            \"headline\": \"Abfallentsorgung und Recycling in der Schweiz \u2013 Quo Vadis?\",\n\t            \"datePublished\": \"2022-06-22T11:08:44+00:00\",\n\t            \"dateModified\": \"2025-09-01T07:49:29+00:00\",\n\t            \"mainEntityOfPage\": {\n\t                \"@id\": \"https:\/\/www.rajapack.ch\/verpackungsnews\/abfallentsorgung\"\n\t            },\n\t            \"wordCount\": 1848,\n\t            \"commentCount\": 0,\n\t            \"publisher\": {\n\t                \"@id\": \"https:\/\/www.rajapack.ch\/verpackungsnews\/#organization\"\n\t            },\n\t            \"image\": {\n\t                \"@id\": \"https:\/\/www.rajapack.ch\/verpackungsnews\/abfallentsorgung#primaryimage\"\n\t            },\n\t            \"thumbnailUrl\": \"https:\/\/www.rajapack.ch\/verpackungsnews\/wp-content\/uploads\/2023\/05\/Blog-Header-Muelltrennung.jpg\",\n\t            \"keywords\": [\n\t                \"Abfallmanagement\",\n\t                \"Recycling\"\n\t            ],\n\t            \"articleSection\": [\n\t                \"Know How\"\n\t            ],\n\t            \"inLanguage\": \"de-DE\",\n\t            \"potentialAction\": [\n\t                {\n\t                    \"@type\": \"CommentAction\",\n\t                    \"name\": \"Comment\",\n\t                    \"target\": [\n\t                        \"https:\/\/www.rajapack.ch\/verpackungsnews\/abfallentsorgung#respond\"\n\t                    ]\n\t                }\n\t            ]\n\t        },\n\t        {\n\t            \"@type\": \"WebPage\",\n\t            \"@id\": \"https:\/\/www.rajapack.ch\/verpackungsnews\/abfallentsorgung\",\n\t            \"url\": \"https:\/\/www.rajapack.ch\/verpackungsnews\/abfallentsorgung\",\n\t            \"name\": \"Abfallentsorgung in der Schweiz - RAJA Blog CH\",\n\t            \"isPartOf\": {\n\t                \"@id\": \"https:\/\/www.rajapack.ch\/verpackungsnews\/#website\"\n\t            },\n\t            \"primaryImageOfPage\": {\n\t                \"@id\": \"https:\/\/www.rajapack.ch\/verpackungsnews\/abfallentsorgung#primaryimage\"\n\t            },\n\t            \"image\": {\n\t                \"@id\": \"https:\/\/www.rajapack.ch\/verpackungsnews\/abfallentsorgung#primaryimage\"\n\t            },\n\t            \"thumbnailUrl\": \"https:\/\/www.rajapack.ch\/verpackungsnews\/wp-content\/uploads\/2023\/05\/Blog-Header-Muelltrennung.jpg\",\n\t            \"datePublished\": \"2022-06-22T11:08:44+00:00\",\n\t            \"dateModified\": \"2025-09-01T07:49:29+00:00\",\n\t            \"description\": \"Abfallentsorgung & Recycling in der Schweiz: Wir geben einen \u00dcberblick \u00fcber die wichtigsten Aspekte f\u00fcr privat & gewerblich.\",\n\t            \"inLanguage\": \"de-DE\",\n\t            \"potentialAction\": [\n\t                {\n\t                    \"@type\": \"ReadAction\",\n\t                    \"target\": [\n\t                        \"https:\/\/www.rajapack.ch\/verpackungsnews\/abfallentsorgung\"\n\t                    ]\n\t                }\n\t            ]\n\t        },\n\t        {\n\t            \"@type\": \"ImageObject\",\n\t            \"inLanguage\": \"de-DE\",\n\t            \"@id\": \"https:\/\/www.rajapack.ch\/verpackungsnews\/abfallentsorgung#primaryimage\",\n\t            \"url\": \"https:\/\/www.rajapack.ch\/verpackungsnews\/wp-content\/uploads\/2023\/05\/Blog-Header-Muelltrennung.jpg\",\n\t            \"contentUrl\": \"https:\/\/www.rajapack.ch\/verpackungsnews\/wp-content\/uploads\/2023\/05\/Blog-Header-Muelltrennung.jpg\",\n\t            \"width\": 1545,\n\t            \"height\": 588,\n\t            \"caption\": \"Abfallentsorgung Schweiz\"\n\t        },\n\t        {\n\t            \"@type\": \"WebSite\",\n\t            \"@id\": \"https:\/\/www.rajapack.ch\/verpackungsnews\/#website\",\n\t            \"url\": \"https:\/\/www.rajapack.ch\/verpackungsnews\/\",\n\t            \"name\": \"RAJA Blog CH\",\n\t            \"description\": \"Verpackungsnews vom Experten\",\n\t            \"publisher\": {\n\t                \"@id\": \"https:\/\/www.rajapack.ch\/verpackungsnews\/#organization\"\n\t            },\n\t            \"potentialAction\": [\n\t                {\n\t                    \"@type\": \"SearchAction\",\n\t                    \"target\": {\n\t                        \"@type\": \"EntryPoint\",\n\t                        \"urlTemplate\": \"https:\/\/www.rajapack.ch\/verpackungsnews\/?s={search_term_string}\"\n\t                    },\n\t                    \"query-input\": \"required name=search_term_string\"\n\t                }\n\t            ],\n\t            \"inLanguage\": \"de-DE\"\n\t        },\n\t        {\n\t            \"@type\": \"Organization\",\n\t            \"@id\": \"https:\/\/www.rajapack.ch\/verpackungsnews\/#organization\",\n\t            \"name\": \"RAJA Blog CH\",\n\t            \"url\": \"https:\/\/www.rajapack.ch\/verpackungsnews\/\",\n\t            \"logo\": {\n\t                \"@type\": \"ImageObject\",\n\t                \"inLanguage\": \"de-DE\",\n\t                \"@id\": \"https:\/\/www.rajapack.ch\/verpackungsnews\/#\/schema\/logo\/image\/\",\n\t                \"url\": \"\",\n\t                \"contentUrl\": \"\",\n\t                \"caption\": \"RAJA Blog CH\"\n\t            },\n\t            \"image\": {\n\t                \"@id\": \"https:\/\/www.rajapack.ch\/verpackungsnews\/#\/schema\/logo\/image\/\"\n\t            },\n\t            \"sameAs\": [\n\t                \"https:\/\/de.linkedin.com\/company\/rajapack-gmbh\"\n\t            ]\n\t        },\n\t        {\n\t            \"@type\": \"Person\",\n\t            \"@id\": \"https:\/\/www.rajapack.ch\/verpackungsnews\/#\/schema\/person\/e0825d9926514f72b2ba6eafaf517f7a\",\n\t            \"name\": \"RAJAPACK Schweiz\",\n\t            \"image\": {\n\t                \"@type\": \"ImageObject\",\n\t                \"inLanguage\": \"de-DE\",\n\t                \"@id\": \"https:\/\/www.rajapack.ch\/verpackungsnews\/#\/schema\/person\/image\/\",\n\t                \"url\": \"https:\/\/secure.gravatar.com\/avatar\/f391ad6b3c41197daad8136e36418c64?s=96&d=mm&r=g\",\n\t                \"contentUrl\": \"https:\/\/secure.gravatar.com\/avatar\/f391ad6b3c41197daad8136e36418c64?s=96&d=mm&r=g\",\n\t                \"caption\": \"RAJAPACK Schweiz\"\n\t            },\n\t            \"description\": \"Geschrieben von unseren Verpackungsexperten bei RAJAPACK Schweiz: Wir lieben Verpackungen.\",\n\t            \"url\": \"https:\/\/www.rajapack.ch\/verpackungsnews\/author\/raja-ch\"\n\t        }\n\t    ]\n\t}<\/script>\n","yoast_head_json":{"title":"Abfallentsorgung in der Schweiz - RAJA Blog CH","description":"Abfallentsorgung & Recycling in der Schweiz: Wir geben einen \u00dcberblick \u00fcber die wichtigsten Aspekte f\u00fcr privat & gewerblich.","robots":{"index":"index","follow":"follow","max-snippet":"max-snippet:-1","max-image-preview":"max-image-preview:large","max-video-preview":"max-video-preview:-1"},"canonical":"https:\/\/www.rajapack.ch\/verpackungsnews\/abfallentsorgung","og_locale":"de_DE","og_type":"article","og_title":"Abfallentsorgung in der Schweiz - RAJA Blog CH","og_description":"Abfallentsorgung & Recycling in der Schweiz: Wir geben einen \u00dcberblick \u00fcber die wichtigsten Aspekte f\u00fcr privat & gewerblich.","og_url":"https:\/\/www.rajapack.ch\/verpackungsnews\/abfallentsorgung","og_site_name":"RAJA Blog CH","article_published_time":"2022-06-22T11:08:44+00:00","article_modified_time":"2025-09-01T07:49:29+00:00","og_image":[{"width":1545,"height":588,"url":"https:\/\/www.rajapack.ch\/verpackungsnews\/wp-content\/uploads\/2023\/05\/Blog-Header-Muelltrennung.jpg","type":"image\/jpeg"}],"author":"RAJAPACK Schweiz","twitter_card":"summary_large_image","twitter_misc":{"Verfasst von":"RAJAPACK Schweiz","Gesch\u00e4tzte Lesezeit":"11 Minuten"},"schema":{"@context":"https:\/\/schema.org","@graph":[{"@type":"Article","@id":"https:\/\/www.rajapack.ch\/verpackungsnews\/abfallentsorgung#article","isPartOf":{"@id":"https:\/\/www.rajapack.ch\/verpackungsnews\/abfallentsorgung"},"author":{"name":"RAJAPACK Schweiz","@id":"https:\/\/www.rajapack.ch\/verpackungsnews\/#\/schema\/person\/e0825d9926514f72b2ba6eafaf517f7a"},"headline":"Abfallentsorgung und Recycling in der Schweiz \u2013 Quo Vadis?","datePublished":"2022-06-22T11:08:44+00:00","dateModified":"2025-09-01T07:49:29+00:00","mainEntityOfPage":{"@id":"https:\/\/www.rajapack.ch\/verpackungsnews\/abfallentsorgung"},"wordCount":1848,"commentCount":0,"publisher":{"@id":"https:\/\/www.rajapack.ch\/verpackungsnews\/#organization"},"image":{"@id":"https:\/\/www.rajapack.ch\/verpackungsnews\/abfallentsorgung#primaryimage"},"thumbnailUrl":"https:\/\/www.rajapack.ch\/verpackungsnews\/wp-content\/uploads\/2023\/05\/Blog-Header-Muelltrennung.jpg","keywords":["Abfallmanagement","Recycling"],"articleSection":["Know How"],"inLanguage":"de-DE","potentialAction":[{"@type":"CommentAction","name":"Comment","target":["https:\/\/www.rajapack.ch\/verpackungsnews\/abfallentsorgung#respond"]}]},{"@type":"WebPage","@id":"https:\/\/www.rajapack.ch\/verpackungsnews\/abfallentsorgung","url":"https:\/\/www.rajapack.ch\/verpackungsnews\/abfallentsorgung","name":"Abfallentsorgung in der Schweiz - RAJA Blog CH","isPartOf":{"@id":"https:\/\/www.rajapack.ch\/verpackungsnews\/#website"},"primaryImageOfPage":{"@id":"https:\/\/www.rajapack.ch\/verpackungsnews\/abfallentsorgung#primaryimage"},"image":{"@id":"https:\/\/www.rajapack.ch\/verpackungsnews\/abfallentsorgung#primaryimage"},"thumbnailUrl":"https:\/\/www.rajapack.ch\/verpackungsnews\/wp-content\/uploads\/2023\/05\/Blog-Header-Muelltrennung.jpg","datePublished":"2022-06-22T11:08:44+00:00","dateModified":"2025-09-01T07:49:29+00:00","description":"Abfallentsorgung & Recycling in der Schweiz: Wir geben einen \u00dcberblick \u00fcber die wichtigsten Aspekte f\u00fcr privat & gewerblich.","inLanguage":"de-DE","potentialAction":[{"@type":"ReadAction","target":["https:\/\/www.rajapack.ch\/verpackungsnews\/abfallentsorgung"]}]},{"@type":"ImageObject","inLanguage":"de-DE","@id":"https:\/\/www.rajapack.ch\/verpackungsnews\/abfallentsorgung#primaryimage","url":"https:\/\/www.rajapack.ch\/verpackungsnews\/wp-content\/uploads\/2023\/05\/Blog-Header-Muelltrennung.jpg","contentUrl":"https:\/\/www.rajapack.ch\/verpackungsnews\/wp-content\/uploads\/2023\/05\/Blog-Header-Muelltrennung.jpg","width":1545,"height":588,"caption":"Abfallentsorgung Schweiz"},{"@type":"WebSite","@id":"https:\/\/www.rajapack.ch\/verpackungsnews\/#website","url":"https:\/\/www.rajapack.ch\/verpackungsnews\/","name":"RAJA Blog CH","description":"Verpackungsnews vom Experten","publisher":{"@id":"https:\/\/www.rajapack.ch\/verpackungsnews\/#organization"},"potentialAction":[{"@type":"SearchAction","target":{"@type":"EntryPoint","urlTemplate":"https:\/\/www.rajapack.ch\/verpackungsnews\/?s={search_term_string}"},"query-input":"required name=search_term_string"}],"inLanguage":"de-DE"},{"@type":"Organization","@id":"https:\/\/www.rajapack.ch\/verpackungsnews\/#organization","name":"RAJA Blog CH","url":"https:\/\/www.rajapack.ch\/verpackungsnews\/","logo":{"@type":"ImageObject","inLanguage":"de-DE","@id":"https:\/\/www.rajapack.ch\/verpackungsnews\/#\/schema\/logo\/image\/","url":"","contentUrl":"","caption":"RAJA Blog CH"},"image":{"@id":"https:\/\/www.rajapack.ch\/verpackungsnews\/#\/schema\/logo\/image\/"},"sameAs":["https:\/\/de.linkedin.com\/company\/rajapack-gmbh"]},{"@type":"Person","@id":"https:\/\/www.rajapack.ch\/verpackungsnews\/#\/schema\/person\/e0825d9926514f72b2ba6eafaf517f7a","name":"RAJAPACK Schweiz","image":{"@type":"ImageObject","inLanguage":"de-DE","@id":"https:\/\/www.rajapack.ch\/verpackungsnews\/#\/schema\/person\/image\/","url":"https:\/\/secure.gravatar.com\/avatar\/f391ad6b3c41197daad8136e36418c64?s=96&d=mm&r=g","contentUrl":"https:\/\/secure.gravatar.com\/avatar\/f391ad6b3c41197daad8136e36418c64?s=96&d=mm&r=g","caption":"RAJAPACK Schweiz"},"description":"Geschrieben von unseren Verpackungsexperten bei RAJAPACK Schweiz: Wir lieben Verpackungen.","url":"https:\/\/www.rajapack.ch\/verpackungsnews\/author\/raja-ch"}]}},"_links":{"self":[{"href":"https:\/\/www.rajapack.ch\/verpackungsnews\/wp-json\/wp\/v2\/posts\/29688"}],"collection":[{"href":"https:\/\/www.rajapack.ch\/verpackungsnews\/wp-json\/wp\/v2\/posts"}],"about":[{"href":"https:\/\/www.rajapack.ch\/verpackungsnews\/wp-json\/wp\/v2\/types\/post"}],"author":[{"embeddable":true,"href":"https:\/\/www.rajapack.ch\/verpackungsnews\/wp-json\/wp\/v2\/users\/20"}],"replies":[{"embeddable":true,"href":"https:\/\/www.rajapack.ch\/verpackungsnews\/wp-json\/wp\/v2\/comments?post=29688"}],"version-history":[{"count":2,"href":"https:\/\/www.rajapack.ch\/verpackungsnews\/wp-json\/wp\/v2\/posts\/29688\/revisions"}],"predecessor-version":[{"id":30559,"href":"https:\/\/www.rajapack.ch\/verpackungsnews\/wp-json\/wp\/v2\/posts\/29688\/revisions\/30559"}],"wp:featuredmedia":[{"embeddable":true,"href":"https:\/\/www.rajapack.ch\/verpackungsnews\/wp-json\/wp\/v2\/media\/29694"}],"wp:attachment":[{"href":"https:\/\/www.rajapack.ch\/verpackungsnews\/wp-json\/wp\/v2\/media?parent=29688"}],"wp:term":[{"taxonomy":"category","embeddable":true,"href":"https:\/\/www.rajapack.ch\/verpackungsnews\/wp-json\/wp\/v2\/categories?post=29688"},{"taxonomy":"post_tag","embeddable":true,"href":"https:\/\/www.rajapack.ch\/verpackungsnews\/wp-json\/wp\/v2\/tags?post=29688"}],"curies":[{"name":"wp","href":"https:\/\/api.w.org\/{rel}","templated":true}]}}