{"id":30055,"date":"2023-12-05T13:51:10","date_gmt":"2023-12-05T12:51:10","guid":{"rendered":"https:\/\/www.rajapack.ch\/verpackungsnews\/?p=30055"},"modified":"2026-03-12T08:39:48","modified_gmt":"2026-03-12T07:39:48","slug":"patricias-packtipps","status":"publish","type":"post","link":"https:\/\/www.rajapack.ch\/verpackungsnews\/patricias-packtipps","title":{"rendered":"Unsere Verpackungsfee Patricia stellt sich vor"},"content":{"rendered":"<h2><b>Patricia&#8217;s Packtipps geht in die erste Runde!<\/b><\/h2>\n<div class=\"su-spacer\" style=\"height:30px\"><\/div>\n<p>Herzlich willkommen zur ersten Episode unserer aufregenden neuen Verpackungsserie &#8222;Patricias Verpackungstipps&#8220;! Bei RAJAPACK sind wir stolz darauf, Ihnen mit Patricia einen Blick hinter die Kulissen der faszinierenden Welt der Verpackungen zu geben. In dieser Serie m\u00f6chten wir nicht nur praktische Tipps, sondern auch kreative und nachhaltige Ideen zu Produkten, <a href=\"https:\/\/www.rajapack.ch\/de_CH\/geschenkverpackungen_C65.html\">Geschenken<\/a> und <a href=\"https:\/\/www.rajapack.ch\/de_CH\/\">Verpackungen<\/a> vorstellen. Setzen Sie sich also gem\u00fctlich hin und lassen Sie sich von den innovativen M\u00f6glichkeiten inspirieren, die Verpackung bieten kann.<\/p>\n<div class=\"su-spacer\" style=\"height:20px\"><\/div>\n<h3>Die Kunst der Verpackung<\/h3>\n<p>In der ersten Folge von &#8222;Patricias Verpackungstipps&#8220; stellen wir Ihnen unsere Verpackungsfee Patricia vor. Mit ihrer lustigen Art, ihrer jahrelangen Erfahrung und ihrem Auge f\u00fcr Kreativit\u00e4t ist sie die perfekte Moderatorin. Seit \u00fcber 12 Jahren arbeitet sie bereits bei RAJAPACK und kennt praktisch jede Verpackung und jeden Trick.<\/p>\n<div class=\"su-spacer\" style=\"height:20px\"><\/div>\n<h3>Praktische Tipps f\u00fcr den Alltag:<\/h3>\n<p>Unsere Serie &#8222;Patricias Verpackungstipps&#8220; wird nicht nur theoretisch bleiben. Seien es clevere Falttechniken, um Geschenke besonders ansprechend zu verpacken, oder <a href=\"https:\/\/www.rajapack.ch\/de_CH\/umweltfreundliche-verpackungen_cms_000101.html\">umweltfreundliche Materialien<\/a>, die nicht nur die Natur schonen, sondern auch stilvoll aussehen. Wir zeigen Ihnen, wie Sie mit kleinen Ver\u00e4nderungen in Ihrer Verpackungsroutine einen grossen Einfluss erzielen k\u00f6nnen.<\/p>\n<p>B\u00fchne frei f\u00fcr Patricia&#8217;s Packtipps!<\/p>\n<p><iframe loading=\"lazy\" title=\"S1_E1 Patricia&#039;s Packtipps: Wer ist eigentlich Patricia? \ud83d\ude0e | RAJAPACK\" width=\"500\" height=\"281\" src=\"https:\/\/www.youtube.com\/embed\/_jcnlD1SEsk?feature=oembed\" frameborder=\"0\" allow=\"accelerometer; autoplay; clipboard-write; encrypted-media; gyroscope; picture-in-picture; web-share\" referrerpolicy=\"strict-origin-when-cross-origin\" allowfullscreen><\/iframe><\/p>\n<p>&nbsp;<\/p>\n","protected":false},"excerpt":{"rendered":"<p>Patricia&#8217;s Packtipps geht in die erste Runde! Herzlich willkommen zur ersten Episode unserer aufregenden neuen Verpackungsserie &#8222;Patricias Verpackungstipps&#8220;! Bei RAJAPACK sind wir stolz darauf, Ihnen mit Patricia einen Blick hinter [&#8230;]<\/p>\n","protected":false},"author":20,"featured_media":30095,"comment_status":"closed","ping_status":"closed","sticky":false,"template":"","format":"standard","meta":{"_acf_changed":false,"footnotes":""},"categories":[989],"tags":[766,991],"class_list":["post-30055","post","type-post","status-publish","format-standard","has-post-thumbnail","hentry","category-patricias-packtipps","tag-geschenke-verpacken","tag-verpackungstipps"],"acf":[],"yoast_head":"\n<title>Unsere Verpackungsfee Patricia stellt sich vor - RAJA Blog CH<\/title>\n<meta name=\"description\" content=\"Entdecken Sie Patricias Verpackungstipps und heben Sie Ihre Geschenkverpackungen mit kreativen Ideen auf ein neues Level!\" \/>\n<meta name=\"robots\" content=\"index, follow, max-snippet:-1, max-image-preview:large, max-video-preview:-1\" \/>\n<link rel=\"canonical\" href=\"https:\/\/www.rajapack.ch\/verpackungsnews\/patricias-packtipps\" \/>\n<meta property=\"og:locale\" content=\"de_DE\" \/>\n<meta property=\"og:type\" content=\"article\" \/>\n<meta property=\"og:title\" content=\"Unsere Verpackungsfee Patricia stellt sich vor - RAJA Blog CH\" \/>\n<meta property=\"og:description\" content=\"Entdecken Sie Patricias Verpackungstipps und heben Sie Ihre Geschenkverpackungen mit kreativen Ideen auf ein neues Level!\" \/>\n<meta property=\"og:url\" content=\"https:\/\/www.rajapack.ch\/verpackungsnews\/patricias-packtipps\" \/>\n<meta property=\"og:site_name\" content=\"RAJA Blog CH\" \/>\n<meta property=\"article:published_time\" content=\"2023-12-05T12:51:10+00:00\" \/>\n<meta property=\"article:modified_time\" content=\"2026-03-12T07:39:48+00:00\" \/>\n<meta property=\"og:image\" content=\"https:\/\/www.rajapack.ch\/verpackungsnews\/wp-content\/uploads\/2023\/12\/Screenshot-2023-12-18-174632.jpg\" \/>\n\t<meta property=\"og:image:width\" content=\"1634\" \/>\n\t<meta property=\"og:image:height\" content=\"915\" \/>\n\t<meta property=\"og:image:type\" content=\"image\/jpeg\" \/>\n<meta name=\"author\" content=\"RAJAPACK Schweiz\" \/>\n<meta name=\"twitter:card\" content=\"summary_large_image\" \/>\n<meta name=\"twitter:label1\" content=\"Verfasst von\" \/>\n\t<meta name=\"twitter:data1\" content=\"RAJAPACK Schweiz\" \/>\n\t<meta name=\"twitter:label2\" content=\"Gesch\u00e4tzte Lesezeit\" \/>\n\t<meta name=\"twitter:data2\" content=\"2 Minuten\" \/>\n<script type=\"application\/ld+json\" class=\"yoast-schema-graph\">{\n\t    \"@context\": \"https:\/\/schema.org\",\n\t    \"@graph\": [\n\t        {\n\t            \"@type\": \"Article\",\n\t            \"@id\": \"https:\/\/www.rajapack.ch\/verpackungsnews\/patricias-packtipps#article\",\n\t            \"isPartOf\": {\n\t                \"@id\": \"https:\/\/www.rajapack.ch\/verpackungsnews\/patricias-packtipps\"\n\t            },\n\t            \"author\": {\n\t                \"name\": \"RAJAPACK Schweiz\",\n\t                \"@id\": \"https:\/\/www.rajapack.ch\/verpackungsnews\/#\/schema\/person\/e0825d9926514f72b2ba6eafaf517f7a\"\n\t            },\n\t            \"headline\": \"Unsere Verpackungsfee Patricia stellt sich vor\",\n\t            \"datePublished\": \"2023-12-05T12:51:10+00:00\",\n\t            \"dateModified\": \"2026-03-12T07:39:48+00:00\",\n\t            \"mainEntityOfPage\": {\n\t                \"@id\": \"https:\/\/www.rajapack.ch\/verpackungsnews\/patricias-packtipps\"\n\t            },\n\t            \"wordCount\": 223,\n\t            \"publisher\": {\n\t                \"@id\": \"https:\/\/www.rajapack.ch\/verpackungsnews\/#organization\"\n\t            },\n\t            \"image\": {\n\t                \"@id\": \"https:\/\/www.rajapack.ch\/verpackungsnews\/patricias-packtipps#primaryimage\"\n\t            },\n\t            \"thumbnailUrl\": \"https:\/\/www.rajapack.ch\/verpackungsnews\/wp-content\/uploads\/2023\/12\/Screenshot-2023-12-18-174632.jpg\",\n\t            \"keywords\": [\n\t                \"Geschenke verpacken\",\n\t                \"Verpackungstipps\"\n\t            ],\n\t            \"articleSection\": [\n\t                \"Patricia's Packtipps\"\n\t            ],\n\t            \"inLanguage\": \"de-DE\"\n\t        },\n\t        {\n\t            \"@type\": \"WebPage\",\n\t            \"@id\": \"https:\/\/www.rajapack.ch\/verpackungsnews\/patricias-packtipps\",\n\t            \"url\": \"https:\/\/www.rajapack.ch\/verpackungsnews\/patricias-packtipps\",\n\t            \"name\": \"Unsere Verpackungsfee Patricia stellt sich vor - RAJA Blog CH\",\n\t            \"isPartOf\": {\n\t                \"@id\": \"https:\/\/www.rajapack.ch\/verpackungsnews\/#website\"\n\t            },\n\t            \"primaryImageOfPage\": {\n\t                \"@id\": \"https:\/\/www.rajapack.ch\/verpackungsnews\/patricias-packtipps#primaryimage\"\n\t            },\n\t            \"image\": {\n\t                \"@id\": \"https:\/\/www.rajapack.ch\/verpackungsnews\/patricias-packtipps#primaryimage\"\n\t            },\n\t            \"thumbnailUrl\": \"https:\/\/www.rajapack.ch\/verpackungsnews\/wp-content\/uploads\/2023\/12\/Screenshot-2023-12-18-174632.jpg\",\n\t            \"datePublished\": \"2023-12-05T12:51:10+00:00\",\n\t            \"dateModified\": \"2026-03-12T07:39:48+00:00\",\n\t            \"description\": \"Entdecken Sie Patricias Verpackungstipps und heben Sie Ihre Geschenkverpackungen mit kreativen Ideen auf ein neues Level!\",\n\t            \"inLanguage\": \"de-DE\",\n\t            \"potentialAction\": [\n\t                {\n\t                    \"@type\": \"ReadAction\",\n\t                    \"target\": [\n\t                        \"https:\/\/www.rajapack.ch\/verpackungsnews\/patricias-packtipps\"\n\t                    ]\n\t                }\n\t            ]\n\t        },\n\t        {\n\t            \"@type\": \"ImageObject\",\n\t            \"inLanguage\": \"de-DE\",\n\t            \"@id\": \"https:\/\/www.rajapack.ch\/verpackungsnews\/patricias-packtipps#primaryimage\",\n\t            \"url\": \"https:\/\/www.rajapack.ch\/verpackungsnews\/wp-content\/uploads\/2023\/12\/Screenshot-2023-12-18-174632.jpg\",\n\t            \"contentUrl\": \"https:\/\/www.rajapack.ch\/verpackungsnews\/wp-content\/uploads\/2023\/12\/Screenshot-2023-12-18-174632.jpg\",\n\t            \"width\": 1634,\n\t            \"height\": 915\n\t        },\n\t        {\n\t            \"@type\": \"WebSite\",\n\t            \"@id\": \"https:\/\/www.rajapack.ch\/verpackungsnews\/#website\",\n\t            \"url\": \"https:\/\/www.rajapack.ch\/verpackungsnews\/\",\n\t            \"name\": \"RAJA Blog CH\",\n\t            \"description\": \"Verpackungsnews vom Experten\",\n\t            \"publisher\": {\n\t                \"@id\": \"https:\/\/www.rajapack.ch\/verpackungsnews\/#organization\"\n\t            },\n\t            \"potentialAction\": [\n\t                {\n\t                    \"@type\": \"SearchAction\",\n\t                    \"target\": {\n\t                        \"@type\": \"EntryPoint\",\n\t                        \"urlTemplate\": \"https:\/\/www.rajapack.ch\/verpackungsnews\/?s={search_term_string}\"\n\t                    },\n\t                    \"query-input\": \"required name=search_term_string\"\n\t                }\n\t            ],\n\t            \"inLanguage\": \"de-DE\"\n\t        },\n\t        {\n\t            \"@type\": \"Organization\",\n\t            \"@id\": \"https:\/\/www.rajapack.ch\/verpackungsnews\/#organization\",\n\t            \"name\": \"RAJA Blog CH\",\n\t            \"url\": \"https:\/\/www.rajapack.ch\/verpackungsnews\/\",\n\t            \"logo\": {\n\t                \"@type\": \"ImageObject\",\n\t                \"inLanguage\": \"de-DE\",\n\t                \"@id\": \"https:\/\/www.rajapack.ch\/verpackungsnews\/#\/schema\/logo\/image\/\",\n\t                \"url\": \"\",\n\t                \"contentUrl\": \"\",\n\t                \"caption\": \"RAJA Blog CH\"\n\t            },\n\t            \"image\": {\n\t                \"@id\": \"https:\/\/www.rajapack.ch\/verpackungsnews\/#\/schema\/logo\/image\/\"\n\t            },\n\t            \"sameAs\": [\n\t                \"https:\/\/de.linkedin.com\/company\/rajapack-gmbh\"\n\t            ]\n\t        },\n\t        {\n\t            \"@type\": \"Person\",\n\t            \"@id\": \"https:\/\/www.rajapack.ch\/verpackungsnews\/#\/schema\/person\/e0825d9926514f72b2ba6eafaf517f7a\",\n\t            \"name\": \"RAJAPACK Schweiz\",\n\t            \"image\": {\n\t                \"@type\": \"ImageObject\",\n\t                \"inLanguage\": \"de-DE\",\n\t                \"@id\": \"https:\/\/www.rajapack.ch\/verpackungsnews\/#\/schema\/person\/image\/\",\n\t                \"url\": \"https:\/\/secure.gravatar.com\/avatar\/f391ad6b3c41197daad8136e36418c64?s=96&d=mm&r=g\",\n\t                \"contentUrl\": \"https:\/\/secure.gravatar.com\/avatar\/f391ad6b3c41197daad8136e36418c64?s=96&d=mm&r=g\",\n\t                \"caption\": \"RAJAPACK Schweiz\"\n\t            },\n\t            \"description\": \"Geschrieben von unseren Verpackungsexperten bei RAJAPACK Schweiz: Wir lieben Verpackungen.\",\n\t            \"url\": \"https:\/\/www.rajapack.ch\/verpackungsnews\/author\/raja-ch\"\n\t        }\n\t    ]\n\t}<\/script>\n","yoast_head_json":{"title":"Unsere Verpackungsfee Patricia stellt sich vor - RAJA Blog CH","description":"Entdecken Sie Patricias Verpackungstipps und heben Sie Ihre Geschenkverpackungen mit kreativen Ideen auf ein neues Level!","robots":{"index":"index","follow":"follow","max-snippet":"max-snippet:-1","max-image-preview":"max-image-preview:large","max-video-preview":"max-video-preview:-1"},"canonical":"https:\/\/www.rajapack.ch\/verpackungsnews\/patricias-packtipps","og_locale":"de_DE","og_type":"article","og_title":"Unsere Verpackungsfee Patricia stellt sich vor - RAJA Blog CH","og_description":"Entdecken Sie Patricias Verpackungstipps und heben Sie Ihre Geschenkverpackungen mit kreativen Ideen auf ein neues Level!","og_url":"https:\/\/www.rajapack.ch\/verpackungsnews\/patricias-packtipps","og_site_name":"RAJA Blog CH","article_published_time":"2023-12-05T12:51:10+00:00","article_modified_time":"2026-03-12T07:39:48+00:00","og_image":[{"width":1634,"height":915,"url":"https:\/\/www.rajapack.ch\/verpackungsnews\/wp-content\/uploads\/2023\/12\/Screenshot-2023-12-18-174632.jpg","type":"image\/jpeg"}],"author":"RAJAPACK Schweiz","twitter_card":"summary_large_image","twitter_misc":{"Verfasst von":"RAJAPACK Schweiz","Gesch\u00e4tzte Lesezeit":"2 Minuten"},"schema":{"@context":"https:\/\/schema.org","@graph":[{"@type":"Article","@id":"https:\/\/www.rajapack.ch\/verpackungsnews\/patricias-packtipps#article","isPartOf":{"@id":"https:\/\/www.rajapack.ch\/verpackungsnews\/patricias-packtipps"},"author":{"name":"RAJAPACK Schweiz","@id":"https:\/\/www.rajapack.ch\/verpackungsnews\/#\/schema\/person\/e0825d9926514f72b2ba6eafaf517f7a"},"headline":"Unsere Verpackungsfee Patricia stellt sich vor","datePublished":"2023-12-05T12:51:10+00:00","dateModified":"2026-03-12T07:39:48+00:00","mainEntityOfPage":{"@id":"https:\/\/www.rajapack.ch\/verpackungsnews\/patricias-packtipps"},"wordCount":223,"publisher":{"@id":"https:\/\/www.rajapack.ch\/verpackungsnews\/#organization"},"image":{"@id":"https:\/\/www.rajapack.ch\/verpackungsnews\/patricias-packtipps#primaryimage"},"thumbnailUrl":"https:\/\/www.rajapack.ch\/verpackungsnews\/wp-content\/uploads\/2023\/12\/Screenshot-2023-12-18-174632.jpg","keywords":["Geschenke verpacken","Verpackungstipps"],"articleSection":["Patricia's Packtipps"],"inLanguage":"de-DE"},{"@type":"WebPage","@id":"https:\/\/www.rajapack.ch\/verpackungsnews\/patricias-packtipps","url":"https:\/\/www.rajapack.ch\/verpackungsnews\/patricias-packtipps","name":"Unsere Verpackungsfee Patricia stellt sich vor - RAJA Blog CH","isPartOf":{"@id":"https:\/\/www.rajapack.ch\/verpackungsnews\/#website"},"primaryImageOfPage":{"@id":"https:\/\/www.rajapack.ch\/verpackungsnews\/patricias-packtipps#primaryimage"},"image":{"@id":"https:\/\/www.rajapack.ch\/verpackungsnews\/patricias-packtipps#primaryimage"},"thumbnailUrl":"https:\/\/www.rajapack.ch\/verpackungsnews\/wp-content\/uploads\/2023\/12\/Screenshot-2023-12-18-174632.jpg","datePublished":"2023-12-05T12:51:10+00:00","dateModified":"2026-03-12T07:39:48+00:00","description":"Entdecken Sie Patricias Verpackungstipps und heben Sie Ihre Geschenkverpackungen mit kreativen Ideen auf ein neues Level!","inLanguage":"de-DE","potentialAction":[{"@type":"ReadAction","target":["https:\/\/www.rajapack.ch\/verpackungsnews\/patricias-packtipps"]}]},{"@type":"ImageObject","inLanguage":"de-DE","@id":"https:\/\/www.rajapack.ch\/verpackungsnews\/patricias-packtipps#primaryimage","url":"https:\/\/www.rajapack.ch\/verpackungsnews\/wp-content\/uploads\/2023\/12\/Screenshot-2023-12-18-174632.jpg","contentUrl":"https:\/\/www.rajapack.ch\/verpackungsnews\/wp-content\/uploads\/2023\/12\/Screenshot-2023-12-18-174632.jpg","width":1634,"height":915},{"@type":"WebSite","@id":"https:\/\/www.rajapack.ch\/verpackungsnews\/#website","url":"https:\/\/www.rajapack.ch\/verpackungsnews\/","name":"RAJA Blog CH","description":"Verpackungsnews vom Experten","publisher":{"@id":"https:\/\/www.rajapack.ch\/verpackungsnews\/#organization"},"potentialAction":[{"@type":"SearchAction","target":{"@type":"EntryPoint","urlTemplate":"https:\/\/www.rajapack.ch\/verpackungsnews\/?s={search_term_string}"},"query-input":"required name=search_term_string"}],"inLanguage":"de-DE"},{"@type":"Organization","@id":"https:\/\/www.rajapack.ch\/verpackungsnews\/#organization","name":"RAJA Blog CH","url":"https:\/\/www.rajapack.ch\/verpackungsnews\/","logo":{"@type":"ImageObject","inLanguage":"de-DE","@id":"https:\/\/www.rajapack.ch\/verpackungsnews\/#\/schema\/logo\/image\/","url":"","contentUrl":"","caption":"RAJA Blog CH"},"image":{"@id":"https:\/\/www.rajapack.ch\/verpackungsnews\/#\/schema\/logo\/image\/"},"sameAs":["https:\/\/de.linkedin.com\/company\/rajapack-gmbh"]},{"@type":"Person","@id":"https:\/\/www.rajapack.ch\/verpackungsnews\/#\/schema\/person\/e0825d9926514f72b2ba6eafaf517f7a","name":"RAJAPACK Schweiz","image":{"@type":"ImageObject","inLanguage":"de-DE","@id":"https:\/\/www.rajapack.ch\/verpackungsnews\/#\/schema\/person\/image\/","url":"https:\/\/secure.gravatar.com\/avatar\/f391ad6b3c41197daad8136e36418c64?s=96&d=mm&r=g","contentUrl":"https:\/\/secure.gravatar.com\/avatar\/f391ad6b3c41197daad8136e36418c64?s=96&d=mm&r=g","caption":"RAJAPACK Schweiz"},"description":"Geschrieben von unseren Verpackungsexperten bei RAJAPACK Schweiz: Wir lieben Verpackungen.","url":"https:\/\/www.rajapack.ch\/verpackungsnews\/author\/raja-ch"}]}},"_links":{"self":[{"href":"https:\/\/www.rajapack.ch\/verpackungsnews\/wp-json\/wp\/v2\/posts\/30055"}],"collection":[{"href":"https:\/\/www.rajapack.ch\/verpackungsnews\/wp-json\/wp\/v2\/posts"}],"about":[{"href":"https:\/\/www.rajapack.ch\/verpackungsnews\/wp-json\/wp\/v2\/types\/post"}],"author":[{"embeddable":true,"href":"https:\/\/www.rajapack.ch\/verpackungsnews\/wp-json\/wp\/v2\/users\/20"}],"replies":[{"embeddable":true,"href":"https:\/\/www.rajapack.ch\/verpackungsnews\/wp-json\/wp\/v2\/comments?post=30055"}],"version-history":[{"count":6,"href":"https:\/\/www.rajapack.ch\/verpackungsnews\/wp-json\/wp\/v2\/posts\/30055\/revisions"}],"predecessor-version":[{"id":30855,"href":"https:\/\/www.rajapack.ch\/verpackungsnews\/wp-json\/wp\/v2\/posts\/30055\/revisions\/30855"}],"wp:featuredmedia":[{"embeddable":true,"href":"https:\/\/www.rajapack.ch\/verpackungsnews\/wp-json\/wp\/v2\/media\/30095"}],"wp:attachment":[{"href":"https:\/\/www.rajapack.ch\/verpackungsnews\/wp-json\/wp\/v2\/media?parent=30055"}],"wp:term":[{"taxonomy":"category","embeddable":true,"href":"https:\/\/www.rajapack.ch\/verpackungsnews\/wp-json\/wp\/v2\/categories?post=30055"},{"taxonomy":"post_tag","embeddable":true,"href":"https:\/\/www.rajapack.ch\/verpackungsnews\/wp-json\/wp\/v2\/tags?post=30055"}],"curies":[{"name":"wp","href":"https:\/\/api.w.org\/{rel}","templated":true}]}}