{"id":30401,"date":"2025-01-09T14:23:16","date_gmt":"2025-01-09T13:23:16","guid":{"rendered":"https:\/\/www.rajapack.ch\/verpackungsnews\/?p=30401"},"modified":"2025-12-23T09:10:52","modified_gmt":"2025-12-23T08:10:52","slug":"das-richtige-regal-fuer-ihr-lager","status":"publish","type":"post","link":"https:\/\/www.rajapack.ch\/verpackungsnews\/das-richtige-regal-fuer-ihr-lager","title":{"rendered":"Das richtige Regal f\u00fcr Ihr Lager"},"content":{"rendered":"<h5><strong>Regal \u2013 egal? Absolut nicht!<\/strong> Es gibt zahlreiche verschiedene <a href=\"https:\/\/www.rajapack.ch\/de_CH\/lagerung-handling\/lagerregale_C5070.html\">Lagerregale<\/a>, die sich in einer Vielzahl von Merkmalen unterscheiden. Fachbodenregale, Grossfachregale, <a href=\"https:\/\/www.rajapack.ch\/de_CH\/lagerung-handling\/palettenregale_C507060.html\">Palettenregale<\/a>, <a href=\"https:\/\/www.rajapack.ch\/de_CH\/lagerung-handling\/schraegbodenregale_C507020.html\">Schr\u00e4gbodenregale<\/a> und Weitspannregale \u2013 um nur einige Regalarten zu nennen. Um <strong>das richtige Regal f\u00fcr Ihr Lager<\/strong> zu finden, kl\u00e4ren wir zun\u00e4chst einmal die wichtigsten Begrifflichkeiten \u2013 grafisch!<\/h5>\n<hr \/>\n<h2>Was h\u00e4lt das Regal aus?<\/h2>\n<div class=\"su-spacer\"><\/div>\n<p>Um <strong>das richtige Regal f\u00fcr Ihr Lager<\/strong> zu finden, beginnen wir mit den wichtigsten Begriffen: Je nach Regalarten oder Anbieter gibt es unterschiedliche Angaben. Begriffe wie Feldlast, Fachlast, Nutzlast und Traglast k\u00f6nnen schnell zu Verwirrung f\u00fchren.<\/p>\n<p>Um eine \u00dcberlastung der Regale zu vermeiden, ist jedes Regal mit der sogenannten <strong>Fachlast<\/strong> und der <strong>Feldlast<\/strong> gekennzeichnet, die nicht \u00fcberschritten werden d\u00fcrfen. Die Begriffe <strong>Nutzlast<\/strong> oder auch <strong>Traglast<\/strong> sind im Grunde Kunstbegriffe, die immer entweder auf das Regalfeld oder den Regalfachboden bezogen sind. Die <strong>Nutzlast<\/strong> pro Regalboden ist also identisch mit der <strong>Fachlast<\/strong>, die <strong>Traglast<\/strong> je Regalfeld ist gleichbedeutend mit der <strong>Feldlast<\/strong>.<\/p>\n<p>Die <strong>Fachlast<\/strong> ist dabei das Maximalgewicht, mit dem die einzelnen F\u00e4cher des Regals, also die einzelnen Regalb\u00f6den, belastet werden d\u00fcrfen. Dabei wird von einer gleichm\u00e4ssigen Belastung des Regalbodens ausgegangen.<img loading=\"lazy\" decoding=\"async\" class=\"aligncenter wp-image-24353\" src=\"https:\/\/www.rajapack.ch\/verpackungsnews\/wp-content\/uploads\/2018\/06\/Feld_Fach_Platz-1-430x198.png\" alt=\"Fachlast, Feldlast, Stellplatz: Begrifflichkeiten\" width=\"732\" height=\"337\" srcset=\"https:\/\/www.rajapack.ch\/verpackungsnews\/wp-content\/uploads\/2018\/06\/Feld_Fach_Platz-1-430x198.png 430w, https:\/\/www.rajapack.ch\/verpackungsnews\/wp-content\/uploads\/2018\/06\/Feld_Fach_Platz-1-768x354.png 768w, https:\/\/www.rajapack.ch\/verpackungsnews\/wp-content\/uploads\/2018\/06\/Feld_Fach_Platz-1.png 774w\" sizes=\"(max-width: 732px) 100vw, 732px\" \/><\/p>\n<div><\/div>\n<div>\n<p><strong>Rechenbeispiel:<\/strong> Ist die Feldlast mit 1200 kg angegeben und die Fachlast mit 120 kg, kann das Regalfeld theoretisch mit 10 Fachb\u00f6den best\u00fcckt werden.<\/p>\n<h2>Das 1&#215;1 der Regale: Wichtige Fakten im \u00dcberblick<\/h2>\n<ul>\n<li>Die <strong>Fachlast<\/strong> gibt das Gewicht (Summe in kg) aller auf einem Fachboden gelagerten G\u00fcter an. In unserem Beispiel ist die <strong>Fachlast<\/strong> f\u00fcr den oberen Boden also die Summe der Gewichte von A+B+C+D+E und die <strong>Fachlast<\/strong> f\u00fcr den unteren Boden die Summe der Gewichte von F+G+H+I.<\/li>\n<li>Die <strong>Feldlast<\/strong> [roter Pfeil] gibt die Summe der eingelagerten Gewichte zwischen zwei Traversen an. In unserem Beispiel also die Summe aus A+B+C+D+E+F+G+H+I.<\/li>\n<li>Die Gewichte von J, K und L werden nicht der <strong>Feldlast<\/strong> zugerechnet, da diese auf dem Boden eingelagert sind: <strong>Bodenlagerpl\u00e4tze<\/strong> [grau] eignen sich sehr gut f\u00fcr auf Paletten gelagerte Waren.<\/li>\n<li>Die <strong>Regalh\u00f6he<\/strong> [lila Pfeil] ist die Gesamth\u00f6he des Regales ohne Inhalt.<\/li>\n<li>Die <strong>Knickh\u00f6he<\/strong> (auch Knickl\u00e4nge) [gelber Pfeil] ist der Abstand vom Boden bis zur Oberkante des n\u00e4chsten Regalfaches.<\/li>\n<li>Der Begriff <strong>Traverse<\/strong> [blauer Pfeil] kommt aus dem Franz\u00f6sischen und bedeutet Querstrebe bzw. Quertr\u00e4ger. Bei Regalen sind <strong>Traversen<\/strong> die eigentlichen Ladungstr\u00e4ger und heissen daher oft auch Regaltr\u00e4ger oder Regalrahmen.<\/li>\n<\/ul>\n<h2>Welche Regalarten gibt es?<\/h2>\n<div class=\"su-spacer\">\n<p>Wir bei RAJAPACK unterscheiden grunds\u00e4tzlich zwischen verschiedenen Regaltypen. Welches das passende Regal ist, h\u00e4ngt von verschiedenen Faktoren ab, wie der einzulagernden Ware, den r\u00e4umlichen Gegebenheiten und dem Verwendungszweck.<\/p>\n<p>Folgende Regalarten gibt es:<\/p>\n<\/div>\n<ul>\n<li><strong><a href=\"https:\/\/www.rajapack.ch\/de_CH\/lagerung-handling\/universal-fachbodenregale_C507010.html\" target=\"_blank\" rel=\"noopener\" data-gtm-tracked-element=\"true\">Universal- Fachbodenregale<\/a><\/strong>sind f\u00fcr die Lagerung von\u00a0<strong>unpalettierter Ware und Kleinteilen<\/strong>\u00a0die ideale L\u00f6sung. Sie haben flexibel verstellbare Fachb\u00f6den und bieten damit Platz f\u00fcr viele Gegenst\u00e4nde wodurch sie sowohl f\u00fcr B\u00fcro, Archiv und Lager geeignet sind.<\/li>\n<li><a href=\"https:\/\/www.rajapack.ch\/de_CH\/lagerung-handling\/schraegbodenregale_C507020.html\" target=\"_blank\" rel=\"noopener\" data-gtm-tracked-element=\"true\"><strong>Schr\u00e4gbodenregale<\/strong><\/a>\u00a0erm\u00f6glichen einen besseren Einblick und einen schnellen und einfachen Zugriff auf die Lagerware, gleichzeitig sorgt die schr\u00e4ge Regalfl\u00e4che f\u00fcr das Nachrutschen des Lagergutes. Sie sind somit vor allem f\u00fcr das\u00a0<strong>Picken von Kleinteilen und Ersatzteilen<\/strong>\u00a0aus Sichtlagerk\u00e4sten oder\u00a0<a href=\"https:\/\/www.rajapack.ch\/de_CH\/lagerung-handling\/lagerboxen-kaesten\/aufbewahrungsboxen_C501020.html\" target=\"_blank\" rel=\"noopener\" data-gtm-tracked-element=\"true\">Aufbewahrungsboxen<\/a>\u00a0sowie das<strong>\u00a0Kommissionieren<\/strong>\u00a0gut geeignet.<\/li>\n<li><a href=\"https:\/\/www.rajapack.ch\/de_CH\/lagerung-handling\/weitspannregale-grossfachregale_C507050.html\"><strong>Weitspann<\/strong><b>&#8211; und Grossfachregale<\/b><\/a>\u00a0eignen sich f\u00fcr die Lagerung von\u00a0<strong>schweren, sperrigen, volumin\u00f6sen und unpalettierten Gegenst\u00e4nden<\/strong>\u00a0besonders gut. Sie sind durch ihre einfache Montage flexibel einsetzbar, leicht erweiterbar und k\u00f6nnen variabel aufgestellt werden.<\/li>\n<li><a href=\"https:\/\/www.rajapack.ch\/de_CH\/lagerung-handling\/palettenregale_C507060.html\" target=\"_blank\" rel=\"noopener\" data-gtm-tracked-element=\"true\"><strong>Palettenregale<\/strong><\/a>\u00a0sind beispielsweise f\u00fcr den Export- und Logistikbereich geeignet. Schwere, auf Europaletten palettierte Ware kann hier optimal gelagert werden. F\u00fcr Palettenregale werden geeignete Flurf\u00f6rderfahrzeuge ben\u00f6tigt.<\/li>\n<li><a href=\"https:\/\/www.rajapack.ch\/de_CH\/lagerung-handling\/rungenpaletten-einsteckrungen-aussenbereich_OFF_CH_0959.html\" target=\"_blank\" rel=\"noopener\" data-gtm-tracked-element=\"true\">Rungenpaletten mit Einsteckrungen<\/a>\u00a0sind f\u00fcr die Bildung von Blocklagern ideal, sie sind \u00fcberall dort im Einsatz wo es schnell und flexibel zugeht, etwa bei\u00a0<b>Saisonware oder Hilfsg\u00fcter<\/b><\/li>\n<li><a href=\"https:\/\/www.rajapack.ch\/de_CH\/lagerung-handling\/kragarmregal_OFF_CH_01293.html\" target=\"_blank\" rel=\"noopener\" data-gtm-tracked-element=\"true\">Kragarmregale<\/a>\u00a0sind speziell f\u00fcr die\u00a0<strong>Lagerung von langen G\u00fctern<\/strong>\u00a0wie Balken oder Bretter.<\/li>\n<\/ul>\n<h2>Welche Regalarten f\u00fcr welches Produkt?<\/h2>\n<div class=\"su-spacer\">Welche Art von G\u00fctern will ich einlagern? Die Wahl der Regalart h\u00e4ngt massgeblich vom einzulagernden Material ab. Hier ein \u00dcberblick, welche Regalarten sich f\u00fcr welche Produkte besonders gut eignen:<\/div>\n<div><\/div>\n<div><\/div>\n<div class=\"su-table 01 table { 02 background-color: #ffeda0; 03 border-collapse: collapse; 04 border: none; 05 } 06 thead { 07 background-color: #f3c600; 08 } 09 tfoot { 10 background-color: #F7F1D4; 11 font-size: 80%; 12 border-top: 1px solid #999; 13 } 14 td, th { 15 text-align: center; 16 padding: 0.5em 1em; 17 } su-table-responsive su-table-alternate\">\n<table style=\"height: 686px;\" width=\"893\">\n<tbody>\n<tr>\n<td width=\"201\"><strong>Welche Art von G\u00fctern will ich einlagern?<\/strong><\/td>\n<td width=\"201\"><strong>Welche Regalarten eignen sich<\/strong><\/td>\n<td width=\"201\"><strong>Das hilft<\/strong><\/td>\n<\/tr>\n<tr>\n<td style=\"text-align: center;\" width=\"201\">Lose Kleinst- oder Kleinteile<br \/>\nwie z.B. Schrauben<\/td>\n<td style=\"text-align: center;\" width=\"201\">F\u00e4cherregal,<br \/>\nSchr\u00e4gbodenregal,<br \/>\nModulares Regal,<br \/>\nFachbodenregal,<br \/>\nSteckregal,<br \/>\nUniversalregal<\/td>\n<td style=\"text-align: center;\" width=\"201\">Stapelbeh\u00e4lter,<br \/>\nSichtlagerboxen,<br \/>\nRegalk\u00e4sten<\/td>\n<\/tr>\n<tr>\n<td style=\"text-align: center;\" width=\"201\">Kleinteile<br \/>\nwie Boxen, Kartons, Aktenordner\u2026<\/td>\n<td style=\"text-align: center;\" width=\"201\">Modulares Regal,<br \/>\nFachbodenregal,<br \/>\nSteckregal,<br \/>\nUniversalregal<\/td>\n<td style=\"text-align: center;\" width=\"201\">Klapptritt,<br \/>\nStahlblech-R\u00fcckwand<\/td>\n<\/tr>\n<tr>\n<td style=\"text-align: center;\" width=\"201\">Grosse, sperrige G\u00fcter<br \/>\nwie Rohre, S\u00e4cke, Leisten<\/td>\n<td style=\"text-align: center;\" width=\"201\">Grossfachregal,<br \/>\nWeitspannregal,<br \/>\nWeitspannregal f\u00fcr Kommissionierung und Paletten,<br \/>\nRungenpalettenregal<\/td>\n<td style=\"text-align: center;\" width=\"201\">Sackkarre f\u00fcr<br \/>\nvolumin\u00f6se Ladungen<\/td>\n<\/tr>\n<tr>\n<td style=\"text-align: center;\" width=\"201\">Paletten<\/td>\n<td style=\"text-align: center;\" width=\"201\">Weitspannregal f\u00fcr Kommissionierung und Paletten,<br \/>\nRungenpalettenregal,<br \/>\nPaletten-Regal,<br \/>\nEuropalettenregal<\/td>\n<td style=\"text-align: center;\" width=\"201\">Wiegehubwagen<\/td>\n<\/tr>\n<tr>\n<td style=\"text-align: center;\" width=\"201\">Sehr verschieden:<br \/>\nVon Kleinsteilen bis zur Palette<\/td>\n<td style=\"text-align: center;\" width=\"201\">Grossfachregale mit Spanplatte,<br \/>\nevent. Modulare Regale<\/td>\n<td style=\"text-align: center;\" width=\"201\">Klapptritt,<br \/>\nRollhocker<\/td>\n<\/tr>\n<\/tbody>\n<\/table>\n<\/div>\n<\/div>\n<p>&nbsp;<\/p>\n<div>\n<h2>Kleine Regal-Kunde: Fachlast, Feldlast, Knickl\u00e4nge<\/h2>\n<div class=\"su-spacer\"><\/div>\n<p><img loading=\"lazy\" decoding=\"async\" class=\"aligncenter wp-image-24355 size-large lazyloaded\" src=\"https:\/\/www.rajapack.de\/verpackungsnews\/wp-content\/uploads\/2018\/06\/Grafik-eigen-Regal-1024x717.png\" sizes=\"(max-width: 1024px) 100vw, 1024px\" srcset=\"https:\/\/www.rajapack.de\/verpackungsnews\/wp-content\/uploads\/2018\/06\/Grafik-eigen-Regal-1024x717.png 1024w, https:\/\/www.rajapack.de\/verpackungsnews\/wp-content\/uploads\/2018\/06\/Grafik-eigen-Regal-300x210.png 300w, https:\/\/www.rajapack.de\/verpackungsnews\/wp-content\/uploads\/2018\/06\/Grafik-eigen-Regal-768x537.png 768w, https:\/\/www.rajapack.de\/verpackungsnews\/wp-content\/uploads\/2018\/06\/Grafik-eigen-Regal.png 1029w\" alt=\"Fachlast Feldlast erkl\u00e4rt\" width=\"1024\" height=\"717\" data-gtm-tracked-element=\"true\" data-ll-status=\"loaded\" \/><\/p>\n<p>Die <strong>Fachlast<\/strong> gibt das Gewicht (Summe in kg) aller auf einem Fachboden gelagerten G\u00fcter an. In unserem Beispiel ist die <strong>Fachlast<\/strong> f\u00fcr den oberen Boden also die Summe der Gewichte von A+B+C+D+E und die <strong>Fachlast<\/strong> f\u00fcr den unteren Boden die Summe der Gewichte von F+G+H+I. Die <strong>Feldlast<\/strong> [roter Pfeil] gibt die Summe der eingelagerten Gewichte zwischen zwei Traversen an. In unserem Beispiel also die Summe aus A+B+C+D+E+F+G+H+I.<\/p>\n<p>Die Gewichte von J, K und L werden nicht der <strong>Feldlast<\/strong> zugerechnet, da diese auf dem Boden eingelagert sind: <strong>Bodenlagerpl\u00e4tze<\/strong> [grau] eignen sich sehr gut f\u00fcr auf Paletten gelagerte Waren.<\/p>\n<p>Die <strong>Regalh\u00f6he<\/strong> [lila Pfeil] ist die Gesamth\u00f6he des Regales ohne Inhalt. Die <strong>Knickh\u00f6he<\/strong> (auch Knickl\u00e4nge) [gelber Pfeil] ist der Abstand vom Boden bis zur Oberkante des n\u00e4chsten Regalfaches. Der Begriff <strong>Traverse<\/strong> [blauer Pfeil] kommt aus dem Franz\u00f6sischen und bedeutet Querstrebe bzw. Quertr\u00e4ger. Bei Regalen sind <strong>Traversen<\/strong> die eigentlichen Ladungstr\u00e4ger und heissen daher oft auch Regaltr\u00e4ger oder Regalrahmen.<\/p>\n<hr \/>\n<\/div>\n<div>\n<div class=\"flex max-w-full flex-col flex-grow\">\n<div class=\"min-h-8 text-message flex w-full flex-col items-end gap-2 whitespace-normal break-words text-start [.text-message+&amp;]:mt-5\" dir=\"auto\" data-message-author-role=\"assistant\" data-message-id=\"023f1fec-b9b0-47c7-a0eb-bf81cbea94c2\" data-message-model-slug=\"gpt-4o-mini\">\n<div class=\"flex w-full flex-col gap-1 empty:hidden first:pt-[3px]\">\n<div class=\"markdown prose w-full break-words dark:prose-invert light\">\n<p>Mit dem richtigen Wissen zu Fachlast, Feldlast und Regalarten finden Sie garantiert <strong>das richtige Regal f\u00fcr Ihr Lager<\/strong> \u2013 effizient, sicher und perfekt auf Ihre Bed\u00fcrfnisse abgestimmt.<\/p>\n<\/div>\n<\/div>\n<\/div>\n<\/div>\n<\/div>\n","protected":false},"excerpt":{"rendered":"<p>Regal \u2013 egal? Absolut nicht! Es gibt zahlreiche verschiedene Lagerregale, die sich in einer Vielzahl von Merkmalen unterscheiden. Fachbodenregale, Grossfachregale, Palettenregale, Schr\u00e4gbodenregale und Weitspannregale \u2013 um nur einige Regalarten zu [&#8230;]<\/p>\n","protected":false},"author":20,"featured_media":24358,"comment_status":"open","ping_status":"closed","sticky":false,"template":"","format":"standard","meta":{"_acf_changed":false,"footnotes":""},"categories":[20],"tags":[262,726,1021],"class_list":["post-30401","post","type-post","status-publish","format-standard","has-post-thumbnail","hentry","category-know-how","tag-lager","tag-materialkunde","tag-regale"],"acf":[],"yoast_head":"\n<title>Das richtige Regal f\u00fcr Ihr Lager - RAJA Blog CH<\/title>\n<meta name=\"description\" content=\"Finden Sie das richtige Regal f\u00fcr Ihr Lager \u2013 mit unseren verst\u00e4ndlichen Erkl\u00e4rungen der wichtigsten Fachbegriffe.\" \/>\n<meta name=\"robots\" content=\"index, follow, max-snippet:-1, max-image-preview:large, max-video-preview:-1\" \/>\n<link rel=\"canonical\" href=\"https:\/\/www.rajapack.ch\/verpackungsnews\/das-richtige-regal-fuer-ihr-lager\" \/>\n<meta property=\"og:locale\" content=\"de_DE\" \/>\n<meta property=\"og:type\" content=\"article\" \/>\n<meta property=\"og:title\" content=\"Das richtige Regal f\u00fcr Ihr Lager - RAJA Blog CH\" \/>\n<meta property=\"og:description\" content=\"Finden Sie das richtige Regal f\u00fcr Ihr Lager \u2013 mit unseren verst\u00e4ndlichen Erkl\u00e4rungen der wichtigsten Fachbegriffe.\" \/>\n<meta property=\"og:url\" content=\"https:\/\/www.rajapack.ch\/verpackungsnews\/das-richtige-regal-fuer-ihr-lager\" \/>\n<meta property=\"og:site_name\" content=\"RAJA Blog CH\" \/>\n<meta property=\"article:published_time\" content=\"2025-01-09T13:23:16+00:00\" \/>\n<meta property=\"article:modified_time\" content=\"2025-12-23T08:10:52+00:00\" \/>\n<meta property=\"og:image\" content=\"https:\/\/www.rajapack.ch\/verpackungsnews\/wp-content\/uploads\/2018\/06\/Regale_Begrifflichkeiten-1536x585-1-e1679479554975.png\" \/>\n\t<meta property=\"og:image:width\" content=\"820\" \/>\n\t<meta property=\"og:image:height\" content=\"312\" \/>\n\t<meta property=\"og:image:type\" content=\"image\/png\" \/>\n<meta name=\"author\" content=\"RAJAPACK Schweiz\" \/>\n<meta name=\"twitter:card\" content=\"summary_large_image\" \/>\n<meta name=\"twitter:label1\" content=\"Verfasst von\" \/>\n\t<meta name=\"twitter:data1\" content=\"RAJAPACK Schweiz\" \/>\n\t<meta name=\"twitter:label2\" content=\"Gesch\u00e4tzte Lesezeit\" \/>\n\t<meta name=\"twitter:data2\" content=\"6 Minuten\" \/>\n<script type=\"application\/ld+json\" class=\"yoast-schema-graph\">{\n\t    \"@context\": \"https:\/\/schema.org\",\n\t    \"@graph\": [\n\t        {\n\t            \"@type\": \"Article\",\n\t            \"@id\": \"https:\/\/www.rajapack.ch\/verpackungsnews\/das-richtige-regal-fuer-ihr-lager#article\",\n\t            \"isPartOf\": {\n\t                \"@id\": \"https:\/\/www.rajapack.ch\/verpackungsnews\/das-richtige-regal-fuer-ihr-lager\"\n\t            },\n\t            \"author\": {\n\t                \"name\": \"RAJAPACK Schweiz\",\n\t                \"@id\": \"https:\/\/www.rajapack.ch\/verpackungsnews\/#\/schema\/person\/e0825d9926514f72b2ba6eafaf517f7a\"\n\t            },\n\t            \"headline\": \"Das richtige Regal f\u00fcr Ihr Lager\",\n\t            \"datePublished\": \"2025-01-09T13:23:16+00:00\",\n\t            \"dateModified\": \"2025-12-23T08:10:52+00:00\",\n\t            \"mainEntityOfPage\": {\n\t                \"@id\": \"https:\/\/www.rajapack.ch\/verpackungsnews\/das-richtige-regal-fuer-ihr-lager\"\n\t            },\n\t            \"wordCount\": 1011,\n\t            \"commentCount\": 0,\n\t            \"publisher\": {\n\t                \"@id\": \"https:\/\/www.rajapack.ch\/verpackungsnews\/#organization\"\n\t            },\n\t            \"image\": {\n\t                \"@id\": \"https:\/\/www.rajapack.ch\/verpackungsnews\/das-richtige-regal-fuer-ihr-lager#primaryimage\"\n\t            },\n\t            \"thumbnailUrl\": \"https:\/\/www.rajapack.ch\/verpackungsnews\/wp-content\/uploads\/2018\/06\/Regale_Begrifflichkeiten-1536x585-1-e1679479554975.png\",\n\t            \"keywords\": [\n\t                \"Lager\",\n\t                \"Materialkunde\",\n\t                \"regale\"\n\t            ],\n\t            \"articleSection\": [\n\t                \"Know How\"\n\t            ],\n\t            \"inLanguage\": \"de-DE\",\n\t            \"potentialAction\": [\n\t                {\n\t                    \"@type\": \"CommentAction\",\n\t                    \"name\": \"Comment\",\n\t                    \"target\": [\n\t                        \"https:\/\/www.rajapack.ch\/verpackungsnews\/das-richtige-regal-fuer-ihr-lager#respond\"\n\t                    ]\n\t                }\n\t            ]\n\t        },\n\t        {\n\t            \"@type\": \"WebPage\",\n\t            \"@id\": \"https:\/\/www.rajapack.ch\/verpackungsnews\/das-richtige-regal-fuer-ihr-lager\",\n\t            \"url\": \"https:\/\/www.rajapack.ch\/verpackungsnews\/das-richtige-regal-fuer-ihr-lager\",\n\t            \"name\": \"Das richtige Regal f\u00fcr Ihr Lager - RAJA Blog CH\",\n\t            \"isPartOf\": {\n\t                \"@id\": \"https:\/\/www.rajapack.ch\/verpackungsnews\/#website\"\n\t            },\n\t            \"primaryImageOfPage\": {\n\t                \"@id\": \"https:\/\/www.rajapack.ch\/verpackungsnews\/das-richtige-regal-fuer-ihr-lager#primaryimage\"\n\t            },\n\t            \"image\": {\n\t                \"@id\": \"https:\/\/www.rajapack.ch\/verpackungsnews\/das-richtige-regal-fuer-ihr-lager#primaryimage\"\n\t            },\n\t            \"thumbnailUrl\": \"https:\/\/www.rajapack.ch\/verpackungsnews\/wp-content\/uploads\/2018\/06\/Regale_Begrifflichkeiten-1536x585-1-e1679479554975.png\",\n\t            \"datePublished\": \"2025-01-09T13:23:16+00:00\",\n\t            \"dateModified\": \"2025-12-23T08:10:52+00:00\",\n\t            \"description\": \"Finden Sie das richtige Regal f\u00fcr Ihr Lager \u2013 mit unseren verst\u00e4ndlichen Erkl\u00e4rungen der wichtigsten Fachbegriffe.\",\n\t            \"inLanguage\": \"de-DE\",\n\t            \"potentialAction\": [\n\t                {\n\t                    \"@type\": \"ReadAction\",\n\t                    \"target\": [\n\t                        \"https:\/\/www.rajapack.ch\/verpackungsnews\/das-richtige-regal-fuer-ihr-lager\"\n\t                    ]\n\t                }\n\t            ]\n\t        },\n\t        {\n\t            \"@type\": \"ImageObject\",\n\t            \"inLanguage\": \"de-DE\",\n\t            \"@id\": \"https:\/\/www.rajapack.ch\/verpackungsnews\/das-richtige-regal-fuer-ihr-lager#primaryimage\",\n\t            \"url\": \"https:\/\/www.rajapack.ch\/verpackungsnews\/wp-content\/uploads\/2018\/06\/Regale_Begrifflichkeiten-1536x585-1-e1679479554975.png\",\n\t            \"contentUrl\": \"https:\/\/www.rajapack.ch\/verpackungsnews\/wp-content\/uploads\/2018\/06\/Regale_Begrifflichkeiten-1536x585-1-e1679479554975.png\",\n\t            \"width\": 820,\n\t            \"height\": 312,\n\t            \"caption\": \"Regalarten erkl\u00e4rt\"\n\t        },\n\t        {\n\t            \"@type\": \"WebSite\",\n\t            \"@id\": \"https:\/\/www.rajapack.ch\/verpackungsnews\/#website\",\n\t            \"url\": \"https:\/\/www.rajapack.ch\/verpackungsnews\/\",\n\t            \"name\": \"RAJA Blog CH\",\n\t            \"description\": \"Verpackungsnews vom Experten\",\n\t            \"publisher\": {\n\t                \"@id\": \"https:\/\/www.rajapack.ch\/verpackungsnews\/#organization\"\n\t            },\n\t            \"potentialAction\": [\n\t                {\n\t                    \"@type\": \"SearchAction\",\n\t                    \"target\": {\n\t                        \"@type\": \"EntryPoint\",\n\t                        \"urlTemplate\": \"https:\/\/www.rajapack.ch\/verpackungsnews\/?s={search_term_string}\"\n\t                    },\n\t                    \"query-input\": \"required name=search_term_string\"\n\t                }\n\t            ],\n\t            \"inLanguage\": \"de-DE\"\n\t        },\n\t        {\n\t            \"@type\": \"Organization\",\n\t            \"@id\": \"https:\/\/www.rajapack.ch\/verpackungsnews\/#organization\",\n\t            \"name\": \"RAJA Blog CH\",\n\t            \"url\": \"https:\/\/www.rajapack.ch\/verpackungsnews\/\",\n\t            \"logo\": {\n\t                \"@type\": \"ImageObject\",\n\t                \"inLanguage\": \"de-DE\",\n\t                \"@id\": \"https:\/\/www.rajapack.ch\/verpackungsnews\/#\/schema\/logo\/image\/\",\n\t                \"url\": \"\",\n\t                \"contentUrl\": \"\",\n\t                \"caption\": \"RAJA Blog CH\"\n\t            },\n\t            \"image\": {\n\t                \"@id\": \"https:\/\/www.rajapack.ch\/verpackungsnews\/#\/schema\/logo\/image\/\"\n\t            },\n\t            \"sameAs\": [\n\t                \"https:\/\/de.linkedin.com\/company\/rajapack-gmbh\"\n\t            ]\n\t        },\n\t        {\n\t            \"@type\": \"Person\",\n\t            \"@id\": \"https:\/\/www.rajapack.ch\/verpackungsnews\/#\/schema\/person\/e0825d9926514f72b2ba6eafaf517f7a\",\n\t            \"name\": \"RAJAPACK Schweiz\",\n\t            \"image\": {\n\t                \"@type\": \"ImageObject\",\n\t                \"inLanguage\": \"de-DE\",\n\t                \"@id\": \"https:\/\/www.rajapack.ch\/verpackungsnews\/#\/schema\/person\/image\/\",\n\t                \"url\": \"https:\/\/secure.gravatar.com\/avatar\/f391ad6b3c41197daad8136e36418c64?s=96&d=mm&r=g\",\n\t                \"contentUrl\": \"https:\/\/secure.gravatar.com\/avatar\/f391ad6b3c41197daad8136e36418c64?s=96&d=mm&r=g\",\n\t                \"caption\": \"RAJAPACK Schweiz\"\n\t            },\n\t            \"description\": \"Geschrieben von unseren Verpackungsexperten bei RAJAPACK Schweiz: Wir lieben Verpackungen.\",\n\t            \"url\": \"https:\/\/www.rajapack.ch\/verpackungsnews\/author\/raja-ch\"\n\t        }\n\t    ]\n\t}<\/script>\n","yoast_head_json":{"title":"Das richtige Regal f\u00fcr Ihr Lager - RAJA Blog CH","description":"Finden Sie das richtige Regal f\u00fcr Ihr Lager \u2013 mit unseren verst\u00e4ndlichen Erkl\u00e4rungen der wichtigsten Fachbegriffe.","robots":{"index":"index","follow":"follow","max-snippet":"max-snippet:-1","max-image-preview":"max-image-preview:large","max-video-preview":"max-video-preview:-1"},"canonical":"https:\/\/www.rajapack.ch\/verpackungsnews\/das-richtige-regal-fuer-ihr-lager","og_locale":"de_DE","og_type":"article","og_title":"Das richtige Regal f\u00fcr Ihr Lager - RAJA Blog CH","og_description":"Finden Sie das richtige Regal f\u00fcr Ihr Lager \u2013 mit unseren verst\u00e4ndlichen Erkl\u00e4rungen der wichtigsten Fachbegriffe.","og_url":"https:\/\/www.rajapack.ch\/verpackungsnews\/das-richtige-regal-fuer-ihr-lager","og_site_name":"RAJA Blog CH","article_published_time":"2025-01-09T13:23:16+00:00","article_modified_time":"2025-12-23T08:10:52+00:00","og_image":[{"width":820,"height":312,"url":"https:\/\/www.rajapack.ch\/verpackungsnews\/wp-content\/uploads\/2018\/06\/Regale_Begrifflichkeiten-1536x585-1-e1679479554975.png","type":"image\/png"}],"author":"RAJAPACK Schweiz","twitter_card":"summary_large_image","twitter_misc":{"Verfasst von":"RAJAPACK Schweiz","Gesch\u00e4tzte Lesezeit":"6 Minuten"},"schema":{"@context":"https:\/\/schema.org","@graph":[{"@type":"Article","@id":"https:\/\/www.rajapack.ch\/verpackungsnews\/das-richtige-regal-fuer-ihr-lager#article","isPartOf":{"@id":"https:\/\/www.rajapack.ch\/verpackungsnews\/das-richtige-regal-fuer-ihr-lager"},"author":{"name":"RAJAPACK Schweiz","@id":"https:\/\/www.rajapack.ch\/verpackungsnews\/#\/schema\/person\/e0825d9926514f72b2ba6eafaf517f7a"},"headline":"Das richtige Regal f\u00fcr Ihr Lager","datePublished":"2025-01-09T13:23:16+00:00","dateModified":"2025-12-23T08:10:52+00:00","mainEntityOfPage":{"@id":"https:\/\/www.rajapack.ch\/verpackungsnews\/das-richtige-regal-fuer-ihr-lager"},"wordCount":1011,"commentCount":0,"publisher":{"@id":"https:\/\/www.rajapack.ch\/verpackungsnews\/#organization"},"image":{"@id":"https:\/\/www.rajapack.ch\/verpackungsnews\/das-richtige-regal-fuer-ihr-lager#primaryimage"},"thumbnailUrl":"https:\/\/www.rajapack.ch\/verpackungsnews\/wp-content\/uploads\/2018\/06\/Regale_Begrifflichkeiten-1536x585-1-e1679479554975.png","keywords":["Lager","Materialkunde","regale"],"articleSection":["Know How"],"inLanguage":"de-DE","potentialAction":[{"@type":"CommentAction","name":"Comment","target":["https:\/\/www.rajapack.ch\/verpackungsnews\/das-richtige-regal-fuer-ihr-lager#respond"]}]},{"@type":"WebPage","@id":"https:\/\/www.rajapack.ch\/verpackungsnews\/das-richtige-regal-fuer-ihr-lager","url":"https:\/\/www.rajapack.ch\/verpackungsnews\/das-richtige-regal-fuer-ihr-lager","name":"Das richtige Regal f\u00fcr Ihr Lager - RAJA Blog CH","isPartOf":{"@id":"https:\/\/www.rajapack.ch\/verpackungsnews\/#website"},"primaryImageOfPage":{"@id":"https:\/\/www.rajapack.ch\/verpackungsnews\/das-richtige-regal-fuer-ihr-lager#primaryimage"},"image":{"@id":"https:\/\/www.rajapack.ch\/verpackungsnews\/das-richtige-regal-fuer-ihr-lager#primaryimage"},"thumbnailUrl":"https:\/\/www.rajapack.ch\/verpackungsnews\/wp-content\/uploads\/2018\/06\/Regale_Begrifflichkeiten-1536x585-1-e1679479554975.png","datePublished":"2025-01-09T13:23:16+00:00","dateModified":"2025-12-23T08:10:52+00:00","description":"Finden Sie das richtige Regal f\u00fcr Ihr Lager \u2013 mit unseren verst\u00e4ndlichen Erkl\u00e4rungen der wichtigsten Fachbegriffe.","inLanguage":"de-DE","potentialAction":[{"@type":"ReadAction","target":["https:\/\/www.rajapack.ch\/verpackungsnews\/das-richtige-regal-fuer-ihr-lager"]}]},{"@type":"ImageObject","inLanguage":"de-DE","@id":"https:\/\/www.rajapack.ch\/verpackungsnews\/das-richtige-regal-fuer-ihr-lager#primaryimage","url":"https:\/\/www.rajapack.ch\/verpackungsnews\/wp-content\/uploads\/2018\/06\/Regale_Begrifflichkeiten-1536x585-1-e1679479554975.png","contentUrl":"https:\/\/www.rajapack.ch\/verpackungsnews\/wp-content\/uploads\/2018\/06\/Regale_Begrifflichkeiten-1536x585-1-e1679479554975.png","width":820,"height":312,"caption":"Regalarten erkl\u00e4rt"},{"@type":"WebSite","@id":"https:\/\/www.rajapack.ch\/verpackungsnews\/#website","url":"https:\/\/www.rajapack.ch\/verpackungsnews\/","name":"RAJA Blog CH","description":"Verpackungsnews vom Experten","publisher":{"@id":"https:\/\/www.rajapack.ch\/verpackungsnews\/#organization"},"potentialAction":[{"@type":"SearchAction","target":{"@type":"EntryPoint","urlTemplate":"https:\/\/www.rajapack.ch\/verpackungsnews\/?s={search_term_string}"},"query-input":"required name=search_term_string"}],"inLanguage":"de-DE"},{"@type":"Organization","@id":"https:\/\/www.rajapack.ch\/verpackungsnews\/#organization","name":"RAJA Blog CH","url":"https:\/\/www.rajapack.ch\/verpackungsnews\/","logo":{"@type":"ImageObject","inLanguage":"de-DE","@id":"https:\/\/www.rajapack.ch\/verpackungsnews\/#\/schema\/logo\/image\/","url":"","contentUrl":"","caption":"RAJA Blog CH"},"image":{"@id":"https:\/\/www.rajapack.ch\/verpackungsnews\/#\/schema\/logo\/image\/"},"sameAs":["https:\/\/de.linkedin.com\/company\/rajapack-gmbh"]},{"@type":"Person","@id":"https:\/\/www.rajapack.ch\/verpackungsnews\/#\/schema\/person\/e0825d9926514f72b2ba6eafaf517f7a","name":"RAJAPACK Schweiz","image":{"@type":"ImageObject","inLanguage":"de-DE","@id":"https:\/\/www.rajapack.ch\/verpackungsnews\/#\/schema\/person\/image\/","url":"https:\/\/secure.gravatar.com\/avatar\/f391ad6b3c41197daad8136e36418c64?s=96&d=mm&r=g","contentUrl":"https:\/\/secure.gravatar.com\/avatar\/f391ad6b3c41197daad8136e36418c64?s=96&d=mm&r=g","caption":"RAJAPACK Schweiz"},"description":"Geschrieben von unseren Verpackungsexperten bei RAJAPACK Schweiz: Wir lieben Verpackungen.","url":"https:\/\/www.rajapack.ch\/verpackungsnews\/author\/raja-ch"}]}},"_links":{"self":[{"href":"https:\/\/www.rajapack.ch\/verpackungsnews\/wp-json\/wp\/v2\/posts\/30401"}],"collection":[{"href":"https:\/\/www.rajapack.ch\/verpackungsnews\/wp-json\/wp\/v2\/posts"}],"about":[{"href":"https:\/\/www.rajapack.ch\/verpackungsnews\/wp-json\/wp\/v2\/types\/post"}],"author":[{"embeddable":true,"href":"https:\/\/www.rajapack.ch\/verpackungsnews\/wp-json\/wp\/v2\/users\/20"}],"replies":[{"embeddable":true,"href":"https:\/\/www.rajapack.ch\/verpackungsnews\/wp-json\/wp\/v2\/comments?post=30401"}],"version-history":[{"count":6,"href":"https:\/\/www.rajapack.ch\/verpackungsnews\/wp-json\/wp\/v2\/posts\/30401\/revisions"}],"predecessor-version":[{"id":30699,"href":"https:\/\/www.rajapack.ch\/verpackungsnews\/wp-json\/wp\/v2\/posts\/30401\/revisions\/30699"}],"wp:featuredmedia":[{"embeddable":true,"href":"https:\/\/www.rajapack.ch\/verpackungsnews\/wp-json\/wp\/v2\/media\/24358"}],"wp:attachment":[{"href":"https:\/\/www.rajapack.ch\/verpackungsnews\/wp-json\/wp\/v2\/media?parent=30401"}],"wp:term":[{"taxonomy":"category","embeddable":true,"href":"https:\/\/www.rajapack.ch\/verpackungsnews\/wp-json\/wp\/v2\/categories?post=30401"},{"taxonomy":"post_tag","embeddable":true,"href":"https:\/\/www.rajapack.ch\/verpackungsnews\/wp-json\/wp\/v2\/tags?post=30401"}],"curies":[{"name":"wp","href":"https:\/\/api.w.org\/{rel}","templated":true}]}}