{"id":30491,"date":"2025-08-27T11:18:07","date_gmt":"2025-08-27T09:18:07","guid":{"rendered":"https:\/\/www.rajapack.ch\/verpackungsnews\/?p=30491"},"modified":"2025-12-09T17:01:25","modified_gmt":"2025-12-09T16:01:25","slug":"warum-made-in-europe-produkte-waehlen","status":"publish","type":"post","link":"https:\/\/www.rajapack.ch\/verpackungsnews\/warum-made-in-europe-produkte-waehlen","title":{"rendered":"Warum \u201eMade in Europe\u201c-Produkte w\u00e4hlen?"},"content":{"rendered":"<p data-start=\"295\" data-end=\"502\"><strong data-start=\"295\" data-end=\"313\">Made in Europe-<\/strong>Produkte stehen f\u00fcr Qualit\u00e4t, Sicherheit, Umweltfreundlichkeit und kurze Lieferzeiten. Erfahren Sie, warum eine europ\u00e4ische Produktion nicht nur nachhaltig, sondern auch wirtschaftlich sinnvoll ist.<\/p>\n<hr data-start=\"504\" data-end=\"507\" \/>\n<h3 data-start=\"509\" data-end=\"561\"><strong data-start=\"513\" data-end=\"561\">1. Strenge EU-Normen f\u00fcr maximale Sicherheit<\/strong><\/h3>\n<p data-start=\"563\" data-end=\"689\">Europ\u00e4ische Standards geh\u00f6ren zu den strengsten weltweit in puncto <strong data-start=\"630\" data-end=\"671\">Qualit\u00e4t, Sicherheit und Umweltschutz<\/strong>. Sie garantieren:<\/p>\n<ul data-start=\"691\" data-end=\"1047\">\n<li data-start=\"691\" data-end=\"758\">\n<p data-start=\"693\" data-end=\"758\"><strong data-start=\"693\" data-end=\"714\">Gepr\u00fcfte Produkte<\/strong> gem\u00e4ss REACH-Verordnung und ISO\/EN-Normen.<\/p>\n<\/li>\n<li data-start=\"759\" data-end=\"929\">\n<p data-start=\"761\" data-end=\"929\"><strong data-start=\"761\" data-end=\"789\">Zertifizierungspflichten<\/strong> f\u00fcr Zusammensetzung, Sicherheit und Unbedenklichkeit \u2013 besonders bei <strong data-start=\"859\" data-end=\"926\">Lebensmittelverpackungen, Klebstoffen und Verbrauchsmaterialien<\/strong>.<\/p>\n<\/li>\n<li data-start=\"930\" data-end=\"1047\">\n<p data-start=\"932\" data-end=\"1047\"><strong data-start=\"932\" data-end=\"964\">Komplette R\u00fcckverfolgbarkeit<\/strong> im Falle eines Produktr\u00fcckrufs \u2013 f\u00fcr schnellen und wirksamen Schutz Ihrer Marke.<\/p>\n<\/li>\n<\/ul>\n<p data-start=\"1049\" data-end=\"1211\">Zus\u00e4tzlich f\u00f6rdern gesetzliche Regelungen die <strong data-start=\"1095\" data-end=\"1118\">Kreislaufwirtschaft<\/strong>, z. B. durch das AGEC-Gesetz zur Reduzierung von Verpackungen und zur F\u00f6rderung von Mehrweg.<\/p>\n<hr data-start=\"1213\" data-end=\"1216\" \/>\n<h3 data-start=\"1218\" data-end=\"1272\"><strong data-start=\"1222\" data-end=\"1272\">2. Schnelle Lieferzeiten &amp; optimierte Logistik<\/strong><\/h3>\n<p data-start=\"1274\" data-end=\"1341\">Dank <strong data-start=\"1279\" data-end=\"1320\">kurzer Lieferketten innerhalb Europas<\/strong> profitieren Sie von:<\/p>\n<ul data-start=\"1343\" data-end=\"1621\">\n<li data-start=\"1343\" data-end=\"1413\">\n<p data-start=\"1345\" data-end=\"1413\"><strong data-start=\"1345\" data-end=\"1379\">Deutlich k\u00fcrzeren Lieferzeiten<\/strong> \u2013 weniger Projektverz\u00f6gerungen.<\/p>\n<\/li>\n<li data-start=\"1414\" data-end=\"1501\">\n<p data-start=\"1416\" data-end=\"1501\"><strong data-start=\"1416\" data-end=\"1432\">Flexibilit\u00e4t<\/strong> bei Mengenanpassungen und Nachbestellungen innerhalb weniger Tage.<\/p>\n<\/li>\n<li data-start=\"1502\" data-end=\"1621\">\n<p data-start=\"1504\" data-end=\"1621\"><strong data-start=\"1504\" data-end=\"1534\">Geringeren Transportkosten<\/strong> \u2013 durch effizientere Routen und weniger Risiko bei \u00dcberlastungen in der Lieferkette.<\/p>\n<\/li>\n<\/ul>\n<hr data-start=\"1649\" data-end=\"1652\" \/>\n<h3 data-start=\"1654\" data-end=\"1704\"><strong data-start=\"1658\" data-end=\"1704\">3. Weniger CO\u2082-Emissionen durch kurze Wege<\/strong><\/h3>\n<p data-start=\"1706\" data-end=\"1789\">Wer auf <strong data-start=\"1714\" data-end=\"1740\">europ\u00e4ische Produktion<\/strong> setzt, reduziert seinen \u00f6kologischen Fussabdruck:<\/p>\n<ul data-start=\"1791\" data-end=\"2010\">\n<li data-start=\"1791\" data-end=\"1875\">\n<p data-start=\"1793\" data-end=\"1875\"><strong data-start=\"1793\" data-end=\"1808\">Weniger CO\u2082<\/strong> durch Vermeidung von See- und Luftfracht aus Asien oder Amerika.<\/p>\n<\/li>\n<li data-start=\"1876\" data-end=\"1934\">\n<p data-start=\"1878\" data-end=\"1934\"><strong data-start=\"1878\" data-end=\"1903\">Reduzierte Verpackung<\/strong> durch k\u00fcrzere Transportwege.<\/p>\n<\/li>\n<li data-start=\"1935\" data-end=\"2010\">\n<p data-start=\"1937\" data-end=\"2010\"><strong data-start=\"1937\" data-end=\"1957\">Mehr Transparenz<\/strong> bei der Umweltbilanz dank regionaler Lieferketten.<\/p>\n<\/li>\n<\/ul>\n<hr data-start=\"2041\" data-end=\"2044\" \/>\n<h4 data-start=\"2046\" data-end=\"2119\"><strong data-start=\"2051\" data-end=\"2119\">Ganzheitlicher Ansatz: Von der Rohstoffquelle bis zum Endprodukt<\/strong><\/h4>\n<p data-start=\"2121\" data-end=\"2162\">Am Beispiel von <strong data-start=\"2137\" data-end=\"2159\">Kartonverpackungen<\/strong>:<\/p>\n<ul data-start=\"2163\" data-end=\"2297\">\n<li data-start=\"2163\" data-end=\"2186\">\n<p data-start=\"2165\" data-end=\"2186\">Herkunft des Holzes<\/p>\n<\/li>\n<li data-start=\"2187\" data-end=\"2218\">\n<p data-start=\"2189\" data-end=\"2218\">Herstellung der Papiermasse<\/p>\n<\/li>\n<li data-start=\"2219\" data-end=\"2245\">\n<p data-start=\"2221\" data-end=\"2245\">Produktion des Kartons<\/p>\n<\/li>\n<li data-start=\"2246\" data-end=\"2297\">\n<p data-start=\"2248\" data-end=\"2297\">Endverarbeitung zum fertigen Verpackungsprodukt<\/p>\n<\/li>\n<\/ul>\n<p data-start=\"2299\" data-end=\"2429\"><strong data-start=\"2299\" data-end=\"2309\">Fazit:<\/strong> Nur durch l\u00fcckenlose <strong data-start=\"2331\" data-end=\"2353\">R\u00fcckverfolgbarkeit<\/strong> lassen sich Verbesserungen f\u00fcr eine nachhaltige Lieferkette identifizieren.<\/p>\n<hr data-start=\"2431\" data-end=\"2434\" \/>\n<h3 data-start=\"2436\" data-end=\"2499\"><strong data-start=\"2440\" data-end=\"2499\">4. St\u00e4rkung der europ\u00e4ischen Wirtschaft &amp; Arbeitspl\u00e4tze<\/strong><\/h3>\n<p data-start=\"2501\" data-end=\"2537\">Mit Made in Europe unterst\u00fctzen Sie:<\/p>\n<ul data-start=\"2539\" data-end=\"2746\">\n<li data-start=\"2539\" data-end=\"2601\">\n<p data-start=\"2541\" data-end=\"2601\"><strong data-start=\"2541\" data-end=\"2570\">Lokale Produktionsst\u00e4tten<\/strong>, die Jobs in Europa sichern.<\/p>\n<\/li>\n<li data-start=\"2602\" data-end=\"2689\">\n<p data-start=\"2604\" data-end=\"2689\"><strong data-start=\"2604\" data-end=\"2635\">Fachwissen und Innovationen<\/strong> in Branchen wie Verpackung, Logistik und Industrie.<\/p>\n<\/li>\n<li data-start=\"2690\" data-end=\"2746\">\n<p data-start=\"2692\" data-end=\"2746\"><strong data-start=\"2692\" data-end=\"2743\">Investitionen in nachhaltige Fertigungsprozesse<\/strong>.<\/p>\n<\/li>\n<\/ul>\n<p><iframe loading=\"lazy\" title=\"YouTube video player\" src=\"https:\/\/www.youtube.com\/embed\/EdX61k3MfEM?si=9VNpxkeFUcRZeTKn\" width=\"560\" height=\"315\" frameborder=\"0\" allowfullscreen=\"allowfullscreen\"><\/iframe><\/p>\n<hr data-start=\"2748\" data-end=\"2751\" \/>\n<h2 data-start=\"2753\" data-end=\"2799\"><strong data-start=\"2756\" data-end=\"2799\">Beispiele f\u00fcr Produkte \u201eMade in Europe\u201c<\/strong><\/h2>\n<p>&nbsp;<\/p>\n<ul>\n<li><a href=\"https:\/\/www.rajapack.ch\/de_CH\/kartons-schachteln-container\/sonderformat-kartonagen\/blitzboden-aufrichtekarton-mit-haftklebeverschluss_OFF_CH_0427.html\"><strong>Wellpapp Faltkartons mit Automatikboden und Haftklebeverschluss RAJAPACK, 1-wellig<\/strong><\/a>: L\u00e4sst sich dreimal schneller aufbauen und ohne Klebeband verschliessen \u2013 das spart Kosten und reduziert Abfall<img loading=\"lazy\" decoding=\"async\" class=\"aligncenter wp-image-30506\" src=\"https:\/\/www.rajapack.ch\/verpackungsnews\/wp-content\/uploads\/2025\/08\/Wellpapp-Faltkartons-mit-Automatikboden-und-Haftklebeverschluss-430x412.jpg\" alt=\"\" width=\"273\" height=\"261\" srcset=\"https:\/\/www.rajapack.ch\/verpackungsnews\/wp-content\/uploads\/2025\/08\/Wellpapp-Faltkartons-mit-Automatikboden-und-Haftklebeverschluss-430x412.jpg 430w, https:\/\/www.rajapack.ch\/verpackungsnews\/wp-content\/uploads\/2025\/08\/Wellpapp-Faltkartons-mit-Automatikboden-und-Haftklebeverschluss.jpg 643w\" sizes=\"(max-width: 273px) 100vw, 273px\" \/><\/li>\n<li>Die <strong><a href=\"https:\/\/www.rajapack.ch\/de_CH\/kartons-schachteln-container\/versandkartons-postverpackungen\/postkartons-rajapost-braun_PDT00397.html\">braune Postkartons RAJAPOST <\/a><\/strong>sind ideal f\u00fcr Ihre Versandauftr\u00e4ge. Mit diversen verf\u00fcgbaren Formaten finden Sie f\u00fcr jedes Produkt die passende Gr\u00f6sse, um es optimal zu verpacken. Hergestellt aus Recyclingkarton und zu 100\u202f% recycelbar, vereint sie Praktikabilit\u00e4t und Umweltfreundlichkeit.<\/li>\n<\/ul>\n<p><img loading=\"lazy\" decoding=\"async\" class=\"aligncenter wp-image-30505\" src=\"https:\/\/www.rajapack.ch\/verpackungsnews\/wp-content\/uploads\/2025\/08\/Braune-Postkartons-430x409.jpg\" alt=\"\" width=\"277\" height=\"263\" srcset=\"https:\/\/www.rajapack.ch\/verpackungsnews\/wp-content\/uploads\/2025\/08\/Braune-Postkartons-430x409.jpg 430w, https:\/\/www.rajapack.ch\/verpackungsnews\/wp-content\/uploads\/2025\/08\/Braune-Postkartons.jpg 707w\" sizes=\"(max-width: 277px) 100vw, 277px\" \/><\/p>\n<ul>\n<li><a href=\"https:\/\/www.rajapack.ch\/de_CH\/kartons-schachteln-container\/faltkartons-aus-wellpappe\/braune-wellpapp-faltkartons-rajabox-2-wellig-lange-bis-400mm_OFF_DE_0149.html\"><strong>Braune Wellpapp-Faltkartons RAJAPACK, 2-wellig<\/strong><\/a> sind in mehreren Formaten erh\u00e4ltlich. So finden Sie die perfekte Gr\u00f6sse, um Ihre Produkte passgenau zu verpacken, Hohlr\u00e4ume im Paket zu vermeiden und Verpackungsabfall zu reduzieren. Ideal f\u00fcr schwere oder empfindliche Produkte.<\/li>\n<\/ul>\n<p><img loading=\"lazy\" decoding=\"async\" class=\"aligncenter wp-image-30507\" src=\"https:\/\/www.rajapack.ch\/verpackungsnews\/wp-content\/uploads\/2025\/08\/Braune-Wellpapp-Faltkartons-RAJA-2-wellig-Laenge-bis-400-mm-430x301.jpg\" alt=\"\" width=\"301\" height=\"211\" srcset=\"https:\/\/www.rajapack.ch\/verpackungsnews\/wp-content\/uploads\/2025\/08\/Braune-Wellpapp-Faltkartons-RAJA-2-wellig-Laenge-bis-400-mm-430x301.jpg 430w, https:\/\/www.rajapack.ch\/verpackungsnews\/wp-content\/uploads\/2025\/08\/Braune-Wellpapp-Faltkartons-RAJA-2-wellig-Laenge-bis-400-mm.jpg 706w\" sizes=\"(max-width: 301px) 100vw, 301px\" \/><\/p>\n<ul>\n<li>Die <a href=\"https:\/\/www.rajapack.ch\/de_CH\/versandtaschen-umschlage-versandrohre\/polsterumschlage\/luftpolster-versandtaschen-rajabul-weiss_OFF_DE_0357.html\"><strong>weissen Luftpolster-Versandtaschen Eco RAJA<\/strong><\/a> sch\u00fctzen Ihre empfindlichen Sendungen dank der aus recyceltem Material hergestellten Luftpolster und ihres Designs, das das Sortieren erleichtert \u2013 f\u00fcr verantwortungsvollere Versandl\u00f6sungen.<\/li>\n<\/ul>\n<p><img loading=\"lazy\" decoding=\"async\" class=\"aligncenter wp-image-30508\" src=\"https:\/\/www.rajapack.ch\/verpackungsnews\/wp-content\/uploads\/2025\/08\/Luftpolsterversandtaschen-430x308.jpg\" alt=\"\" width=\"295\" height=\"211\" srcset=\"https:\/\/www.rajapack.ch\/verpackungsnews\/wp-content\/uploads\/2025\/08\/Luftpolsterversandtaschen-430x308.jpg 430w, https:\/\/www.rajapack.ch\/verpackungsnews\/wp-content\/uploads\/2025\/08\/Luftpolsterversandtaschen.jpg 673w\" sizes=\"(max-width: 295px) 100vw, 295px\" \/><\/p>\n<p>&nbsp;<\/p>\n<ul>\n<li>Die<strong> <a href=\"https:\/\/www.rajapack.ch\/de_CH\/beutel-behaelter\/luftpolsterbeutel-mit-haftklebeverschluss-recycelt_OFF_CH_01786.html\">Luftpolsterbeutel mit Haftklebeverschluss, 80% recycelt RAJA<\/a> <\/strong>sch\u00fctzt Ihre Produkte zuverl\u00e4ssig dank des schnellen Verschlusses und ihrer \u00fcberwiegend recycelten Zusammensetzung.<img loading=\"lazy\" decoding=\"async\" class=\"aligncenter wp-image-30504\" src=\"https:\/\/www.rajapack.ch\/verpackungsnews\/wp-content\/uploads\/2025\/08\/Luftpolsterbeutel-O-10-mm-mit-Haftklebeverschluss-80-recycelt-RAJA-430x236.jpg\" alt=\"\" width=\"364\" height=\"200\" srcset=\"https:\/\/www.rajapack.ch\/verpackungsnews\/wp-content\/uploads\/2025\/08\/Luftpolsterbeutel-O-10-mm-mit-Haftklebeverschluss-80-recycelt-RAJA-430x236.jpg 430w, https:\/\/www.rajapack.ch\/verpackungsnews\/wp-content\/uploads\/2025\/08\/Luftpolsterbeutel-O-10-mm-mit-Haftklebeverschluss-80-recycelt-RAJA.jpg 732w\" sizes=\"(max-width: 364px) 100vw, 364px\" \/><\/li>\n<\/ul>\n<p>&nbsp;<\/p>\n<ul>\n<li>Das <strong data-start=\"47\" data-end=\"235\"><a href=\"https:\/\/www.rajapack.ch\/de_CH\/klebebander-verschlussmittel\/packband\/papier-packband-rajatape_PDT01167.html\">Papierklebeband <\/a><\/strong>besteht aus Kraftpapier und Naturkautschukkleber und ist die perfekte Alternative zu Plastikb\u00e4ndern, wobei es ebenso zuverl\u00e4ssig zum Verschliessen von Paketen ist.<img loading=\"lazy\" decoding=\"async\" class=\"aligncenter wp-image-30503\" src=\"https:\/\/www.rajapack.ch\/verpackungsnews\/wp-content\/uploads\/2025\/08\/Papier-Packband-430x391.jpg\" alt=\"\" width=\"276\" height=\"251\" srcset=\"https:\/\/www.rajapack.ch\/verpackungsnews\/wp-content\/uploads\/2025\/08\/Papier-Packband-430x391.jpg 430w, https:\/\/www.rajapack.ch\/verpackungsnews\/wp-content\/uploads\/2025\/08\/Papier-Packband.jpg 670w\" sizes=\"(max-width: 276px) 100vw, 276px\" \/><\/li>\n<\/ul>\n<p>&nbsp;<\/p>\n<ul>\n<li>Die <strong><a href=\"https:\/\/www.rajapack.ch\/de_CH\/tragetaschen-geschenkverpackung\/geschenkverpackungen\/papierwolle_OFF_DE_0379.html\">Papierwolle RAJA<\/a><\/strong> sch\u00fctzt und wertet Ihre Produkte auf und bietet gleichzeitig eine dekorative, recycelbare und kompostierbare Polsterl\u00f6sung aus Recyclingpapier.<\/li>\n<\/ul>\n<p><img loading=\"lazy\" decoding=\"async\" class=\"aligncenter wp-image-30502\" src=\"https:\/\/www.rajapack.ch\/verpackungsnews\/wp-content\/uploads\/2025\/08\/papierwolle-430x356.jpg\" alt=\"\" width=\"326\" height=\"270\" srcset=\"https:\/\/www.rajapack.ch\/verpackungsnews\/wp-content\/uploads\/2025\/08\/papierwolle-430x356.jpg 430w, https:\/\/www.rajapack.ch\/verpackungsnews\/wp-content\/uploads\/2025\/08\/papierwolle.jpg 723w\" sizes=\"(max-width: 326px) 100vw, 326px\" \/><\/p>\n<ul>\n<li>Die <a href=\"https:\/\/www.rajapack.ch\/de_CH\/tragetaschen-geschenkverpackung\/papiertragetaschen\/weisse-braune-papier-tragetaschen-papierhenkel-rajashop_PDT00636.html\"><strong>weissen und braunen Papier-Tragetaschen mit Flachhenkeln RAJA<\/strong><\/a> sind stabil, recycelbar und aus Papier aus nachhaltig bewirtschafteten W\u00e4ldern hergestellt \u2013 die ideale \u00f6kologische Alternative zu Plastik f\u00fcr Ihre Verpackungen.<\/li>\n<\/ul>\n<p><img loading=\"lazy\" decoding=\"async\" class=\"aligncenter wp-image-30509\" src=\"https:\/\/www.rajapack.ch\/verpackungsnews\/wp-content\/uploads\/2025\/08\/Tragetaschen-430x303.jpg\" alt=\"\" width=\"363\" height=\"256\" srcset=\"https:\/\/www.rajapack.ch\/verpackungsnews\/wp-content\/uploads\/2025\/08\/Tragetaschen-430x303.jpg 430w, https:\/\/www.rajapack.ch\/verpackungsnews\/wp-content\/uploads\/2025\/08\/Tragetaschen-768x542.jpg 768w, https:\/\/www.rajapack.ch\/verpackungsnews\/wp-content\/uploads\/2025\/08\/Tragetaschen-800x567.jpg 800w, https:\/\/www.rajapack.ch\/verpackungsnews\/wp-content\/uploads\/2025\/08\/Tragetaschen.jpg 804w\" sizes=\"(max-width: 363px) 100vw, 363px\" \/><\/p>\n<ul>\n<li>Das <a href=\"https:\/\/www.rajapack.ch\/de_CH\/polster-fuellmaterialien\/knullpapier-spenderbox_OFF_CH_01344.html\"><strong>Kn\u00fcllpapier in der Spenderbox<\/strong><\/a> eignet sich ideal, um Hohlr\u00e4ume zu f\u00fcllen und Produkte in Paketen zu fixieren, und sch\u00fctzt sie so effektiv vor St\u00f6ssen w\u00e4hrend des Transports.<img loading=\"lazy\" decoding=\"async\" class=\"aligncenter wp-image-30501\" src=\"https:\/\/www.rajapack.ch\/verpackungsnews\/wp-content\/uploads\/2025\/08\/Knuellpapier-in-der-Spenderbox-430x353.jpg\" alt=\"\" width=\"295\" height=\"242\" srcset=\"https:\/\/www.rajapack.ch\/verpackungsnews\/wp-content\/uploads\/2025\/08\/Knuellpapier-in-der-Spenderbox-430x353.jpg 430w, https:\/\/www.rajapack.ch\/verpackungsnews\/wp-content\/uploads\/2025\/08\/Knuellpapier-in-der-Spenderbox.jpg 692w\" sizes=\"(max-width: 295px) 100vw, 295px\" \/><\/li>\n<\/ul>\n<p>&nbsp;<\/p>\n<ul>\n<li>Das <strong><a href=\"https:\/\/www.rajapack.ch\/de_CH\/polster-fullmaterialien\/luftpolsterpapier_OFF_CH_01648.html\">recycelte Luftpolsterpapier RAJA<\/a><\/strong> sch\u00fctzt Ihre empfindlichen Produkte effektiv und reduziert gleichzeitig Ihre Umweltbelastung. Eine flexible, leichte und verantwortungsvollere Polsterl\u00f6sung f\u00fcr Ihre Sendungen.<img loading=\"lazy\" decoding=\"async\" class=\"aligncenter wp-image-30500\" src=\"https:\/\/www.rajapack.ch\/verpackungsnews\/wp-content\/uploads\/2025\/08\/Luftpolsterpapier-430x346.jpg\" alt=\"\" width=\"302\" height=\"243\" srcset=\"https:\/\/www.rajapack.ch\/verpackungsnews\/wp-content\/uploads\/2025\/08\/Luftpolsterpapier-430x346.jpg 430w, https:\/\/www.rajapack.ch\/verpackungsnews\/wp-content\/uploads\/2025\/08\/Luftpolsterpapier-519x418.jpg 519w, https:\/\/www.rajapack.ch\/verpackungsnews\/wp-content\/uploads\/2025\/08\/Luftpolsterpapier.jpg 702w\" sizes=\"(max-width: 302px) 100vw, 302px\" \/><\/li>\n<\/ul>\n<p>&nbsp;<\/p>\n<ul>\n<li>Die <a href=\"https:\/\/www.rajapack.ch\/de_CH\/lagerung-handling\/lagerboxen-kasten\/raja-euronorm-stapelbehalter_OFF_CH_0599.html\"><strong>RAJAPACK Euronorm Stapelbeh\u00e4lter<\/strong><\/a> eignen sich optimal als Transport-, Lager- und Kommissionierbeh\u00e4lter bei vollst\u00e4ndiger Ausnutzung der Palettenfl\u00e4che.<\/li>\n<\/ul>\n<p><img loading=\"lazy\" decoding=\"async\" class=\"wp-image-30495 aligncenter\" src=\"https:\/\/www.rajapack.ch\/verpackungsnews\/wp-content\/uploads\/2025\/08\/Screenshot-2025-08-27-104805-430x349.jpg\" alt=\"\" width=\"280\" height=\"227\" srcset=\"https:\/\/www.rajapack.ch\/verpackungsnews\/wp-content\/uploads\/2025\/08\/Screenshot-2025-08-27-104805-430x349.jpg 430w, https:\/\/www.rajapack.ch\/verpackungsnews\/wp-content\/uploads\/2025\/08\/Screenshot-2025-08-27-104805-768x624.jpg 768w, https:\/\/www.rajapack.ch\/verpackungsnews\/wp-content\/uploads\/2025\/08\/Screenshot-2025-08-27-104805-519x418.jpg 519w, https:\/\/www.rajapack.ch\/verpackungsnews\/wp-content\/uploads\/2025\/08\/Screenshot-2025-08-27-104805.jpg 783w\" sizes=\"(max-width: 280px) 100vw, 280px\" \/><\/p>\n<p>&nbsp;<\/p>\n<hr data-start=\"3491\" data-end=\"3494\" \/>\n<h2 data-start=\"3496\" data-end=\"3544\"><strong data-start=\"3499\" data-end=\"3544\">Warum bei RAJAPACK auf &#8222;Made in Europe&#8220; setzen?<\/strong><\/h2>\n<ul data-start=\"3546\" data-end=\"3777\">\n<li data-start=\"3546\" data-end=\"3592\">\n<p data-start=\"3548\" data-end=\"3592\"><strong data-start=\"3550\" data-end=\"3590\">H\u00f6chste Qualit\u00e4t &amp; Normenkonformit\u00e4t<\/strong><\/p>\n<\/li>\n<li data-start=\"3593\" data-end=\"3641\">\n<p data-start=\"3595\" data-end=\"3641\"><strong data-start=\"3597\" data-end=\"3639\">Kurze Lieferzeiten &amp; schnelle Reaktion<\/strong><\/p>\n<\/li>\n<li data-start=\"3642\" data-end=\"3677\">\n<p data-start=\"3644\" data-end=\"3677\"><strong data-start=\"3646\" data-end=\"3675\">Reduzierte CO\u2082-Emissionen<\/strong><\/p>\n<\/li>\n<li data-start=\"3678\" data-end=\"3724\">\n<p data-start=\"3680\" data-end=\"3724\"><strong data-start=\"3682\" data-end=\"3722\">Sicherung europ\u00e4ischer Arbeitspl\u00e4tze<\/strong><\/p>\n<\/li>\n<li data-start=\"3725\" data-end=\"3777\">\n<p data-start=\"3727\" data-end=\"3777\"><strong data-start=\"3729\" data-end=\"3775\">Komplette Transparenz &amp; R\u00fcckverfolgbarkeit<\/strong><\/p>\n<\/li>\n<\/ul>\n<p data-start=\"3779\" data-end=\"3904\">RAJAPACK setzt auf regionale Verantwortung: <strong data-start=\"3819\" data-end=\"3859\">89 % der Produkte stammen aus Europa<\/strong>, mit Pr\u00e4senz in <strong data-start=\"3876\" data-end=\"3903\">19 europ\u00e4ischen L\u00e4ndern<\/strong>.<\/p>\n","protected":false},"excerpt":{"rendered":"<p>Made in Europe-Produkte stehen f\u00fcr Qualit\u00e4t, Sicherheit, Umweltfreundlichkeit und kurze Lieferzeiten. Erfahren Sie, warum eine europ\u00e4ische Produktion nicht nur nachhaltig, sondern auch wirtschaftlich sinnvoll ist. 1. Strenge EU-Normen f\u00fcr maximale [&#8230;]<\/p>\n","protected":false},"author":20,"featured_media":30493,"comment_status":"open","ping_status":"closed","sticky":false,"template":"","format":"standard","meta":{"_acf_changed":false,"footnotes":""},"categories":[12],"tags":[1033,1035],"class_list":["post-30491","post","type-post","status-publish","format-standard","has-post-thumbnail","hentry","category-rajapack-insights","tag-made-in-europe","tag-produktherkunft"],"acf":[],"yoast_head":"\n<title>Warum \u201eMade in Europe\u201c-Produkte w\u00e4hlen? - RAJA Blog CH<\/title>\n<meta name=\"description\" content=\"Profitieren Sie bei &quot;Made in Europe&quot;-Produkten von hoher Qualit\u00e4t, kurzen Lieferzeiten und geringerem CO\u2082-Austoss!\" \/>\n<meta name=\"robots\" content=\"index, follow, max-snippet:-1, max-image-preview:large, max-video-preview:-1\" \/>\n<link rel=\"canonical\" href=\"https:\/\/www.rajapack.ch\/verpackungsnews\/warum-made-in-europe-produkte-waehlen\" \/>\n<meta property=\"og:locale\" content=\"de_DE\" \/>\n<meta property=\"og:type\" content=\"article\" \/>\n<meta property=\"og:title\" content=\"Warum \u201eMade in Europe\u201c-Produkte w\u00e4hlen? - RAJA Blog CH\" \/>\n<meta property=\"og:description\" content=\"Profitieren Sie bei &quot;Made in Europe&quot;-Produkten von hoher Qualit\u00e4t, kurzen Lieferzeiten und geringerem CO\u2082-Austoss!\" \/>\n<meta property=\"og:url\" content=\"https:\/\/www.rajapack.ch\/verpackungsnews\/warum-made-in-europe-produkte-waehlen\" \/>\n<meta property=\"og:site_name\" content=\"RAJA Blog CH\" \/>\n<meta property=\"article:published_time\" content=\"2025-08-27T09:18:07+00:00\" \/>\n<meta property=\"article:modified_time\" content=\"2025-12-09T16:01:25+00:00\" \/>\n<meta property=\"og:image\" content=\"https:\/\/www.rajapack.ch\/verpackungsnews\/wp-content\/uploads\/2025\/08\/AdobeStock_812894573-scaled.jpeg\" \/>\n\t<meta property=\"og:image:width\" content=\"2560\" \/>\n\t<meta property=\"og:image:height\" content=\"1707\" \/>\n\t<meta property=\"og:image:type\" content=\"image\/jpeg\" \/>\n<meta name=\"author\" content=\"RAJAPACK Schweiz\" \/>\n<meta name=\"twitter:card\" content=\"summary_large_image\" \/>\n<meta name=\"twitter:label1\" content=\"Verfasst von\" \/>\n\t<meta name=\"twitter:data1\" content=\"RAJAPACK Schweiz\" \/>\n\t<meta name=\"twitter:label2\" content=\"Gesch\u00e4tzte Lesezeit\" \/>\n\t<meta name=\"twitter:data2\" content=\"6 Minuten\" \/>\n<script type=\"application\/ld+json\" class=\"yoast-schema-graph\">{\n\t    \"@context\": \"https:\/\/schema.org\",\n\t    \"@graph\": [\n\t        {\n\t            \"@type\": \"Article\",\n\t            \"@id\": \"https:\/\/www.rajapack.ch\/verpackungsnews\/warum-made-in-europe-produkte-waehlen#article\",\n\t            \"isPartOf\": {\n\t                \"@id\": \"https:\/\/www.rajapack.ch\/verpackungsnews\/warum-made-in-europe-produkte-waehlen\"\n\t            },\n\t            \"author\": {\n\t                \"name\": \"RAJAPACK Schweiz\",\n\t                \"@id\": \"https:\/\/www.rajapack.ch\/verpackungsnews\/#\/schema\/person\/e0825d9926514f72b2ba6eafaf517f7a\"\n\t            },\n\t            \"headline\": \"Warum \u201eMade in Europe\u201c-Produkte w\u00e4hlen?\",\n\t            \"datePublished\": \"2025-08-27T09:18:07+00:00\",\n\t            \"dateModified\": \"2025-12-09T16:01:25+00:00\",\n\t            \"mainEntityOfPage\": {\n\t                \"@id\": \"https:\/\/www.rajapack.ch\/verpackungsnews\/warum-made-in-europe-produkte-waehlen\"\n\t            },\n\t            \"wordCount\": 663,\n\t            \"commentCount\": 0,\n\t            \"publisher\": {\n\t                \"@id\": \"https:\/\/www.rajapack.ch\/verpackungsnews\/#organization\"\n\t            },\n\t            \"image\": {\n\t                \"@id\": \"https:\/\/www.rajapack.ch\/verpackungsnews\/warum-made-in-europe-produkte-waehlen#primaryimage\"\n\t            },\n\t            \"thumbnailUrl\": \"https:\/\/www.rajapack.ch\/verpackungsnews\/wp-content\/uploads\/2025\/08\/AdobeStock_812894573-scaled.jpeg\",\n\t            \"keywords\": [\n\t                \"made in europe\",\n\t                \"Produktherkunft\"\n\t            ],\n\t            \"articleSection\": [\n\t                \"RAJAPACK Insights\"\n\t            ],\n\t            \"inLanguage\": \"de-DE\",\n\t            \"potentialAction\": [\n\t                {\n\t                    \"@type\": \"CommentAction\",\n\t                    \"name\": \"Comment\",\n\t                    \"target\": [\n\t                        \"https:\/\/www.rajapack.ch\/verpackungsnews\/warum-made-in-europe-produkte-waehlen#respond\"\n\t                    ]\n\t                }\n\t            ]\n\t        },\n\t        {\n\t            \"@type\": \"WebPage\",\n\t            \"@id\": \"https:\/\/www.rajapack.ch\/verpackungsnews\/warum-made-in-europe-produkte-waehlen\",\n\t            \"url\": \"https:\/\/www.rajapack.ch\/verpackungsnews\/warum-made-in-europe-produkte-waehlen\",\n\t            \"name\": \"Warum \u201eMade in Europe\u201c-Produkte w\u00e4hlen? - RAJA Blog CH\",\n\t            \"isPartOf\": {\n\t                \"@id\": \"https:\/\/www.rajapack.ch\/verpackungsnews\/#website\"\n\t            },\n\t            \"primaryImageOfPage\": {\n\t                \"@id\": \"https:\/\/www.rajapack.ch\/verpackungsnews\/warum-made-in-europe-produkte-waehlen#primaryimage\"\n\t            },\n\t            \"image\": {\n\t                \"@id\": \"https:\/\/www.rajapack.ch\/verpackungsnews\/warum-made-in-europe-produkte-waehlen#primaryimage\"\n\t            },\n\t            \"thumbnailUrl\": \"https:\/\/www.rajapack.ch\/verpackungsnews\/wp-content\/uploads\/2025\/08\/AdobeStock_812894573-scaled.jpeg\",\n\t            \"datePublished\": \"2025-08-27T09:18:07+00:00\",\n\t            \"dateModified\": \"2025-12-09T16:01:25+00:00\",\n\t            \"description\": \"Profitieren Sie bei \\\"Made in Europe\\\"-Produkten von hoher Qualit\u00e4t, kurzen Lieferzeiten und geringerem CO\u2082-Austoss!\",\n\t            \"inLanguage\": \"de-DE\",\n\t            \"potentialAction\": [\n\t                {\n\t                    \"@type\": \"ReadAction\",\n\t                    \"target\": [\n\t                        \"https:\/\/www.rajapack.ch\/verpackungsnews\/warum-made-in-europe-produkte-waehlen\"\n\t                    ]\n\t                }\n\t            ]\n\t        },\n\t        {\n\t            \"@type\": \"ImageObject\",\n\t            \"inLanguage\": \"de-DE\",\n\t            \"@id\": \"https:\/\/www.rajapack.ch\/verpackungsnews\/warum-made-in-europe-produkte-waehlen#primaryimage\",\n\t            \"url\": \"https:\/\/www.rajapack.ch\/verpackungsnews\/wp-content\/uploads\/2025\/08\/AdobeStock_812894573-scaled.jpeg\",\n\t            \"contentUrl\": \"https:\/\/www.rajapack.ch\/verpackungsnews\/wp-content\/uploads\/2025\/08\/AdobeStock_812894573-scaled.jpeg\",\n\t            \"width\": 2560,\n\t            \"height\": 1707,\n\t            \"caption\": \"Stock photo style image a Digital map of Europe, concept of global network and connectivity symbolizing making the right choice --ar 3:2 Job ID: f9eaa0db-db36-4970-802c-c8ce3e1362dc\"\n\t        },\n\t        {\n\t            \"@type\": \"WebSite\",\n\t            \"@id\": \"https:\/\/www.rajapack.ch\/verpackungsnews\/#website\",\n\t            \"url\": \"https:\/\/www.rajapack.ch\/verpackungsnews\/\",\n\t            \"name\": \"RAJA Blog CH\",\n\t            \"description\": \"Verpackungsnews vom Experten\",\n\t            \"publisher\": {\n\t                \"@id\": \"https:\/\/www.rajapack.ch\/verpackungsnews\/#organization\"\n\t            },\n\t            \"potentialAction\": [\n\t                {\n\t                    \"@type\": \"SearchAction\",\n\t                    \"target\": {\n\t                        \"@type\": \"EntryPoint\",\n\t                        \"urlTemplate\": \"https:\/\/www.rajapack.ch\/verpackungsnews\/?s={search_term_string}\"\n\t                    },\n\t                    \"query-input\": \"required name=search_term_string\"\n\t                }\n\t            ],\n\t            \"inLanguage\": \"de-DE\"\n\t        },\n\t        {\n\t            \"@type\": \"Organization\",\n\t            \"@id\": \"https:\/\/www.rajapack.ch\/verpackungsnews\/#organization\",\n\t            \"name\": \"RAJA Blog CH\",\n\t            \"url\": \"https:\/\/www.rajapack.ch\/verpackungsnews\/\",\n\t            \"logo\": {\n\t                \"@type\": \"ImageObject\",\n\t                \"inLanguage\": \"de-DE\",\n\t                \"@id\": \"https:\/\/www.rajapack.ch\/verpackungsnews\/#\/schema\/logo\/image\/\",\n\t                \"url\": \"\",\n\t                \"contentUrl\": \"\",\n\t                \"caption\": \"RAJA Blog CH\"\n\t            },\n\t            \"image\": {\n\t                \"@id\": \"https:\/\/www.rajapack.ch\/verpackungsnews\/#\/schema\/logo\/image\/\"\n\t            },\n\t            \"sameAs\": [\n\t                \"https:\/\/de.linkedin.com\/company\/rajapack-gmbh\"\n\t            ]\n\t        },\n\t        {\n\t            \"@type\": \"Person\",\n\t            \"@id\": \"https:\/\/www.rajapack.ch\/verpackungsnews\/#\/schema\/person\/e0825d9926514f72b2ba6eafaf517f7a\",\n\t            \"name\": \"RAJAPACK Schweiz\",\n\t            \"image\": {\n\t                \"@type\": \"ImageObject\",\n\t                \"inLanguage\": \"de-DE\",\n\t                \"@id\": \"https:\/\/www.rajapack.ch\/verpackungsnews\/#\/schema\/person\/image\/\",\n\t                \"url\": \"https:\/\/secure.gravatar.com\/avatar\/f391ad6b3c41197daad8136e36418c64?s=96&d=mm&r=g\",\n\t                \"contentUrl\": \"https:\/\/secure.gravatar.com\/avatar\/f391ad6b3c41197daad8136e36418c64?s=96&d=mm&r=g\",\n\t                \"caption\": \"RAJAPACK Schweiz\"\n\t            },\n\t            \"description\": \"Geschrieben von unseren Verpackungsexperten bei RAJAPACK Schweiz: Wir lieben Verpackungen.\",\n\t            \"url\": \"https:\/\/www.rajapack.ch\/verpackungsnews\/author\/raja-ch\"\n\t        }\n\t    ]\n\t}<\/script>\n","yoast_head_json":{"title":"Warum \u201eMade in Europe\u201c-Produkte w\u00e4hlen? - RAJA Blog CH","description":"Profitieren Sie bei \"Made in Europe\"-Produkten von hoher Qualit\u00e4t, kurzen Lieferzeiten und geringerem CO\u2082-Austoss!","robots":{"index":"index","follow":"follow","max-snippet":"max-snippet:-1","max-image-preview":"max-image-preview:large","max-video-preview":"max-video-preview:-1"},"canonical":"https:\/\/www.rajapack.ch\/verpackungsnews\/warum-made-in-europe-produkte-waehlen","og_locale":"de_DE","og_type":"article","og_title":"Warum \u201eMade in Europe\u201c-Produkte w\u00e4hlen? - RAJA Blog CH","og_description":"Profitieren Sie bei \"Made in Europe\"-Produkten von hoher Qualit\u00e4t, kurzen Lieferzeiten und geringerem CO\u2082-Austoss!","og_url":"https:\/\/www.rajapack.ch\/verpackungsnews\/warum-made-in-europe-produkte-waehlen","og_site_name":"RAJA Blog CH","article_published_time":"2025-08-27T09:18:07+00:00","article_modified_time":"2025-12-09T16:01:25+00:00","og_image":[{"width":2560,"height":1707,"url":"https:\/\/www.rajapack.ch\/verpackungsnews\/wp-content\/uploads\/2025\/08\/AdobeStock_812894573-scaled.jpeg","type":"image\/jpeg"}],"author":"RAJAPACK Schweiz","twitter_card":"summary_large_image","twitter_misc":{"Verfasst von":"RAJAPACK Schweiz","Gesch\u00e4tzte Lesezeit":"6 Minuten"},"schema":{"@context":"https:\/\/schema.org","@graph":[{"@type":"Article","@id":"https:\/\/www.rajapack.ch\/verpackungsnews\/warum-made-in-europe-produkte-waehlen#article","isPartOf":{"@id":"https:\/\/www.rajapack.ch\/verpackungsnews\/warum-made-in-europe-produkte-waehlen"},"author":{"name":"RAJAPACK Schweiz","@id":"https:\/\/www.rajapack.ch\/verpackungsnews\/#\/schema\/person\/e0825d9926514f72b2ba6eafaf517f7a"},"headline":"Warum \u201eMade in Europe\u201c-Produkte w\u00e4hlen?","datePublished":"2025-08-27T09:18:07+00:00","dateModified":"2025-12-09T16:01:25+00:00","mainEntityOfPage":{"@id":"https:\/\/www.rajapack.ch\/verpackungsnews\/warum-made-in-europe-produkte-waehlen"},"wordCount":663,"commentCount":0,"publisher":{"@id":"https:\/\/www.rajapack.ch\/verpackungsnews\/#organization"},"image":{"@id":"https:\/\/www.rajapack.ch\/verpackungsnews\/warum-made-in-europe-produkte-waehlen#primaryimage"},"thumbnailUrl":"https:\/\/www.rajapack.ch\/verpackungsnews\/wp-content\/uploads\/2025\/08\/AdobeStock_812894573-scaled.jpeg","keywords":["made in europe","Produktherkunft"],"articleSection":["RAJAPACK Insights"],"inLanguage":"de-DE","potentialAction":[{"@type":"CommentAction","name":"Comment","target":["https:\/\/www.rajapack.ch\/verpackungsnews\/warum-made-in-europe-produkte-waehlen#respond"]}]},{"@type":"WebPage","@id":"https:\/\/www.rajapack.ch\/verpackungsnews\/warum-made-in-europe-produkte-waehlen","url":"https:\/\/www.rajapack.ch\/verpackungsnews\/warum-made-in-europe-produkte-waehlen","name":"Warum \u201eMade in Europe\u201c-Produkte w\u00e4hlen? - RAJA Blog CH","isPartOf":{"@id":"https:\/\/www.rajapack.ch\/verpackungsnews\/#website"},"primaryImageOfPage":{"@id":"https:\/\/www.rajapack.ch\/verpackungsnews\/warum-made-in-europe-produkte-waehlen#primaryimage"},"image":{"@id":"https:\/\/www.rajapack.ch\/verpackungsnews\/warum-made-in-europe-produkte-waehlen#primaryimage"},"thumbnailUrl":"https:\/\/www.rajapack.ch\/verpackungsnews\/wp-content\/uploads\/2025\/08\/AdobeStock_812894573-scaled.jpeg","datePublished":"2025-08-27T09:18:07+00:00","dateModified":"2025-12-09T16:01:25+00:00","description":"Profitieren Sie bei \"Made in Europe\"-Produkten von hoher Qualit\u00e4t, kurzen Lieferzeiten und geringerem CO\u2082-Austoss!","inLanguage":"de-DE","potentialAction":[{"@type":"ReadAction","target":["https:\/\/www.rajapack.ch\/verpackungsnews\/warum-made-in-europe-produkte-waehlen"]}]},{"@type":"ImageObject","inLanguage":"de-DE","@id":"https:\/\/www.rajapack.ch\/verpackungsnews\/warum-made-in-europe-produkte-waehlen#primaryimage","url":"https:\/\/www.rajapack.ch\/verpackungsnews\/wp-content\/uploads\/2025\/08\/AdobeStock_812894573-scaled.jpeg","contentUrl":"https:\/\/www.rajapack.ch\/verpackungsnews\/wp-content\/uploads\/2025\/08\/AdobeStock_812894573-scaled.jpeg","width":2560,"height":1707,"caption":"Stock photo style image a Digital map of Europe, concept of global network and connectivity symbolizing making the right choice --ar 3:2 Job ID: f9eaa0db-db36-4970-802c-c8ce3e1362dc"},{"@type":"WebSite","@id":"https:\/\/www.rajapack.ch\/verpackungsnews\/#website","url":"https:\/\/www.rajapack.ch\/verpackungsnews\/","name":"RAJA Blog CH","description":"Verpackungsnews vom Experten","publisher":{"@id":"https:\/\/www.rajapack.ch\/verpackungsnews\/#organization"},"potentialAction":[{"@type":"SearchAction","target":{"@type":"EntryPoint","urlTemplate":"https:\/\/www.rajapack.ch\/verpackungsnews\/?s={search_term_string}"},"query-input":"required name=search_term_string"}],"inLanguage":"de-DE"},{"@type":"Organization","@id":"https:\/\/www.rajapack.ch\/verpackungsnews\/#organization","name":"RAJA Blog CH","url":"https:\/\/www.rajapack.ch\/verpackungsnews\/","logo":{"@type":"ImageObject","inLanguage":"de-DE","@id":"https:\/\/www.rajapack.ch\/verpackungsnews\/#\/schema\/logo\/image\/","url":"","contentUrl":"","caption":"RAJA Blog CH"},"image":{"@id":"https:\/\/www.rajapack.ch\/verpackungsnews\/#\/schema\/logo\/image\/"},"sameAs":["https:\/\/de.linkedin.com\/company\/rajapack-gmbh"]},{"@type":"Person","@id":"https:\/\/www.rajapack.ch\/verpackungsnews\/#\/schema\/person\/e0825d9926514f72b2ba6eafaf517f7a","name":"RAJAPACK Schweiz","image":{"@type":"ImageObject","inLanguage":"de-DE","@id":"https:\/\/www.rajapack.ch\/verpackungsnews\/#\/schema\/person\/image\/","url":"https:\/\/secure.gravatar.com\/avatar\/f391ad6b3c41197daad8136e36418c64?s=96&d=mm&r=g","contentUrl":"https:\/\/secure.gravatar.com\/avatar\/f391ad6b3c41197daad8136e36418c64?s=96&d=mm&r=g","caption":"RAJAPACK Schweiz"},"description":"Geschrieben von unseren Verpackungsexperten bei RAJAPACK Schweiz: Wir lieben Verpackungen.","url":"https:\/\/www.rajapack.ch\/verpackungsnews\/author\/raja-ch"}]}},"_links":{"self":[{"href":"https:\/\/www.rajapack.ch\/verpackungsnews\/wp-json\/wp\/v2\/posts\/30491"}],"collection":[{"href":"https:\/\/www.rajapack.ch\/verpackungsnews\/wp-json\/wp\/v2\/posts"}],"about":[{"href":"https:\/\/www.rajapack.ch\/verpackungsnews\/wp-json\/wp\/v2\/types\/post"}],"author":[{"embeddable":true,"href":"https:\/\/www.rajapack.ch\/verpackungsnews\/wp-json\/wp\/v2\/users\/20"}],"replies":[{"embeddable":true,"href":"https:\/\/www.rajapack.ch\/verpackungsnews\/wp-json\/wp\/v2\/comments?post=30491"}],"version-history":[{"count":7,"href":"https:\/\/www.rajapack.ch\/verpackungsnews\/wp-json\/wp\/v2\/posts\/30491\/revisions"}],"predecessor-version":[{"id":30671,"href":"https:\/\/www.rajapack.ch\/verpackungsnews\/wp-json\/wp\/v2\/posts\/30491\/revisions\/30671"}],"wp:featuredmedia":[{"embeddable":true,"href":"https:\/\/www.rajapack.ch\/verpackungsnews\/wp-json\/wp\/v2\/media\/30493"}],"wp:attachment":[{"href":"https:\/\/www.rajapack.ch\/verpackungsnews\/wp-json\/wp\/v2\/media?parent=30491"}],"wp:term":[{"taxonomy":"category","embeddable":true,"href":"https:\/\/www.rajapack.ch\/verpackungsnews\/wp-json\/wp\/v2\/categories?post=30491"},{"taxonomy":"post_tag","embeddable":true,"href":"https:\/\/www.rajapack.ch\/verpackungsnews\/wp-json\/wp\/v2\/tags?post=30491"}],"curies":[{"name":"wp","href":"https:\/\/api.w.org\/{rel}","templated":true}]}}