{"id":30634,"date":"2025-10-20T11:45:18","date_gmt":"2025-10-20T09:45:18","guid":{"rendered":"https:\/\/www.rajapack.ch\/verpackungsnews\/?p=30634"},"modified":"2025-12-09T17:00:52","modified_gmt":"2025-12-09T16:00:52","slug":"pcr-vs-pir-was-wir-ueber-recycelte-kunststoffe-wissen-sollten","status":"publish","type":"post","link":"https:\/\/www.rajapack.ch\/verpackungsnews\/pcr-vs-pir-was-wir-ueber-recycelte-kunststoffe-wissen-sollten","title":{"rendered":"PCR vs. PIR: Was wir \u00fcber recycelte Kunststoffe wissen sollten"},"content":{"rendered":"<h5>\u201eRecycelt\u201c klingt nachhaltig \u2013 aber Rezyklat ist nicht gleich Rezyklat. In der Verpackungsindustrie stossen Unternehmen regelm\u00e4ssig auf die Begriffe PCR vs. PIR, wenn es um Kreislaufwirtschaft und den Einsatz von Kunststoffen mit Recycling-Anteil geht. F\u00fcr Entscheider:innen ist es relevant zu verstehen,\u00a0<strong>was die Abk\u00fcrzungen bedeuten, welche Qualit\u00e4tsunterschiede bestehen und welche Rolle europ\u00e4ische Gesetze spielen.\u00a0<\/strong>Dieser Beitrag erkl\u00e4rt die Unterschiede, zeigt die Vorteile und Herausforderungen beider Varianten und gibt praxisnahe Tipps f\u00fcr Unternehmen, die ihre Verpackung nachhaltig und gesetzeskonform gestalten wollen.<\/h5>\n<div class=\"su-divider su-divider-style-default\">\n<hr \/>\n<\/div>\n<div class=\"su-spacer\"><\/div>\n<div><\/div>\n<div class=\"su-button-center\"><a class=\"su-button su-button-style-default\" href=\"https:\/\/www.rajapack.ch\/de_CH\/umweltfreundliche-verpackungen_cms_000101.html\" target=\"_blank\" rel=\"noopener noreferrer\" data-gtm-tracked-element=\"true\"><span data-gtm-tracked-element=\"true\"><i class=\"sui sui-shopping-cart\"><\/i>\u00a0Umweltfreundliche Verpackungen entdecken<\/span><\/a><\/div>\n<h2><span id=\"Was_bedeutet_PCR_%E2%80%93_Post-Consumer_Rezyklat\" class=\"ez-toc-section\" data-gtm-tracked-element=\"true\"><\/span>Was bedeutet PCR? \u2013 Post-Consumer Rezyklat<\/h2>\n<div class=\"su-spacer\"><\/div>\n<p>PCR steht f\u00fcr Materialien, die\u00a0<strong>nach dem Gebrauch durch Endverbraucher:innen<\/strong>\u00a0gesammelt, recycelt und wieder in den Produktionskreislauf eingebracht werden. Beispiele sind Plastikflaschen oder Verpackungen, die nach der Nutzung in der Gelben Tonne landen.<\/p>\n<p><strong>Vorteile von PCR:<\/strong><\/p>\n<ul>\n<li><strong>Kreislaufwirtschaft st\u00e4rken:<\/strong>\u00a0PCR reduziert den Abfall im Konsumsektor und bringt Materialien zur\u00fcck in den Wertstoffkreislauf.<\/li>\n<li><strong>Regulatorisch gefordert:<\/strong>\u00a0Die EU schreibt explizit\u00a0<strong>PCR-Quoten<\/strong>\u00a0vor \u2013 die Verarbeitung von Post Industrial Abf\u00e4llen allein reicht nicht, um die Anforderungen der kommenden PPWR zu erf\u00fcllen.<\/li>\n<li><strong>Markenwirkung:<\/strong> Unternehmen, die Rezyklat aus Konsumenten-Abf\u00e4llen einsetzen, zeigen nach aussen eine sichtbare Nachhaltigkeitsleistung \u2013 ein Pluspunkt in der Kundenkommunikation.<\/li>\n<\/ul>\n<p><strong>Herausforderung:<\/strong>\u00a0Die Qualit\u00e4t von PCR kann schwanken, da Sammelstr\u00f6me und Sortierung nicht immer homogen sind. Aufbereitung und Granulatherstellung sind daher aufwendig und kostenintensiv.<\/p>\n<h2><span id=\"Was_bedeutet_PIR_%E2%80%93_Post-Industrial_Rezyklat\" class=\"ez-toc-section\" data-gtm-tracked-element=\"true\"><\/span>Was bedeutet PIR? \u2013 Post-Industrial Rezyklat<\/h2>\n<div class=\"su-spacer\"><\/div>\n<p>PIR bezieht sich auf Abf\u00e4lle, die\u00a0<strong>bereits w\u00e4hrend des Produktionsprozesses<\/strong>\u00a0anfallen \u2013 z. B. Verschnitt, Ausschuss oder \u00dcbersch\u00fcsse in der Industrie. Diese Materialien gelangen gar nicht erst zum Endkunden, sondern werden direkt der Kreislaufwirtschaft zur\u00fcckgef\u00fchrt.<\/p>\n<p><strong>Vorteile von PIR:<\/strong><\/p>\n<ul>\n<li><strong>Konstante Qualit\u00e4t:<\/strong>\u00a0Produktionsabf\u00e4lle sind sortenreiner, homogener und leichter wieder in den Prozess einzubringen.<\/li>\n<li><strong>Kosteneffizient:<\/strong>\u00a0Da weniger Sortier- und Aufbereitungsschritte n\u00f6tig sind, ist PIR meist g\u00fcnstiger.<\/li>\n<li><strong>Technisch stabil:<\/strong>\u00a0PIR liefert zuverl\u00e4ssige Materialeigenschaften, was es attraktiv f\u00fcr anspruchsvolle Anwendungen wie\u00a0<a href=\"https:\/\/www.rajapack.ch\/de_CH\/klebebaender-verschlussmittel\/klebeband_C3010.html\" target=\"_blank\" rel=\"noopener\" data-gtm-tracked-element=\"true\">Klebeb\u00e4nder<\/a>\u00a0oder <a href=\"https:\/\/www.rajapack.ch\/de_CH\/klebebander-verschlussmittel\/umreifung_C3070.html\">Umreifungsb\u00e4nder<\/a> macht.<\/li>\n<li><strong>Schnelle Wiederverwertung<\/strong>\u00a0mit vergleichsweise geringem Energieaufwand.<\/li>\n<\/ul>\n<p><strong>Herausforderung:<\/strong>\u00a0PIR gilt regulatorisch nur eingeschr\u00e4nkt als \u201eechtes Recycling\u201c. F\u00fcr viele EU-Quoten z\u00e4hlt PIR nicht oder nur in Teilen.<\/p>\n<p><img loading=\"lazy\" decoding=\"async\" class=\"wp-image-30641 alignnone\" src=\"https:\/\/www.rajapack.ch\/verpackungsnews\/wp-content\/uploads\/2025\/10\/PCR_Abfaelle-430x161-3.jpg\" alt=\"\" width=\"606\" height=\"227\" \/>\u00a0 \u00a0<img loading=\"lazy\" decoding=\"async\" class=\"size-medium wp-image-25138 alignnone\" src=\"https:\/\/www.rajapack.ch\/verpackungsnews\/wp-content\/uploads\/2020\/10\/Plastik-Granulat-430x226.jpg\" alt=\"Granulat Plastik\" width=\"430\" height=\"226\" srcset=\"https:\/\/www.rajapack.ch\/verpackungsnews\/wp-content\/uploads\/2020\/10\/Plastik-Granulat-430x226.jpg 430w, https:\/\/www.rajapack.ch\/verpackungsnews\/wp-content\/uploads\/2020\/10\/Plastik-Granulat-1024x538.jpg 1024w, https:\/\/www.rajapack.ch\/verpackungsnews\/wp-content\/uploads\/2020\/10\/Plastik-Granulat-768x403.jpg 768w, https:\/\/www.rajapack.ch\/verpackungsnews\/wp-content\/uploads\/2020\/10\/Plastik-Granulat.jpg 1200w\" sizes=\"(max-width: 430px) 100vw, 430px\" \/><\/p>\n<h2><span id=\"_Der_Unterschied_in_aller_Kuerze\" class=\"ez-toc-section\" data-gtm-tracked-element=\"true\"><\/span>\u00a0Der Unterschied in aller K\u00fcrze<\/h2>\n<ul>\n<li style=\"list-style-type: none;\">\n<ul>\n<li>PCR = Recycling\u00a0<strong>nach<\/strong>\u00a0dem Konsum<\/li>\n<li>PIR = Recycling\u00a0<strong>vor<\/strong>\u00a0dem Konsum (innerhalb der Produktion)<\/li>\n<\/ul>\n<\/li>\n<\/ul>\n<p>Beide Konzepte leisten einen wertvollen Beitrag zur Ressourcenschonung. Dennoch gilt: Je mehr PCR-Material eingesetzt wird, desto st\u00e4rker wird die Abfallmenge aus unserem Alltag reduziert \u2013 ein zentraler Hebel f\u00fcr nachhaltige Verpackungsl\u00f6sungen.<\/p>\n<div class=\"su-spacer\"><\/div>\n<h2><span id=\"Hoher_PCR-Anteil_vs_hoher_PIR-Anteil_bei_Umreifungsbaendern_%E2%80%93\" class=\"ez-toc-section\" data-gtm-tracked-element=\"true\"><\/span>Hoher PCR-Anteil vs. hoher PIR-Anteil bei Umreifungsb\u00e4ndern<\/h2>\n<h3><span id=\"Ein_Vergleich_von_Qualitaet_und_Leistung\" class=\"ez-toc-section\" data-gtm-tracked-element=\"true\"><\/span>Ein Vergleich von Qualit\u00e4t und Leistung<\/h3>\n<p>Die Materialbeschaffenheit hat Einfluss auf gleich mehrere Aspekte.<\/p>\n<ul>\n<li><strong>Mechanische Eigenschaften:<\/strong><\/li>\n<\/ul>\n<p>Ein\u00a0Umreifungsband muss sich unter anderem in Bezug auf Zugfestigkeit, geringe Dehnung, Wetterfestigkeit und Reissfestigkeit beweisen. Wenn ein hoher PCR-Anteil eingesetzt wird, kann das die Eigenschaften beeinflussen -abh\u00e4ngig davon, wie gut das PCR-Material aufbereitet ist.<\/p>\n<ul>\n<li><strong>Verarbeitbarkeit:<\/strong><\/li>\n<\/ul>\n<p>Bandrollen, Verschnitt, Verarbeitung in Maschinen \u2013 alles muss stabil laufen. Variierende Qualit\u00e4t kann hier die Produktionsprozesse st\u00f6ren.<\/p>\n<ul>\n<li><strong>Langzeitlagerung \/ Alterung:<\/strong><\/li>\n<\/ul>\n<p>PET-B\u00e4nder mit hohem PCR-Anteil k\u00f6nnten eventuell schneller Alterungsprozessen unterliegen (z.B. UV, Feuchtigkeit, thermische Belastung) \u2013 je nach Additiven und Aufbereitung. PIR hat hier meist bessere Erfahrungswerte. Der Grund: Kunststoffe durchlaufen beim Gebrauch und bei der Wiederaufbereitung (Waschen, Schreddern, Extrudieren) thermische und mechanische Belastungen. Dadurch sinkt die Kettenl\u00e4nge der Polymere (\u201eMolekulargewicht\u201c), was das Material anf\u00e4lliger f\u00fcr Verspr\u00f6dung macht. PCR kann unter Umst\u00e4nden auch Fremdstoffe enthalten, sogenannte Additive wie Farbstoffe, Restfeuchtigkeit etc., die die Stabilit\u00e4t beeinflussen. Schwankende Temperaturen wirken sich auf PCR empfindlicher aus, da die Polymerstruktur bereits mehrfach verarbeitet wurde.<\/p>\n<h3><span id=\"Ein_Vergleich_in_Sachen_Nachhaltigkeit\" class=\"ez-toc-section\" data-gtm-tracked-element=\"true\"><\/span>Ein Vergleich in Sachen Nachhaltigkeit<\/h3>\n<div class=\"su-spacer\"><\/div>\n<p>Post Industrial Rezyklat und Post Consumer Rezyklat- beides leistet einen wesentlichen Anteil an der\u00a0<a href=\"https:\/\/www.bundesumweltministerium.de\/themen\/kreislaufwirtschaft\/ueberblick-kreislaufwirtschaft\" target=\"_blank\" rel=\"noopener\" data-gtm-tracked-element=\"true\">Kreislaufwirtschaft<\/a>. Ein Produkt mit hohem PCR-Anteil kann nachhaltiger sein,\u00a0<strong>wenn<\/strong> die Qualit\u00e4t ausreichend ist, damit es seine Funktion erf\u00fcllt, und die Umweltauswirkungen der Verarbeitung \/ Transporte nicht unverh\u00e4ltnism\u00e4ssig hoch sind. Ein PIR-dominiertes Produkt kann in manchen F\u00e4llen effizienter und damit \u00f6kologisch sinnvoller sein \u2013 wenn PCR nur durch aufwendige Prozesse und erhebliche Zusatzkosten m\u00f6glich w\u00e4re.<\/p>\n<div class=\"su-spacer\"><\/div>\n<ul>\n<li><strong>Post Consumer Rezyclat<\/strong>\u00a0ist besser f\u00fcr die Kreislaufwirtschaft, leistet einen st\u00e4rkeren Beitrag zur Reduktion von Abf\u00e4llen, bedeutet damit einhergehend auch oft ein besseres Markenimage, ist oft regulatorisch erw\u00fcnscht (siehe EU-Regularien und Standards zu Rezyklaten).<\/li>\n<li><strong>Post Industrial Rezyclat<\/strong>\u00a0ist in der Regel stabiler, vorhersehbarer in der Qualit\u00e4t, oft g\u00fcnstiger und zuverl\u00e4ssiger in technischen Anwendungen.<\/li>\n<\/ul>\n<h2><span id=\"Reines_PCR_reines_PIR_oder_Mischformen\" class=\"ez-toc-section\" data-gtm-tracked-element=\"true\"><\/span>Reines PCR, reines PIR oder Mischformen?<\/h2>\n<div class=\"su-spacer\"><\/div>\n<p>Kann ein Produkt ausschliesslich aus PCR oder aus PIR hergestellt werden? Ja, technisch w\u00e4re das m\u00f6glich. Aber in vielen F\u00e4llen werden Mischverh\u00e4ltnisse genutzt, um einerseits Qualit\u00e4tsanforderungen zu erf\u00fcllen und andererseits Umwelt \u2013 und Regulierungsziele zu unterst\u00fctzen. Dabei h\u00e4ngt das Mischverh\u00e4ltnis von mehreren Faktoren ab: Dem Materialtyp (also z.B. PET, PE, PP, PVC\u2026 ), der anstrebten Produktleistung und dem Einsatzzweck. F\u00fcr Kontakt mit Lebensmitteln, technische Verpackungen oder beispielsweise Klebeb\u00e4nder oder Umreifungsb\u00e4nder gelten besondere Anspr\u00fcche an Qualit\u00e4t und Leistung. Die Abw\u00e4gung, die dar\u00fcber hinaus getroffen werden muss:<\/p>\n<p>Reine PIR-Produkte sind technisch attraktiv und wirtschaftlich stabil, erf\u00fcllen aber h\u00e4ufig nicht die Nachhaltigkeitskommunikation oder die Quotenpflichten moderner Beschaffungspolititk.<\/p>\n<p>Ein Produkt aus 100% PCR ist machbar, erf\u00fcllt die geforderten Quoten und ist im Sinne des Markenimage attraktiv. Es funktioniert jedoch nur dann, wenn keine extrem hohen technischen Anforderungen bestehen und der Fokus klar auf Nachhaltigkeit liegt. In der Praxis liegt der PCR-Anteil meist zwischen 30% und 80%, um eine gute Balance zwischen Qualit\u00e4t, Stabilit\u00e4t und gesetzlichen Vorgaben zu erreichen.<\/p>\n<h2><span id=\"EU-Regularien_und_Standards_zu_Rezyklaten\" class=\"ez-toc-section\" data-gtm-tracked-element=\"true\"><\/span>EU-Regularien und Standards zu Rezyklaten<\/h2>\n<div class=\"su-spacer\"><\/div>\n<p>Im Einklang mit der politischen Agenda (EU Green Deal,\u00a0<a href=\"https:\/\/www.rajapack.de\/verpackungsnews\/das-neue-verpackungsgesetz\" target=\"_blank\" rel=\"noopener\" data-gtm-tracked-element=\"true\">Verpackungsverordnung<\/a>) und zur Reduzierung des\u00a0<strong>sichtbaren Abfallstroms\u00a0<\/strong>im Markt werden k\u00fcnftig in EU-Regularien explizit PCR-Quoten verlangt \u2013 Post Industrial\u00a0 allein reicht nicht. Die voraussichtlich 2025\/2026 in Kraft tretende\u00a0<strong>PPWR<\/strong>\u00a0schreibt erstmals\u00a0<strong>verbindliche Rezyklatquoten f\u00fcr bestimmte Verpackungen<\/strong>\u00a0vor, vor allem bei\u00a0<strong>Kunststoffverpackungen<\/strong>. In Entw\u00fcrfen ist explizit von PCR die Rede, bedeutet: PET-Getr\u00e4nkeflaschen m\u00fcssen bis 2023 beispielsweise einen Rezyklatanteil von 30% PCR enthalten.<\/p>\n<p>Das heisst: PCR wird regulatorisch h\u00f6her gewichtet. Setzt ein Hersteller nur Post Industrial Rezyklat ein, erf\u00fcllt er gegebenenfalls nicht die zuk\u00fcnftigen Quoten. PIR ist zwar \u00f6kologisch sinnvoll (es reduziert den Einsatz von \u201eNeuplastik\u201c und spart somit Ressourcen ), gilt aber als \u201einternes Recycling\u201c und entlastet nicht die Konsum-Abfallstr\u00f6me.<\/p>\n<p>&nbsp;<\/p>\n<h2><span id=\"Post_Consumer_und_Post_Industrial_Material_%E2%80%93_Vergleichstabelle\" class=\"ez-toc-section\" data-gtm-tracked-element=\"true\"><\/span>Post Consumer und Post Industrial Material \u2013 Vergleichstabelle<\/h2>\n<table class=\"vergleichstabelle\" style=\"height: 1197px;\" width=\"832\">\n<thead>\n<tr>\n<th width=\"200\">Aspekt<\/th>\n<th width=\"200\">PCR (Post-Consumer Recycled)<\/th>\n<th width=\"200\">PIR (Post-Industrial Recycled)<\/th>\n<\/tr>\n<\/thead>\n<tbody>\n<tr>\n<td><strong>Definition<\/strong><\/td>\n<td>Recyclingmaterial, das bereits im Konsumkreislauf war (z. B. Flaschen, Verpackungen, etc.).<\/td>\n<td>Produktionsabf\u00e4lle, Verschnitt, Ausschuss, \u00dcberproduktion \u2013 Material, das nie beim Endverbraucher war.<\/td>\n<\/tr>\n<tr>\n<td><strong>Verf\u00fcgbarkeit &amp; Kontinuit\u00e4t<\/strong><\/td>\n<td>Oft schwankend, abh\u00e4ngig von Sammelquoten, Aufbereitungskapazit\u00e4t, Sortierqualit\u00e4t.<\/td>\n<td>Meist besser kalkulierbar; industrielle Abf\u00e4lle sind planbar und gleichm\u00e4ssiger verf\u00fcgbar.<\/td>\n<\/tr>\n<tr>\n<td><strong>Qualit\u00e4t \/ Homogenit\u00e4t<\/strong><\/td>\n<td>Kann variieren \u2013 Sortenreinheit, Verunreinigungen, Alter des Materials, Polymerabbau etc. beeinflussen Materialeigenschaften.<\/td>\n<td>Bessere Kontrolle m\u00f6glich, da Produktionsbedingungen bekannt sind, wenig Variation, oft bessere Konsistenz.<\/td>\n<\/tr>\n<tr>\n<td><strong>Eigenschaften wie Festigkeit, Verarbeitbarkeit<\/strong><\/td>\n<td>Potential f\u00fcr Einbussen, je nach Aufbereitung. Z. B. m\u00f6gliche Schw\u00e4chung, F\u00e4rbung, Restfeuchtigkeit, R\u00fcckst\u00e4nde von beigemischten Additiven etc.<\/td>\n<td>Tendenziell technisch stabiler, vorhersehbarere Eigenschaften.<\/td>\n<\/tr>\n<tr>\n<td><strong>Kosten<\/strong><\/td>\n<td>H\u00e4ufig teurer, aufgrund Aufbereitung, Sortierung, Sammeln, Transporte, Verarbeitung.<\/td>\n<td>G\u00fcnstiger, da Material schon in der Lieferkette vorhanden ist, weniger Aufbereitungskosten, geringeres Risiko von Fehlanteilen.<\/td>\n<\/tr>\n<tr>\n<td><strong>Umweltauswirkungen \/ Nachhaltigkeit<\/strong><\/td>\n<td>H\u00f6heres Potenzial zur tats\u00e4chlichen Kreislaufwirtschaft: Abfall aus dem Konsum wird reduziert. Signalwirkung, bessere \u00d6ko-Performance wenn richtig eingesetzt.<\/td>\n<td>Ebenfalls nachhaltig \u2013 weniger neuer Kunststoff, Einsparung von Prim\u00e4rrohstoffen \u2013 aber weniger unmittelbarer Einfluss auf M\u00fcllreduzierung im Haushalt.<\/td>\n<\/tr>\n<tr>\n<td><strong>Regulatorische &amp; Market Anforderungen<\/strong><\/td>\n<td>PCR wird in vielen Regularien und in CSR \/ Nachhaltigkeitszielen h\u00f6her gewichtet. Hersteller, die PCR einsetzen, k\u00f6nnen Anforderungen erf\u00fcllen, die PIR allein nicht abdecken.<\/td>\n<td>Kann Teil der L\u00f6sung sein, aber h\u00e4ufig nicht ausreichend, wenn spezifisch PCR-Quoten gefordert sind.<\/td>\n<\/tr>\n<\/tbody>\n<\/table>\n<div class=\"su-spacer\"><\/div>\n<div><\/div>\n<h2><span id=\"Handlungsempfehlung_fuer_Unternehmen_Entscheider\" class=\"ez-toc-section\" data-gtm-tracked-element=\"true\"><\/span>Handlungsempfehlung f\u00fcr Unternehmen \/ Entscheider<\/h2>\n<div class=\"su-spacer\"><\/div>\n<ul>\n<li><strong>Auf Spezifikationen und Datenbl\u00e4tter bestehen<\/strong>: Materialquelle, Anteil Post Consumer Rezyklat vs. Post Industrial Rezyklat, mechanische Kennzahlen.<\/li>\n<li><strong>Testen<\/strong>: Materialproben unter realen Verwendungsbedingungen pr\u00fcfen (Langlebigkeit, Reissfestigkeit, Verarbeitung etc.).<\/li>\n<li><strong>Kosten vs. Nutzen gegenrechnen<\/strong>: Mehrkosten f\u00fcr PCR k\u00f6nnen sich lohnen, wenn regulatorische Anforderungen anstehen, Markenimage profitiert, oder Nachhaltigkeitsziele erf\u00fcllt werden m\u00fcssen.<\/li>\n<li><strong>Markenkommunikation<\/strong>: Transparenz ist wichtig \u2013 Verbraucher und Gesch\u00e4ftspartner erwarten Klarheit, was \u201erecycelt\u201c heisst.<\/li>\n<\/ul>\n","protected":false},"excerpt":{"rendered":"<p>\u201eRecycelt\u201c klingt nachhaltig \u2013 aber Rezyklat ist nicht gleich Rezyklat. In der Verpackungsindustrie stossen Unternehmen regelm\u00e4ssig auf die Begriffe PCR vs. PIR, wenn es um Kreislaufwirtschaft und den Einsatz von [&#8230;]<\/p>\n","protected":false},"author":20,"featured_media":30638,"comment_status":"open","ping_status":"closed","sticky":false,"template":"","format":"standard","meta":{"_acf_changed":false,"footnotes":""},"categories":[20],"tags":[755,719],"class_list":["post-30634","post","type-post","status-publish","format-standard","has-post-thumbnail","hentry","category-know-how","tag-abfallmanagement","tag-csr"],"acf":[],"yoast_head":"\n<title>PCR vs. PIR: Was wir \u00fcber recycelte Kunststoffe wissen sollten - RAJA Blog CH<\/title>\n<meta name=\"description\" content=\"PCR vs. PIR: Entdecken Sie Unterschiede, Vorteile und EU-Vorgaben zu recycelten Kunststoffen f\u00fcr nachhaltige Verpackungen\" \/>\n<meta name=\"robots\" content=\"index, follow, max-snippet:-1, max-image-preview:large, max-video-preview:-1\" \/>\n<link rel=\"canonical\" href=\"https:\/\/www.rajapack.ch\/verpackungsnews\/pcr-vs-pir-was-wir-ueber-recycelte-kunststoffe-wissen-sollten\" \/>\n<meta property=\"og:locale\" content=\"de_DE\" \/>\n<meta property=\"og:type\" content=\"article\" \/>\n<meta property=\"og:title\" content=\"PCR vs. PIR: Was wir \u00fcber recycelte Kunststoffe wissen sollten - RAJA Blog CH\" \/>\n<meta property=\"og:description\" content=\"PCR vs. PIR: Entdecken Sie Unterschiede, Vorteile und EU-Vorgaben zu recycelten Kunststoffen f\u00fcr nachhaltige Verpackungen\" \/>\n<meta property=\"og:url\" content=\"https:\/\/www.rajapack.ch\/verpackungsnews\/pcr-vs-pir-was-wir-ueber-recycelte-kunststoffe-wissen-sollten\" \/>\n<meta property=\"og:site_name\" content=\"RAJA Blog CH\" \/>\n<meta property=\"article:published_time\" content=\"2025-10-20T09:45:18+00:00\" \/>\n<meta property=\"article:modified_time\" content=\"2025-12-09T16:00:52+00:00\" \/>\n<meta property=\"og:image\" content=\"https:\/\/www.rajapack.ch\/verpackungsnews\/wp-content\/uploads\/2025\/10\/Titel-Blog-PIR_PCR.jpg\" \/>\n\t<meta property=\"og:image:width\" content=\"810\" \/>\n\t<meta property=\"og:image:height\" content=\"420\" \/>\n\t<meta property=\"og:image:type\" content=\"image\/jpeg\" \/>\n<meta name=\"author\" content=\"RAJAPACK Schweiz\" \/>\n<meta name=\"twitter:card\" content=\"summary_large_image\" \/>\n<meta name=\"twitter:label1\" content=\"Verfasst von\" \/>\n\t<meta name=\"twitter:data1\" content=\"RAJAPACK Schweiz\" \/>\n\t<meta name=\"twitter:label2\" content=\"Gesch\u00e4tzte Lesezeit\" \/>\n\t<meta name=\"twitter:data2\" content=\"8 Minuten\" \/>\n<script type=\"application\/ld+json\" class=\"yoast-schema-graph\">{\n\t    \"@context\": \"https:\/\/schema.org\",\n\t    \"@graph\": [\n\t        {\n\t            \"@type\": \"Article\",\n\t            \"@id\": \"https:\/\/www.rajapack.ch\/verpackungsnews\/pcr-vs-pir-was-wir-ueber-recycelte-kunststoffe-wissen-sollten#article\",\n\t            \"isPartOf\": {\n\t                \"@id\": \"https:\/\/www.rajapack.ch\/verpackungsnews\/pcr-vs-pir-was-wir-ueber-recycelte-kunststoffe-wissen-sollten\"\n\t            },\n\t            \"author\": {\n\t                \"name\": \"RAJAPACK Schweiz\",\n\t                \"@id\": \"https:\/\/www.rajapack.ch\/verpackungsnews\/#\/schema\/person\/e0825d9926514f72b2ba6eafaf517f7a\"\n\t            },\n\t            \"headline\": \"PCR vs. PIR: Was wir \u00fcber recycelte Kunststoffe wissen sollten\",\n\t            \"datePublished\": \"2025-10-20T09:45:18+00:00\",\n\t            \"dateModified\": \"2025-12-09T16:00:52+00:00\",\n\t            \"mainEntityOfPage\": {\n\t                \"@id\": \"https:\/\/www.rajapack.ch\/verpackungsnews\/pcr-vs-pir-was-wir-ueber-recycelte-kunststoffe-wissen-sollten\"\n\t            },\n\t            \"wordCount\": 1348,\n\t            \"commentCount\": 0,\n\t            \"publisher\": {\n\t                \"@id\": \"https:\/\/www.rajapack.ch\/verpackungsnews\/#organization\"\n\t            },\n\t            \"image\": {\n\t                \"@id\": \"https:\/\/www.rajapack.ch\/verpackungsnews\/pcr-vs-pir-was-wir-ueber-recycelte-kunststoffe-wissen-sollten#primaryimage\"\n\t            },\n\t            \"thumbnailUrl\": \"https:\/\/www.rajapack.ch\/verpackungsnews\/wp-content\/uploads\/2025\/10\/Titel-Blog-PIR_PCR.jpg\",\n\t            \"keywords\": [\n\t                \"Abfallmanagement\",\n\t                \"CSR\"\n\t            ],\n\t            \"articleSection\": [\n\t                \"Know How\"\n\t            ],\n\t            \"inLanguage\": \"de-DE\",\n\t            \"potentialAction\": [\n\t                {\n\t                    \"@type\": \"CommentAction\",\n\t                    \"name\": \"Comment\",\n\t                    \"target\": [\n\t                        \"https:\/\/www.rajapack.ch\/verpackungsnews\/pcr-vs-pir-was-wir-ueber-recycelte-kunststoffe-wissen-sollten#respond\"\n\t                    ]\n\t                }\n\t            ]\n\t        },\n\t        {\n\t            \"@type\": \"WebPage\",\n\t            \"@id\": \"https:\/\/www.rajapack.ch\/verpackungsnews\/pcr-vs-pir-was-wir-ueber-recycelte-kunststoffe-wissen-sollten\",\n\t            \"url\": \"https:\/\/www.rajapack.ch\/verpackungsnews\/pcr-vs-pir-was-wir-ueber-recycelte-kunststoffe-wissen-sollten\",\n\t            \"name\": \"PCR vs. PIR: Was wir \u00fcber recycelte Kunststoffe wissen sollten - RAJA Blog CH\",\n\t            \"isPartOf\": {\n\t                \"@id\": \"https:\/\/www.rajapack.ch\/verpackungsnews\/#website\"\n\t            },\n\t            \"primaryImageOfPage\": {\n\t                \"@id\": \"https:\/\/www.rajapack.ch\/verpackungsnews\/pcr-vs-pir-was-wir-ueber-recycelte-kunststoffe-wissen-sollten#primaryimage\"\n\t            },\n\t            \"image\": {\n\t                \"@id\": \"https:\/\/www.rajapack.ch\/verpackungsnews\/pcr-vs-pir-was-wir-ueber-recycelte-kunststoffe-wissen-sollten#primaryimage\"\n\t            },\n\t            \"thumbnailUrl\": \"https:\/\/www.rajapack.ch\/verpackungsnews\/wp-content\/uploads\/2025\/10\/Titel-Blog-PIR_PCR.jpg\",\n\t            \"datePublished\": \"2025-10-20T09:45:18+00:00\",\n\t            \"dateModified\": \"2025-12-09T16:00:52+00:00\",\n\t            \"description\": \"PCR vs. PIR: Entdecken Sie Unterschiede, Vorteile und EU-Vorgaben zu recycelten Kunststoffen f\u00fcr nachhaltige Verpackungen\",\n\t            \"inLanguage\": \"de-DE\",\n\t            \"potentialAction\": [\n\t                {\n\t                    \"@type\": \"ReadAction\",\n\t                    \"target\": [\n\t                        \"https:\/\/www.rajapack.ch\/verpackungsnews\/pcr-vs-pir-was-wir-ueber-recycelte-kunststoffe-wissen-sollten\"\n\t                    ]\n\t                }\n\t            ]\n\t        },\n\t        {\n\t            \"@type\": \"ImageObject\",\n\t            \"inLanguage\": \"de-DE\",\n\t            \"@id\": \"https:\/\/www.rajapack.ch\/verpackungsnews\/pcr-vs-pir-was-wir-ueber-recycelte-kunststoffe-wissen-sollten#primaryimage\",\n\t            \"url\": \"https:\/\/www.rajapack.ch\/verpackungsnews\/wp-content\/uploads\/2025\/10\/Titel-Blog-PIR_PCR.jpg\",\n\t            \"contentUrl\": \"https:\/\/www.rajapack.ch\/verpackungsnews\/wp-content\/uploads\/2025\/10\/Titel-Blog-PIR_PCR.jpg\",\n\t            \"width\": 810,\n\t            \"height\": 420\n\t        },\n\t        {\n\t            \"@type\": \"WebSite\",\n\t            \"@id\": \"https:\/\/www.rajapack.ch\/verpackungsnews\/#website\",\n\t            \"url\": \"https:\/\/www.rajapack.ch\/verpackungsnews\/\",\n\t            \"name\": \"RAJA Blog CH\",\n\t            \"description\": \"Verpackungsnews vom Experten\",\n\t            \"publisher\": {\n\t                \"@id\": \"https:\/\/www.rajapack.ch\/verpackungsnews\/#organization\"\n\t            },\n\t            \"potentialAction\": [\n\t                {\n\t                    \"@type\": \"SearchAction\",\n\t                    \"target\": {\n\t                        \"@type\": \"EntryPoint\",\n\t                        \"urlTemplate\": \"https:\/\/www.rajapack.ch\/verpackungsnews\/?s={search_term_string}\"\n\t                    },\n\t                    \"query-input\": \"required name=search_term_string\"\n\t                }\n\t            ],\n\t            \"inLanguage\": \"de-DE\"\n\t        },\n\t        {\n\t            \"@type\": \"Organization\",\n\t            \"@id\": \"https:\/\/www.rajapack.ch\/verpackungsnews\/#organization\",\n\t            \"name\": \"RAJA Blog CH\",\n\t            \"url\": \"https:\/\/www.rajapack.ch\/verpackungsnews\/\",\n\t            \"logo\": {\n\t                \"@type\": \"ImageObject\",\n\t                \"inLanguage\": \"de-DE\",\n\t                \"@id\": \"https:\/\/www.rajapack.ch\/verpackungsnews\/#\/schema\/logo\/image\/\",\n\t                \"url\": \"\",\n\t                \"contentUrl\": \"\",\n\t                \"caption\": \"RAJA Blog CH\"\n\t            },\n\t            \"image\": {\n\t                \"@id\": \"https:\/\/www.rajapack.ch\/verpackungsnews\/#\/schema\/logo\/image\/\"\n\t            },\n\t            \"sameAs\": [\n\t                \"https:\/\/de.linkedin.com\/company\/rajapack-gmbh\"\n\t            ]\n\t        },\n\t        {\n\t            \"@type\": \"Person\",\n\t            \"@id\": \"https:\/\/www.rajapack.ch\/verpackungsnews\/#\/schema\/person\/e0825d9926514f72b2ba6eafaf517f7a\",\n\t            \"name\": \"RAJAPACK Schweiz\",\n\t            \"image\": {\n\t                \"@type\": \"ImageObject\",\n\t                \"inLanguage\": \"de-DE\",\n\t                \"@id\": \"https:\/\/www.rajapack.ch\/verpackungsnews\/#\/schema\/person\/image\/\",\n\t                \"url\": \"https:\/\/secure.gravatar.com\/avatar\/f391ad6b3c41197daad8136e36418c64?s=96&d=mm&r=g\",\n\t                \"contentUrl\": \"https:\/\/secure.gravatar.com\/avatar\/f391ad6b3c41197daad8136e36418c64?s=96&d=mm&r=g\",\n\t                \"caption\": \"RAJAPACK Schweiz\"\n\t            },\n\t            \"description\": \"Geschrieben von unseren Verpackungsexperten bei RAJAPACK Schweiz: Wir lieben Verpackungen.\",\n\t            \"url\": \"https:\/\/www.rajapack.ch\/verpackungsnews\/author\/raja-ch\"\n\t        }\n\t    ]\n\t}<\/script>\n","yoast_head_json":{"title":"PCR vs. PIR: Was wir \u00fcber recycelte Kunststoffe wissen sollten - RAJA Blog CH","description":"PCR vs. PIR: Entdecken Sie Unterschiede, Vorteile und EU-Vorgaben zu recycelten Kunststoffen f\u00fcr nachhaltige Verpackungen","robots":{"index":"index","follow":"follow","max-snippet":"max-snippet:-1","max-image-preview":"max-image-preview:large","max-video-preview":"max-video-preview:-1"},"canonical":"https:\/\/www.rajapack.ch\/verpackungsnews\/pcr-vs-pir-was-wir-ueber-recycelte-kunststoffe-wissen-sollten","og_locale":"de_DE","og_type":"article","og_title":"PCR vs. PIR: Was wir \u00fcber recycelte Kunststoffe wissen sollten - RAJA Blog CH","og_description":"PCR vs. PIR: Entdecken Sie Unterschiede, Vorteile und EU-Vorgaben zu recycelten Kunststoffen f\u00fcr nachhaltige Verpackungen","og_url":"https:\/\/www.rajapack.ch\/verpackungsnews\/pcr-vs-pir-was-wir-ueber-recycelte-kunststoffe-wissen-sollten","og_site_name":"RAJA Blog CH","article_published_time":"2025-10-20T09:45:18+00:00","article_modified_time":"2025-12-09T16:00:52+00:00","og_image":[{"width":810,"height":420,"url":"https:\/\/www.rajapack.ch\/verpackungsnews\/wp-content\/uploads\/2025\/10\/Titel-Blog-PIR_PCR.jpg","type":"image\/jpeg"}],"author":"RAJAPACK Schweiz","twitter_card":"summary_large_image","twitter_misc":{"Verfasst von":"RAJAPACK Schweiz","Gesch\u00e4tzte Lesezeit":"8 Minuten"},"schema":{"@context":"https:\/\/schema.org","@graph":[{"@type":"Article","@id":"https:\/\/www.rajapack.ch\/verpackungsnews\/pcr-vs-pir-was-wir-ueber-recycelte-kunststoffe-wissen-sollten#article","isPartOf":{"@id":"https:\/\/www.rajapack.ch\/verpackungsnews\/pcr-vs-pir-was-wir-ueber-recycelte-kunststoffe-wissen-sollten"},"author":{"name":"RAJAPACK Schweiz","@id":"https:\/\/www.rajapack.ch\/verpackungsnews\/#\/schema\/person\/e0825d9926514f72b2ba6eafaf517f7a"},"headline":"PCR vs. PIR: Was wir \u00fcber recycelte Kunststoffe wissen sollten","datePublished":"2025-10-20T09:45:18+00:00","dateModified":"2025-12-09T16:00:52+00:00","mainEntityOfPage":{"@id":"https:\/\/www.rajapack.ch\/verpackungsnews\/pcr-vs-pir-was-wir-ueber-recycelte-kunststoffe-wissen-sollten"},"wordCount":1348,"commentCount":0,"publisher":{"@id":"https:\/\/www.rajapack.ch\/verpackungsnews\/#organization"},"image":{"@id":"https:\/\/www.rajapack.ch\/verpackungsnews\/pcr-vs-pir-was-wir-ueber-recycelte-kunststoffe-wissen-sollten#primaryimage"},"thumbnailUrl":"https:\/\/www.rajapack.ch\/verpackungsnews\/wp-content\/uploads\/2025\/10\/Titel-Blog-PIR_PCR.jpg","keywords":["Abfallmanagement","CSR"],"articleSection":["Know How"],"inLanguage":"de-DE","potentialAction":[{"@type":"CommentAction","name":"Comment","target":["https:\/\/www.rajapack.ch\/verpackungsnews\/pcr-vs-pir-was-wir-ueber-recycelte-kunststoffe-wissen-sollten#respond"]}]},{"@type":"WebPage","@id":"https:\/\/www.rajapack.ch\/verpackungsnews\/pcr-vs-pir-was-wir-ueber-recycelte-kunststoffe-wissen-sollten","url":"https:\/\/www.rajapack.ch\/verpackungsnews\/pcr-vs-pir-was-wir-ueber-recycelte-kunststoffe-wissen-sollten","name":"PCR vs. PIR: Was wir \u00fcber recycelte Kunststoffe wissen sollten - RAJA Blog CH","isPartOf":{"@id":"https:\/\/www.rajapack.ch\/verpackungsnews\/#website"},"primaryImageOfPage":{"@id":"https:\/\/www.rajapack.ch\/verpackungsnews\/pcr-vs-pir-was-wir-ueber-recycelte-kunststoffe-wissen-sollten#primaryimage"},"image":{"@id":"https:\/\/www.rajapack.ch\/verpackungsnews\/pcr-vs-pir-was-wir-ueber-recycelte-kunststoffe-wissen-sollten#primaryimage"},"thumbnailUrl":"https:\/\/www.rajapack.ch\/verpackungsnews\/wp-content\/uploads\/2025\/10\/Titel-Blog-PIR_PCR.jpg","datePublished":"2025-10-20T09:45:18+00:00","dateModified":"2025-12-09T16:00:52+00:00","description":"PCR vs. PIR: Entdecken Sie Unterschiede, Vorteile und EU-Vorgaben zu recycelten Kunststoffen f\u00fcr nachhaltige Verpackungen","inLanguage":"de-DE","potentialAction":[{"@type":"ReadAction","target":["https:\/\/www.rajapack.ch\/verpackungsnews\/pcr-vs-pir-was-wir-ueber-recycelte-kunststoffe-wissen-sollten"]}]},{"@type":"ImageObject","inLanguage":"de-DE","@id":"https:\/\/www.rajapack.ch\/verpackungsnews\/pcr-vs-pir-was-wir-ueber-recycelte-kunststoffe-wissen-sollten#primaryimage","url":"https:\/\/www.rajapack.ch\/verpackungsnews\/wp-content\/uploads\/2025\/10\/Titel-Blog-PIR_PCR.jpg","contentUrl":"https:\/\/www.rajapack.ch\/verpackungsnews\/wp-content\/uploads\/2025\/10\/Titel-Blog-PIR_PCR.jpg","width":810,"height":420},{"@type":"WebSite","@id":"https:\/\/www.rajapack.ch\/verpackungsnews\/#website","url":"https:\/\/www.rajapack.ch\/verpackungsnews\/","name":"RAJA Blog CH","description":"Verpackungsnews vom Experten","publisher":{"@id":"https:\/\/www.rajapack.ch\/verpackungsnews\/#organization"},"potentialAction":[{"@type":"SearchAction","target":{"@type":"EntryPoint","urlTemplate":"https:\/\/www.rajapack.ch\/verpackungsnews\/?s={search_term_string}"},"query-input":"required name=search_term_string"}],"inLanguage":"de-DE"},{"@type":"Organization","@id":"https:\/\/www.rajapack.ch\/verpackungsnews\/#organization","name":"RAJA Blog CH","url":"https:\/\/www.rajapack.ch\/verpackungsnews\/","logo":{"@type":"ImageObject","inLanguage":"de-DE","@id":"https:\/\/www.rajapack.ch\/verpackungsnews\/#\/schema\/logo\/image\/","url":"","contentUrl":"","caption":"RAJA Blog CH"},"image":{"@id":"https:\/\/www.rajapack.ch\/verpackungsnews\/#\/schema\/logo\/image\/"},"sameAs":["https:\/\/de.linkedin.com\/company\/rajapack-gmbh"]},{"@type":"Person","@id":"https:\/\/www.rajapack.ch\/verpackungsnews\/#\/schema\/person\/e0825d9926514f72b2ba6eafaf517f7a","name":"RAJAPACK Schweiz","image":{"@type":"ImageObject","inLanguage":"de-DE","@id":"https:\/\/www.rajapack.ch\/verpackungsnews\/#\/schema\/person\/image\/","url":"https:\/\/secure.gravatar.com\/avatar\/f391ad6b3c41197daad8136e36418c64?s=96&d=mm&r=g","contentUrl":"https:\/\/secure.gravatar.com\/avatar\/f391ad6b3c41197daad8136e36418c64?s=96&d=mm&r=g","caption":"RAJAPACK Schweiz"},"description":"Geschrieben von unseren Verpackungsexperten bei RAJAPACK Schweiz: Wir lieben Verpackungen.","url":"https:\/\/www.rajapack.ch\/verpackungsnews\/author\/raja-ch"}]}},"_links":{"self":[{"href":"https:\/\/www.rajapack.ch\/verpackungsnews\/wp-json\/wp\/v2\/posts\/30634"}],"collection":[{"href":"https:\/\/www.rajapack.ch\/verpackungsnews\/wp-json\/wp\/v2\/posts"}],"about":[{"href":"https:\/\/www.rajapack.ch\/verpackungsnews\/wp-json\/wp\/v2\/types\/post"}],"author":[{"embeddable":true,"href":"https:\/\/www.rajapack.ch\/verpackungsnews\/wp-json\/wp\/v2\/users\/20"}],"replies":[{"embeddable":true,"href":"https:\/\/www.rajapack.ch\/verpackungsnews\/wp-json\/wp\/v2\/comments?post=30634"}],"version-history":[{"count":7,"href":"https:\/\/www.rajapack.ch\/verpackungsnews\/wp-json\/wp\/v2\/posts\/30634\/revisions"}],"predecessor-version":[{"id":30670,"href":"https:\/\/www.rajapack.ch\/verpackungsnews\/wp-json\/wp\/v2\/posts\/30634\/revisions\/30670"}],"wp:featuredmedia":[{"embeddable":true,"href":"https:\/\/www.rajapack.ch\/verpackungsnews\/wp-json\/wp\/v2\/media\/30638"}],"wp:attachment":[{"href":"https:\/\/www.rajapack.ch\/verpackungsnews\/wp-json\/wp\/v2\/media?parent=30634"}],"wp:term":[{"taxonomy":"category","embeddable":true,"href":"https:\/\/www.rajapack.ch\/verpackungsnews\/wp-json\/wp\/v2\/categories?post=30634"},{"taxonomy":"post_tag","embeddable":true,"href":"https:\/\/www.rajapack.ch\/verpackungsnews\/wp-json\/wp\/v2\/tags?post=30634"}],"curies":[{"name":"wp","href":"https:\/\/api.w.org\/{rel}","templated":true}]}}