{"id":30787,"date":"2026-01-23T15:56:20","date_gmt":"2026-01-23T14:56:20","guid":{"rendered":"https:\/\/www.rajapack.ch\/verpackungsnews\/?p=30787"},"modified":"2026-01-26T12:23:31","modified_gmt":"2026-01-26T11:23:31","slug":"auswirkung-ppwr-regulierung","status":"publish","type":"post","link":"https:\/\/www.rajapack.ch\/verpackungsnews\/auswirkung-ppwr-regulierung","title":{"rendered":"Welche Auswirkungen hat die neue PPWR-Regulierung auf Ihre Verpackungen?"},"content":{"rendered":"<p data-start=\"110\" data-end=\"548\">Der Verpackungsmarkt steht vor einem tiefgreifenden Wendepunkt. Mit der <strong>PPWR<\/strong> (Packaging and Packaging Waste Regulation) bereitet die Europ\u00e4ische Union die erste Verordnung vor, die vollst\u00e4ndig den Verpackungen und Verpackungsabf\u00e4llen gewidmet ist. Im Gegensatz zu den bisherigen Richtlinien gilt diese Verordnung unmittelbar in allen Mitgliedstaaten, harmonisiert die Vorschriften und beschleunigt den \u00dcbergang zur Kreislaufwirtschaft. Zudem ist sie die erste Verordnung, die verbindliche Zielvorgaben festlegt. Entdecken Sie die Auswirkung der PPWR-Regulierung.<\/p>\n<p data-start=\"655\" data-end=\"872\">F\u00fcr B2B-Unternehmen, Industrieakteure, H\u00e4ndler, E-Commerce-Unternehmen, Logistiker sowie Akteure der Gastronomie stellt die PPWR sowohl einen verbindlichen regulatorischen Rahmen als auch eine strategische Chance dar.<\/p>\n<h3 data-start=\"874\" data-end=\"904\">Was ist die PPWR-Regelung?<\/h3>\n<p data-start=\"905\" data-end=\"1198\">Bevor Sie Ihre Praktiken anpassen, ist es entscheidend zu verstehen, was die PPWR umfasst. Die Verordnung (EU) 2025\/40 \u00fcber Verpackungen und Verpackungsabf\u00e4lle tritt an die Stelle der Richtlinie 94\/62\/EG und verfolgt das Ziel, die Vorschriften innerhalb aller Mitgliedstaaten zu harmonisieren.<\/p>\n<p data-start=\"1200\" data-end=\"1400\">Achtung: Die PPWR tritt f\u00fcr die meisten Verpflichtungen am <strong data-start=\"1259\" data-end=\"1278\">12. August 2026<\/strong> in Kraft. Bestimmte Aspekte, wie Kennzeichnung oder Recyclinganteile, werden jedoch schrittweise bis <strong data-start=\"1380\" data-end=\"1388\">2040<\/strong> eingef\u00fchrt.<\/p>\n<h3 data-start=\"1402\" data-end=\"1437\">F\u00fcr wen gilt die PPWR-Regelung?<\/h3>\n<p data-start=\"1438\" data-end=\"1487\">Sie fragen sich, ob Sie von den Auswirkung der PPWR-Regulierung betroffen sind?<\/p>\n<p data-start=\"1489\" data-end=\"1571\">Die Antwort ist eindeutig: <strong data-start=\"1516\" data-end=\"1554\">alle Branchen<\/strong>\u00a0sind einbezogen.<\/p>\n<p data-start=\"1573\" data-end=\"1591\">Die PPWR gilt f\u00fcr:<\/p>\n<ul data-start=\"1592\" data-end=\"1880\">\n<li data-start=\"1592\" data-end=\"1667\">\n<p data-start=\"1594\" data-end=\"1667\"><strong data-start=\"1594\" data-end=\"1614\">Alle Materialien<\/strong>: Kunststoff, Karton, Glas, Metall, Holz, Textilien \u2026<\/p>\n<\/li>\n<li data-start=\"1668\" data-end=\"1746\">\n<p data-start=\"1670\" data-end=\"1746\"><strong data-start=\"1670\" data-end=\"1690\">Alle Unternehmen<\/strong>: Industrie, Handel, Logistik, E-Commerce, Gastronomie \u2026<\/p>\n<\/li>\n<li data-start=\"1747\" data-end=\"1880\">\n<p data-start=\"1749\" data-end=\"1880\"><strong data-start=\"1749\" data-end=\"1784\">Die gesamte Wertsch\u00f6pfungskette<\/strong>: von der Herstellung \u00fcber das Inverkehrbringen bis hin zur Entsorgung am Ende des Lebenszyklus.<\/p>\n<\/li>\n<\/ul>\n<h3 data-start=\"1882\" data-end=\"1918\">Warum wurde die PPWR eingef\u00fchrt?<\/h3>\n<p data-start=\"1919\" data-end=\"2179\">Die PPWR wurde eingef\u00fchrt, um den stetig wachsenden Verpackungsabfall in Europa zu reduzieren, einheitliche Regeln f\u00fcr alle Mitgliedstaaten zu schaffen und die bisher zu schwachen Vorschriften zu st\u00e4rken.<\/p>\n<p data-start=\"2181\" data-end=\"2519\">Nach Angaben der Europ\u00e4ischen Kommission sind die Verpackungsabf\u00e4lle in den letzten zehn Jahren um mehr als 20 % gestiegen und k\u00f6nnten ohne Gegenmassnahmen bis 2030 um weitere 19 % zunehmen. Die PPWR ist Teil der Ziele des Europ\u00e4ischen Gr\u00fcnen Deals und des Aktionsplans f\u00fcr die Kreislaufwirtschaft und verfolgt insbesondere folgende Ziele:<\/p>\n<ul data-start=\"2521\" data-end=\"2858\">\n<li data-start=\"2521\" data-end=\"2562\">\n<p data-start=\"2523\" data-end=\"2562\">Vermeidung von Abf\u00e4llen an der Quelle<\/p>\n<\/li>\n<li data-start=\"2563\" data-end=\"2633\">\n<p data-start=\"2565\" data-end=\"2633\">Verbesserung der tats\u00e4chlichen Recyclingf\u00e4higkeit von Verpackungen<\/p>\n<\/li>\n<li data-start=\"2634\" data-end=\"2702\">\n<p data-start=\"2636\" data-end=\"2702\">Reduzierung der Verwendung besorgniserregender Stoffe (wie PFAS)<\/p>\n<\/li>\n<li data-start=\"2703\" data-end=\"2858\">\n<p data-start=\"2705\" data-end=\"2858\">Harmonisierung der Anforderungen im gesamten Binnenmarkt, um fairen Wettbewerb und bessere Planbarkeit f\u00fcr Verbraucher und Unternehmen zu gew\u00e4hrleisten<\/p>\n<\/li>\n<\/ul>\n<h3 data-start=\"2860\" data-end=\"2901\">Ab wann m\u00fcssen Sie die PPWR anwenden?<\/h3>\n<p data-start=\"2902\" data-end=\"3131\">Die Verordnung (EU) 2025\/40, bekannt als PPWR (Packaging and Packaging Waste Regulation), ist am <strong data-start=\"2999\" data-end=\"3019\">11. Februar 2025<\/strong> in Kraft getreten, nachdem sie am <strong data-start=\"3054\" data-end=\"3073\">22. Januar 2025<\/strong> im Amtsblatt der Europ\u00e4ischen Union ver\u00f6ffentlicht wurde.<\/p>\n<p data-start=\"3133\" data-end=\"3318\">Die Unternehmen m\u00fcssen jedoch erst ab dem <strong data-start=\"3175\" data-end=\"3194\">12. August 2026<\/strong> mit der Umsetzung der ersten praktischen Verpflichtungen beginnen. Ein gestaffelter Zeitplan soll den \u00dcbergang erleichtern.<\/p>\n<p data-start=\"3320\" data-end=\"3391\"><strong data-start=\"3320\" data-end=\"3391\">Wichtige Termine f\u00fcr die schrittweise Anpassung Ihrer Verpackungen:<\/strong><\/p>\n<ul data-start=\"3392\" data-end=\"3868\">\n<li data-start=\"3392\" data-end=\"3455\">\n<p data-start=\"3394\" data-end=\"3455\"><strong data-start=\"3394\" data-end=\"3410\">Februar 2025<\/strong>: Inkrafttreten der Verordnung (EU) 2025\/40<\/p>\n<\/li>\n<li data-start=\"3456\" data-end=\"3525\">\n<p data-start=\"3458\" data-end=\"3525\"><strong data-start=\"3458\" data-end=\"3473\">August 2026<\/strong>: Erste operative Verpflichtungen f\u00fcr Verpackungen<\/p>\n<\/li>\n<li data-start=\"3526\" data-end=\"3659\">\n<p data-start=\"3528\" data-end=\"3659\"><strong data-start=\"3528\" data-end=\"3544\">Februar 2028<\/strong>: Einf\u00fchrung der Begrenzung von \u201eLeerraum\u201c in Versandverpackungen und Verbot von PFAS in Lebensmittelverpackungen<\/p>\n<\/li>\n<li data-start=\"3660\" data-end=\"3768\">\n<p data-start=\"3662\" data-end=\"3768\"><strong data-start=\"3662\" data-end=\"3677\">August 2028<\/strong>: Verpflichtende harmonisierte Kennzeichnung f\u00fcr alle getrennt zu sammelnden Verpackungen<\/p>\n<\/li>\n<li data-start=\"3769\" data-end=\"3868\">\n<p data-start=\"3771\" data-end=\"3868\"><strong data-start=\"3771\" data-end=\"3786\">Januar 2030<\/strong>: Verpflichtende Einstufung der Recyclingf\u00e4higkeit jeder Verpackung (A, B, C, D)<\/p>\n<\/li>\n<\/ul>\n<p data-start=\"3771\" data-end=\"3868\"><img loading=\"lazy\" decoding=\"async\" class=\" wp-image-30788 alignleft\" src=\"https:\/\/www.rajapack.ch\/verpackungsnews\/wp-content\/uploads\/2026\/01\/ChatGPT-Image-23.-Jan.-2026-13_43_03-430x287.png\" alt=\"\" width=\"572\" height=\"382\" srcset=\"https:\/\/www.rajapack.ch\/verpackungsnews\/wp-content\/uploads\/2026\/01\/ChatGPT-Image-23.-Jan.-2026-13_43_03-430x287.png 430w, https:\/\/www.rajapack.ch\/verpackungsnews\/wp-content\/uploads\/2026\/01\/ChatGPT-Image-23.-Jan.-2026-13_43_03-1024x683.png 1024w, https:\/\/www.rajapack.ch\/verpackungsnews\/wp-content\/uploads\/2026\/01\/ChatGPT-Image-23.-Jan.-2026-13_43_03-768x512.png 768w, https:\/\/www.rajapack.ch\/verpackungsnews\/wp-content\/uploads\/2026\/01\/ChatGPT-Image-23.-Jan.-2026-13_43_03.png 1536w\" sizes=\"(max-width: 572px) 100vw, 572px\" \/><\/p>\n<h3 data-start=\"120\" data-end=\"198\"><\/h3>\n<h3 data-start=\"120\" data-end=\"198\"><\/h3>\n<h3 data-start=\"120\" data-end=\"198\"><\/h3>\n<h3 data-start=\"120\" data-end=\"198\"><\/h3>\n<h3 data-start=\"120\" data-end=\"198\"><\/h3>\n<h3 data-start=\"120\" data-end=\"198\"><\/h3>\n<h3 data-start=\"120\" data-end=\"198\"><\/h3>\n<h3 data-start=\"120\" data-end=\"198\"><\/h3>\n<h3 data-start=\"120\" data-end=\"198\"><\/h3>\n<h3 data-start=\"120\" data-end=\"198\">Welche Unterschiede gibt es zwischen der Richtlinie 94\/62\/EG und der PPWR?<\/h3>\n<p data-start=\"243\" data-end=\"314\">Die PPWR f\u00fchrt neue und deutlich strengere Massnahmen ein, insbesondere:<\/p>\n<ul data-start=\"316\" data-end=\"1138\">\n<li data-start=\"316\" data-end=\"461\">\n<p data-start=\"318\" data-end=\"461\"><strong data-start=\"318\" data-end=\"360\">Generalisierung der Recyclingf\u00e4higkeit<\/strong>: Alle Ihre Verpackungen m\u00fcssen recyclingf\u00e4hig sein, mit einem Mindestanteil von <strong data-start=\"441\" data-end=\"458\">70 % bis 2030<\/strong>.<\/p>\n<\/li>\n<li data-start=\"462\" data-end=\"615\">\n<p data-start=\"464\" data-end=\"522\"><strong data-start=\"464\" data-end=\"519\">Mindestanteile an Recyclingmaterial in Kunststoffen<\/strong>:<\/p>\n<ul data-start=\"525\" data-end=\"615\">\n<li data-start=\"525\" data-end=\"566\">\n<p data-start=\"527\" data-end=\"566\"><strong data-start=\"527\" data-end=\"535\">10 %<\/strong> f\u00fcr Lebensmittelverpackungen<\/p>\n<\/li>\n<li data-start=\"569\" data-end=\"615\">\n<p data-start=\"571\" data-end=\"615\"><strong data-start=\"571\" data-end=\"579\">35 %<\/strong> f\u00fcr andere Kunststoffverpackungen<\/p>\n<\/li>\n<\/ul>\n<\/li>\n<li data-start=\"616\" data-end=\"671\">\n<p data-start=\"618\" data-end=\"671\"><strong data-start=\"618\" data-end=\"669\">Verbot bestimmter Einweg-Kunststoffverpackungen<\/strong><\/p>\n<\/li>\n<li data-start=\"672\" data-end=\"744\">\n<p data-start=\"674\" data-end=\"744\"><strong data-start=\"674\" data-end=\"742\">Begrenzung des Leerraums in Versandverpackungen auf maximal 50 %<\/strong><\/p>\n<\/li>\n<li data-start=\"745\" data-end=\"859\">\n<p data-start=\"747\" data-end=\"859\"><strong data-start=\"747\" data-end=\"787\">Erh\u00f6hung der Wiederverwendungsquoten<\/strong>, insbesondere im Transportbereich (<strong data-start=\"823\" data-end=\"856\">40 % Wiederverwendung ab 2030<\/strong>)<\/p>\n<\/li>\n<li data-start=\"860\" data-end=\"933\">\n<p data-start=\"862\" data-end=\"933\"><strong data-start=\"862\" data-end=\"902\">Abschaffung \u00fcberm\u00e4ssiger Verpackungen<\/strong>: weniger als <strong data-start=\"916\" data-end=\"923\">5 %<\/strong> ab 2030<\/p>\n<\/li>\n<li data-start=\"934\" data-end=\"1052\">\n<p data-start=\"936\" data-end=\"1052\"><strong data-start=\"936\" data-end=\"955\">Verbot von PFAS<\/strong> in der Zusammensetzung von Verpackungen, insbesondere bei Verpackungen mit Lebensmittelkontakt<\/p>\n<\/li>\n<li data-start=\"1053\" data-end=\"1138\">\n<p data-start=\"1055\" data-end=\"1138\"><strong data-start=\"1055\" data-end=\"1091\">Harmonisierung der Kennzeichnung<\/strong> und Einf\u00fchrung des <strong data-start=\"1111\" data-end=\"1138\">digitalen Produktpasses<\/strong><\/p>\n<\/li>\n<\/ul>\n<hr data-start=\"1140\" data-end=\"1143\" \/>\n<h3 data-start=\"1145\" data-end=\"1201\">Welche Ziele der PPWR m\u00fcssen Sie bis 2040 erreichen?<\/h3>\n<p data-start=\"1202\" data-end=\"1440\">Die europ\u00e4ische Verordnung setzt neue, ambitionierte Ziele, um den \u00dcbergang zur Kreislaufwirtschaft zu beschleunigen und die Umweltauswirkungen von Verpackungen zu begrenzen. Erfahren Sie, was die Auswirkung der PPWR-Regulierung sind und was Sie fr\u00fchzeitig einplanen und umsetzen m\u00fcssen.<\/p>\n<p data-start=\"1442\" data-end=\"1509\"><strong data-start=\"1442\" data-end=\"1509\">Bis 2040 m\u00fcssen Sie sich auf folgende Anforderungen einstellen:<\/strong><\/p>\n<h4 data-start=\"1511\" data-end=\"1550\">Wiederverwendung von Verpackungen:<\/h4>\n<ul data-start=\"1551\" data-end=\"1729\">\n<li data-start=\"1551\" data-end=\"1606\">\n<p data-start=\"1553\" data-end=\"1606\"><strong data-start=\"1553\" data-end=\"1561\">40 %<\/strong> wiederverwendete Verpackungen f\u00fcr Getr\u00e4nke<\/p>\n<\/li>\n<li data-start=\"1607\" data-end=\"1676\">\n<p data-start=\"1609\" data-end=\"1676\"><strong data-start=\"1609\" data-end=\"1617\">70 %<\/strong> Wiederverwendung f\u00fcr Transport- und Verkaufsverpackungen<\/p>\n<\/li>\n<li data-start=\"1677\" data-end=\"1729\">\n<p data-start=\"1679\" data-end=\"1729\"><strong data-start=\"1679\" data-end=\"1687\">25 %<\/strong> Wiederverwendung f\u00fcr Sammelverpackungen<\/p>\n<\/li>\n<\/ul>\n<h4 data-start=\"1731\" data-end=\"1772\">Reduzierung von Verpackungsabf\u00e4llen:<\/h4>\n<ul data-start=\"1773\" data-end=\"1850\">\n<li data-start=\"1773\" data-end=\"1850\">\n<p data-start=\"1775\" data-end=\"1850\"><strong data-start=\"1775\" data-end=\"1827\">\u201315 % Verpackungsabf\u00e4lle pro Einwohner in Europa<\/strong> im Vergleich zu 2028<\/p>\n<\/li>\n<\/ul>\n<h4 data-start=\"1852\" data-end=\"1893\">Mindestanteile an Recyclingmaterial:<\/h4>\n<ul data-start=\"1894\" data-end=\"2062\">\n<li data-start=\"1894\" data-end=\"1997\">\n<p data-start=\"1896\" data-end=\"1997\"><strong data-start=\"1896\" data-end=\"1919\">50 % recyceltes PET<\/strong> und <strong data-start=\"1924\" data-end=\"1932\">25 %<\/strong> f\u00fcr andere Kunststoffe in Lebensmittel- und Pharmaverpackungen<\/p>\n<\/li>\n<li data-start=\"1998\" data-end=\"2062\">\n<p data-start=\"2000\" data-end=\"2062\"><strong data-start=\"2000\" data-end=\"2026\">65 % Recyclingmaterial<\/strong> f\u00fcr andere Kunststoffverpackungen<\/p>\n<\/li>\n<\/ul>\n<p data-start=\"2064\" data-end=\"2260\">Nun kennen Sie die Auswirkung der PPWR-Regulierung Antizipieren Sie diese Verpflichtungen bereits heute, um die Konformit\u00e4t Ihrer Logistikstr\u00f6me sicherzustellen und aktiv zur Reduzierung des \u00f6kologischen Fussabdrucks Ihres Unternehmens beizutragen.<\/p>\n<hr data-start=\"2262\" data-end=\"2265\" \/>\n<h3 data-start=\"2267\" data-end=\"2339\">Welche Verpackungen sollten Sie w\u00e4hlen, um der PPWR vorauszugreifen?<\/h3>\n<p data-start=\"2340\" data-end=\"2470\">Sie k\u00f6nnen Ihre Transformation bereits jetzt vorbereiten, indem Sie L\u00f6sungen einsetzen, die der k\u00fcnftigen Regulierung entsprechen.<\/p>\n<p data-start=\"2472\" data-end=\"2550\"><strong data-start=\"2472\" data-end=\"2550\">Beispiele f\u00fcr Verpackungen, die Sie bevorzugen sollten:<\/strong><\/p>\n<figure class=\"wp-block-table\">\n<table>\n<tbody>\n<tr>\n<td><img loading=\"lazy\" decoding=\"async\" class=\"aligncenter size-medium wp-image-30796\" src=\"https:\/\/www.rajapack.ch\/verpackungsnews\/wp-content\/uploads\/2026\/01\/Knuellpapiere-auf-der-Rolle-RAJA-430x318.png\" alt=\"\" width=\"430\" height=\"318\" srcset=\"https:\/\/www.rajapack.ch\/verpackungsnews\/wp-content\/uploads\/2026\/01\/Knuellpapiere-auf-der-Rolle-RAJA-430x318.png 430w, https:\/\/www.rajapack.ch\/verpackungsnews\/wp-content\/uploads\/2026\/01\/Knuellpapiere-auf-der-Rolle-RAJA.png 767w\" sizes=\"(max-width: 430px) 100vw, 430px\" \/><\/td>\n<td>\n<p data-start=\"168\" data-end=\"378\"><a href=\"https:\/\/www.rajapack.ch\/de_CH\/polster-fullmaterialien\/papierpolster\/knullpapier_PDT02287.html\">Kn\u00fcllpapiere auf der Rolle RAJA<\/a> eignet sich ideal zum Sch\u00fctzen und Polstern Ihrer Produkte und reduziert gleichzeitig den Einsatz von Prim\u00e4rrohstoffen.<\/p>\n<\/td>\n<\/tr>\n<tr>\n<td><img loading=\"lazy\" decoding=\"async\" class=\"aligncenter size-medium wp-image-30790\" src=\"https:\/\/www.rajapack.ch\/verpackungsnews\/wp-content\/uploads\/2026\/01\/Wiederverschliessbare-Kraftpapier-Versandbeutel-mit-Seiten-und-Bodenfalte-410x430.png\" alt=\"\" width=\"410\" height=\"430\" srcset=\"https:\/\/www.rajapack.ch\/verpackungsnews\/wp-content\/uploads\/2026\/01\/Wiederverschliessbare-Kraftpapier-Versandbeutel-mit-Seiten-und-Bodenfalte-410x430.png 410w, https:\/\/www.rajapack.ch\/verpackungsnews\/wp-content\/uploads\/2026\/01\/Wiederverschliessbare-Kraftpapier-Versandbeutel-mit-Seiten-und-Bodenfalte.png 594w\" sizes=\"(max-width: 410px) 100vw, 410px\" \/><\/td>\n<td>\n<p data-start=\"380\" data-end=\"588\">Die braune <a href=\"https:\/\/www.rajapack.ch\/de_CH\/versandtaschen-umschlaege-versandrohre\/wiederverschliessbare-kraftpapier-versandbeutel-bodenfalte-seitenfalte_OFF_CH_01647.html\">wiederverschliessbare Kraftpapier-Versandbeutel mit Seiten- und Bodenfalte<\/a> gew\u00e4hrleistet zuverl\u00e4ssige und umweltverantwortliche Sendungen.<\/p>\n<\/td>\n<\/tr>\n<tr>\n<td><img loading=\"lazy\" decoding=\"async\" class=\"aligncenter size-medium wp-image-30797\" src=\"https:\/\/www.rajapack.ch\/verpackungsnews\/wp-content\/uploads\/2026\/01\/Baumwoll-Tragetaschen-287x430.png\" alt=\"\" width=\"287\" height=\"430\" srcset=\"https:\/\/www.rajapack.ch\/verpackungsnews\/wp-content\/uploads\/2026\/01\/Baumwoll-Tragetaschen-287x430.png 287w, https:\/\/www.rajapack.ch\/verpackungsnews\/wp-content\/uploads\/2026\/01\/Baumwoll-Tragetaschen.png 457w\" sizes=\"(max-width: 287px) 100vw, 287px\" \/><\/td>\n<td>\n<p data-start=\"590\" data-end=\"731\">Die <a href=\"https:\/\/www.rajapack.ch\/de_CH\/tragetaschen-geschenkverpackung\/baumwoll-tragetaschen_OFF_CH_0700.html\">Baumwoll-Tragetaschen<\/a> aus 100 % recycelter Baumwolle sind eine nachhaltige Alternative zu Einwegtragetaschen.<\/p>\n<\/td>\n<\/tr>\n<\/tbody>\n<\/table>\n<\/figure>\n<p>&nbsp;<\/p>\n<h3 class=\"wp-block-heading\">Aber auch viele unserer Kunststoffprodukte bestehen zu mindestens 35\u202f% aus recyceltem Material:<\/h3>\n<figure class=\"wp-block-table\">\n<table>\n<tbody>\n<tr>\n<td><img loading=\"lazy\" decoding=\"async\" class=\"aligncenter size-medium wp-image-30798\" src=\"https:\/\/www.rajapack.ch\/verpackungsnews\/wp-content\/uploads\/2026\/01\/Mehrwegbehaelter-430x331.png\" alt=\"\" width=\"430\" height=\"331\" srcset=\"https:\/\/www.rajapack.ch\/verpackungsnews\/wp-content\/uploads\/2026\/01\/Mehrwegbehaelter-430x331.png 430w, https:\/\/www.rajapack.ch\/verpackungsnews\/wp-content\/uploads\/2026\/01\/Mehrwegbehaelter.png 653w\" sizes=\"(max-width: 430px) 100vw, 430px\" \/><\/td>\n<td>\n<p data-start=\"983\" data-end=\"1156\">Der <a href=\"https:\/\/www.rajapack.ch\/de_CH\/lagerung-handling\/mehrwegbehallter-grau-deckel_OFF_CH_01389.html\">Mehrwegbeh\u00e4lter aus 100 % Recyclingmaterial<\/a> ist f\u00fcr Transport und Lagerung in der Kreislauflogistik konzipiert.<\/p>\n<\/td>\n<\/tr>\n<tr>\n<td><img loading=\"lazy\" decoding=\"async\" class=\"aligncenter size-medium wp-image-30799\" src=\"https:\/\/www.rajapack.ch\/verpackungsnews\/wp-content\/uploads\/2026\/01\/recycelte-Palette-430x265.png\" alt=\"\" width=\"430\" height=\"265\" srcset=\"https:\/\/www.rajapack.ch\/verpackungsnews\/wp-content\/uploads\/2026\/01\/recycelte-Palette-430x265.png 430w, https:\/\/www.rajapack.ch\/verpackungsnews\/wp-content\/uploads\/2026\/01\/recycelte-Palette-768x473.png 768w, https:\/\/www.rajapack.ch\/verpackungsnews\/wp-content\/uploads\/2026\/01\/recycelte-Palette.png 807w\" sizes=\"(max-width: 430px) 100vw, 430px\" \/><\/td>\n<td>\n<p data-start=\"1158\" data-end=\"1318\">Die leichte <a href=\"https:\/\/www.rajapack.ch\/de_CH\/palettierung-folien\/paletten-recycelt_OFF_CH_01210.html\">Recycling-Palette<\/a> ist ideal zur Optimierung des Transports bei gleichzeitiger Reduzierung des CO\u2082-Fussabdrucks.<\/p>\n<\/td>\n<\/tr>\n<tr>\n<td><img loading=\"lazy\" decoding=\"async\" class=\"aligncenter size-medium wp-image-30800\" src=\"https:\/\/www.rajapack.ch\/verpackungsnews\/wp-content\/uploads\/2026\/01\/Euronorm-Stapelbehaelter-430x311.png\" alt=\"\" width=\"430\" height=\"311\" srcset=\"https:\/\/www.rajapack.ch\/verpackungsnews\/wp-content\/uploads\/2026\/01\/Euronorm-Stapelbehaelter-430x311.png 430w, https:\/\/www.rajapack.ch\/verpackungsnews\/wp-content\/uploads\/2026\/01\/Euronorm-Stapelbehaelter.png 673w\" sizes=\"(max-width: 430px) 100vw, 430px\" \/><\/td>\n<td>\n<p data-start=\"1320\" data-end=\"1523\">Der stapelbare <a href=\"https:\/\/www.rajapack.ch\/de_CH\/lagerung-handling\/euronorm-stapelbehaelter-halbhohe-oeffnung_OFF_CH_01388.html\">Euro-Norm-Beh\u00e4lter mit halbhoher \u00d6ffnung<\/a>\u00a0erleichtert Lagerung, Kommissionierung und die Reduzierung von Einwegverpackungen.<\/p>\n<\/td>\n<\/tr>\n<\/tbody>\n<\/table>\n<\/figure>\n<h3 data-start=\"113\" data-end=\"221\">Verpackungen, die daf\u00fcr konzipiert sind, Leerraum in den Paketen zu reduzieren und Versandkosten zu sparen:<\/h3>\n<figure class=\"wp-block-table\">\n<table>\n<tbody>\n<tr>\n<td><img loading=\"lazy\" decoding=\"async\" class=\"aligncenter size-medium wp-image-30801\" src=\"https:\/\/www.rajapack.ch\/verpackungsnews\/wp-content\/uploads\/2026\/01\/blitzboden-aufrichtekartons-430x412.png\" alt=\"\" width=\"430\" height=\"412\" srcset=\"https:\/\/www.rajapack.ch\/verpackungsnews\/wp-content\/uploads\/2026\/01\/blitzboden-aufrichtekartons-430x412.png 430w, https:\/\/www.rajapack.ch\/verpackungsnews\/wp-content\/uploads\/2026\/01\/blitzboden-aufrichtekartons.png 692w\" sizes=\"(max-width: 430px) 100vw, 430px\" \/><\/td>\n<td>\n<p data-start=\"225\" data-end=\"404\">Der<strong data-start=\"225\" data-end=\"256\"> <a href=\"https:\/\/www.rajapack.ch\/de_CH\/kartons-schachteln-container\/sonderformat-kartonagen\/blitzboden-aufrichtekarton-varia-1-wellig_PDT01532.html\">h\u00f6henvariable Blitzboden-Aufrichtekarton RAJA <\/a><\/strong>reduziert das Versandvolumen, passt sich einfach an unterschiedliche H\u00f6hen von Inhalten an und vermeidet den Einsatz \u00fcberm\u00e4ssiger F\u00fcllmaterialien.<\/p>\n<div><\/div>\n<\/td>\n<\/tr>\n<tr>\n<td><img loading=\"lazy\" decoding=\"async\" class=\"aligncenter size-medium wp-image-30802\" src=\"https:\/\/www.rajapack.ch\/verpackungsnews\/wp-content\/uploads\/2026\/01\/Papierpolster-Versandtaschen-430x306.png\" alt=\"\" width=\"430\" height=\"306\" srcset=\"https:\/\/www.rajapack.ch\/verpackungsnews\/wp-content\/uploads\/2026\/01\/Papierpolster-Versandtaschen-430x306.png 430w, https:\/\/www.rajapack.ch\/verpackungsnews\/wp-content\/uploads\/2026\/01\/Papierpolster-Versandtaschen.png 740w\" sizes=\"(max-width: 430px) 100vw, 430px\" \/><\/td>\n<td>\n<p data-start=\"551\" data-end=\"693\">Die<strong data-start=\"551\" data-end=\"602\"> <a href=\"https:\/\/www.rajapack.ch\/de_CH\/versandtaschen-umschlaege-versandrohre\/papierpolster-versandtaschen-mit-seiten-und-bodenfalte_OFF_CH_01865.html\">Papierpolster-Versandtasche mit Seiten- und Bodenfalte<\/a><\/strong>\u00a0sch\u00fctzt empfindliche Produkte effektiv und reduziert gleichzeitig den Kunststoffeinsatz.<\/p>\n<\/td>\n<\/tr>\n<\/tbody>\n<\/table>\n<\/figure>\n<h3>\u00d6kodesign-Produkte, die Material und Gewicht bewusst einsparen:<\/h3>\n<figure class=\"wp-block-table\">\n<table>\n<tbody>\n<tr>\n<td><img loading=\"lazy\" decoding=\"async\" class=\"wp-image-10412 error\" src=\"https:\/\/www.raja.fr\/blog\/wp-content\/uploads\/2025\/08\/film-preetire-manuel-cast-ultra-fin.jpg\" sizes=\"(max-width: 500px) 100vw, 500px\" srcset=\"https:\/\/www.raja.fr\/blog\/wp-content\/uploads\/2025\/08\/film-preetire-manuel-cast-ultra-fin.jpg 600w, https:\/\/www.raja.fr\/blog\/wp-content\/uploads\/2025\/08\/film-preetire-manuel-cast-ultra-fin-430x430.jpg 430w, https:\/\/www.raja.fr\/blog\/wp-content\/uploads\/2025\/08\/film-preetire-manuel-cast-ultra-fin-150x150.jpg 150w, https:\/\/www.raja.fr\/blog\/wp-content\/uploads\/2025\/08\/film-preetire-manuel-cast-ultra-fin-120x120.jpg 120w\" alt=\"Film pr\u00e9\u00e9tir\u00e9 manuel cast ultra fin\" width=\"337\" height=\"337\" data-lazy-srcset=\"https:\/\/www.raja.fr\/blog\/wp-content\/uploads\/2025\/08\/film-preetire-manuel-cast-ultra-fin.jpg 600w, https:\/\/www.raja.fr\/blog\/wp-content\/uploads\/2025\/08\/film-preetire-manuel-cast-ultra-fin-430x430.jpg 430w, https:\/\/www.raja.fr\/blog\/wp-content\/uploads\/2025\/08\/film-preetire-manuel-cast-ultra-fin-150x150.jpg 150w, https:\/\/www.raja.fr\/blog\/wp-content\/uploads\/2025\/08\/film-preetire-manuel-cast-ultra-fin-120x120.jpg 120w\" data-lazy-sizes=\"(max-width: 500px) 100vw, 500px\" data-lazy-src=\"https:\/\/www.raja.fr\/blog\/wp-content\/uploads\/2025\/08\/film-preetire-manuel-cast-ultra-fin.jpg\" data-gtm-tracked-element=\"true\" data-ll-status=\"error\" \/><\/td>\n<td>\n<div class=\"flex flex-col text-sm pb-25\">\n<article class=\"text-token-text-primary w-full focus:outline-none [--shadow-height:45px] has-data-writing-block:pointer-events-none has-data-writing-block:-mt-(--shadow-height) has-data-writing-block:pt-(--shadow-height) [&amp;:has([data-writing-block])&gt;*]:pointer-events-auto scroll-mt-[calc(var(--header-height)+min(200px,max(70px,20svh)))]\" dir=\"auto\" tabindex=\"-1\" data-turn-id=\"request-WEB:73d4cbfd-f3d1-40cf-8f11-13e4ea186a3c-6\" data-testid=\"conversation-turn-14\" data-scroll-anchor=\"true\" data-turn=\"assistant\">\n<div class=\"text-base my-auto mx-auto pb-10 [--thread-content-margin:--spacing(4)] @w-sm\/main:[--thread-content-margin:--spacing(6)] @w-lg\/main:[--thread-content-margin:--spacing(16)] px-(--thread-content-margin)\">\n<div class=\"[--thread-content-max-width:40rem] @w-lg\/main:[--thread-content-max-width:48rem] mx-auto max-w-(--thread-content-max-width) flex-1 group\/turn-messages focus-visible:outline-hidden relative flex w-full min-w-0 flex-col agent-turn\" tabindex=\"-1\">\n<div class=\"flex max-w-full flex-col grow\">\n<div class=\"min-h-8 text-message relative flex w-full flex-col items-end gap-2 text-start break-words whitespace-normal [.text-message+&amp;]:mt-1\" dir=\"auto\" data-message-author-role=\"assistant\" data-message-id=\"f19b3a7c-17e4-4954-af82-11929138b8ac\" data-message-model-slug=\"gpt-5-2\">\n<div class=\"flex w-full flex-col gap-1 empty:hidden first:pt-[1px]\">\n<div class=\"markdown prose dark:prose-invert w-full wrap-break-word light markdown-new-styling\">\n<p data-start=\"53\" data-end=\"190\" data-is-last-node=\"\" data-is-only-node=\"\">Die <a href=\"https:\/\/www.rajapack.ch\/de_CH\/palettierung-folien\/ultraduenne-vorgedehnte-hand-stretchfolie-cast-raja_OFF_CH_01816.html\">ultrad\u00fcnne vorgedehnte Hand-Stretchfolie<\/a> mit 3,8 \u03bc reduziert den Kunststoffverbrauch, ohne die Stabilit\u00e4t zu beeintr\u00e4chtigen.<\/p>\n<\/div>\n<\/div>\n<\/div>\n<\/div>\n<\/div>\n<\/div>\n<\/article>\n<\/div>\n<\/td>\n<\/tr>\n<\/tbody>\n<\/table>\n<\/figure>\n<p>&nbsp;<\/p>\n<h3 data-start=\"85\" data-end=\"140\">Wie k\u00f6nnen Sie sich schon jetzt konform aufstellen?<\/h3>\n<p data-start=\"142\" data-end=\"237\">Um sich gut auf das Inkrafttreten der PPWR vorzubereiten, sollten Sie sich die Zeit nehmen, um:<\/p>\n<ul data-start=\"239\" data-end=\"751\">\n<li data-start=\"239\" data-end=\"351\">\n<p data-start=\"241\" data-end=\"351\"><strong data-start=\"241\" data-end=\"294\">Ihr aktuelles Verpackungssortiment zu analysieren<\/strong>, um die zu ersetzenden Verpackungen zu identifizieren.<\/p>\n<\/li>\n<li data-start=\"352\" data-end=\"486\">\n<p data-start=\"354\" data-end=\"486\"><strong data-start=\"354\" data-end=\"404\">Mit engagierten Lieferanten zusammenzuarbeiten<\/strong>, die recyclingf\u00e4hige, wiederverwendbare und umweltarme Verpackungen entwickeln.<\/p>\n<\/li>\n<li data-start=\"487\" data-end=\"621\">\n<p data-start=\"489\" data-end=\"621\"><strong data-start=\"489\" data-end=\"514\">Ihre Teams zu schulen<\/strong>, damit sie die neue Regulierung und die neuen Trenn- und Sortierpraktiken verstehen und anwenden k\u00f6nnen.<\/p>\n<\/li>\n<li data-start=\"622\" data-end=\"751\">\n<p data-start=\"624\" data-end=\"751\"><strong data-start=\"624\" data-end=\"696\">Eine regulatorische Beobachtung (Regulatory Monitoring) einzurichten<\/strong>, um kommende Entwicklungen fr\u00fchzeitig zu antizipieren.<\/p>\n<\/li>\n<\/ul>\n<p>&nbsp;<\/p>\n<p>Quellen:<\/p>\n<p><a href=\"https:\/\/ppwr-packaging.fr\/guide-ppwr\/\" target=\"_blank\" rel=\"noreferrer noopener\" data-gtm-tracked-element=\"true\">Kompletter PPWR Guide<\/a><\/p>\n<p><a href=\"https:\/\/eur-lex.europa.eu\/eli\/reg\/2025\/40\/oj?eliuri=eli%3Areg%3A2025%3A40%3Aoj&amp;locale=de\" target=\"_blank\" rel=\"noreferrer noopener\" data-gtm-tracked-element=\"true\">Verordnung (EU) 2025\/40 des Europ\u00e4ischen Parlaments und des Rates vom 19. Dezember 2024 \u00fcber Verpackungen und Verpackungsabf\u00e4lle<\/a><\/p>\n","protected":false},"excerpt":{"rendered":"<p>Der Verpackungsmarkt steht vor einem tiefgreifenden Wendepunkt. Mit der PPWR (Packaging and Packaging Waste Regulation) bereitet die Europ\u00e4ische Union die erste Verordnung vor, die vollst\u00e4ndig den Verpackungen und Verpackungsabf\u00e4llen gewidmet [&#8230;]<\/p>\n","protected":false},"author":20,"featured_media":30791,"comment_status":"closed","ping_status":"closed","sticky":false,"template":"","format":"standard","meta":{"_acf_changed":false,"footnotes":""},"categories":[21],"tags":[16,1047,376],"class_list":["post-30787","post","type-post","status-publish","format-standard","has-post-thumbnail","hentry","category-news-und-trends","tag-nachhaltigkeit","tag-produktvorschlag","tag-verpackungsgesetz"],"acf":[],"yoast_head":"\n<title>Welche Auswirkungen hat die neue PPWR-Regulierung auf Ihre Verpackungen?<\/title>\n<meta name=\"description\" content=\"Welche Auswirkung der PPWR-Regulierung wird auf Ihre Verpackungen zukommen? Entdecken Sie, wie sie Recycling und Nachhaltigkeit f\u00f6rdert!\" \/>\n<meta name=\"robots\" content=\"index, follow, max-snippet:-1, max-image-preview:large, max-video-preview:-1\" \/>\n<link rel=\"canonical\" href=\"https:\/\/www.rajapack.ch\/verpackungsnews\/auswirkung-ppwr-regulierung\" \/>\n<meta property=\"og:locale\" content=\"de_DE\" \/>\n<meta property=\"og:type\" content=\"article\" \/>\n<meta property=\"og:title\" content=\"Welche Auswirkungen hat die neue PPWR-Regulierung auf Ihre Verpackungen?\" \/>\n<meta property=\"og:description\" content=\"Welche Auswirkung der PPWR-Regulierung wird auf Ihre Verpackungen zukommen? Entdecken Sie, wie sie Recycling und Nachhaltigkeit f\u00f6rdert!\" \/>\n<meta property=\"og:url\" content=\"https:\/\/www.rajapack.ch\/verpackungsnews\/auswirkung-ppwr-regulierung\" \/>\n<meta property=\"og:site_name\" content=\"RAJA Blog CH\" \/>\n<meta property=\"article:published_time\" content=\"2026-01-23T14:56:20+00:00\" \/>\n<meta property=\"article:modified_time\" content=\"2026-01-26T11:23:31+00:00\" \/>\n<meta property=\"og:image\" content=\"https:\/\/www.rajapack.ch\/verpackungsnews\/wp-content\/uploads\/2026\/01\/AdobeStock_591336043-scaled.jpeg\" \/>\n\t<meta property=\"og:image:width\" content=\"2560\" \/>\n\t<meta property=\"og:image:height\" content=\"1707\" \/>\n\t<meta property=\"og:image:type\" content=\"image\/jpeg\" \/>\n<meta name=\"author\" content=\"RAJAPACK Schweiz\" \/>\n<meta name=\"twitter:card\" content=\"summary_large_image\" \/>\n<meta name=\"twitter:label1\" content=\"Verfasst von\" \/>\n\t<meta name=\"twitter:data1\" content=\"RAJAPACK Schweiz\" \/>\n\t<meta name=\"twitter:label2\" content=\"Gesch\u00e4tzte Lesezeit\" \/>\n\t<meta name=\"twitter:data2\" content=\"8 Minuten\" \/>\n<script type=\"application\/ld+json\" class=\"yoast-schema-graph\">{\n\t    \"@context\": \"https:\/\/schema.org\",\n\t    \"@graph\": [\n\t        {\n\t            \"@type\": \"Article\",\n\t            \"@id\": \"https:\/\/www.rajapack.ch\/verpackungsnews\/auswirkung-ppwr-regulierung#article\",\n\t            \"isPartOf\": {\n\t                \"@id\": \"https:\/\/www.rajapack.ch\/verpackungsnews\/auswirkung-ppwr-regulierung\"\n\t            },\n\t            \"author\": {\n\t                \"name\": \"RAJAPACK Schweiz\",\n\t                \"@id\": \"https:\/\/www.rajapack.ch\/verpackungsnews\/#\/schema\/person\/e0825d9926514f72b2ba6eafaf517f7a\"\n\t            },\n\t            \"headline\": \"Welche Auswirkungen hat die neue PPWR-Regulierung auf Ihre Verpackungen?\",\n\t            \"datePublished\": \"2026-01-23T14:56:20+00:00\",\n\t            \"dateModified\": \"2026-01-26T11:23:31+00:00\",\n\t            \"mainEntityOfPage\": {\n\t                \"@id\": \"https:\/\/www.rajapack.ch\/verpackungsnews\/auswirkung-ppwr-regulierung\"\n\t            },\n\t            \"wordCount\": 1061,\n\t            \"publisher\": {\n\t                \"@id\": \"https:\/\/www.rajapack.ch\/verpackungsnews\/#organization\"\n\t            },\n\t            \"image\": {\n\t                \"@id\": \"https:\/\/www.rajapack.ch\/verpackungsnews\/auswirkung-ppwr-regulierung#primaryimage\"\n\t            },\n\t            \"thumbnailUrl\": \"https:\/\/www.rajapack.ch\/verpackungsnews\/wp-content\/uploads\/2026\/01\/AdobeStock_591336043-scaled.jpeg\",\n\t            \"keywords\": [\n\t                \"Nachhaltigkeit\",\n\t                \"Produktvorschlag\",\n\t                \"Verpackungsgesetz\"\n\t            ],\n\t            \"articleSection\": [\n\t                \"News und Trends\"\n\t            ],\n\t            \"inLanguage\": \"de-DE\"\n\t        },\n\t        {\n\t            \"@type\": \"WebPage\",\n\t            \"@id\": \"https:\/\/www.rajapack.ch\/verpackungsnews\/auswirkung-ppwr-regulierung\",\n\t            \"url\": \"https:\/\/www.rajapack.ch\/verpackungsnews\/auswirkung-ppwr-regulierung\",\n\t            \"name\": \"Welche Auswirkungen hat die neue PPWR-Regulierung auf Ihre Verpackungen?\",\n\t            \"isPartOf\": {\n\t                \"@id\": \"https:\/\/www.rajapack.ch\/verpackungsnews\/#website\"\n\t            },\n\t            \"primaryImageOfPage\": {\n\t                \"@id\": \"https:\/\/www.rajapack.ch\/verpackungsnews\/auswirkung-ppwr-regulierung#primaryimage\"\n\t            },\n\t            \"image\": {\n\t                \"@id\": \"https:\/\/www.rajapack.ch\/verpackungsnews\/auswirkung-ppwr-regulierung#primaryimage\"\n\t            },\n\t            \"thumbnailUrl\": \"https:\/\/www.rajapack.ch\/verpackungsnews\/wp-content\/uploads\/2026\/01\/AdobeStock_591336043-scaled.jpeg\",\n\t            \"datePublished\": \"2026-01-23T14:56:20+00:00\",\n\t            \"dateModified\": \"2026-01-26T11:23:31+00:00\",\n\t            \"description\": \"Welche Auswirkung der PPWR-Regulierung wird auf Ihre Verpackungen zukommen? Entdecken Sie, wie sie Recycling und Nachhaltigkeit f\u00f6rdert!\",\n\t            \"inLanguage\": \"de-DE\",\n\t            \"potentialAction\": [\n\t                {\n\t                    \"@type\": \"ReadAction\",\n\t                    \"target\": [\n\t                        \"https:\/\/www.rajapack.ch\/verpackungsnews\/auswirkung-ppwr-regulierung\"\n\t                    ]\n\t                }\n\t            ]\n\t        },\n\t        {\n\t            \"@type\": \"ImageObject\",\n\t            \"inLanguage\": \"de-DE\",\n\t            \"@id\": \"https:\/\/www.rajapack.ch\/verpackungsnews\/auswirkung-ppwr-regulierung#primaryimage\",\n\t            \"url\": \"https:\/\/www.rajapack.ch\/verpackungsnews\/wp-content\/uploads\/2026\/01\/AdobeStock_591336043-scaled.jpeg\",\n\t            \"contentUrl\": \"https:\/\/www.rajapack.ch\/verpackungsnews\/wp-content\/uploads\/2026\/01\/AdobeStock_591336043-scaled.jpeg\",\n\t            \"width\": 2560,\n\t            \"height\": 1707,\n\t            \"caption\": \"law and authority lawyer concept, judgment gavel hammer in court courtroom for crime judgement legislation and judicial decision, judge having justice of punishment guilt and criminal verdict legal\"\n\t        },\n\t        {\n\t            \"@type\": \"WebSite\",\n\t            \"@id\": \"https:\/\/www.rajapack.ch\/verpackungsnews\/#website\",\n\t            \"url\": \"https:\/\/www.rajapack.ch\/verpackungsnews\/\",\n\t            \"name\": \"RAJA Blog CH\",\n\t            \"description\": \"Verpackungsnews vom Experten\",\n\t            \"publisher\": {\n\t                \"@id\": \"https:\/\/www.rajapack.ch\/verpackungsnews\/#organization\"\n\t            },\n\t            \"potentialAction\": [\n\t                {\n\t                    \"@type\": \"SearchAction\",\n\t                    \"target\": {\n\t                        \"@type\": \"EntryPoint\",\n\t                        \"urlTemplate\": \"https:\/\/www.rajapack.ch\/verpackungsnews\/?s={search_term_string}\"\n\t                    },\n\t                    \"query-input\": \"required name=search_term_string\"\n\t                }\n\t            ],\n\t            \"inLanguage\": \"de-DE\"\n\t        },\n\t        {\n\t            \"@type\": \"Organization\",\n\t            \"@id\": \"https:\/\/www.rajapack.ch\/verpackungsnews\/#organization\",\n\t            \"name\": \"RAJA Blog CH\",\n\t            \"url\": \"https:\/\/www.rajapack.ch\/verpackungsnews\/\",\n\t            \"logo\": {\n\t                \"@type\": \"ImageObject\",\n\t                \"inLanguage\": \"de-DE\",\n\t                \"@id\": \"https:\/\/www.rajapack.ch\/verpackungsnews\/#\/schema\/logo\/image\/\",\n\t                \"url\": \"\",\n\t                \"contentUrl\": \"\",\n\t                \"caption\": \"RAJA Blog CH\"\n\t            },\n\t            \"image\": {\n\t                \"@id\": \"https:\/\/www.rajapack.ch\/verpackungsnews\/#\/schema\/logo\/image\/\"\n\t            },\n\t            \"sameAs\": [\n\t                \"https:\/\/de.linkedin.com\/company\/rajapack-gmbh\"\n\t            ]\n\t        },\n\t        {\n\t            \"@type\": \"Person\",\n\t            \"@id\": \"https:\/\/www.rajapack.ch\/verpackungsnews\/#\/schema\/person\/e0825d9926514f72b2ba6eafaf517f7a\",\n\t            \"name\": \"RAJAPACK Schweiz\",\n\t            \"image\": {\n\t                \"@type\": \"ImageObject\",\n\t                \"inLanguage\": \"de-DE\",\n\t                \"@id\": \"https:\/\/www.rajapack.ch\/verpackungsnews\/#\/schema\/person\/image\/\",\n\t                \"url\": \"https:\/\/secure.gravatar.com\/avatar\/f391ad6b3c41197daad8136e36418c64?s=96&d=mm&r=g\",\n\t                \"contentUrl\": \"https:\/\/secure.gravatar.com\/avatar\/f391ad6b3c41197daad8136e36418c64?s=96&d=mm&r=g\",\n\t                \"caption\": \"RAJAPACK Schweiz\"\n\t            },\n\t            \"description\": \"Geschrieben von unseren Verpackungsexperten bei RAJAPACK Schweiz: Wir lieben Verpackungen.\",\n\t            \"url\": \"https:\/\/www.rajapack.ch\/verpackungsnews\/author\/raja-ch\"\n\t        }\n\t    ]\n\t}<\/script>\n","yoast_head_json":{"title":"Welche Auswirkungen hat die neue PPWR-Regulierung auf Ihre Verpackungen?","description":"Welche Auswirkung der PPWR-Regulierung wird auf Ihre Verpackungen zukommen? Entdecken Sie, wie sie Recycling und Nachhaltigkeit f\u00f6rdert!","robots":{"index":"index","follow":"follow","max-snippet":"max-snippet:-1","max-image-preview":"max-image-preview:large","max-video-preview":"max-video-preview:-1"},"canonical":"https:\/\/www.rajapack.ch\/verpackungsnews\/auswirkung-ppwr-regulierung","og_locale":"de_DE","og_type":"article","og_title":"Welche Auswirkungen hat die neue PPWR-Regulierung auf Ihre Verpackungen?","og_description":"Welche Auswirkung der PPWR-Regulierung wird auf Ihre Verpackungen zukommen? Entdecken Sie, wie sie Recycling und Nachhaltigkeit f\u00f6rdert!","og_url":"https:\/\/www.rajapack.ch\/verpackungsnews\/auswirkung-ppwr-regulierung","og_site_name":"RAJA Blog CH","article_published_time":"2026-01-23T14:56:20+00:00","article_modified_time":"2026-01-26T11:23:31+00:00","og_image":[{"width":2560,"height":1707,"url":"https:\/\/www.rajapack.ch\/verpackungsnews\/wp-content\/uploads\/2026\/01\/AdobeStock_591336043-scaled.jpeg","type":"image\/jpeg"}],"author":"RAJAPACK Schweiz","twitter_card":"summary_large_image","twitter_misc":{"Verfasst von":"RAJAPACK Schweiz","Gesch\u00e4tzte Lesezeit":"8 Minuten"},"schema":{"@context":"https:\/\/schema.org","@graph":[{"@type":"Article","@id":"https:\/\/www.rajapack.ch\/verpackungsnews\/auswirkung-ppwr-regulierung#article","isPartOf":{"@id":"https:\/\/www.rajapack.ch\/verpackungsnews\/auswirkung-ppwr-regulierung"},"author":{"name":"RAJAPACK Schweiz","@id":"https:\/\/www.rajapack.ch\/verpackungsnews\/#\/schema\/person\/e0825d9926514f72b2ba6eafaf517f7a"},"headline":"Welche Auswirkungen hat die neue PPWR-Regulierung auf Ihre Verpackungen?","datePublished":"2026-01-23T14:56:20+00:00","dateModified":"2026-01-26T11:23:31+00:00","mainEntityOfPage":{"@id":"https:\/\/www.rajapack.ch\/verpackungsnews\/auswirkung-ppwr-regulierung"},"wordCount":1061,"publisher":{"@id":"https:\/\/www.rajapack.ch\/verpackungsnews\/#organization"},"image":{"@id":"https:\/\/www.rajapack.ch\/verpackungsnews\/auswirkung-ppwr-regulierung#primaryimage"},"thumbnailUrl":"https:\/\/www.rajapack.ch\/verpackungsnews\/wp-content\/uploads\/2026\/01\/AdobeStock_591336043-scaled.jpeg","keywords":["Nachhaltigkeit","Produktvorschlag","Verpackungsgesetz"],"articleSection":["News und Trends"],"inLanguage":"de-DE"},{"@type":"WebPage","@id":"https:\/\/www.rajapack.ch\/verpackungsnews\/auswirkung-ppwr-regulierung","url":"https:\/\/www.rajapack.ch\/verpackungsnews\/auswirkung-ppwr-regulierung","name":"Welche Auswirkungen hat die neue PPWR-Regulierung auf Ihre Verpackungen?","isPartOf":{"@id":"https:\/\/www.rajapack.ch\/verpackungsnews\/#website"},"primaryImageOfPage":{"@id":"https:\/\/www.rajapack.ch\/verpackungsnews\/auswirkung-ppwr-regulierung#primaryimage"},"image":{"@id":"https:\/\/www.rajapack.ch\/verpackungsnews\/auswirkung-ppwr-regulierung#primaryimage"},"thumbnailUrl":"https:\/\/www.rajapack.ch\/verpackungsnews\/wp-content\/uploads\/2026\/01\/AdobeStock_591336043-scaled.jpeg","datePublished":"2026-01-23T14:56:20+00:00","dateModified":"2026-01-26T11:23:31+00:00","description":"Welche Auswirkung der PPWR-Regulierung wird auf Ihre Verpackungen zukommen? Entdecken Sie, wie sie Recycling und Nachhaltigkeit f\u00f6rdert!","inLanguage":"de-DE","potentialAction":[{"@type":"ReadAction","target":["https:\/\/www.rajapack.ch\/verpackungsnews\/auswirkung-ppwr-regulierung"]}]},{"@type":"ImageObject","inLanguage":"de-DE","@id":"https:\/\/www.rajapack.ch\/verpackungsnews\/auswirkung-ppwr-regulierung#primaryimage","url":"https:\/\/www.rajapack.ch\/verpackungsnews\/wp-content\/uploads\/2026\/01\/AdobeStock_591336043-scaled.jpeg","contentUrl":"https:\/\/www.rajapack.ch\/verpackungsnews\/wp-content\/uploads\/2026\/01\/AdobeStock_591336043-scaled.jpeg","width":2560,"height":1707,"caption":"law and authority lawyer concept, judgment gavel hammer in court courtroom for crime judgement legislation and judicial decision, judge having justice of punishment guilt and criminal verdict legal"},{"@type":"WebSite","@id":"https:\/\/www.rajapack.ch\/verpackungsnews\/#website","url":"https:\/\/www.rajapack.ch\/verpackungsnews\/","name":"RAJA Blog CH","description":"Verpackungsnews vom Experten","publisher":{"@id":"https:\/\/www.rajapack.ch\/verpackungsnews\/#organization"},"potentialAction":[{"@type":"SearchAction","target":{"@type":"EntryPoint","urlTemplate":"https:\/\/www.rajapack.ch\/verpackungsnews\/?s={search_term_string}"},"query-input":"required name=search_term_string"}],"inLanguage":"de-DE"},{"@type":"Organization","@id":"https:\/\/www.rajapack.ch\/verpackungsnews\/#organization","name":"RAJA Blog CH","url":"https:\/\/www.rajapack.ch\/verpackungsnews\/","logo":{"@type":"ImageObject","inLanguage":"de-DE","@id":"https:\/\/www.rajapack.ch\/verpackungsnews\/#\/schema\/logo\/image\/","url":"","contentUrl":"","caption":"RAJA Blog CH"},"image":{"@id":"https:\/\/www.rajapack.ch\/verpackungsnews\/#\/schema\/logo\/image\/"},"sameAs":["https:\/\/de.linkedin.com\/company\/rajapack-gmbh"]},{"@type":"Person","@id":"https:\/\/www.rajapack.ch\/verpackungsnews\/#\/schema\/person\/e0825d9926514f72b2ba6eafaf517f7a","name":"RAJAPACK Schweiz","image":{"@type":"ImageObject","inLanguage":"de-DE","@id":"https:\/\/www.rajapack.ch\/verpackungsnews\/#\/schema\/person\/image\/","url":"https:\/\/secure.gravatar.com\/avatar\/f391ad6b3c41197daad8136e36418c64?s=96&d=mm&r=g","contentUrl":"https:\/\/secure.gravatar.com\/avatar\/f391ad6b3c41197daad8136e36418c64?s=96&d=mm&r=g","caption":"RAJAPACK Schweiz"},"description":"Geschrieben von unseren Verpackungsexperten bei RAJAPACK Schweiz: Wir lieben Verpackungen.","url":"https:\/\/www.rajapack.ch\/verpackungsnews\/author\/raja-ch"}]}},"_links":{"self":[{"href":"https:\/\/www.rajapack.ch\/verpackungsnews\/wp-json\/wp\/v2\/posts\/30787"}],"collection":[{"href":"https:\/\/www.rajapack.ch\/verpackungsnews\/wp-json\/wp\/v2\/posts"}],"about":[{"href":"https:\/\/www.rajapack.ch\/verpackungsnews\/wp-json\/wp\/v2\/types\/post"}],"author":[{"embeddable":true,"href":"https:\/\/www.rajapack.ch\/verpackungsnews\/wp-json\/wp\/v2\/users\/20"}],"replies":[{"embeddable":true,"href":"https:\/\/www.rajapack.ch\/verpackungsnews\/wp-json\/wp\/v2\/comments?post=30787"}],"version-history":[{"count":6,"href":"https:\/\/www.rajapack.ch\/verpackungsnews\/wp-json\/wp\/v2\/posts\/30787\/revisions"}],"predecessor-version":[{"id":30803,"href":"https:\/\/www.rajapack.ch\/verpackungsnews\/wp-json\/wp\/v2\/posts\/30787\/revisions\/30803"}],"wp:featuredmedia":[{"embeddable":true,"href":"https:\/\/www.rajapack.ch\/verpackungsnews\/wp-json\/wp\/v2\/media\/30791"}],"wp:attachment":[{"href":"https:\/\/www.rajapack.ch\/verpackungsnews\/wp-json\/wp\/v2\/media?parent=30787"}],"wp:term":[{"taxonomy":"category","embeddable":true,"href":"https:\/\/www.rajapack.ch\/verpackungsnews\/wp-json\/wp\/v2\/categories?post=30787"},{"taxonomy":"post_tag","embeddable":true,"href":"https:\/\/www.rajapack.ch\/verpackungsnews\/wp-json\/wp\/v2\/tags?post=30787"}],"curies":[{"name":"wp","href":"https:\/\/api.w.org\/{rel}","templated":true}]}}