{"id":30901,"date":"2026-03-16T11:16:47","date_gmt":"2026-03-16T10:16:47","guid":{"rendered":"https:\/\/www.rajapack.ch\/verpackungsnews\/?p=30901"},"modified":"2026-03-16T11:17:05","modified_gmt":"2026-03-16T10:17:05","slug":"kunst-sicher-verpacken-lagern-und-versenden","status":"publish","type":"post","link":"https:\/\/www.rajapack.ch\/verpackungsnews\/kunst-sicher-verpacken-lagern-und-versenden","title":{"rendered":"Kunst sicher verpacken, lagern und versenden"},"content":{"rendered":"<p data-path-to-node=\"3\"><em>Der Transport und die Lagerung von Kunstwerken sind keine trivialen logistischen Prozesse. Gem\u00e4lde, Drucke oder Skulpturen sind empfindliche G\u00fcter mit oft hohem materiellem und ideellem Wert. Fehler beim Verpacken oder Lagern k\u00f6nnen zu irreparablen Sch\u00e4den f\u00fchren \u2013 und im schlimmsten Fall dazu, dass der Versicherungsschutz entf\u00e4llt.<\/em><\/p>\n<p data-path-to-node=\"4\"><em>Dieser Leitfaden beantwortet die wichtigsten Fragen rund um das Thema, Ihre Kunst sicher verpacken, lagern und versenden und zeigt, worauf Sie bei Materialwahl, Transport und Versicherung achten sollten.<\/em><\/p>\n<hr \/>\n<h2 data-path-to-node=\"5\">Warum ist eine professionelle Verpackung bei Kunstwerken entscheidend?<\/h2>\n<div class=\"su-spacer\" style=\"height:20px\"><\/div>\n<p data-path-to-node=\"6\"><a href=\"https:\/\/de.wikipedia.org\/wiki\/Ist_das_Kunst_oder_kann_das_weg%3F\" data-gtm-tracked-element=\"true\"><strong>Ist das Kunst \u2013 oder kann das weg?<\/strong><\/a> Bei dieser Frage gibt es immer mal wieder kontroverse Meinungen. Nicht aber bei dieser: Um Kunst sicher zu verpacken, lagern und versenden, muss sie ausserordentlich gut gesch\u00fctzt sein. Sch\u00e4tzungen zufolge werden weltweit gerade einmal 5\u201310 % aller Kunstobjekte ausgestellt \u2013 der Rest befindet sich in Depots, in der Forschung oder in der Restaurierung. Das bedeutet: Kunstwerke m\u00fcssen \u00fcber lange Zeitr\u00e4ume gesch\u00fctzt werden gegen:<\/p>\n<ul data-path-to-node=\"7\">\n<li>\n<p data-path-to-node=\"7,0,0\"><b data-path-to-node=\"7,0,0\" data-index-in-node=\"0\">Mechanische Einwirkungen<\/b> (St\u00f6sse, Druck, Vibration)<\/p>\n<\/li>\n<li>\n<p data-path-to-node=\"7,1,0\"><b data-path-to-node=\"7,1,0\" data-index-in-node=\"0\">Temperatur- und Feuchtigkeitsschwankungen<\/b><\/p>\n<\/li>\n<li>\n<p data-path-to-node=\"7,2,0\"><b data-path-to-node=\"7,2,0\" data-index-in-node=\"0\">UV-Strahlung, Staub und Schmutz<\/b><\/p>\n<\/li>\n<li><strong>Diebstahl<\/strong><\/li>\n<\/ul>\n<p data-path-to-node=\"8\">Ein unzureichend gesch\u00fctztes Werk kann bereits durch kleine Bewegungen besch\u00e4digt werden. Typische Sch\u00e4den sind Risse in der Leinwand, gebrochene Rahmen, Kratzer auf Oberfl\u00e4chen oder Farbabl\u00f6sungen. Eine fachgerechte Verpackung erf\u00fcllt daher immer drei Funktionen: <b data-path-to-node=\"8\" data-index-in-node=\"265\">Stossschutz, Klimaschutz und Oberfl\u00e4chenschutz.<\/b><\/p>\n<h3><span id=\"Exkurs_Was_ist_eine_Mehrschichtverpackung\" class=\"ez-toc-section\" data-gtm-tracked-element=\"true\"><\/span>Exkurs: Was ist eine Mehrschichtverpackung?<\/h3>\n<div class=\"su-spacer\">\n<div class=\"su-spacer\" style=\"height:20px\"><\/div>\n<\/div>\n<p>Eine Mehrschichtverpackung ist eine Verpackung, die aus mehreren aufeinander abgestimmten Schutzschichten besteht. Diese Schichten erf\u00fcllen gemeinsam unterschiedliche Funktionen, um ein Produkt w\u00e4hrend Lagerung, Transport und Handhabung zuverl\u00e4ssig zu sch\u00fctzen.<\/p>\n<p>Der Ansatz basiert darauf, dass eine einzelne Verpackungskomponente selten alle Schutzanforderungen gleichzeitig erf\u00fcllen kann. Deshalb werden verschiedene Materialien oder Verpackungselemente kombiniert.<\/p>\n<p>Dabei kann eine Mehrschichtverpackung (im Sinne eines Verpackungssystems) also eine Kombination mehrerer separater Verpackungsbestandteile sein, die gemeinsam unterschiedlich Schutzfunktionen erf\u00fcllen. Andererseits kann eine Mehrschicht- oder Multilayerverpackung (im Sinne der Materialtextur) auch ein einzelnes Verpackungsmaterial sein, das aus mehreren fest verbundenen Materialschichten besteht, zum Beispiel Kunststoff-Mehrschichtfolie, beschichtete Kartonverpackungen, Aluminium-Kunststoff-Verbundfolien etc.<\/p>\n<h3><span id=\"Wenn_Kunst_zu_Schaden_kommt_Spektakulaere_Zwischenfaelle_im_Museum\" class=\"ez-toc-section\" data-gtm-tracked-element=\"true\"><\/span>Wenn Kunst zu Schaden kommt: Spektakul\u00e4re Zwischenf\u00e4lle im Museum<\/h3>\n<div class=\"su-spacer\">\n<div class=\"su-spacer\" style=\"height:20px\"><\/div>\n<p data-path-to-node=\"6\">Zu teilweise weltweitem Ruhm haben es einige dokumentierte F\u00e4lle gebracht, in denen Museumsbesucher Kunstwerke unabsichtlich besch\u00e4digt oder zerst\u00f6rt haben \u2013 oft aus absolut banalen und kuriosen Gr\u00fcnden. <strong>2025<\/strong>\u00a0beispielsweise ging\u00a0<strong>im Palazzo Maffei in Verona<\/strong>\u00a0ein Van Goghs ber\u00fchmtem Stuhl nachempfundener Stuhl wortw\u00f6rtlich in die Knie, als sich ein Besucher f\u00fcr eine lustige Fotoaufnahme darauf niederlies. Das\u00a0<a href=\"https:\/\/www.reddit.com\/r\/SipsTea\/comments\/1lb4afs\/tourist_breaks_art_display_made_of_swarovski\/?tl=de\" data-gtm-tracked-element=\"true\">mit tausenden Swarowksi-Kristallen besetzte Kunstwerk<\/a> brach unter dessen Gewicht zusammen, der sichtlich erschrockene Herr verliess, nebst Gattin, z\u00fcgig den Ort des Geschehens.<\/p>\n<\/div>\n<p>Einer der bekanntesten F\u00e4lle ereignete sich\u00a0<strong>2006 im Fitzwilliam Museum in Cambridge:\u00a0<\/strong>Ein Besucher stolperte \u00fcber seine offenen Schn\u00fcrsenkel, verlor das Gleichgewicht und fiel gegen eine Reihe von drei grossen <a href=\"https:\/\/stories.fitzmuseum.cam.ac.uk\/kangxi-vases-conservation\/\" data-gtm-tracked-element=\"true\">chinesischen Porzellanvasen aus der Qing-Dynastie<\/a>\u00a0aus dem 17. Jahrhundert. Die drei rund 300 Jahre alten Kunstwerke zerbrachen und konnten erst nach monatelangen Restaurationen wieder zusammengesetzt werden<strong>.<\/strong><\/p>\n<p><img loading=\"lazy\" decoding=\"async\" class=\"aligncenter wp-image-30905\" src=\"https:\/\/www.rajapack.ch\/verpackungsnews\/wp-content\/uploads\/2026\/03\/Eisberg_Kunst_Iceberg_text-687x1024-1-288x430.jpg\" alt=\"\" width=\"313\" height=\"467\" srcset=\"https:\/\/www.rajapack.ch\/verpackungsnews\/wp-content\/uploads\/2026\/03\/Eisberg_Kunst_Iceberg_text-687x1024-1-288x430.jpg 288w, https:\/\/www.rajapack.ch\/verpackungsnews\/wp-content\/uploads\/2026\/03\/Eisberg_Kunst_Iceberg_text-687x1024-1.jpg 687w\" sizes=\"(max-width: 313px) 100vw, 313px\" \/><\/p>\n<h2 data-path-to-node=\"9\">Verpackung &amp; Schutz: Wie verpackt man Gem\u00e4lde richtig?<\/h2>\n<p><img loading=\"lazy\" decoding=\"async\" class=\" wp-image-30908 alignleft\" src=\"https:\/\/www.rajapack.ch\/verpackungsnews\/wp-content\/uploads\/2026\/03\/Kunst_KI_lagerung-768x768-2-430x430.jpg\" alt=\"\" width=\"393\" height=\"393\" srcset=\"https:\/\/www.rajapack.ch\/verpackungsnews\/wp-content\/uploads\/2026\/03\/Kunst_KI_lagerung-768x768-2-430x430.jpg 430w, https:\/\/www.rajapack.ch\/verpackungsnews\/wp-content\/uploads\/2026\/03\/Kunst_KI_lagerung-768x768-2-150x150.jpg 150w, https:\/\/www.rajapack.ch\/verpackungsnews\/wp-content\/uploads\/2026\/03\/Kunst_KI_lagerung-768x768-2-120x120.jpg 120w, https:\/\/www.rajapack.ch\/verpackungsnews\/wp-content\/uploads\/2026\/03\/Kunst_KI_lagerung-768x768-2.jpg 768w\" sizes=\"(max-width: 393px) 100vw, 393px\" \/>Gem\u00e4lde z\u00e4hlen zu den sensibelsten Kunstwerken. Neben der Leinwand sind auch Rahmen, Firnis und Pigmente empfindlich. Besonders alte Werke reagieren sogar auf minimale Vibrationen w\u00e4hrend eines LKW-Transports.<\/p>\n<div class=\"su-spacer\" style=\"height:10px\"><\/div>\n<h3 data-path-to-node=\"11\">1. Oberfl\u00e4chenschutz<\/h3>\n<p data-path-to-node=\"12\">Die bemalte Oberfl\u00e4che darf niemals direkt mit rauem Verpackungsmaterial in Kontakt kommen. <b data-path-to-node=\"13,0,0\" data-index-in-node=\"0\">Geeignete Materialien sind <\/b><a class=\"ng-star-inserted\" href=\"https:\/\/www.rajapack.ch\/de_CH\/tragetaschen-geschenkverpackung\/seidenpapier_C659010.html\" target=\"_blank\" rel=\"noopener\" data-hveid=\"0\" data-ved=\"0CAAQ_4QMahcKEwjkxtrDiaSTAxUAAAAAHQAAAAAQaA\">S\u00e4urefreies Seidenpapier<\/a>, Glassine-Papier oder Tyvek-Folie. <b data-path-to-node=\"13,1,0\" data-index-in-node=\"0\">Wichtig:<\/b> Verwenden Sie niemals Zeitungspapier oder herk\u00f6mmliche Plastikfolie direkt auf der Farbschicht, da dies zu chemischen Reaktionen oder Abdr\u00fccken f\u00fchren kann.<\/p>\n<h3 data-path-to-node=\"14\">2. Kantenschutz<\/h3>\n<p data-path-to-node=\"15\">Die Ecken sind die schw\u00e4chsten Punkte eines Rahmens.<\/p>\n<ul data-path-to-node=\"16\">\n<li>\n<p data-path-to-node=\"16,0,0\"><b data-path-to-node=\"16,0,0\" data-index-in-node=\"0\">L\u00f6sung:<\/b> Nutzen Sie <a class=\"ng-star-inserted\" href=\"https:\/\/www.rajapack.ch\/de_CH\/polster-fullmaterialien\/kantenschutzprofile-ecken\/karton-kantenschutzecken-dreieckig_PDT00350.html\" target=\"_blank\" rel=\"noopener\" data-hveid=\"0\" data-ved=\"0CAAQ_4QMahcKEwjkxtrDiaSTAxUAAAAAHQAAAAAQag\">Karton-Kantensch\u00fctzer<\/a> oder <a href=\"https:\/\/www.rajapack.ch\/de_CH\/polster-fullmaterialien\/kantenschutzprofile-ecken\/schaum-schutzecken_PDT00366.html\">Schaum-Schutzecken<\/a>. Diese verhindern Druckstellen und schaffen einen Sicherheitsabstand zur Aussenverpackung.<\/p>\n<\/li>\n<\/ul>\n<h3 data-path-to-node=\"17\">3. Polsterung<\/h3>\n<p data-path-to-node=\"18\">Nach dem Oberfl\u00e4chenschutz folgt die Polsterschicht, um Vibrationen abzufangen.<\/p>\n<ul data-path-to-node=\"19\">\n<li>\n<p data-path-to-node=\"19,0,0\"><b data-path-to-node=\"19,0,0\" data-index-in-node=\"0\">Material:<\/b> <a class=\"ng-star-inserted\" href=\"https:\/\/www.rajapack.ch\/de_CH\/polster-fuellmaterialien\/luftpolster\/luftpolsterfolie_C251010.html\" target=\"_blank\" rel=\"noopener\" data-hveid=\"0\" data-ved=\"0CAAQ_4QMahcKEwjkxtrDiaSTAxUAAAAAHQAAAAAQbA\">Luftpolsterfolie<\/a> (nur als zweite Schicht!) oder <a class=\"ng-star-inserted\" href=\"https:\/\/www.rajapack.ch\/de_CH\/polster-fuellmaterialien\/schaumverpackungen\/schaumfolie_C252010.html\" target=\"_blank\" rel=\"noopener\" data-hveid=\"0\" data-ved=\"0CAAQ_4QMahcKEwjkxtrDiaSTAxUAAAAAHQAAAAAQbQ\">PE-Schaumfolie<\/a>.<\/p>\n<\/li>\n<\/ul>\n<h3 data-path-to-node=\"20\">4. Aussenverpackung<\/h3>\n<p data-path-to-node=\"21\">W\u00e4hlen Sie eine stabile H\u00fclle, die Durchst\u00f6sse verhindert.<\/p>\n<ul data-path-to-node=\"22\">\n<li>\n<p data-path-to-node=\"22,0,0\"><b data-path-to-node=\"22,0,0\" data-index-in-node=\"0\">Empfehlung:<\/b> <a class=\"ng-star-inserted\" href=\"https:\/\/www.rajapack.ch\/de_CH\/kartons-schachteln-container\/faltkartons-aus-wellpappe\/faltkartons-2-wellig_C101012.html\" target=\"_blank\" rel=\"noopener\" data-hveid=\"0\" data-ved=\"0CAAQ_4QMahcKEwjkxtrDiaSTAxUAAAAAHQAAAAAQbg\">2-wellige Faltkartons<\/a> bieten hohe Stabilit\u00e4t. F\u00fcr flache Bilder eignen sich <a class=\"ng-star-inserted\" href=\"https:\/\/www.rajapack.ch\/de_CH\/kartons-schachteln-container\/sonderformat-kartonagen\/brauner-stulpdeckelkarton-flache-produkte-2-wellig_PDT00291.html\" target=\"_blank\" rel=\"noopener\" data-hveid=\"0\" data-ved=\"0CAAQ_4QMahcKEwjkxtrDiaSTAxUAAAAAHQAAAAAQbw\">Teleskop-Verpackungen<\/a>, die sich exakt an die Gr\u00f6sse des Werks anpassen lassen.<\/p>\n<\/li>\n<\/ul>\n<h2 data-path-to-node=\"23\">Schutz vor Feuchtigkeit und Klima<\/h2>\n<div class=\"su-spacer\" style=\"height:10px\"><\/div>\n<p data-path-to-node=\"24\">In der Schweiz k\u00f6nnen beim Transport (z. B. \u00fcber die Alpen oder im Winter) grosse Temperaturunterschiede auftreten. Kondenswasser ist der Feind jeder Leinwand.<\/p>\n<ul data-path-to-node=\"25\">\n<li>\n<p data-path-to-node=\"25,0,0\"><b data-path-to-node=\"25,0,0\" data-index-in-node=\"0\">Tipp:<\/b> Legen Sie <a class=\"ng-star-inserted\" href=\"https:\/\/www.rajapack.ch\/de_CH\/polster-fuellmaterialien\/feuchtigkeits-korrosionsschutz\/indikator-trockenmittel_C259010.html\" target=\"_blank\" rel=\"noopener\" data-hveid=\"0\" data-ved=\"0CAAQ_4QMahcKEwjkxtrDiaSTAxUAAAAAHQAAAAAQcA\">Trockenmittelbeutel<\/a>\u00a0in die Verpackung, um die Luftfeuchtigkeit stabil zu halten.<\/p>\n<\/li>\n<li>\n<p data-path-to-node=\"25,1,0\"><b data-path-to-node=\"25,1,0\" data-index-in-node=\"0\">Akklimatisierung:<\/b> Lassen Sie das Kunstwerk nach der Ankunft am Zielort einige Stunden verpackt im Raum stehen, damit es sich langsam an die neue Temperatur gew\u00f6hnen kann.<\/p>\n<\/li>\n<\/ul>\n<h2 data-path-to-node=\"26\">Versand: Welcher Dienstleister eignet sich?<\/h2>\n<div class=\"su-spacer\" style=\"height:10px\"><\/div>\n<p data-path-to-node=\"27\">In der Schweiz haben Sie verschiedene M\u00f6glichkeiten, Kunst zu versenden:<\/p>\n<ol start=\"1\" data-path-to-node=\"28\">\n<li>\n<p data-path-to-node=\"28,0,0\"><b data-path-to-node=\"28,0,0\" data-index-in-node=\"0\">Die Schweizerische Post \/ Kurierdienste (DHL, UPS, FedEx):<\/b> Gut geeignet f\u00fcr kleinere, robuste Werke oder Kunstdrucke. Achten Sie unbedingt auf die Haftungsgrenzen der Standardpakete.<\/p>\n<\/li>\n<li>\n<p data-path-to-node=\"28,1,0\"><b data-path-to-node=\"28,1,0\" data-index-in-node=\"0\">Spezialisierte Kunstspeditionen:<\/b> F\u00fcr grossformatige Gem\u00e4lde oder unersetzliche Unikate ist eine Kunstspedition (z. B. mit klimatisierten Fahrzeugen) die sicherste Wahl.<\/p>\n<\/li>\n<li>\n<p data-path-to-node=\"28,2,0\"><b data-path-to-node=\"28,2,0\" data-index-in-node=\"0\">Eigenversand:<\/b> Innerhalb der Schweiz oft eine Option, wenn die Distanzen kurz sind \u2013 aber auch hier ist eine professionelle Polsterung im Fahrzeug Pflicht.<\/p>\n<\/li>\n<\/ol>\n<p><img loading=\"lazy\" decoding=\"async\" class=\" wp-image-30906 alignleft\" src=\"https:\/\/www.rajapack.ch\/verpackungsnews\/wp-content\/uploads\/2026\/03\/Kunst_Transportkiste-768x506-1-430x283.jpg\" alt=\"\" width=\"400\" height=\"263\" srcset=\"https:\/\/www.rajapack.ch\/verpackungsnews\/wp-content\/uploads\/2026\/03\/Kunst_Transportkiste-768x506-1-430x283.jpg 430w, https:\/\/www.rajapack.ch\/verpackungsnews\/wp-content\/uploads\/2026\/03\/Kunst_Transportkiste-768x506-1.jpg 768w\" sizes=\"(max-width: 400px) 100vw, 400px\" \/><\/p>\n<p>&nbsp;<\/p>\n<h3 data-path-to-node=\"29\"><\/h3>\n<h3 data-path-to-node=\"29\"><\/h3>\n<h3 data-path-to-node=\"29\"><\/h3>\n<h3 data-path-to-node=\"29\"><\/h3>\n<h3 data-path-to-node=\"29\"><\/h3>\n<h3 data-path-to-node=\"29\"><\/h3>\n<p>&nbsp;<\/p>\n<h3 data-path-to-node=\"29\">Internationaler Versand und Zoll (Wichtig f\u00fcr CH-Exporte)<\/h3>\n<p data-path-to-node=\"30\">Da die Schweiz kein EU-Mitglied ist, muss beim Versand ins Ausland (oder Import aus dem Ausland) zwingend eine korrekte Zollanmeldung erfolgen. Geben Sie den Wert des Kunstwerks wahrheitsgem\u00e4ss an. F\u00fcr Originale gelten oft spezielle Zolls\u00e4tze oder Befreiungen, die jedoch dokumentiert sein m\u00fcssen.<\/p>\n<h3>Wie funktioniert White-Glove Delivery bei Kunsttransporten?<\/h3>\n<div class=\"su-spacer\"><\/div>\n<p>Ein besonderes Konzept innerhalb der Kunstlogistik ist die sogenannte White-Glove Delivery. Dabei handelt es sich um einen Premium-Lieferservice, bei dem das Kunstwerk nicht nur transportiert, sondern auch pers\u00f6nlich \u00fcbergeben und teilweise direkt am Zielort installiert wird. Das Werk wird w\u00e4hrend des gesamten Transports von geschultem Personal betreut, h\u00e4ufig in klimatisierten Fahrzeugen transportiert und ohne automatisierte Sortierprozesse bewegt. Dieser Service minimiert das Risiko von Besch\u00e4digungen und wird daher h\u00e4ufig bei hochwertigen Kunstwerken oder bei Lieferungen an Galerien und Sammler eingesetzt.<\/p>\n<h2 data-path-to-node=\"32\">Versicherung &amp; Haftung<\/h2>\n<div class=\"su-spacer\" style=\"height:20px\"><\/div>\n<h3 data-path-to-node=\"33\">Ist mein Kunstwerk automatisch versichert?<\/h3>\n<div class=\"su-spacer\" style=\"height:10px\"><\/div>\n<p data-path-to-node=\"33\">Meistens nur bis zu einem sehr geringen Betrag (z. B. CHF 500.\u2013 oder CHF 1&#8217;000.\u2013 bei Standardpaketen). Pr\u00fcfen Sie Ihre Gesch\u00e4ftsversicherung oder schliessen Sie f\u00fcr den Transport eine separate <b data-path-to-node=\"34,0,0\" data-index-in-node=\"90\">Nagel-zu-Nagel-Versicherung<\/b> ab. Diese deckt den gesamten Weg vom Ort der Abholung bis zum Zielort ab.<\/p>\n<h3>Muss ich Einfuhrsteuer oder Zoll bezahlen?<\/h3>\n<div class=\"su-spacer\" style=\"height:10px\"><\/div>\n<p>Das h\u00e4ngt vom\u00a0<strong>Zielland, dem Wert des Kunstwerks und der Art der Sendung<\/strong>\u00a0ab. H\u00e4ufig fallen Einfuhrumsatzsteuer und gegebenenfalls Zollgeb\u00fchren an.<\/p>\n<h3><span id=\"Gibt_es_Exportbeschraenkungen_fuer_Kunstwerke\" class=\"ez-toc-section\" data-gtm-tracked-element=\"true\"><\/span>Gibt es Exportbeschr\u00e4nkungen f\u00fcr Kunstwerke?<\/h3>\n<div class=\"su-spacer\" style=\"height:10px\"><\/div>\n<p>Ja, insbesondere bei\u00a0<strong>historisch bedeutenden oder sehr alten Kunstwerken<\/strong>\u00a0k\u00f6nnen Genehmigungen oder Exportlizenzen erforderlich sein.<\/p>\n<h3><span id=\"Wie_deklariere_ich_den_Wert_eines_Kunstwerks\" class=\"ez-toc-section\" data-gtm-tracked-element=\"true\"><\/span>Wie deklariere ich den Wert eines Kunstwerks?<\/h3>\n<div class=\"su-spacer\" style=\"height:10px\"><\/div>\n<p>Der Wert eines Kunstwerks wird in der Regel anhand des\u00a0<strong data-start=\"55\" data-end=\"79\">aktuellen Marktwerts<\/strong>\u00a0bestimmt, der sich aus vergleichbaren Verk\u00e4ufen, Galeriepreisen oder Auktionsergebnissen ableitet. F\u00fcr Transport und Versicherung wird h\u00e4ufig ein\u00a0<strong data-start=\"226\" data-end=\"300\">Versicherungswert angesetzt, der etwa 10\u201330 % \u00fcber dem Marktwert liegt<\/strong>, um zus\u00e4tzliche Kosten wie Restaurierung oder Wiederbeschaffung abzudecken. Wichtig ist eine\u00a0<strong data-start=\"394\" data-end=\"428\">nachvollziehbare Dokumentation<\/strong>, etwa durch Rechnungen, Gutachten oder Auktionsergebnisse, damit Versicherungen, K\u00e4ufer oder Zollbeh\u00f6rden den angegebenen Wert pr\u00fcfen k\u00f6nnen.<\/p>\n<h3 data-path-to-node=\"34,0,0\">Welche Dokumentation brauche ich f\u00fcr Schadensf\u00e4lle?<\/h3>\n<div class=\"su-spacer\" style=\"height:10px\"><\/div>\n<p data-path-to-node=\"34,0,0\"><span style=\"color: #000000;\">Wichtig sind<strong> Fotos des Kunstwerks<\/strong> vor dem Versand, Bilder der Verpackung, Versandbelege, Wertnachweise (z. B. Rechnung oder Gutachten) sowie eine Dokumentation des Schadens beim Empfang.<\/span><\/p>\n<h2 data-path-to-node=\"35\">Schritt-f\u00fcr-Schritt: So verpacken Sie ein Gem\u00e4lde<\/h2>\n<div class=\"su-spacer\" style=\"height:20px\"><\/div>\n<ol start=\"1\" data-path-to-node=\"36\">\n<li>\n<p data-path-to-node=\"36,0,0\"><b data-path-to-node=\"36,0,0\" data-index-in-node=\"0\">Reinigen:<\/b> Staub vorsichtig mit einem weichen Pinsel entfernen.<\/p>\n<\/li>\n<li>\n<p data-path-to-node=\"36,1,0\"><b data-path-to-node=\"36,1,0\" data-index-in-node=\"0\">Einschlagen:<\/b> In s\u00e4urefreies Seidenpapier oder Glassine einwickeln.<\/p>\n<\/li>\n<li>\n<p data-path-to-node=\"36,2,0\"><b data-path-to-node=\"36,2,0\" data-index-in-node=\"0\">Ecken sch\u00fctzen:<\/b> Schaumstoff-Ecksch\u00fctzer anbringen.<\/p>\n<\/li>\n<li>\n<p data-path-to-node=\"36,3,0\"><b data-path-to-node=\"36,3,0\" data-index-in-node=\"0\">Polstern:<\/b> Mit 2\u20133 Lagen Luftpolsterfolie umwickeln und fixieren.<\/p>\n<\/li>\n<li>\n<p data-path-to-node=\"36,4,0\"><b data-path-to-node=\"36,4,0\" data-index-in-node=\"0\">Verst\u00e4rken:<\/b> Bei Bedarf eine Platte aus <a class=\"ng-star-inserted\" href=\"https:\/\/www.rajapack.ch\/de_CH\/polster-fuellmaterialien\/feuchtigkeits-korrosionsschutz\/indikator-trockenmittel_C259010.html\" target=\"_blank\" rel=\"noopener\" data-hveid=\"0\" data-ved=\"0CAAQ_4QMahcKEwjkxtrDiaSTAxUAAAAAHQAAAAAQcQ\">Wabenpappe<\/a> als Durchstoss-Schutz auf die Bildseite legen.<\/p>\n<\/li>\n<li>\n<p data-path-to-node=\"36,5,0\"><b data-path-to-node=\"36,5,0\" data-index-in-node=\"0\">Kartonieren:<\/b> In einen stabilen Karton schieben und Hohlr\u00e4ume mit F\u00fcllmaterial sichern.<\/p>\n<\/li>\n<\/ol>\n<p>Wir hoffen, dass Sie nun Ihre Kunst sicher verpacken und versenden k\u00f6nnen! \ud83c\udfa8\ud83d\uddbc\ufe0f<\/p>\n","protected":false},"excerpt":{"rendered":"<p>Der Transport und die Lagerung von Kunstwerken sind keine trivialen logistischen Prozesse. Gem\u00e4lde, Drucke oder Skulpturen sind empfindliche G\u00fcter mit oft hohem materiellem und ideellem Wert. Fehler beim Verpacken oder [&#8230;]<\/p>\n","protected":false},"author":20,"featured_media":30904,"comment_status":"closed","ping_status":"closed","sticky":false,"template":"","format":"standard","meta":{"_acf_changed":false,"footnotes":""},"categories":[20],"tags":[157,262,776,999],"class_list":["post-30901","post","type-post","status-publish","format-standard","has-post-thumbnail","hentry","category-know-how","tag-kunst","tag-lager","tag-schuetzen","tag-versand"],"acf":[],"yoast_head":"\n<title>Kunst sicher verpacken, lagern und versenden - RAJA Blog CH<\/title>\n<meta name=\"description\" content=\"Wertvolle Kunst sicher verpacken &amp; versenden: Erfahren Sie in unserem Leitfaden alles \u00fcber Materialwahl, Kantenschutz und Zoll-Tipps.\" \/>\n<meta name=\"robots\" content=\"index, follow, max-snippet:-1, max-image-preview:large, max-video-preview:-1\" \/>\n<link rel=\"canonical\" href=\"https:\/\/www.rajapack.ch\/verpackungsnews\/kunst-sicher-verpacken-lagern-und-versenden\" \/>\n<meta property=\"og:locale\" content=\"de_DE\" \/>\n<meta property=\"og:type\" content=\"article\" \/>\n<meta property=\"og:title\" content=\"Kunst sicher verpacken, lagern und versenden - RAJA Blog CH\" \/>\n<meta property=\"og:description\" content=\"Wertvolle Kunst sicher verpacken &amp; versenden: Erfahren Sie in unserem Leitfaden alles \u00fcber Materialwahl, Kantenschutz und Zoll-Tipps.\" \/>\n<meta property=\"og:url\" content=\"https:\/\/www.rajapack.ch\/verpackungsnews\/kunst-sicher-verpacken-lagern-und-versenden\" \/>\n<meta property=\"og:site_name\" content=\"RAJA Blog CH\" \/>\n<meta property=\"article:published_time\" content=\"2026-03-16T10:16:47+00:00\" \/>\n<meta property=\"article:modified_time\" content=\"2026-03-16T10:17:05+00:00\" \/>\n<meta property=\"og:image\" content=\"https:\/\/www.rajapack.ch\/verpackungsnews\/wp-content\/uploads\/2026\/03\/Kunst_Bilderrahmen_blaue-Wand.jpg\" \/>\n\t<meta property=\"og:image:width\" content=\"810\" \/>\n\t<meta property=\"og:image:height\" content=\"454\" \/>\n\t<meta property=\"og:image:type\" content=\"image\/jpeg\" \/>\n<meta name=\"author\" content=\"RAJAPACK Schweiz\" \/>\n<meta name=\"twitter:card\" content=\"summary_large_image\" \/>\n<meta name=\"twitter:label1\" content=\"Verfasst von\" \/>\n\t<meta name=\"twitter:data1\" content=\"RAJAPACK Schweiz\" \/>\n\t<meta name=\"twitter:label2\" content=\"Gesch\u00e4tzte Lesezeit\" \/>\n\t<meta name=\"twitter:data2\" content=\"8 Minuten\" \/>\n<script type=\"application\/ld+json\" class=\"yoast-schema-graph\">{\n\t    \"@context\": \"https:\/\/schema.org\",\n\t    \"@graph\": [\n\t        {\n\t            \"@type\": \"Article\",\n\t            \"@id\": \"https:\/\/www.rajapack.ch\/verpackungsnews\/kunst-sicher-verpacken-lagern-und-versenden#article\",\n\t            \"isPartOf\": {\n\t                \"@id\": \"https:\/\/www.rajapack.ch\/verpackungsnews\/kunst-sicher-verpacken-lagern-und-versenden\"\n\t            },\n\t            \"author\": {\n\t                \"name\": \"RAJAPACK Schweiz\",\n\t                \"@id\": \"https:\/\/www.rajapack.ch\/verpackungsnews\/#\/schema\/person\/e0825d9926514f72b2ba6eafaf517f7a\"\n\t            },\n\t            \"headline\": \"Kunst sicher verpacken, lagern und versenden\",\n\t            \"datePublished\": \"2026-03-16T10:16:47+00:00\",\n\t            \"dateModified\": \"2026-03-16T10:17:05+00:00\",\n\t            \"mainEntityOfPage\": {\n\t                \"@id\": \"https:\/\/www.rajapack.ch\/verpackungsnews\/kunst-sicher-verpacken-lagern-und-versenden\"\n\t            },\n\t            \"wordCount\": 1288,\n\t            \"publisher\": {\n\t                \"@id\": \"https:\/\/www.rajapack.ch\/verpackungsnews\/#organization\"\n\t            },\n\t            \"image\": {\n\t                \"@id\": \"https:\/\/www.rajapack.ch\/verpackungsnews\/kunst-sicher-verpacken-lagern-und-versenden#primaryimage\"\n\t            },\n\t            \"thumbnailUrl\": \"https:\/\/www.rajapack.ch\/verpackungsnews\/wp-content\/uploads\/2026\/03\/Kunst_Bilderrahmen_blaue-Wand.jpg\",\n\t            \"keywords\": [\n\t                \"Kunst\",\n\t                \"Lager\",\n\t                \"sch\u00fctzen\",\n\t                \"Versand\"\n\t            ],\n\t            \"articleSection\": [\n\t                \"Know How\"\n\t            ],\n\t            \"inLanguage\": \"de-DE\"\n\t        },\n\t        {\n\t            \"@type\": \"WebPage\",\n\t            \"@id\": \"https:\/\/www.rajapack.ch\/verpackungsnews\/kunst-sicher-verpacken-lagern-und-versenden\",\n\t            \"url\": \"https:\/\/www.rajapack.ch\/verpackungsnews\/kunst-sicher-verpacken-lagern-und-versenden\",\n\t            \"name\": \"Kunst sicher verpacken, lagern und versenden - RAJA Blog CH\",\n\t            \"isPartOf\": {\n\t                \"@id\": \"https:\/\/www.rajapack.ch\/verpackungsnews\/#website\"\n\t            },\n\t            \"primaryImageOfPage\": {\n\t                \"@id\": \"https:\/\/www.rajapack.ch\/verpackungsnews\/kunst-sicher-verpacken-lagern-und-versenden#primaryimage\"\n\t            },\n\t            \"image\": {\n\t                \"@id\": \"https:\/\/www.rajapack.ch\/verpackungsnews\/kunst-sicher-verpacken-lagern-und-versenden#primaryimage\"\n\t            },\n\t            \"thumbnailUrl\": \"https:\/\/www.rajapack.ch\/verpackungsnews\/wp-content\/uploads\/2026\/03\/Kunst_Bilderrahmen_blaue-Wand.jpg\",\n\t            \"datePublished\": \"2026-03-16T10:16:47+00:00\",\n\t            \"dateModified\": \"2026-03-16T10:17:05+00:00\",\n\t            \"description\": \"Wertvolle Kunst sicher verpacken & versenden: Erfahren Sie in unserem Leitfaden alles \u00fcber Materialwahl, Kantenschutz und Zoll-Tipps.\",\n\t            \"inLanguage\": \"de-DE\",\n\t            \"potentialAction\": [\n\t                {\n\t                    \"@type\": \"ReadAction\",\n\t                    \"target\": [\n\t                        \"https:\/\/www.rajapack.ch\/verpackungsnews\/kunst-sicher-verpacken-lagern-und-versenden\"\n\t                    ]\n\t                }\n\t            ]\n\t        },\n\t        {\n\t            \"@type\": \"ImageObject\",\n\t            \"inLanguage\": \"de-DE\",\n\t            \"@id\": \"https:\/\/www.rajapack.ch\/verpackungsnews\/kunst-sicher-verpacken-lagern-und-versenden#primaryimage\",\n\t            \"url\": \"https:\/\/www.rajapack.ch\/verpackungsnews\/wp-content\/uploads\/2026\/03\/Kunst_Bilderrahmen_blaue-Wand.jpg\",\n\t            \"contentUrl\": \"https:\/\/www.rajapack.ch\/verpackungsnews\/wp-content\/uploads\/2026\/03\/Kunst_Bilderrahmen_blaue-Wand.jpg\",\n\t            \"width\": 810,\n\t            \"height\": 454\n\t        },\n\t        {\n\t            \"@type\": \"WebSite\",\n\t            \"@id\": \"https:\/\/www.rajapack.ch\/verpackungsnews\/#website\",\n\t            \"url\": \"https:\/\/www.rajapack.ch\/verpackungsnews\/\",\n\t            \"name\": \"RAJA Blog CH\",\n\t            \"description\": \"Verpackungsnews vom Experten\",\n\t            \"publisher\": {\n\t                \"@id\": \"https:\/\/www.rajapack.ch\/verpackungsnews\/#organization\"\n\t            },\n\t            \"potentialAction\": [\n\t                {\n\t                    \"@type\": \"SearchAction\",\n\t                    \"target\": {\n\t                        \"@type\": \"EntryPoint\",\n\t                        \"urlTemplate\": \"https:\/\/www.rajapack.ch\/verpackungsnews\/?s={search_term_string}\"\n\t                    },\n\t                    \"query-input\": \"required name=search_term_string\"\n\t                }\n\t            ],\n\t            \"inLanguage\": \"de-DE\"\n\t        },\n\t        {\n\t            \"@type\": \"Organization\",\n\t            \"@id\": \"https:\/\/www.rajapack.ch\/verpackungsnews\/#organization\",\n\t            \"name\": \"RAJA Blog CH\",\n\t            \"url\": \"https:\/\/www.rajapack.ch\/verpackungsnews\/\",\n\t            \"logo\": {\n\t                \"@type\": \"ImageObject\",\n\t                \"inLanguage\": \"de-DE\",\n\t                \"@id\": \"https:\/\/www.rajapack.ch\/verpackungsnews\/#\/schema\/logo\/image\/\",\n\t                \"url\": \"\",\n\t                \"contentUrl\": \"\",\n\t                \"caption\": \"RAJA Blog CH\"\n\t            },\n\t            \"image\": {\n\t                \"@id\": \"https:\/\/www.rajapack.ch\/verpackungsnews\/#\/schema\/logo\/image\/\"\n\t            },\n\t            \"sameAs\": [\n\t                \"https:\/\/de.linkedin.com\/company\/rajapack-gmbh\"\n\t            ]\n\t        },\n\t        {\n\t            \"@type\": \"Person\",\n\t            \"@id\": \"https:\/\/www.rajapack.ch\/verpackungsnews\/#\/schema\/person\/e0825d9926514f72b2ba6eafaf517f7a\",\n\t            \"name\": \"RAJAPACK Schweiz\",\n\t            \"image\": {\n\t                \"@type\": \"ImageObject\",\n\t                \"inLanguage\": \"de-DE\",\n\t                \"@id\": \"https:\/\/www.rajapack.ch\/verpackungsnews\/#\/schema\/person\/image\/\",\n\t                \"url\": \"https:\/\/secure.gravatar.com\/avatar\/f391ad6b3c41197daad8136e36418c64?s=96&d=mm&r=g\",\n\t                \"contentUrl\": \"https:\/\/secure.gravatar.com\/avatar\/f391ad6b3c41197daad8136e36418c64?s=96&d=mm&r=g\",\n\t                \"caption\": \"RAJAPACK Schweiz\"\n\t            },\n\t            \"description\": \"Geschrieben von unseren Verpackungsexperten bei RAJAPACK Schweiz: Wir lieben Verpackungen.\",\n\t            \"url\": \"https:\/\/www.rajapack.ch\/verpackungsnews\/author\/raja-ch\"\n\t        }\n\t    ]\n\t}<\/script>\n","yoast_head_json":{"title":"Kunst sicher verpacken, lagern und versenden - RAJA Blog CH","description":"Wertvolle Kunst sicher verpacken & versenden: Erfahren Sie in unserem Leitfaden alles \u00fcber Materialwahl, Kantenschutz und Zoll-Tipps.","robots":{"index":"index","follow":"follow","max-snippet":"max-snippet:-1","max-image-preview":"max-image-preview:large","max-video-preview":"max-video-preview:-1"},"canonical":"https:\/\/www.rajapack.ch\/verpackungsnews\/kunst-sicher-verpacken-lagern-und-versenden","og_locale":"de_DE","og_type":"article","og_title":"Kunst sicher verpacken, lagern und versenden - RAJA Blog CH","og_description":"Wertvolle Kunst sicher verpacken & versenden: Erfahren Sie in unserem Leitfaden alles \u00fcber Materialwahl, Kantenschutz und Zoll-Tipps.","og_url":"https:\/\/www.rajapack.ch\/verpackungsnews\/kunst-sicher-verpacken-lagern-und-versenden","og_site_name":"RAJA Blog CH","article_published_time":"2026-03-16T10:16:47+00:00","article_modified_time":"2026-03-16T10:17:05+00:00","og_image":[{"width":810,"height":454,"url":"https:\/\/www.rajapack.ch\/verpackungsnews\/wp-content\/uploads\/2026\/03\/Kunst_Bilderrahmen_blaue-Wand.jpg","type":"image\/jpeg"}],"author":"RAJAPACK Schweiz","twitter_card":"summary_large_image","twitter_misc":{"Verfasst von":"RAJAPACK Schweiz","Gesch\u00e4tzte Lesezeit":"8 Minuten"},"schema":{"@context":"https:\/\/schema.org","@graph":[{"@type":"Article","@id":"https:\/\/www.rajapack.ch\/verpackungsnews\/kunst-sicher-verpacken-lagern-und-versenden#article","isPartOf":{"@id":"https:\/\/www.rajapack.ch\/verpackungsnews\/kunst-sicher-verpacken-lagern-und-versenden"},"author":{"name":"RAJAPACK Schweiz","@id":"https:\/\/www.rajapack.ch\/verpackungsnews\/#\/schema\/person\/e0825d9926514f72b2ba6eafaf517f7a"},"headline":"Kunst sicher verpacken, lagern und versenden","datePublished":"2026-03-16T10:16:47+00:00","dateModified":"2026-03-16T10:17:05+00:00","mainEntityOfPage":{"@id":"https:\/\/www.rajapack.ch\/verpackungsnews\/kunst-sicher-verpacken-lagern-und-versenden"},"wordCount":1288,"publisher":{"@id":"https:\/\/www.rajapack.ch\/verpackungsnews\/#organization"},"image":{"@id":"https:\/\/www.rajapack.ch\/verpackungsnews\/kunst-sicher-verpacken-lagern-und-versenden#primaryimage"},"thumbnailUrl":"https:\/\/www.rajapack.ch\/verpackungsnews\/wp-content\/uploads\/2026\/03\/Kunst_Bilderrahmen_blaue-Wand.jpg","keywords":["Kunst","Lager","sch\u00fctzen","Versand"],"articleSection":["Know How"],"inLanguage":"de-DE"},{"@type":"WebPage","@id":"https:\/\/www.rajapack.ch\/verpackungsnews\/kunst-sicher-verpacken-lagern-und-versenden","url":"https:\/\/www.rajapack.ch\/verpackungsnews\/kunst-sicher-verpacken-lagern-und-versenden","name":"Kunst sicher verpacken, lagern und versenden - RAJA Blog CH","isPartOf":{"@id":"https:\/\/www.rajapack.ch\/verpackungsnews\/#website"},"primaryImageOfPage":{"@id":"https:\/\/www.rajapack.ch\/verpackungsnews\/kunst-sicher-verpacken-lagern-und-versenden#primaryimage"},"image":{"@id":"https:\/\/www.rajapack.ch\/verpackungsnews\/kunst-sicher-verpacken-lagern-und-versenden#primaryimage"},"thumbnailUrl":"https:\/\/www.rajapack.ch\/verpackungsnews\/wp-content\/uploads\/2026\/03\/Kunst_Bilderrahmen_blaue-Wand.jpg","datePublished":"2026-03-16T10:16:47+00:00","dateModified":"2026-03-16T10:17:05+00:00","description":"Wertvolle Kunst sicher verpacken & versenden: Erfahren Sie in unserem Leitfaden alles \u00fcber Materialwahl, Kantenschutz und Zoll-Tipps.","inLanguage":"de-DE","potentialAction":[{"@type":"ReadAction","target":["https:\/\/www.rajapack.ch\/verpackungsnews\/kunst-sicher-verpacken-lagern-und-versenden"]}]},{"@type":"ImageObject","inLanguage":"de-DE","@id":"https:\/\/www.rajapack.ch\/verpackungsnews\/kunst-sicher-verpacken-lagern-und-versenden#primaryimage","url":"https:\/\/www.rajapack.ch\/verpackungsnews\/wp-content\/uploads\/2026\/03\/Kunst_Bilderrahmen_blaue-Wand.jpg","contentUrl":"https:\/\/www.rajapack.ch\/verpackungsnews\/wp-content\/uploads\/2026\/03\/Kunst_Bilderrahmen_blaue-Wand.jpg","width":810,"height":454},{"@type":"WebSite","@id":"https:\/\/www.rajapack.ch\/verpackungsnews\/#website","url":"https:\/\/www.rajapack.ch\/verpackungsnews\/","name":"RAJA Blog CH","description":"Verpackungsnews vom Experten","publisher":{"@id":"https:\/\/www.rajapack.ch\/verpackungsnews\/#organization"},"potentialAction":[{"@type":"SearchAction","target":{"@type":"EntryPoint","urlTemplate":"https:\/\/www.rajapack.ch\/verpackungsnews\/?s={search_term_string}"},"query-input":"required name=search_term_string"}],"inLanguage":"de-DE"},{"@type":"Organization","@id":"https:\/\/www.rajapack.ch\/verpackungsnews\/#organization","name":"RAJA Blog CH","url":"https:\/\/www.rajapack.ch\/verpackungsnews\/","logo":{"@type":"ImageObject","inLanguage":"de-DE","@id":"https:\/\/www.rajapack.ch\/verpackungsnews\/#\/schema\/logo\/image\/","url":"","contentUrl":"","caption":"RAJA Blog CH"},"image":{"@id":"https:\/\/www.rajapack.ch\/verpackungsnews\/#\/schema\/logo\/image\/"},"sameAs":["https:\/\/de.linkedin.com\/company\/rajapack-gmbh"]},{"@type":"Person","@id":"https:\/\/www.rajapack.ch\/verpackungsnews\/#\/schema\/person\/e0825d9926514f72b2ba6eafaf517f7a","name":"RAJAPACK Schweiz","image":{"@type":"ImageObject","inLanguage":"de-DE","@id":"https:\/\/www.rajapack.ch\/verpackungsnews\/#\/schema\/person\/image\/","url":"https:\/\/secure.gravatar.com\/avatar\/f391ad6b3c41197daad8136e36418c64?s=96&d=mm&r=g","contentUrl":"https:\/\/secure.gravatar.com\/avatar\/f391ad6b3c41197daad8136e36418c64?s=96&d=mm&r=g","caption":"RAJAPACK Schweiz"},"description":"Geschrieben von unseren Verpackungsexperten bei RAJAPACK Schweiz: Wir lieben Verpackungen.","url":"https:\/\/www.rajapack.ch\/verpackungsnews\/author\/raja-ch"}]}},"_links":{"self":[{"href":"https:\/\/www.rajapack.ch\/verpackungsnews\/wp-json\/wp\/v2\/posts\/30901"}],"collection":[{"href":"https:\/\/www.rajapack.ch\/verpackungsnews\/wp-json\/wp\/v2\/posts"}],"about":[{"href":"https:\/\/www.rajapack.ch\/verpackungsnews\/wp-json\/wp\/v2\/types\/post"}],"author":[{"embeddable":true,"href":"https:\/\/www.rajapack.ch\/verpackungsnews\/wp-json\/wp\/v2\/users\/20"}],"replies":[{"embeddable":true,"href":"https:\/\/www.rajapack.ch\/verpackungsnews\/wp-json\/wp\/v2\/comments?post=30901"}],"version-history":[{"count":5,"href":"https:\/\/www.rajapack.ch\/verpackungsnews\/wp-json\/wp\/v2\/posts\/30901\/revisions"}],"predecessor-version":[{"id":30911,"href":"https:\/\/www.rajapack.ch\/verpackungsnews\/wp-json\/wp\/v2\/posts\/30901\/revisions\/30911"}],"wp:featuredmedia":[{"embeddable":true,"href":"https:\/\/www.rajapack.ch\/verpackungsnews\/wp-json\/wp\/v2\/media\/30904"}],"wp:attachment":[{"href":"https:\/\/www.rajapack.ch\/verpackungsnews\/wp-json\/wp\/v2\/media?parent=30901"}],"wp:term":[{"taxonomy":"category","embeddable":true,"href":"https:\/\/www.rajapack.ch\/verpackungsnews\/wp-json\/wp\/v2\/categories?post=30901"},{"taxonomy":"post_tag","embeddable":true,"href":"https:\/\/www.rajapack.ch\/verpackungsnews\/wp-json\/wp\/v2\/tags?post=30901"}],"curies":[{"name":"wp","href":"https:\/\/api.w.org\/{rel}","templated":true}]}}