{"id":7911,"date":"2022-12-01T12:56:14","date_gmt":"2022-12-01T11:56:14","guid":{"rendered":"http:\/\/blog-de.rajapack.de\/?p=7911"},"modified":"2023-05-08T10:58:35","modified_gmt":"2023-05-08T08:58:35","slug":"schritte-fuer-frauen","status":"publish","type":"post","link":"https:\/\/www.rajapack.ch\/verpackungsnews\/schritte-fuer-frauen","title":{"rendered":"RAJAPACK z\u00e4hlt Schritte f\u00fcr Frauen"},"content":{"rendered":"<h5>Bis heute ist das Thema Gleichberechtigung und Diskriminierung von Frauen ein Thema das Aufmerksamkeit ben\u00f6tigt, denn es gibt nach wie vor viel zu tun.<br \/>\nDie gesamte RAJA-Gruppe will anl\u00e4sslich des Weltfrauentages gemeinsam ein Zeichen setzen. Denn bei RAJAPACK hat das Thema Frauenrechte bereits Tradition. Treibende Kraft hinter der Frauenf\u00f6rderung ist die Generaldirektorin und Inhaberin der RAJA-Gruppe, Dani\u00e8le Kapel-Marcovici. Bei der Tochter der Unternehmensgr\u00fcnderin Rachel Marcovici, geniessen Gleichheit und Respekt seit jeher einen hohen Stellenwert. Mit viel Engagement setzt sich Dani\u00e8le Kapel-Marcovici mit ihrer 2006 gegr\u00fcndeten <a href=\"\/verpackungsnews\/fondation-raja\" target=\"_blank\" rel=\"noopener\">Stiftung RAJA-Dani\u00e8le Marcovici<\/a> weltweit f\u00fcr Frauen ein. Seit 2015 werden regelm\u00e4ssig in allen Niederlassungen der RAJA-Gruppe f\u00fcr die Rechte der Frauen Schritte gez\u00e4hlt!<\/h5>\n<div class=\"su-divider su-divider-style-default\" style=\"margin:15px 0;border-width:3px;border-color:#999999\"><\/div><div class=\"su-spacer\" style=\"height:20px\"><\/div>\n<h2>Es gibt noch viel zu tun<\/h2>\n<div class=\"su-spacer\" style=\"height:20px\"><\/div>\n<p>Das von Frauen gegr\u00fcndete und frauengef\u00fchrte Unternehmen sieht seine Verantwortung \u00fcber die wirtschaftliche Rolle hinaus auch in der Verantwortung f\u00fcr die Gesellschaft. Dabei ist f\u00fcr RAJAPACK die Gleichstellung der Frau eine gelebte Selbstverst\u00e4ndlichkeit. Die Stiftung sieht diesbez\u00fcglich global jedoch noch erheblichen Handlungsbedarf:<\/p>\n<p>Die\u00a0<a href=\"https:\/\/www.unwomen.org\/en\" target=\"_blank\" rel=\"noopener\">UNO<\/a>\u00a0h\u00e4lt erschreckende Zahlen bereit:<\/p>\n<ul>\n<li>70% der 1,4 Milliarden Menschen, die in Armut leben, sind Frauen<\/li>\n<li>80% aller Fl\u00fcchtlinge sind Frauen und Kinder<\/li>\n<li>Zwei Drittel der 770 Millionen erwachsenen Analphabeten sind Frauen<\/li>\n<li>Frauen verdienen im Schnitt 20% weniger als ihre m\u00e4nnlichen Kollegen mit denselben Fachkompetenzen<\/li>\n<li>Im globalen Durchschnitt machen Frauen im Parlament nur 26% aus<\/li>\n<\/ul>\n<p>Das Besondere an der Schrittz\u00e4hler-Aktion: Dank dem Programm RAJApeople k\u00f6nnen sich auch die Mitarbeiter im Sinne der Stiftung engagieren. Und sie tun dies europaweit mit grossem Einsatz!<\/p>\n<div class=\"su-spacer\" style=\"height:20px\"><\/div>\n<h2>Schritte gegen Gewalt : Die Mobilisierungswoche bei RAJA<\/h2>\n<div class=\"su-spacer\" style=\"height:20px\"><\/div>\n<p>Seit 2015 werden regelm\u00e4ssig in allen Niederlassungen der RAJA-Gruppe f\u00fcr die Rechte der Frauen Schritte gez\u00e4hlt! W\u00e4hrend der meist einmal im Jahr stattfindenden Mobilit\u00e4tswoche haben die Mitarbeiter der RAJA Gruppe die M\u00f6glichkeit, mit ihren (kleinen) Schritten etwas viel Gr\u00f6sseres in Gang zu setzen: eine Woche lang werden Schrittz\u00e4hler getragen. Das Ziel: Gemeinsam mit den Kollegen und Kolleginnen Schritte sammeln \u2013\u00a0 und so eine Spende von der Stiftung RAJA f\u00fcr eine Organisation, die sich gegen Gewalt gegen Frauen einsetzt, zu &#8222;erlaufen&#8220;.<\/p>\n<p>Unterst\u00fctzt wurden bisher nationale wie internationale Projekte.<br \/>\n<div class=\"su-spacer\" style=\"height:20px\"><\/div>\n<h2>Kampagne zum 25. November &#8211; dem internationalen Tag gegen Gewalt an Frauen<\/h2>\n<div class=\"su-spacer\" style=\"height:20px\"><\/div>\nAnl\u00e4sslich des Internationalen Tages gegen Gewalt an Frauen organisierte die RAJA-Gruppe vom 18. bis 30. November 2022 eine gruppen\u00fcbergreifende Mobilisierungskampagne. Mit Smartphone, -watch und herk\u00f6mmlichem Schrittz\u00e4hler ausger\u00fcstet, liefen alle Mitarbeiter der RAJA-Gruppe in ganz Europa w\u00e4hrend der Arbeitszeit f\u00fcr den guten Zweck. Nicht zum ersten Mal: Diese Art &#8222;Mobilisierungswochen&#8220; fanden und finden gruppenweit j\u00e4hrlich statt. So wurde beispielsweise auch im Jahr 2017 das Ziel von 30 Mio. Schritten ebenfalls \u00fcbertroffen: 33.117.730 Schritte haben die Mitarbeiter der RAJA Gruppe gesammelt \u2013 davon allein 3.755.825 Schritte der 28 Teilnehmer am New York-Marathon, der praktischerweise w\u00e4hrend der Mobilisierungswoche stattfand.<\/p>\n<p>Diese Organisationen wurden unter anderem in ganz Europa unterst\u00fctzt\u00a0:<\/p>\n<div class=\"su-custom-gallery su-custom-gallery-align-left su-custom-gallery-title-never\"><div class=\"su-custom-gallery-slide\" style=\"width:640px;height:340px\"><a><img loading=\"lazy\" decoding=\"async\" src=\"https:\/\/www.rajapack.ch\/verpackungsnews\/wp-content\/uploads\/2015\/03\/unterstuetzte-Organisationen-in-Europa-2018-640x340.png\" alt=\"unterst\u00fctzte-Organisationen-in-Europa-2018\" width=\"640\" height=\"340\" \/><span class=\"su-custom-gallery-title\">unterst\u00fctzte-Organisationen-in-Europa-2018<\/span><\/a><\/div><div class=\"su-clear\"><\/div><\/div>\n<h2>2015: Gemeinsam Laufen f\u00fcr\u00a0Life Project 4 Youth (LP4Y)<\/h2>\n<div class=\"su-spacer\" style=\"height:20px\"><\/div>\n<p>Alle Mitarbeiter haben im Vorfeld des Weltfrauentages von 3.-5. M\u00e4rz w\u00e4hrend der Arbeitszeit einen Schrittz\u00e4hler getragen.\u00a0Ziel war es insgesamt 15 Millionen Schritte zu laufen. Denn 15 Millionen Schritte bedeuten 15.000 \u20ac f\u00fcr die Organisation <a title=\"Life Project 4 Youth\" href=\"http:\/\/lp4y.net\/en\/\" target=\"_blank\" rel=\"noopener\">Life Project 4 Youth<\/a>, die junge M\u00fctter die in den Slums von Manila und Jakarta leben dabei unterst\u00fctzt Ihrem Leben eine neue Perspektive zu geben.<\/p>\n<p>Life Project 4 Youth (LP4Y) wurde 2009 auf den Philippinen ins Leben gerufen. Unterst\u00fctzt werden Jugendliche zwischen 17 und 24 Jahren, die mit weniger als 1,50 \u20ac pro Tag (!) in den Slums der s\u00fcdostasiatischen Grossst\u00e4dte leben. In von der Organisation gegr\u00fcndeten Bildungszentren werden die jungen Menschen unterst\u00fctzt bei ihrer Wiedereingliederung in die Gesellschaft, sie bekommen eine neue Lebensperspektive durch Schul- und Ausbildung sowie durch die Unterst\u00fctzung beim Einstieg in das Berufsleben. Zu LP4Y geh\u00f6ren bisher 12 Zentren auf den Philippinen in Indonesien und in Vietnam. 2015 werden 4 neue Zentren in Indien er\u00f6ffnet. Seit dem Start der Organisation wurden bereits 500 junge Menschen begleitet und betreut.<\/p>\n<p>Die Stiftung\u00a0<a href=\"https:\/\/www.fondation-raja-marcovici.com\/\" target=\"_blank\" rel=\"noopener\">RAJA-Dani\u00e8le Marcovici Foundation<\/a>\u00a0unterst\u00fctzt\u00a0<a href=\"http:\/\/lp4y.net\/en\/\">LP4Y<\/a> seit 2012. Bei allen Projekten steht die Verbesserung der Lebensumst\u00e4nde von Frauen auf der ganzen Welt im Fokus, eine echte Herzensangelegenheit:<\/p>\n<div class=\"su-quote su-quote-style-default su-quote-has-cite\"><div class=\"su-quote-inner su-u-clearfix su-u-trim\">Acting for women, it is contributing to the progress of humankind. Striving to render the living conditions of women around the world better, is a priority and a never ending quest.<span class=\"su-quote-cite\">Dani\u00e8le Marcovici, CEO der RAJA Gruppe<\/span><\/div><\/div>\n<p><strong>15 832 691 Schritte f\u00fcr Frauen<\/strong> wurden w\u00e4hrend der drei Aktionstage gemacht! Die Mitarbeiter aller europ\u00e4ischen Niederlassungen der RAJA-Gruppe sind dem Aufruf der RAJA-Dani\u00e8le Marcovici Foundation gefolgt und haben gemeinsam das Ziel von 15 Millionen Schritten f\u00fcr Frauen nicht nur erreicht, sondern \u00fcbertroffen!<\/p>\n<p>Dank dieser grossartigen Gemeinschaftsleistung wurde ein Scheck \u00fcber eine Summe von 15.000,- Euro, von Dani\u00e8le Marcovici am 6. M\u00e4rz im Namen der RAJAPACK Mitarbeiter an\u00a0<a href=\"http:\/\/blog-de.rajapack.at\/lp4y-wir-laufen-fuer-life-project-4-youth\">Life Project 4 Youth<\/a>\u00a0\u00fcbergeben.<\/p>\n<div class=\"su-custom-gallery su-custom-gallery-align-left su-custom-gallery-title-never\"><div class=\"su-custom-gallery-slide\" style=\"width:810px;height:420px\"><a><img loading=\"lazy\" decoding=\"async\" src=\"https:\/\/www.rajapack.ch\/verpackungsnews\/wp-content\/uploads\/2015\/03\/Schritte-zaehlen-LP4Y-810x420.jpg\" alt=\"Schritte-z\u00e4hlen-LP4Y\" width=\"810\" height=\"420\" \/><span class=\"su-custom-gallery-title\">Schritte-z\u00e4hlen-LP4Y<\/span><\/a><\/div><div class=\"su-clear\"><\/div><\/div>\n<p>Dieser Beitrag erm\u00f6glicht es der Organisation, f\u00fcnfzehn weitere junge M\u00fctter im Zentrum in Jakarta (Indonesien) aufzunehmen und gleichzeitig die im Zentrum in Manila (Philippinen) betreuten jungen Frauen weiter zu unterst\u00fctzen, bis sie Arbeit gefunden haben.<\/p>\n<p>Die jungen Frauen der LP4Y haben sich auf eine ganz besondere Art bedankt: Sie haben speziell f\u00fcr die RAJA-Mitarbeiter Taschen entworfen und hergestellt!<\/p>\n<div class=\"su-youtube su-u-responsive-media-yes\"><iframe loading=\"lazy\" width=\"600\" height=\"400\" src=\"https:\/\/www.youtube.com\/embed\/AobauoXtoAQ?autohide=2&amp;autoplay=0&amp;mute=0&amp;controls=1&amp;fs=1&amp;loop=0&amp;modestbranding=0&amp;rel=1&amp;showinfo=1&amp;theme=dark&amp;wmode=&amp;playsinline=0\" frameborder=\"0\" allowfullscreen allow=\"autoplay; encrypted-media; picture-in-picture\" title=\"Frauentag 2015: LP4Y entwirft die Geschenke f\u00fcr die Mitarbeiterinnen der RAJA-Gruppe\"><\/iframe><\/div>\n<div class=\"su-spacer\" style=\"height:20px\"><\/div>\n","protected":false},"excerpt":{"rendered":"<p>Bis heute ist das Thema Gleichberechtigung und Diskriminierung von Frauen ein Thema das Aufmerksamkeit ben\u00f6tigt, denn es gibt nach wie vor viel zu tun. Die gesamte RAJA-Gruppe will anl\u00e4sslich des [&#8230;]<\/p>\n","protected":false},"author":20,"featured_media":27098,"comment_status":"open","ping_status":"closed","sticky":false,"template":"","format":"standard","meta":{"_acf_changed":false,"footnotes":""},"categories":[12],"tags":[521,203,135],"class_list":["post-7911","post","type-post","status-publish","format-standard","has-post-thumbnail","hentry","category-rajapack-insights","tag-engagement","tag-perspektiven-fuer-frauen","tag-raja"],"acf":[],"yoast_head":"\n<title>RAJAPACK z\u00e4hlt Schritte f\u00fcr Frauen - RAJA Blog CH<\/title>\n<meta name=\"description\" content=\"RAJA setzt sich ein f\u00fcr Frauenrechte und gegen Gewalt gegen Frauen und z\u00e4hlt w\u00e4hrend einer Mobilisierungswoche Schritte f\u00fcr Frauen!\" \/>\n<meta name=\"robots\" content=\"index, follow, max-snippet:-1, max-image-preview:large, max-video-preview:-1\" \/>\n<link rel=\"canonical\" href=\"https:\/\/www.rajapack.ch\/verpackungsnews\/schritte-fuer-frauen\" \/>\n<meta property=\"og:locale\" content=\"de_DE\" \/>\n<meta property=\"og:type\" content=\"article\" \/>\n<meta property=\"og:title\" content=\"RAJAPACK z\u00e4hlt Schritte f\u00fcr Frauen - RAJA Blog CH\" \/>\n<meta property=\"og:description\" content=\"RAJA setzt sich ein f\u00fcr Frauenrechte und gegen Gewalt gegen Frauen und z\u00e4hlt w\u00e4hrend einer Mobilisierungswoche Schritte f\u00fcr Frauen!\" \/>\n<meta property=\"og:url\" content=\"https:\/\/www.rajapack.ch\/verpackungsnews\/schritte-fuer-frauen\" \/>\n<meta property=\"og:site_name\" content=\"RAJA Blog CH\" \/>\n<meta property=\"article:published_time\" content=\"2022-12-01T11:56:14+00:00\" \/>\n<meta property=\"article:modified_time\" content=\"2023-05-08T08:58:35+00:00\" \/>\n<meta property=\"og:image\" content=\"https:\/\/www.rajapack.ch\/verpackungsnews\/wp-content\/uploads\/2015\/03\/Schritte-zaehlen.jpg\" \/>\n\t<meta property=\"og:image:width\" content=\"810\" \/>\n\t<meta property=\"og:image:height\" content=\"420\" \/>\n\t<meta property=\"og:image:type\" content=\"image\/jpeg\" \/>\n<meta name=\"author\" content=\"RAJAPACK Schweiz\" \/>\n<meta name=\"twitter:card\" content=\"summary_large_image\" \/>\n<meta name=\"twitter:label1\" content=\"Verfasst von\" \/>\n\t<meta name=\"twitter:data1\" content=\"RAJAPACK Schweiz\" \/>\n\t<meta name=\"twitter:label2\" content=\"Gesch\u00e4tzte Lesezeit\" \/>\n\t<meta name=\"twitter:data2\" content=\"5 Minuten\" \/>\n<script type=\"application\/ld+json\" class=\"yoast-schema-graph\">{\n\t    \"@context\": \"https:\/\/schema.org\",\n\t    \"@graph\": [\n\t        {\n\t            \"@type\": \"Article\",\n\t            \"@id\": \"https:\/\/www.rajapack.ch\/verpackungsnews\/schritte-fuer-frauen#article\",\n\t            \"isPartOf\": {\n\t                \"@id\": \"https:\/\/www.rajapack.ch\/verpackungsnews\/schritte-fuer-frauen\"\n\t            },\n\t            \"author\": {\n\t                \"name\": \"RAJAPACK Schweiz\",\n\t                \"@id\": \"https:\/\/www.rajapack.ch\/verpackungsnews\/#\/schema\/person\/e0825d9926514f72b2ba6eafaf517f7a\"\n\t            },\n\t            \"headline\": \"RAJAPACK z\u00e4hlt Schritte f\u00fcr Frauen\",\n\t            \"datePublished\": \"2022-12-01T11:56:14+00:00\",\n\t            \"dateModified\": \"2023-05-08T08:58:35+00:00\",\n\t            \"mainEntityOfPage\": {\n\t                \"@id\": \"https:\/\/www.rajapack.ch\/verpackungsnews\/schritte-fuer-frauen\"\n\t            },\n\t            \"wordCount\": 930,\n\t            \"commentCount\": 0,\n\t            \"publisher\": {\n\t                \"@id\": \"https:\/\/www.rajapack.ch\/verpackungsnews\/#organization\"\n\t            },\n\t            \"image\": {\n\t                \"@id\": \"https:\/\/www.rajapack.ch\/verpackungsnews\/schritte-fuer-frauen#primaryimage\"\n\t            },\n\t            \"thumbnailUrl\": \"https:\/\/www.rajapack.ch\/verpackungsnews\/wp-content\/uploads\/2015\/03\/Schritte-zaehlen.jpg\",\n\t            \"keywords\": [\n\t                \"Engagement\",\n\t                \"Perspektiven f\u00fcr Frauen\",\n\t                \"RAJA\"\n\t            ],\n\t            \"articleSection\": [\n\t                \"RAJAPACK Insights\"\n\t            ],\n\t            \"inLanguage\": \"de-DE\",\n\t            \"potentialAction\": [\n\t                {\n\t                    \"@type\": \"CommentAction\",\n\t                    \"name\": \"Comment\",\n\t                    \"target\": [\n\t                        \"https:\/\/www.rajapack.ch\/verpackungsnews\/schritte-fuer-frauen#respond\"\n\t                    ]\n\t                }\n\t            ]\n\t        },\n\t        {\n\t            \"@type\": \"WebPage\",\n\t            \"@id\": \"https:\/\/www.rajapack.ch\/verpackungsnews\/schritte-fuer-frauen\",\n\t            \"url\": \"https:\/\/www.rajapack.ch\/verpackungsnews\/schritte-fuer-frauen\",\n\t            \"name\": \"RAJAPACK z\u00e4hlt Schritte f\u00fcr Frauen - RAJA Blog CH\",\n\t            \"isPartOf\": {\n\t                \"@id\": \"https:\/\/www.rajapack.ch\/verpackungsnews\/#website\"\n\t            },\n\t            \"primaryImageOfPage\": {\n\t                \"@id\": \"https:\/\/www.rajapack.ch\/verpackungsnews\/schritte-fuer-frauen#primaryimage\"\n\t            },\n\t            \"image\": {\n\t                \"@id\": \"https:\/\/www.rajapack.ch\/verpackungsnews\/schritte-fuer-frauen#primaryimage\"\n\t            },\n\t            \"thumbnailUrl\": \"https:\/\/www.rajapack.ch\/verpackungsnews\/wp-content\/uploads\/2015\/03\/Schritte-zaehlen.jpg\",\n\t            \"datePublished\": \"2022-12-01T11:56:14+00:00\",\n\t            \"dateModified\": \"2023-05-08T08:58:35+00:00\",\n\t            \"description\": \"RAJA setzt sich ein f\u00fcr Frauenrechte und gegen Gewalt gegen Frauen und z\u00e4hlt w\u00e4hrend einer Mobilisierungswoche Schritte f\u00fcr Frauen!\",\n\t            \"inLanguage\": \"de-DE\",\n\t            \"potentialAction\": [\n\t                {\n\t                    \"@type\": \"ReadAction\",\n\t                    \"target\": [\n\t                        \"https:\/\/www.rajapack.ch\/verpackungsnews\/schritte-fuer-frauen\"\n\t                    ]\n\t                }\n\t            ]\n\t        },\n\t        {\n\t            \"@type\": \"ImageObject\",\n\t            \"inLanguage\": \"de-DE\",\n\t            \"@id\": \"https:\/\/www.rajapack.ch\/verpackungsnews\/schritte-fuer-frauen#primaryimage\",\n\t            \"url\": \"https:\/\/www.rajapack.ch\/verpackungsnews\/wp-content\/uploads\/2015\/03\/Schritte-zaehlen.jpg\",\n\t            \"contentUrl\": \"https:\/\/www.rajapack.ch\/verpackungsnews\/wp-content\/uploads\/2015\/03\/Schritte-zaehlen.jpg\",\n\t            \"width\": 810,\n\t            \"height\": 420,\n\t            \"caption\": \"Schritte f\u00fcr Frauen\"\n\t        },\n\t        {\n\t            \"@type\": \"WebSite\",\n\t            \"@id\": \"https:\/\/www.rajapack.ch\/verpackungsnews\/#website\",\n\t            \"url\": \"https:\/\/www.rajapack.ch\/verpackungsnews\/\",\n\t            \"name\": \"RAJA Blog CH\",\n\t            \"description\": \"Verpackungsnews vom Experten\",\n\t            \"publisher\": {\n\t                \"@id\": \"https:\/\/www.rajapack.ch\/verpackungsnews\/#organization\"\n\t            },\n\t            \"potentialAction\": [\n\t                {\n\t                    \"@type\": \"SearchAction\",\n\t                    \"target\": {\n\t                        \"@type\": \"EntryPoint\",\n\t                        \"urlTemplate\": \"https:\/\/www.rajapack.ch\/verpackungsnews\/?s={search_term_string}\"\n\t                    },\n\t                    \"query-input\": \"required name=search_term_string\"\n\t                }\n\t            ],\n\t            \"inLanguage\": \"de-DE\"\n\t        },\n\t        {\n\t            \"@type\": \"Organization\",\n\t            \"@id\": \"https:\/\/www.rajapack.ch\/verpackungsnews\/#organization\",\n\t            \"name\": \"RAJA Blog CH\",\n\t            \"url\": \"https:\/\/www.rajapack.ch\/verpackungsnews\/\",\n\t            \"logo\": {\n\t                \"@type\": \"ImageObject\",\n\t                \"inLanguage\": \"de-DE\",\n\t                \"@id\": \"https:\/\/www.rajapack.ch\/verpackungsnews\/#\/schema\/logo\/image\/\",\n\t                \"url\": \"\",\n\t                \"contentUrl\": \"\",\n\t                \"caption\": \"RAJA Blog CH\"\n\t            },\n\t            \"image\": {\n\t                \"@id\": \"https:\/\/www.rajapack.ch\/verpackungsnews\/#\/schema\/logo\/image\/\"\n\t            },\n\t            \"sameAs\": [\n\t                \"https:\/\/de.linkedin.com\/company\/rajapack-gmbh\"\n\t            ]\n\t        },\n\t        {\n\t            \"@type\": \"Person\",\n\t            \"@id\": \"https:\/\/www.rajapack.ch\/verpackungsnews\/#\/schema\/person\/e0825d9926514f72b2ba6eafaf517f7a\",\n\t            \"name\": \"RAJAPACK Schweiz\",\n\t            \"image\": {\n\t                \"@type\": \"ImageObject\",\n\t                \"inLanguage\": \"de-DE\",\n\t                \"@id\": \"https:\/\/www.rajapack.ch\/verpackungsnews\/#\/schema\/person\/image\/\",\n\t                \"url\": \"https:\/\/secure.gravatar.com\/avatar\/f391ad6b3c41197daad8136e36418c64?s=96&d=mm&r=g\",\n\t                \"contentUrl\": \"https:\/\/secure.gravatar.com\/avatar\/f391ad6b3c41197daad8136e36418c64?s=96&d=mm&r=g\",\n\t                \"caption\": \"RAJAPACK Schweiz\"\n\t            },\n\t            \"description\": \"Geschrieben von unseren Verpackungsexperten bei RAJAPACK Schweiz: Wir lieben Verpackungen.\",\n\t            \"url\": \"https:\/\/www.rajapack.ch\/verpackungsnews\/author\/raja-ch\"\n\t        }\n\t    ]\n\t}<\/script>\n","yoast_head_json":{"title":"RAJAPACK z\u00e4hlt Schritte f\u00fcr Frauen - RAJA Blog CH","description":"RAJA setzt sich ein f\u00fcr Frauenrechte und gegen Gewalt gegen Frauen und z\u00e4hlt w\u00e4hrend einer Mobilisierungswoche Schritte f\u00fcr Frauen!","robots":{"index":"index","follow":"follow","max-snippet":"max-snippet:-1","max-image-preview":"max-image-preview:large","max-video-preview":"max-video-preview:-1"},"canonical":"https:\/\/www.rajapack.ch\/verpackungsnews\/schritte-fuer-frauen","og_locale":"de_DE","og_type":"article","og_title":"RAJAPACK z\u00e4hlt Schritte f\u00fcr Frauen - RAJA Blog CH","og_description":"RAJA setzt sich ein f\u00fcr Frauenrechte und gegen Gewalt gegen Frauen und z\u00e4hlt w\u00e4hrend einer Mobilisierungswoche Schritte f\u00fcr Frauen!","og_url":"https:\/\/www.rajapack.ch\/verpackungsnews\/schritte-fuer-frauen","og_site_name":"RAJA Blog CH","article_published_time":"2022-12-01T11:56:14+00:00","article_modified_time":"2023-05-08T08:58:35+00:00","og_image":[{"width":810,"height":420,"url":"https:\/\/www.rajapack.ch\/verpackungsnews\/wp-content\/uploads\/2015\/03\/Schritte-zaehlen.jpg","type":"image\/jpeg"}],"author":"RAJAPACK Schweiz","twitter_card":"summary_large_image","twitter_misc":{"Verfasst von":"RAJAPACK Schweiz","Gesch\u00e4tzte Lesezeit":"5 Minuten"},"schema":{"@context":"https:\/\/schema.org","@graph":[{"@type":"Article","@id":"https:\/\/www.rajapack.ch\/verpackungsnews\/schritte-fuer-frauen#article","isPartOf":{"@id":"https:\/\/www.rajapack.ch\/verpackungsnews\/schritte-fuer-frauen"},"author":{"name":"RAJAPACK Schweiz","@id":"https:\/\/www.rajapack.ch\/verpackungsnews\/#\/schema\/person\/e0825d9926514f72b2ba6eafaf517f7a"},"headline":"RAJAPACK z\u00e4hlt Schritte f\u00fcr Frauen","datePublished":"2022-12-01T11:56:14+00:00","dateModified":"2023-05-08T08:58:35+00:00","mainEntityOfPage":{"@id":"https:\/\/www.rajapack.ch\/verpackungsnews\/schritte-fuer-frauen"},"wordCount":930,"commentCount":0,"publisher":{"@id":"https:\/\/www.rajapack.ch\/verpackungsnews\/#organization"},"image":{"@id":"https:\/\/www.rajapack.ch\/verpackungsnews\/schritte-fuer-frauen#primaryimage"},"thumbnailUrl":"https:\/\/www.rajapack.ch\/verpackungsnews\/wp-content\/uploads\/2015\/03\/Schritte-zaehlen.jpg","keywords":["Engagement","Perspektiven f\u00fcr Frauen","RAJA"],"articleSection":["RAJAPACK Insights"],"inLanguage":"de-DE","potentialAction":[{"@type":"CommentAction","name":"Comment","target":["https:\/\/www.rajapack.ch\/verpackungsnews\/schritte-fuer-frauen#respond"]}]},{"@type":"WebPage","@id":"https:\/\/www.rajapack.ch\/verpackungsnews\/schritte-fuer-frauen","url":"https:\/\/www.rajapack.ch\/verpackungsnews\/schritte-fuer-frauen","name":"RAJAPACK z\u00e4hlt Schritte f\u00fcr Frauen - RAJA Blog CH","isPartOf":{"@id":"https:\/\/www.rajapack.ch\/verpackungsnews\/#website"},"primaryImageOfPage":{"@id":"https:\/\/www.rajapack.ch\/verpackungsnews\/schritte-fuer-frauen#primaryimage"},"image":{"@id":"https:\/\/www.rajapack.ch\/verpackungsnews\/schritte-fuer-frauen#primaryimage"},"thumbnailUrl":"https:\/\/www.rajapack.ch\/verpackungsnews\/wp-content\/uploads\/2015\/03\/Schritte-zaehlen.jpg","datePublished":"2022-12-01T11:56:14+00:00","dateModified":"2023-05-08T08:58:35+00:00","description":"RAJA setzt sich ein f\u00fcr Frauenrechte und gegen Gewalt gegen Frauen und z\u00e4hlt w\u00e4hrend einer Mobilisierungswoche Schritte f\u00fcr Frauen!","inLanguage":"de-DE","potentialAction":[{"@type":"ReadAction","target":["https:\/\/www.rajapack.ch\/verpackungsnews\/schritte-fuer-frauen"]}]},{"@type":"ImageObject","inLanguage":"de-DE","@id":"https:\/\/www.rajapack.ch\/verpackungsnews\/schritte-fuer-frauen#primaryimage","url":"https:\/\/www.rajapack.ch\/verpackungsnews\/wp-content\/uploads\/2015\/03\/Schritte-zaehlen.jpg","contentUrl":"https:\/\/www.rajapack.ch\/verpackungsnews\/wp-content\/uploads\/2015\/03\/Schritte-zaehlen.jpg","width":810,"height":420,"caption":"Schritte f\u00fcr Frauen"},{"@type":"WebSite","@id":"https:\/\/www.rajapack.ch\/verpackungsnews\/#website","url":"https:\/\/www.rajapack.ch\/verpackungsnews\/","name":"RAJA Blog CH","description":"Verpackungsnews vom Experten","publisher":{"@id":"https:\/\/www.rajapack.ch\/verpackungsnews\/#organization"},"potentialAction":[{"@type":"SearchAction","target":{"@type":"EntryPoint","urlTemplate":"https:\/\/www.rajapack.ch\/verpackungsnews\/?s={search_term_string}"},"query-input":"required name=search_term_string"}],"inLanguage":"de-DE"},{"@type":"Organization","@id":"https:\/\/www.rajapack.ch\/verpackungsnews\/#organization","name":"RAJA Blog CH","url":"https:\/\/www.rajapack.ch\/verpackungsnews\/","logo":{"@type":"ImageObject","inLanguage":"de-DE","@id":"https:\/\/www.rajapack.ch\/verpackungsnews\/#\/schema\/logo\/image\/","url":"","contentUrl":"","caption":"RAJA Blog CH"},"image":{"@id":"https:\/\/www.rajapack.ch\/verpackungsnews\/#\/schema\/logo\/image\/"},"sameAs":["https:\/\/de.linkedin.com\/company\/rajapack-gmbh"]},{"@type":"Person","@id":"https:\/\/www.rajapack.ch\/verpackungsnews\/#\/schema\/person\/e0825d9926514f72b2ba6eafaf517f7a","name":"RAJAPACK Schweiz","image":{"@type":"ImageObject","inLanguage":"de-DE","@id":"https:\/\/www.rajapack.ch\/verpackungsnews\/#\/schema\/person\/image\/","url":"https:\/\/secure.gravatar.com\/avatar\/f391ad6b3c41197daad8136e36418c64?s=96&d=mm&r=g","contentUrl":"https:\/\/secure.gravatar.com\/avatar\/f391ad6b3c41197daad8136e36418c64?s=96&d=mm&r=g","caption":"RAJAPACK Schweiz"},"description":"Geschrieben von unseren Verpackungsexperten bei RAJAPACK Schweiz: Wir lieben Verpackungen.","url":"https:\/\/www.rajapack.ch\/verpackungsnews\/author\/raja-ch"}]}},"_links":{"self":[{"href":"https:\/\/www.rajapack.ch\/verpackungsnews\/wp-json\/wp\/v2\/posts\/7911"}],"collection":[{"href":"https:\/\/www.rajapack.ch\/verpackungsnews\/wp-json\/wp\/v2\/posts"}],"about":[{"href":"https:\/\/www.rajapack.ch\/verpackungsnews\/wp-json\/wp\/v2\/types\/post"}],"author":[{"embeddable":true,"href":"https:\/\/www.rajapack.ch\/verpackungsnews\/wp-json\/wp\/v2\/users\/20"}],"replies":[{"embeddable":true,"href":"https:\/\/www.rajapack.ch\/verpackungsnews\/wp-json\/wp\/v2\/comments?post=7911"}],"version-history":[{"count":0,"href":"https:\/\/www.rajapack.ch\/verpackungsnews\/wp-json\/wp\/v2\/posts\/7911\/revisions"}],"wp:featuredmedia":[{"embeddable":true,"href":"https:\/\/www.rajapack.ch\/verpackungsnews\/wp-json\/wp\/v2\/media\/27098"}],"wp:attachment":[{"href":"https:\/\/www.rajapack.ch\/verpackungsnews\/wp-json\/wp\/v2\/media?parent=7911"}],"wp:term":[{"taxonomy":"category","embeddable":true,"href":"https:\/\/www.rajapack.ch\/verpackungsnews\/wp-json\/wp\/v2\/categories?post=7911"},{"taxonomy":"post_tag","embeddable":true,"href":"https:\/\/www.rajapack.ch\/verpackungsnews\/wp-json\/wp\/v2\/tags?post=7911"}],"curies":[{"name":"wp","href":"https:\/\/api.w.org\/{rel}","templated":true}]}}