{"id":8208,"date":"2021-05-12T10:14:03","date_gmt":"2021-05-12T08:14:03","guid":{"rendered":"http:\/\/blog-de.rajapack.de\/?p=8208"},"modified":"2023-05-11T15:05:09","modified_gmt":"2023-05-11T13:05:09","slug":"fadenverstaerkte-klebebaender","status":"publish","type":"post","link":"https:\/\/www.rajapack.ch\/verpackungsnews\/fadenverstaerkte-klebebaender","title":{"rendered":"Fadenverst\u00e4rkte Klebeb\u00e4nder f\u00fcr hohe Belastbarkeit"},"content":{"rendered":"<h5>Nutzen Sie Ihre Kartons f\u00fcr den Export oder haben diese eine lange Logistik- oder Lieferkette? Dann sollten Sie \u00fcber eine Verst\u00e4rkung nachdenken! Auch der robusteste 2- oder 3-wellige Karton f\u00fcr den Export ist nur so sicher, wie sein Verschluss. Wird ein herk\u00f6mmliches Packband im Laufe des Transports besch\u00e4digt, kann auch ein kleiner Riss dazu f\u00fchren, dass es auf Dauer komplett einreisst. Damit ist Ihr Inhalt nicht mehr optimal gegen Herausfallen oder unerw\u00fcnschten Zugriff gesch\u00fctzt. F\u00e4den k\u00f6nnen dabei behilflich sein, denn ein Faden kann stark sein. Das weiss jeder, der schon einmal versucht hat, mit blossen H\u00e4nden ein loses Fadenende an einem Kleidungsst\u00fcck abzureissen. Und gleich mehrere F\u00e4den gleichzeitig zu durchtrennen, ist nahezu unm\u00f6glich, seien sie auch noch so d\u00fcnn. Dieser Effekt ist in mehreren Packb\u00e4ndern zu Ihrem Vorteil verarbeitet!<\/h5>\n<div class=\"su-spacer\" style=\"height:30px\"><\/div><div class=\"su-divider su-divider-style-default\" style=\"margin:15px 0;border-width:3px;border-color:#999999\"><\/div><div class=\"su-spacer\" style=\"height:30px\"><\/div>\n<h2>Fadenverst\u00e4rkte Klebeb\u00e4nder mit Polyesterf\u00e4den<\/h2>\n<div class=\"su-spacer\" style=\"height:30px\"><\/div>\n<p><a title=\"Fadenverst\u00e4rkt!\" href=\"https:\/\/www.rajapack.ch\/de_CH\/klebebaender-verschlussmittel\/packband\/pp-packband\/supraplus-fadenverstaerktes-packband_PDT03584.html\" target=\"_blank\" rel=\"noopener\">Fadenverst\u00e4rkten PP Packb\u00e4nder<\/a>\u00a0beispielsweise gew\u00e4hren eine sehr hohe Reissfestigkeit durch eingesiegelte Polyesterf\u00e4den. Das Klebeband eignet sich daher zum Verschliessen von mittelschweren bis schweren Verpackungen. Und das so zuverl\u00e4ssig, dass mit diesem Packband Material gespart werden kann, denn schon ein Streifen gen\u00fcgt f\u00fcr die Sicherheit! Beim Nassklebeband (Tr\u00e4germaterial ist Papier, der Kleber besteht aus Pflanzenleim) sorgt die Verst\u00e4rkung daf\u00fcr, dass sich auch dieses naturgem\u00e4ss leicht zu zerreissende\u00a0<a href=\"https:\/\/www.rajapack.ch\/de_CH\/klebebaender-verschlussmittel\/nassklebeband-fadenverstaerkt-laengs-sinus_OFF_CH_01296.html\" target=\"_blank\" rel=\"noopener\">Klebeband fadenverst\u00e4rkt<\/a>\u00a0ebenfalls f\u00fcr das Verschliessen von mittelschweren bis schweren Kartonagen eignet.<\/p>\n<div class=\"su-spacer\" style=\"height:30px\"><\/div>\n<h2>Filament: Glasfaserf\u00e4den machen das Klebeband widerstandsf\u00e4hig<\/h2>\n<div class=\"su-spacer\" style=\"height:30px\"><\/div>\n<p>Das Klebeband mit der h\u00f6chsten Reissfestigkeit ist jedoch das\u00a0<a title=\"Filamentband\" href=\"https:\/\/www.rajapack.ch\/de_CH\/klebebaender-verschlussmittel\/packband\/filamentband_C301040.html\" target=\"_blank\" rel=\"noopener\">Filamentband<\/a>: Hier werden Glasfasern entweder l\u00e4ngs oder aber l\u00e4ngs und quer eingearbeitet. Dadurch entstehen fadenverst\u00e4rkte Klebeb\u00e4nder mit eine Reissfestigkeit von bis zu 575 Newton per 25 Millimeter. Daher eignet sich das Filamentband besonders zum Verschliessen von Schwer- und sogar Gefahrgutverpackungen, auch f\u00fcr den Export.<\/p>\n<p>Der Begriff \u201eFilament\u201c kommt aus dem Lateinischen und bedeutet \u201eFadenwerk\u201c. Er beschreibt damit das Geheimnis des verst\u00e4rkten Klebebands recht genau: In das Polypropylen (PP) Klebeband werden zus\u00e4tzliche Fasern aus Silizium (also Glas) eingearbeitet. Deshalb spricht man in diesem Fall von glasfaserverst\u00e4rktem Kunststoff. Das PP-Band f\u00fcr sich hat bereits gute Eigenschaften f\u00fcr den sicheren Verschluss: Es hat eine hohe Klebkraft und eine hohe Reissfestigkeit. Allerdings ist es anf\u00e4llig gegen\u00fcber Besch\u00e4digungen. Wird ein PP-Band unter Spannung durchstochen, reisst es im Gegensatz zum PVC Packband komplett durch.\u00a0Der ber\u00fchmte Kuli-Test mit einem Kugelschreiber zeigt das:<\/p>\n<div class=\"su-spacer\" style=\"height:30px\"><\/div>\n<h2>Fadenverst\u00e4rkte Klebeb\u00e4nder mit gepr\u00fcfter Belastbarkeit<\/h2>\n<div class=\"su-spacer\" style=\"height:30px\"><\/div>\n<p>Zum Pr\u00fcfen der Belastbarkeit eines Klebebandes bez\u00fcglich der Reissfestigkeit gibt es eigens spezielle\u00a0<a href=\"https:\/\/www.zwickroell.com\/de-de\/statische-materialpruefung\" target=\"_blank\" rel=\"noopener\">Pr\u00fcfmaschinen<\/a>, die ein 25mm breites St\u00fcck Klebeband bis an seine Grenzen bringen. Daf\u00fcr wird das Klebeband an beiden Enden eingeklemmt und der Zug kontinuierlich erh\u00f6ht. Und das Filamentband h\u00e4lt dabei wie gesagt einen Zug bis zu 575 Newton aus \u2013 das entspricht einer Kraft von umgerechnet knapp 60kg!<\/p>\n<p>Doch auch mit dem einfachen Kugelschreiber-Test, l\u00e4sst sich die Belastbarkeit eindrucksvoll demonstrieren: Dabei werden die Klebeb\u00e4nder unter Spannung mit einem Kugelschreiber oder einem anderen spitzen Gegenstand durchstochen. Reisst das Band komplett durch, handelt es sich in der Regel um ein\u00a0<a href=\"https:\/\/www.rajapack.ch\/de_CH\/klebebaender-verschlussmittel\/packband\/pp-packband\/pp-standard-packband_OFF_DE_0395.html\" target=\"_blank\" rel=\"noopener\">Packband aus Polypropylen (PP)<\/a>. Bleibt nur ein Loch zur\u00fcck, handelt es sich um ein\u00a0<a href=\"https:\/\/www.rajapack.ch\/de_CH\/klebebaender-verschlussmittel\/packband\/pvc-packband\/pvc-packband-standard_PDT01315.html\" target=\"_blank\" rel=\"noopener\">Klebeband aus Polyvinylchlorid (PVC)<\/a>.<\/p>\n<div class=\"su-spacer\" style=\"height:30px\"><\/div>\n<div class=\"su-image-carousel su-image-carousel-columns-2 su-image-carousel-has-spacing su-image-carousel-has-outline su-image-carousel-adaptive su-image-carousel-slides-style-default su-image-carousel-controls-style-light su-image-carousel-align-center\" style=\"\" data-flickity-options='{\"groupCells\":true,\"cellSelector\":\".su-image-carousel-item\",\"adaptiveHeight\":true,\"cellAlign\":\"left\",\"prevNextButtons\":false,\"pageDots\":false,\"autoPlay\":3000,\"imagesLoaded\":true,\"contain\":false,\"selectedAttraction\":0.025,\"friction\":0.28}' id=\"su_image_carousel_69f12148c4b08\"><div class=\"su-image-carousel-item\"><div class=\"su-image-carousel-item-content\"><img loading=\"lazy\" decoding=\"async\" width=\"2048\" height=\"1536\" src=\"https:\/\/www.rajapack.ch\/verpackungsnews\/wp-content\/uploads\/2018\/05\/IMG_0182.jpg\" class=\"\" alt=\"Kulitest Klebeband\" srcset=\"https:\/\/www.rajapack.ch\/verpackungsnews\/wp-content\/uploads\/2018\/05\/IMG_0182.jpg 2048w, https:\/\/www.rajapack.ch\/verpackungsnews\/wp-content\/uploads\/2018\/05\/IMG_0182-430x323.jpg 430w, https:\/\/www.rajapack.ch\/verpackungsnews\/wp-content\/uploads\/2018\/05\/IMG_0182-320x240.jpg 320w, https:\/\/www.rajapack.ch\/verpackungsnews\/wp-content\/uploads\/2018\/05\/IMG_0182-1024x768.jpg 1024w, https:\/\/www.rajapack.ch\/verpackungsnews\/wp-content\/uploads\/2018\/05\/IMG_0182-768x576.jpg 768w, https:\/\/www.rajapack.ch\/verpackungsnews\/wp-content\/uploads\/2018\/05\/IMG_0182-1536x1152.jpg 1536w\" sizes=\"(max-width: 2048px) 100vw, 2048px\" \/><span>PP Packband reisst im Kuli-Test...<\/span><\/div><\/div><div class=\"su-image-carousel-item\"><div class=\"su-image-carousel-item-content\"><img loading=\"lazy\" decoding=\"async\" width=\"2048\" height=\"1536\" src=\"https:\/\/www.rajapack.ch\/verpackungsnews\/wp-content\/uploads\/2018\/05\/IMG_0177.jpg\" class=\"\" alt=\"Kulitest Klebeband PVC\" srcset=\"https:\/\/www.rajapack.ch\/verpackungsnews\/wp-content\/uploads\/2018\/05\/IMG_0177.jpg 2048w, https:\/\/www.rajapack.ch\/verpackungsnews\/wp-content\/uploads\/2018\/05\/IMG_0177-430x323.jpg 430w, https:\/\/www.rajapack.ch\/verpackungsnews\/wp-content\/uploads\/2018\/05\/IMG_0177-320x240.jpg 320w, https:\/\/www.rajapack.ch\/verpackungsnews\/wp-content\/uploads\/2018\/05\/IMG_0177-1024x768.jpg 1024w, https:\/\/www.rajapack.ch\/verpackungsnews\/wp-content\/uploads\/2018\/05\/IMG_0177-768x576.jpg 768w, https:\/\/www.rajapack.ch\/verpackungsnews\/wp-content\/uploads\/2018\/05\/IMG_0177-1536x1152.jpg 1536w\" sizes=\"(max-width: 2048px) 100vw, 2048px\" \/><span>Im PVC-Klebeband bleibt lediglich ein Loch zur\u00fcck<\/span><\/div><\/div><\/div><script id=\"su_image_carousel_69f12148c4b08_script\">if(window.SUImageCarousel){setTimeout(function() {window.SUImageCarousel.initGallery(document.getElementById(\"su_image_carousel_69f12148c4b08\"))}, 0);}var su_image_carousel_69f12148c4b08_script=document.getElementById(\"su_image_carousel_69f12148c4b08_script\");if(su_image_carousel_69f12148c4b08_script){su_image_carousel_69f12148c4b08_script.parentNode.removeChild(su_image_carousel_69f12148c4b08_script);}<\/script>\n<div class=\"su-spacer\" style=\"height:30px\"><\/div>\n<h2>Filamentb\u00e4nder im Test<\/h2>\n<div class=\"su-spacer\" style=\"height:30px\"><\/div>\n<p>Die Filamentb\u00e4nder kombinieren gewissermassen die positiven Eigenschaften eines PP Bands mit hoher Reissfestigkeit und Widerstandsf\u00e4higkeit gegen\u00fcber Besch\u00e4digungen:<\/p>\n<p>Ein\u00a0<a href=\"https:\/\/www.rajapack.ch\/de_CH\/klebebaender-verschlussmittel\/packband\/filamentband\/filamentband_OFF_DE_0397.html\" target=\"_blank\" rel=\"noopener\">Filamentband<\/a>\u00a0reisst bei Durchstossen oder anderweitiger Besch\u00e4digung nicht ein. Die eingearbeiteten B\u00fcndel aus zahlreichen hauchd\u00fcnnen, parallel angeordneten Glasfasern (auch \u201eRoving\u201c genannt) haben eine weitaus h\u00f6here Reissfestigkeit und stoppen das weitere Einreissen des Bands. Auch ein Schnitt oder Riss am Rand des Bandes kann dem Filamentklebeband nichts anhaben.<\/p>\n<div class=\"su-spacer\" style=\"height:30px\"><\/div>\n<h2>Filamentband mit Verst\u00e4rkung in L\u00e4ngsrichtung<\/h2>\n<div class=\"su-spacer\" style=\"height:30px\"><\/div>\n<p>Sie sind \u00e4ussert widerstandsf\u00e4hig gegen Penetration, trotz Durchlochen reisst das PP-Band nicht ab.<\/p>\n<p>Trotz Besch\u00e4digung ist es in Querrichtung nicht einreissbar, in L\u00e4ngsrichtung schon.<\/p>\n<div class=\"su-spacer\" style=\"height:30px\"><\/div>\n<div class=\"su-image-carousel su-image-carousel-columns-2 su-image-carousel-has-spacing su-image-carousel-has-outline su-image-carousel-adaptive su-image-carousel-slides-style-default su-image-carousel-controls-style-light su-image-carousel-align-center\" style=\"\" data-flickity-options='{\"groupCells\":true,\"cellSelector\":\".su-image-carousel-item\",\"adaptiveHeight\":true,\"cellAlign\":\"left\",\"prevNextButtons\":true,\"pageDots\":false,\"autoPlay\":3000,\"imagesLoaded\":true,\"contain\":false,\"selectedAttraction\":0.025,\"friction\":0.28}' id=\"su_image_carousel_69f12148c5cf4\"><div class=\"su-image-carousel-item\"><div class=\"su-image-carousel-item-content\"><img loading=\"lazy\" decoding=\"async\" width=\"600\" height=\"600\" src=\"https:\/\/www.rajapack.ch\/verpackungsnews\/wp-content\/uploads\/2018\/05\/filamentband_laengs_kulitest01.jpg\" class=\"\" alt=\"Kulitest Filamentband\" srcset=\"https:\/\/www.rajapack.ch\/verpackungsnews\/wp-content\/uploads\/2018\/05\/filamentband_laengs_kulitest01.jpg 600w, https:\/\/www.rajapack.ch\/verpackungsnews\/wp-content\/uploads\/2018\/05\/filamentband_laengs_kulitest01-430x430.jpg 430w, https:\/\/www.rajapack.ch\/verpackungsnews\/wp-content\/uploads\/2018\/05\/filamentband_laengs_kulitest01-150x150.jpg 150w, https:\/\/www.rajapack.ch\/verpackungsnews\/wp-content\/uploads\/2018\/05\/filamentband_laengs_kulitest01-120x120.jpg 120w\" sizes=\"(max-width: 600px) 100vw, 600px\" \/><\/div><\/div><div class=\"su-image-carousel-item\"><div class=\"su-image-carousel-item-content\"><img loading=\"lazy\" decoding=\"async\" width=\"600\" height=\"600\" src=\"https:\/\/www.rajapack.ch\/verpackungsnews\/wp-content\/uploads\/2018\/05\/filamentband_laengs_kulitest02.jpg\" class=\"\" alt=\"filament klebeband kulitest\" srcset=\"https:\/\/www.rajapack.ch\/verpackungsnews\/wp-content\/uploads\/2018\/05\/filamentband_laengs_kulitest02.jpg 600w, https:\/\/www.rajapack.ch\/verpackungsnews\/wp-content\/uploads\/2018\/05\/filamentband_laengs_kulitest02-430x430.jpg 430w, https:\/\/www.rajapack.ch\/verpackungsnews\/wp-content\/uploads\/2018\/05\/filamentband_laengs_kulitest02-150x150.jpg 150w, https:\/\/www.rajapack.ch\/verpackungsnews\/wp-content\/uploads\/2018\/05\/filamentband_laengs_kulitest02-120x120.jpg 120w\" sizes=\"(max-width: 600px) 100vw, 600px\" \/><\/div><\/div><div class=\"su-image-carousel-item\"><div class=\"su-image-carousel-item-content\"><img loading=\"lazy\" decoding=\"async\" width=\"600\" height=\"600\" src=\"https:\/\/www.rajapack.ch\/verpackungsnews\/wp-content\/uploads\/2018\/05\/filamentband_laengs_kulitest03.jpg\" class=\"\" alt=\"Kuli Filament\" srcset=\"https:\/\/www.rajapack.ch\/verpackungsnews\/wp-content\/uploads\/2018\/05\/filamentband_laengs_kulitest03.jpg 600w, https:\/\/www.rajapack.ch\/verpackungsnews\/wp-content\/uploads\/2018\/05\/filamentband_laengs_kulitest03-430x430.jpg 430w, https:\/\/www.rajapack.ch\/verpackungsnews\/wp-content\/uploads\/2018\/05\/filamentband_laengs_kulitest03-150x150.jpg 150w, https:\/\/www.rajapack.ch\/verpackungsnews\/wp-content\/uploads\/2018\/05\/filamentband_laengs_kulitest03-120x120.jpg 120w\" sizes=\"(max-width: 600px) 100vw, 600px\" \/><\/div><\/div><div class=\"su-image-carousel-item\"><div class=\"su-image-carousel-item-content\"><img loading=\"lazy\" decoding=\"async\" width=\"600\" height=\"600\" src=\"https:\/\/www.rajapack.ch\/verpackungsnews\/wp-content\/uploads\/2018\/05\/filamentband_laengs_kulitest04.jpg\" class=\"\" alt=\"Loch Filamentband\" srcset=\"https:\/\/www.rajapack.ch\/verpackungsnews\/wp-content\/uploads\/2018\/05\/filamentband_laengs_kulitest04.jpg 600w, https:\/\/www.rajapack.ch\/verpackungsnews\/wp-content\/uploads\/2018\/05\/filamentband_laengs_kulitest04-430x430.jpg 430w, https:\/\/www.rajapack.ch\/verpackungsnews\/wp-content\/uploads\/2018\/05\/filamentband_laengs_kulitest04-150x150.jpg 150w, https:\/\/www.rajapack.ch\/verpackungsnews\/wp-content\/uploads\/2018\/05\/filamentband_laengs_kulitest04-120x120.jpg 120w\" sizes=\"(max-width: 600px) 100vw, 600px\" \/><\/div><\/div><div class=\"su-image-carousel-item\"><div class=\"su-image-carousel-item-content\"><img loading=\"lazy\" decoding=\"async\" width=\"600\" height=\"600\" src=\"https:\/\/www.rajapack.ch\/verpackungsnews\/wp-content\/uploads\/2018\/05\/filamentband_laengs_schnittfest01.jpg\" class=\"\" alt=\"Filamentband schere\" srcset=\"https:\/\/www.rajapack.ch\/verpackungsnews\/wp-content\/uploads\/2018\/05\/filamentband_laengs_schnittfest01.jpg 600w, https:\/\/www.rajapack.ch\/verpackungsnews\/wp-content\/uploads\/2018\/05\/filamentband_laengs_schnittfest01-430x430.jpg 430w, https:\/\/www.rajapack.ch\/verpackungsnews\/wp-content\/uploads\/2018\/05\/filamentband_laengs_schnittfest01-150x150.jpg 150w, https:\/\/www.rajapack.ch\/verpackungsnews\/wp-content\/uploads\/2018\/05\/filamentband_laengs_schnittfest01-120x120.jpg 120w\" sizes=\"(max-width: 600px) 100vw, 600px\" \/><\/div><\/div><div class=\"su-image-carousel-item\"><div class=\"su-image-carousel-item-content\"><img loading=\"lazy\" decoding=\"async\" width=\"600\" height=\"600\" src=\"https:\/\/www.rajapack.ch\/verpackungsnews\/wp-content\/uploads\/2018\/05\/filamentband_laengs_schnittfest02.jpg\" class=\"\" alt=\"Filament band eingeschnitten\" srcset=\"https:\/\/www.rajapack.ch\/verpackungsnews\/wp-content\/uploads\/2018\/05\/filamentband_laengs_schnittfest02.jpg 600w, https:\/\/www.rajapack.ch\/verpackungsnews\/wp-content\/uploads\/2018\/05\/filamentband_laengs_schnittfest02-430x430.jpg 430w, https:\/\/www.rajapack.ch\/verpackungsnews\/wp-content\/uploads\/2018\/05\/filamentband_laengs_schnittfest02-150x150.jpg 150w, https:\/\/www.rajapack.ch\/verpackungsnews\/wp-content\/uploads\/2018\/05\/filamentband_laengs_schnittfest02-120x120.jpg 120w\" sizes=\"(max-width: 600px) 100vw, 600px\" \/><\/div><\/div><div class=\"su-image-carousel-item\"><div class=\"su-image-carousel-item-content\"><img loading=\"lazy\" decoding=\"async\" width=\"600\" height=\"600\" src=\"https:\/\/www.rajapack.ch\/verpackungsnews\/wp-content\/uploads\/2018\/05\/filamentband_laengs_schnittfest05.jpg\" class=\"\" alt=\"Filament band l\u00e4ngs geschnittem\" srcset=\"https:\/\/www.rajapack.ch\/verpackungsnews\/wp-content\/uploads\/2018\/05\/filamentband_laengs_schnittfest05.jpg 600w, https:\/\/www.rajapack.ch\/verpackungsnews\/wp-content\/uploads\/2018\/05\/filamentband_laengs_schnittfest05-430x430.jpg 430w, https:\/\/www.rajapack.ch\/verpackungsnews\/wp-content\/uploads\/2018\/05\/filamentband_laengs_schnittfest05-150x150.jpg 150w, https:\/\/www.rajapack.ch\/verpackungsnews\/wp-content\/uploads\/2018\/05\/filamentband_laengs_schnittfest05-120x120.jpg 120w\" sizes=\"(max-width: 600px) 100vw, 600px\" \/><\/div><\/div><\/div><script id=\"su_image_carousel_69f12148c5cf4_script\">if(window.SUImageCarousel){setTimeout(function() {window.SUImageCarousel.initGallery(document.getElementById(\"su_image_carousel_69f12148c5cf4\"))}, 0);}var su_image_carousel_69f12148c5cf4_script=document.getElementById(\"su_image_carousel_69f12148c5cf4_script\");if(su_image_carousel_69f12148c5cf4_script){su_image_carousel_69f12148c5cf4_script.parentNode.removeChild(su_image_carousel_69f12148c5cf4_script);}<\/script>\n<div class=\"su-spacer\" style=\"height:30px\"><\/div>\n<h2>Filamentband mit Verst\u00e4rkung in Quer- und L\u00e4ngsrichtung<\/h2>\n<div class=\"su-spacer\" style=\"height:30px\"><\/div>\n<p>Filamentb\u00e4nder mit Verst\u00e4rkung in Quer- und L\u00e4ngsrichtung sind extrem widerstandsf\u00e4hig gegen Penetration. Mit dem Kugelschreiber sind sie nicht zu durchstossen. Trotz Durchlochen mit einem sehr spitzen Gegenstand reisst das PP-Band nicht ab.<\/p>\n<p>Weder in Quer- noch in L\u00e4ngsrichtung ist es einreissbar \u2013 trotz Besch\u00e4digung.<\/p>\n<div class=\"su-spacer\" style=\"height:30px\"><\/div>\n<div class=\"su-image-carousel su-image-carousel-columns-2 su-image-carousel-has-spacing su-image-carousel-has-outline su-image-carousel-adaptive su-image-carousel-slides-style-default su-image-carousel-controls-style-light su-image-carousel-align-center\" style=\"\" data-flickity-options='{\"groupCells\":true,\"cellSelector\":\".su-image-carousel-item\",\"adaptiveHeight\":true,\"cellAlign\":\"left\",\"prevNextButtons\":true,\"pageDots\":false,\"autoPlay\":3000,\"imagesLoaded\":true,\"contain\":false,\"selectedAttraction\":0.025,\"friction\":0.28}' id=\"su_image_carousel_69f12148c6d25\"><div class=\"su-image-carousel-item\"><div class=\"su-image-carousel-item-content\"><img loading=\"lazy\" decoding=\"async\" width=\"600\" height=\"600\" src=\"https:\/\/www.rajapack.ch\/verpackungsnews\/wp-content\/uploads\/2018\/05\/filamentband_laengs-und-quer_kulitest01.jpg\" class=\"\" alt=\"Filamentband laengs und quer verst\u00e4rkt\" srcset=\"https:\/\/www.rajapack.ch\/verpackungsnews\/wp-content\/uploads\/2018\/05\/filamentband_laengs-und-quer_kulitest01.jpg 600w, https:\/\/www.rajapack.ch\/verpackungsnews\/wp-content\/uploads\/2018\/05\/filamentband_laengs-und-quer_kulitest01-430x430.jpg 430w, https:\/\/www.rajapack.ch\/verpackungsnews\/wp-content\/uploads\/2018\/05\/filamentband_laengs-und-quer_kulitest01-150x150.jpg 150w, https:\/\/www.rajapack.ch\/verpackungsnews\/wp-content\/uploads\/2018\/05\/filamentband_laengs-und-quer_kulitest01-120x120.jpg 120w\" sizes=\"(max-width: 600px) 100vw, 600px\" \/><\/div><\/div><div class=\"su-image-carousel-item\"><div class=\"su-image-carousel-item-content\"><img loading=\"lazy\" decoding=\"async\" width=\"600\" height=\"600\" src=\"https:\/\/www.rajapack.ch\/verpackungsnews\/wp-content\/uploads\/2018\/05\/filamentband_laengs-und-quer_kulitest02.jpg\" class=\"\" alt=\"l\u00e4ngs und quer verst\u00e4rktes Filamentband\" srcset=\"https:\/\/www.rajapack.ch\/verpackungsnews\/wp-content\/uploads\/2018\/05\/filamentband_laengs-und-quer_kulitest02.jpg 600w, https:\/\/www.rajapack.ch\/verpackungsnews\/wp-content\/uploads\/2018\/05\/filamentband_laengs-und-quer_kulitest02-430x430.jpg 430w, https:\/\/www.rajapack.ch\/verpackungsnews\/wp-content\/uploads\/2018\/05\/filamentband_laengs-und-quer_kulitest02-150x150.jpg 150w, https:\/\/www.rajapack.ch\/verpackungsnews\/wp-content\/uploads\/2018\/05\/filamentband_laengs-und-quer_kulitest02-120x120.jpg 120w\" sizes=\"(max-width: 600px) 100vw, 600px\" \/><\/div><\/div><div class=\"su-image-carousel-item\"><div class=\"su-image-carousel-item-content\"><img loading=\"lazy\" decoding=\"async\" width=\"600\" height=\"600\" src=\"https:\/\/www.rajapack.ch\/verpackungsnews\/wp-content\/uploads\/2018\/05\/filamentband_laengs-und-quer_kulitest03.jpg\" class=\"\" alt=\"kulitest filament band l\u00e4ngs und quer\" srcset=\"https:\/\/www.rajapack.ch\/verpackungsnews\/wp-content\/uploads\/2018\/05\/filamentband_laengs-und-quer_kulitest03.jpg 600w, https:\/\/www.rajapack.ch\/verpackungsnews\/wp-content\/uploads\/2018\/05\/filamentband_laengs-und-quer_kulitest03-430x430.jpg 430w, https:\/\/www.rajapack.ch\/verpackungsnews\/wp-content\/uploads\/2018\/05\/filamentband_laengs-und-quer_kulitest03-150x150.jpg 150w, https:\/\/www.rajapack.ch\/verpackungsnews\/wp-content\/uploads\/2018\/05\/filamentband_laengs-und-quer_kulitest03-120x120.jpg 120w\" sizes=\"(max-width: 600px) 100vw, 600px\" \/><\/div><\/div><div class=\"su-image-carousel-item\"><div class=\"su-image-carousel-item-content\"><img loading=\"lazy\" decoding=\"async\" width=\"600\" height=\"600\" src=\"https:\/\/www.rajapack.ch\/verpackungsnews\/wp-content\/uploads\/2018\/05\/filamentband_laengs-und-quer_kulitest04.jpg\" class=\"\" alt=\"schere Filament laengs und quer\" srcset=\"https:\/\/www.rajapack.ch\/verpackungsnews\/wp-content\/uploads\/2018\/05\/filamentband_laengs-und-quer_kulitest04.jpg 600w, https:\/\/www.rajapack.ch\/verpackungsnews\/wp-content\/uploads\/2018\/05\/filamentband_laengs-und-quer_kulitest04-430x430.jpg 430w, https:\/\/www.rajapack.ch\/verpackungsnews\/wp-content\/uploads\/2018\/05\/filamentband_laengs-und-quer_kulitest04-150x150.jpg 150w, https:\/\/www.rajapack.ch\/verpackungsnews\/wp-content\/uploads\/2018\/05\/filamentband_laengs-und-quer_kulitest04-120x120.jpg 120w\" sizes=\"(max-width: 600px) 100vw, 600px\" \/><\/div><\/div><div class=\"su-image-carousel-item\"><div class=\"su-image-carousel-item-content\"><img loading=\"lazy\" decoding=\"async\" width=\"600\" height=\"600\" src=\"https:\/\/www.rajapack.ch\/verpackungsnews\/wp-content\/uploads\/2018\/05\/filamentband_laengs-und-quer_schnittfest01.jpg\" class=\"\" alt=\"schnitt l\u00e4ngs und quer verst\u00e4rktes Filamentband\" srcset=\"https:\/\/www.rajapack.ch\/verpackungsnews\/wp-content\/uploads\/2018\/05\/filamentband_laengs-und-quer_schnittfest01.jpg 600w, https:\/\/www.rajapack.ch\/verpackungsnews\/wp-content\/uploads\/2018\/05\/filamentband_laengs-und-quer_schnittfest01-430x430.jpg 430w, https:\/\/www.rajapack.ch\/verpackungsnews\/wp-content\/uploads\/2018\/05\/filamentband_laengs-und-quer_schnittfest01-150x150.jpg 150w, https:\/\/www.rajapack.ch\/verpackungsnews\/wp-content\/uploads\/2018\/05\/filamentband_laengs-und-quer_schnittfest01-120x120.jpg 120w\" sizes=\"(max-width: 600px) 100vw, 600px\" \/><\/div><\/div><div class=\"su-image-carousel-item\"><div class=\"su-image-carousel-item-content\"><img loading=\"lazy\" decoding=\"async\" width=\"600\" height=\"600\" src=\"https:\/\/www.rajapack.ch\/verpackungsnews\/wp-content\/uploads\/2018\/05\/filamentband_laengs-und-quer_schnittfest02.jpg\" class=\"\" alt=\"Riss Filamentband l\u00e4ngs und quer\" srcset=\"https:\/\/www.rajapack.ch\/verpackungsnews\/wp-content\/uploads\/2018\/05\/filamentband_laengs-und-quer_schnittfest02.jpg 600w, https:\/\/www.rajapack.ch\/verpackungsnews\/wp-content\/uploads\/2018\/05\/filamentband_laengs-und-quer_schnittfest02-430x430.jpg 430w, https:\/\/www.rajapack.ch\/verpackungsnews\/wp-content\/uploads\/2018\/05\/filamentband_laengs-und-quer_schnittfest02-150x150.jpg 150w, https:\/\/www.rajapack.ch\/verpackungsnews\/wp-content\/uploads\/2018\/05\/filamentband_laengs-und-quer_schnittfest02-120x120.jpg 120w\" sizes=\"(max-width: 600px) 100vw, 600px\" \/><\/div><\/div><div class=\"su-image-carousel-item\"><div class=\"su-image-carousel-item-content\"><img loading=\"lazy\" decoding=\"async\" width=\"600\" height=\"600\" src=\"https:\/\/www.rajapack.ch\/verpackungsnews\/wp-content\/uploads\/2018\/05\/filamentband_laengs-und-quer_schnittfest03.jpg\" class=\"\" alt=\"Filamentband l\u00e4ngs und quer\" srcset=\"https:\/\/www.rajapack.ch\/verpackungsnews\/wp-content\/uploads\/2018\/05\/filamentband_laengs-und-quer_schnittfest03.jpg 600w, https:\/\/www.rajapack.ch\/verpackungsnews\/wp-content\/uploads\/2018\/05\/filamentband_laengs-und-quer_schnittfest03-430x430.jpg 430w, https:\/\/www.rajapack.ch\/verpackungsnews\/wp-content\/uploads\/2018\/05\/filamentband_laengs-und-quer_schnittfest03-150x150.jpg 150w, https:\/\/www.rajapack.ch\/verpackungsnews\/wp-content\/uploads\/2018\/05\/filamentband_laengs-und-quer_schnittfest03-120x120.jpg 120w\" sizes=\"(max-width: 600px) 100vw, 600px\" \/><\/div><\/div><div class=\"su-image-carousel-item\"><div class=\"su-image-carousel-item-content\"><img loading=\"lazy\" decoding=\"async\" width=\"600\" height=\"600\" src=\"https:\/\/www.rajapack.ch\/verpackungsnews\/wp-content\/uploads\/2018\/05\/filamentband_laengs-und-quer_schnittfest04.jpg\" class=\"\" alt=\"Filamentband l\u00e4ngs Riss\" srcset=\"https:\/\/www.rajapack.ch\/verpackungsnews\/wp-content\/uploads\/2018\/05\/filamentband_laengs-und-quer_schnittfest04.jpg 600w, https:\/\/www.rajapack.ch\/verpackungsnews\/wp-content\/uploads\/2018\/05\/filamentband_laengs-und-quer_schnittfest04-430x430.jpg 430w, https:\/\/www.rajapack.ch\/verpackungsnews\/wp-content\/uploads\/2018\/05\/filamentband_laengs-und-quer_schnittfest04-150x150.jpg 150w, https:\/\/www.rajapack.ch\/verpackungsnews\/wp-content\/uploads\/2018\/05\/filamentband_laengs-und-quer_schnittfest04-120x120.jpg 120w\" sizes=\"(max-width: 600px) 100vw, 600px\" \/><\/div><\/div><\/div><script id=\"su_image_carousel_69f12148c6d25_script\">if(window.SUImageCarousel){setTimeout(function() {window.SUImageCarousel.initGallery(document.getElementById(\"su_image_carousel_69f12148c6d25\"))}, 0);}var su_image_carousel_69f12148c6d25_script=document.getElementById(\"su_image_carousel_69f12148c6d25_script\");if(su_image_carousel_69f12148c6d25_script){su_image_carousel_69f12148c6d25_script.parentNode.removeChild(su_image_carousel_69f12148c6d25_script);}<\/script>\n<div class=\"su-spacer\" style=\"height:30px\"><\/div>\n<p>Die Glasfaserf\u00e4den haben eine\u00a0<strong>h\u00f6here Reissfestigkeit<\/strong>\u00a0als das Tr\u00e4germaterial und steigern somit die insgesamte Reissfestigkeit, also die Belastung, die ein Band ertragen kann, bevor es reisst. Eine weitere wichtige Kennzahl f\u00fcr die Widerstandsf\u00e4higkeit eines Packbands ist die\u00a0<strong>Reissdehnung oder Bruchdehnung<\/strong>. Diese beschreibt um wie viel Prozent sich ein Klebeband unter Belastung verl\u00e4ngert, bevor es reisst. Das Supra Plus Klebeband ist ebenfalls verst\u00e4rkt, allerdings nicht mit Glas- sondern Polyesterf\u00e4den. Mit einer Bruchdehnnung von 165% kann es also um mehr als die H\u00e4lfte seiner L\u00e4nge gedehnt werden, bevor es reisst. Es ist demnach sehr \u201ez\u00e4h im Nehmen\u201c weil es dehnbar ist. Eine h\u00f6here Bruchdehnung kann jedoch auch ein Nachteil sein: Wenn ein Paket sicher verschlossen und somit z.B. vor unbefugtem Zugriff gesch\u00fctzt sein soll, dann sollte das Klebeband m\u00f6glichst wenig nach- und somit preisgeben.<\/p>\n<div class=\"su-box su-box-style-soft font-size: 40pt;\" id=\"Betonung\" style=\"border-color:#b4bd03;border-radius:3px\"><div class=\"su-box-title\" style=\"background-color:#e7f036;color:#141313;border-top-left-radius:1px;border-top-right-radius:1px\">Entscheidend: Die Quer- und L\u00e4ngsrichtung der Fadenverst\u00e4rkung<\/div><div class=\"su-box-content su-u-clearfix su-u-trim\" style=\"border-bottom-left-radius:1px;border-bottom-right-radius:1px\">Der wesentliche Unterschied bei den unterschiedlichen <a href=\"https:\/\/www.rajapack.ch\/de_CH\/klebebaender-verschlussmittel\/packband\/filamentband_C301040.html\" target=\"_blank\" rel=\"noopener\">Filamentb\u00e4ndern<\/a> ist die Ausrichtung der Fadenverst\u00e4rkung. Diese wirkt in die Richtung der Filamentb\u00fcndel. Ein l\u00e4ngs-verst\u00e4rktes Klebeband ist also besonders reissfest in L\u00e4ngsrichtung. Ausserdem reisst es bei Schnitten oder Rissen in Querrichtung nicht komplett ein, sondern bleibt stabil. Dar\u00fcber hinaus gibt es noch Packb\u00e4nder die in L\u00e4ngs- und Querrichtung verst\u00e4rkt sind und damit in beide Richtungen besonders reissfest sind. Die gekreuzte, netzartige Verst\u00e4rkung macht das Band ausserdem sehr widerstandsf\u00e4hig gegen\u00fcber Rissen in Quer- und L\u00e4ngsrichtung sowie gegen Perforation.<\/div><\/div>\n<p>Wenn Sie also beim Versand auf Nummer sicher gehen m\u00f6chten, sollten Sie ein in L\u00e4ngsrichtung und Querrichtung mit Glasfaser verst\u00e4rktes Klebeband w\u00e4hlen. Egal was Ihre Verpackung dann mitmachen muss, Ihr Klebeband bleibt intakt und Ihre Sendung kommt, sicher verschlossen und gesch\u00fctzt an.<\/p>\n","protected":false},"excerpt":{"rendered":"<p>Nutzen Sie Ihre Kartons f\u00fcr den Export oder haben diese eine lange Logistik- oder Lieferkette? Dann sollten Sie \u00fcber eine Verst\u00e4rkung nachdenken! Auch der robusteste 2- oder 3-wellige Karton f\u00fcr [&#8230;]<\/p>\n","protected":false},"author":20,"featured_media":25420,"comment_status":"open","ping_status":"closed","sticky":false,"template":"","format":"standard","meta":{"_acf_changed":false,"footnotes":""},"categories":[22],"tags":[175,726],"class_list":["post-8208","post","type-post","status-publish","format-standard","has-post-thumbnail","hentry","category-kosten-und-prozessoptimierung","tag-klebeband","tag-materialkunde"],"acf":[],"yoast_head":"\n<title>Fadenverst\u00e4rkte Klebeb\u00e4nder: Hohe Belastbarkeit - RAJA Blog CH<\/title>\n<meta name=\"description\" content=\"Fadenverst\u00e4rkte Klebeb\u00e4nder sind besonders belastbar. Erfahren Sie mehr \u00fcber die teschnischen Eigenschaften von Filamentband und Co.\" \/>\n<meta name=\"robots\" content=\"index, follow, max-snippet:-1, max-image-preview:large, max-video-preview:-1\" \/>\n<link rel=\"canonical\" href=\"https:\/\/www.rajapack.ch\/verpackungsnews\/fadenverstaerkte-klebebaender\" \/>\n<meta property=\"og:locale\" content=\"de_DE\" \/>\n<meta property=\"og:type\" content=\"article\" \/>\n<meta property=\"og:title\" content=\"Fadenverst\u00e4rkte Klebeb\u00e4nder: Hohe Belastbarkeit - RAJA Blog CH\" \/>\n<meta property=\"og:description\" content=\"Fadenverst\u00e4rkte Klebeb\u00e4nder sind besonders belastbar. Erfahren Sie mehr \u00fcber die teschnischen Eigenschaften von Filamentband und Co.\" \/>\n<meta property=\"og:url\" content=\"https:\/\/www.rajapack.ch\/verpackungsnews\/fadenverstaerkte-klebebaender\" \/>\n<meta property=\"og:site_name\" content=\"RAJA Blog CH\" \/>\n<meta property=\"article:published_time\" content=\"2021-05-12T08:14:03+00:00\" \/>\n<meta property=\"article:modified_time\" content=\"2023-05-11T13:05:09+00:00\" \/>\n<meta property=\"og:image\" content=\"https:\/\/www.rajapack.ch\/verpackungsnews\/wp-content\/uploads\/2018\/05\/Fadenverstaerkte-Klebebaender.jpg\" \/>\n\t<meta property=\"og:image:width\" content=\"810\" \/>\n\t<meta property=\"og:image:height\" content=\"420\" \/>\n\t<meta property=\"og:image:type\" content=\"image\/jpeg\" \/>\n<meta name=\"author\" content=\"RAJAPACK Schweiz\" \/>\n<meta name=\"twitter:card\" content=\"summary_large_image\" \/>\n<meta name=\"twitter:title\" content=\"Fadenverst\u00e4rkte Klebeb\u00e4nder: Hohe Belastbarkeit - RAJA Blog CH\" \/>\n<meta name=\"twitter:description\" content=\"Fadenverst\u00e4rkte Klebeb\u00e4nder sind besonders belastbar. Erfahren Sie mehr \u00fcber die teschnischen Eigenschaften von Filamentband und Co.\" \/>\n<meta name=\"twitter:image\" content=\"https:\/\/www.rajapack.ch\/verpackungsnews\/wp-content\/uploads\/2018\/05\/Fadenverstaerkte-Klebebaender.jpg\" \/>\n<meta name=\"twitter:label1\" content=\"Verfasst von\" \/>\n\t<meta name=\"twitter:data1\" content=\"RAJAPACK Schweiz\" \/>\n\t<meta name=\"twitter:label2\" content=\"Gesch\u00e4tzte Lesezeit\" \/>\n\t<meta name=\"twitter:data2\" content=\"6 Minuten\" \/>\n<script type=\"application\/ld+json\" class=\"yoast-schema-graph\">{\n\t    \"@context\": \"https:\/\/schema.org\",\n\t    \"@graph\": [\n\t        {\n\t            \"@type\": \"Article\",\n\t            \"@id\": \"https:\/\/www.rajapack.ch\/verpackungsnews\/fadenverstaerkte-klebebaender#article\",\n\t            \"isPartOf\": {\n\t                \"@id\": \"https:\/\/www.rajapack.ch\/verpackungsnews\/fadenverstaerkte-klebebaender\"\n\t            },\n\t            \"author\": {\n\t                \"name\": \"RAJAPACK Schweiz\",\n\t                \"@id\": \"https:\/\/www.rajapack.ch\/verpackungsnews\/#\/schema\/person\/e0825d9926514f72b2ba6eafaf517f7a\"\n\t            },\n\t            \"headline\": \"Fadenverst\u00e4rkte Klebeb\u00e4nder f\u00fcr hohe Belastbarkeit\",\n\t            \"datePublished\": \"2021-05-12T08:14:03+00:00\",\n\t            \"dateModified\": \"2023-05-11T13:05:09+00:00\",\n\t            \"mainEntityOfPage\": {\n\t                \"@id\": \"https:\/\/www.rajapack.ch\/verpackungsnews\/fadenverstaerkte-klebebaender\"\n\t            },\n\t            \"wordCount\": 1154,\n\t            \"commentCount\": 1,\n\t            \"publisher\": {\n\t                \"@id\": \"https:\/\/www.rajapack.ch\/verpackungsnews\/#organization\"\n\t            },\n\t            \"image\": {\n\t                \"@id\": \"https:\/\/www.rajapack.ch\/verpackungsnews\/fadenverstaerkte-klebebaender#primaryimage\"\n\t            },\n\t            \"thumbnailUrl\": \"https:\/\/www.rajapack.ch\/verpackungsnews\/wp-content\/uploads\/2018\/05\/Fadenverstaerkte-Klebebaender.jpg\",\n\t            \"keywords\": [\n\t                \"Klebeband\",\n\t                \"Materialkunde\"\n\t            ],\n\t            \"articleSection\": [\n\t                \"Kosten- und Prozessoptimierung\"\n\t            ],\n\t            \"inLanguage\": \"de-DE\",\n\t            \"potentialAction\": [\n\t                {\n\t                    \"@type\": \"CommentAction\",\n\t                    \"name\": \"Comment\",\n\t                    \"target\": [\n\t                        \"https:\/\/www.rajapack.ch\/verpackungsnews\/fadenverstaerkte-klebebaender#respond\"\n\t                    ]\n\t                }\n\t            ]\n\t        },\n\t        {\n\t            \"@type\": \"WebPage\",\n\t            \"@id\": \"https:\/\/www.rajapack.ch\/verpackungsnews\/fadenverstaerkte-klebebaender\",\n\t            \"url\": \"https:\/\/www.rajapack.ch\/verpackungsnews\/fadenverstaerkte-klebebaender\",\n\t            \"name\": \"Fadenverst\u00e4rkte Klebeb\u00e4nder: Hohe Belastbarkeit - RAJA Blog CH\",\n\t            \"isPartOf\": {\n\t                \"@id\": \"https:\/\/www.rajapack.ch\/verpackungsnews\/#website\"\n\t            },\n\t            \"primaryImageOfPage\": {\n\t                \"@id\": \"https:\/\/www.rajapack.ch\/verpackungsnews\/fadenverstaerkte-klebebaender#primaryimage\"\n\t            },\n\t            \"image\": {\n\t                \"@id\": \"https:\/\/www.rajapack.ch\/verpackungsnews\/fadenverstaerkte-klebebaender#primaryimage\"\n\t            },\n\t            \"thumbnailUrl\": \"https:\/\/www.rajapack.ch\/verpackungsnews\/wp-content\/uploads\/2018\/05\/Fadenverstaerkte-Klebebaender.jpg\",\n\t            \"datePublished\": \"2021-05-12T08:14:03+00:00\",\n\t            \"dateModified\": \"2023-05-11T13:05:09+00:00\",\n\t            \"description\": \"Fadenverst\u00e4rkte Klebeb\u00e4nder sind besonders belastbar. Erfahren Sie mehr \u00fcber die teschnischen Eigenschaften von Filamentband und Co.\",\n\t            \"inLanguage\": \"de-DE\",\n\t            \"potentialAction\": [\n\t                {\n\t                    \"@type\": \"ReadAction\",\n\t                    \"target\": [\n\t                        \"https:\/\/www.rajapack.ch\/verpackungsnews\/fadenverstaerkte-klebebaender\"\n\t                    ]\n\t                }\n\t            ]\n\t        },\n\t        {\n\t            \"@type\": \"ImageObject\",\n\t            \"inLanguage\": \"de-DE\",\n\t            \"@id\": \"https:\/\/www.rajapack.ch\/verpackungsnews\/fadenverstaerkte-klebebaender#primaryimage\",\n\t            \"url\": \"https:\/\/www.rajapack.ch\/verpackungsnews\/wp-content\/uploads\/2018\/05\/Fadenverstaerkte-Klebebaender.jpg\",\n\t            \"contentUrl\": \"https:\/\/www.rajapack.ch\/verpackungsnews\/wp-content\/uploads\/2018\/05\/Fadenverstaerkte-Klebebaender.jpg\",\n\t            \"width\": 810,\n\t            \"height\": 420,\n\t            \"caption\": \"Klebeband fadenverst\u00e4rkt: verschiedene Varianten gestapelt\"\n\t        },\n\t        {\n\t            \"@type\": \"WebSite\",\n\t            \"@id\": \"https:\/\/www.rajapack.ch\/verpackungsnews\/#website\",\n\t            \"url\": \"https:\/\/www.rajapack.ch\/verpackungsnews\/\",\n\t            \"name\": \"RAJA Blog CH\",\n\t            \"description\": \"Verpackungsnews vom Experten\",\n\t            \"publisher\": {\n\t                \"@id\": \"https:\/\/www.rajapack.ch\/verpackungsnews\/#organization\"\n\t            },\n\t            \"potentialAction\": [\n\t                {\n\t                    \"@type\": \"SearchAction\",\n\t                    \"target\": {\n\t                        \"@type\": \"EntryPoint\",\n\t                        \"urlTemplate\": \"https:\/\/www.rajapack.ch\/verpackungsnews\/?s={search_term_string}\"\n\t                    },\n\t                    \"query-input\": \"required name=search_term_string\"\n\t                }\n\t            ],\n\t            \"inLanguage\": \"de-DE\"\n\t        },\n\t        {\n\t            \"@type\": \"Organization\",\n\t            \"@id\": \"https:\/\/www.rajapack.ch\/verpackungsnews\/#organization\",\n\t            \"name\": \"RAJA Blog CH\",\n\t            \"url\": \"https:\/\/www.rajapack.ch\/verpackungsnews\/\",\n\t            \"logo\": {\n\t                \"@type\": \"ImageObject\",\n\t                \"inLanguage\": \"de-DE\",\n\t                \"@id\": \"https:\/\/www.rajapack.ch\/verpackungsnews\/#\/schema\/logo\/image\/\",\n\t                \"url\": \"\",\n\t                \"contentUrl\": \"\",\n\t                \"caption\": \"RAJA Blog CH\"\n\t            },\n\t            \"image\": {\n\t                \"@id\": \"https:\/\/www.rajapack.ch\/verpackungsnews\/#\/schema\/logo\/image\/\"\n\t            },\n\t            \"sameAs\": [\n\t                \"https:\/\/de.linkedin.com\/company\/rajapack-gmbh\"\n\t            ]\n\t        },\n\t        {\n\t            \"@type\": \"Person\",\n\t            \"@id\": \"https:\/\/www.rajapack.ch\/verpackungsnews\/#\/schema\/person\/e0825d9926514f72b2ba6eafaf517f7a\",\n\t            \"name\": \"RAJAPACK Schweiz\",\n\t            \"image\": {\n\t                \"@type\": \"ImageObject\",\n\t                \"inLanguage\": \"de-DE\",\n\t                \"@id\": \"https:\/\/www.rajapack.ch\/verpackungsnews\/#\/schema\/person\/image\/\",\n\t                \"url\": \"https:\/\/secure.gravatar.com\/avatar\/f391ad6b3c41197daad8136e36418c64?s=96&d=mm&r=g\",\n\t                \"contentUrl\": \"https:\/\/secure.gravatar.com\/avatar\/f391ad6b3c41197daad8136e36418c64?s=96&d=mm&r=g\",\n\t                \"caption\": \"RAJAPACK Schweiz\"\n\t            },\n\t            \"description\": \"Geschrieben von unseren Verpackungsexperten bei RAJAPACK Schweiz: Wir lieben Verpackungen.\",\n\t            \"url\": \"https:\/\/www.rajapack.ch\/verpackungsnews\/author\/raja-ch\"\n\t        }\n\t    ]\n\t}<\/script>\n","yoast_head_json":{"title":"Fadenverst\u00e4rkte Klebeb\u00e4nder: Hohe Belastbarkeit - RAJA Blog CH","description":"Fadenverst\u00e4rkte Klebeb\u00e4nder sind besonders belastbar. Erfahren Sie mehr \u00fcber die teschnischen Eigenschaften von Filamentband und Co.","robots":{"index":"index","follow":"follow","max-snippet":"max-snippet:-1","max-image-preview":"max-image-preview:large","max-video-preview":"max-video-preview:-1"},"canonical":"https:\/\/www.rajapack.ch\/verpackungsnews\/fadenverstaerkte-klebebaender","og_locale":"de_DE","og_type":"article","og_title":"Fadenverst\u00e4rkte Klebeb\u00e4nder: Hohe Belastbarkeit - RAJA Blog CH","og_description":"Fadenverst\u00e4rkte Klebeb\u00e4nder sind besonders belastbar. Erfahren Sie mehr \u00fcber die teschnischen Eigenschaften von Filamentband und Co.","og_url":"https:\/\/www.rajapack.ch\/verpackungsnews\/fadenverstaerkte-klebebaender","og_site_name":"RAJA Blog CH","article_published_time":"2021-05-12T08:14:03+00:00","article_modified_time":"2023-05-11T13:05:09+00:00","og_image":[{"width":810,"height":420,"url":"https:\/\/www.rajapack.ch\/verpackungsnews\/wp-content\/uploads\/2018\/05\/Fadenverstaerkte-Klebebaender.jpg","type":"image\/jpeg"}],"author":"RAJAPACK Schweiz","twitter_card":"summary_large_image","twitter_title":"Fadenverst\u00e4rkte Klebeb\u00e4nder: Hohe Belastbarkeit - RAJA Blog CH","twitter_description":"Fadenverst\u00e4rkte Klebeb\u00e4nder sind besonders belastbar. Erfahren Sie mehr \u00fcber die teschnischen Eigenschaften von Filamentband und Co.","twitter_image":"https:\/\/www.rajapack.ch\/verpackungsnews\/wp-content\/uploads\/2018\/05\/Fadenverstaerkte-Klebebaender.jpg","twitter_misc":{"Verfasst von":"RAJAPACK Schweiz","Gesch\u00e4tzte Lesezeit":"6 Minuten"},"schema":{"@context":"https:\/\/schema.org","@graph":[{"@type":"Article","@id":"https:\/\/www.rajapack.ch\/verpackungsnews\/fadenverstaerkte-klebebaender#article","isPartOf":{"@id":"https:\/\/www.rajapack.ch\/verpackungsnews\/fadenverstaerkte-klebebaender"},"author":{"name":"RAJAPACK Schweiz","@id":"https:\/\/www.rajapack.ch\/verpackungsnews\/#\/schema\/person\/e0825d9926514f72b2ba6eafaf517f7a"},"headline":"Fadenverst\u00e4rkte Klebeb\u00e4nder f\u00fcr hohe Belastbarkeit","datePublished":"2021-05-12T08:14:03+00:00","dateModified":"2023-05-11T13:05:09+00:00","mainEntityOfPage":{"@id":"https:\/\/www.rajapack.ch\/verpackungsnews\/fadenverstaerkte-klebebaender"},"wordCount":1154,"commentCount":1,"publisher":{"@id":"https:\/\/www.rajapack.ch\/verpackungsnews\/#organization"},"image":{"@id":"https:\/\/www.rajapack.ch\/verpackungsnews\/fadenverstaerkte-klebebaender#primaryimage"},"thumbnailUrl":"https:\/\/www.rajapack.ch\/verpackungsnews\/wp-content\/uploads\/2018\/05\/Fadenverstaerkte-Klebebaender.jpg","keywords":["Klebeband","Materialkunde"],"articleSection":["Kosten- und Prozessoptimierung"],"inLanguage":"de-DE","potentialAction":[{"@type":"CommentAction","name":"Comment","target":["https:\/\/www.rajapack.ch\/verpackungsnews\/fadenverstaerkte-klebebaender#respond"]}]},{"@type":"WebPage","@id":"https:\/\/www.rajapack.ch\/verpackungsnews\/fadenverstaerkte-klebebaender","url":"https:\/\/www.rajapack.ch\/verpackungsnews\/fadenverstaerkte-klebebaender","name":"Fadenverst\u00e4rkte Klebeb\u00e4nder: Hohe Belastbarkeit - RAJA Blog CH","isPartOf":{"@id":"https:\/\/www.rajapack.ch\/verpackungsnews\/#website"},"primaryImageOfPage":{"@id":"https:\/\/www.rajapack.ch\/verpackungsnews\/fadenverstaerkte-klebebaender#primaryimage"},"image":{"@id":"https:\/\/www.rajapack.ch\/verpackungsnews\/fadenverstaerkte-klebebaender#primaryimage"},"thumbnailUrl":"https:\/\/www.rajapack.ch\/verpackungsnews\/wp-content\/uploads\/2018\/05\/Fadenverstaerkte-Klebebaender.jpg","datePublished":"2021-05-12T08:14:03+00:00","dateModified":"2023-05-11T13:05:09+00:00","description":"Fadenverst\u00e4rkte Klebeb\u00e4nder sind besonders belastbar. Erfahren Sie mehr \u00fcber die teschnischen Eigenschaften von Filamentband und Co.","inLanguage":"de-DE","potentialAction":[{"@type":"ReadAction","target":["https:\/\/www.rajapack.ch\/verpackungsnews\/fadenverstaerkte-klebebaender"]}]},{"@type":"ImageObject","inLanguage":"de-DE","@id":"https:\/\/www.rajapack.ch\/verpackungsnews\/fadenverstaerkte-klebebaender#primaryimage","url":"https:\/\/www.rajapack.ch\/verpackungsnews\/wp-content\/uploads\/2018\/05\/Fadenverstaerkte-Klebebaender.jpg","contentUrl":"https:\/\/www.rajapack.ch\/verpackungsnews\/wp-content\/uploads\/2018\/05\/Fadenverstaerkte-Klebebaender.jpg","width":810,"height":420,"caption":"Klebeband fadenverst\u00e4rkt: verschiedene Varianten gestapelt"},{"@type":"WebSite","@id":"https:\/\/www.rajapack.ch\/verpackungsnews\/#website","url":"https:\/\/www.rajapack.ch\/verpackungsnews\/","name":"RAJA Blog CH","description":"Verpackungsnews vom Experten","publisher":{"@id":"https:\/\/www.rajapack.ch\/verpackungsnews\/#organization"},"potentialAction":[{"@type":"SearchAction","target":{"@type":"EntryPoint","urlTemplate":"https:\/\/www.rajapack.ch\/verpackungsnews\/?s={search_term_string}"},"query-input":"required name=search_term_string"}],"inLanguage":"de-DE"},{"@type":"Organization","@id":"https:\/\/www.rajapack.ch\/verpackungsnews\/#organization","name":"RAJA Blog CH","url":"https:\/\/www.rajapack.ch\/verpackungsnews\/","logo":{"@type":"ImageObject","inLanguage":"de-DE","@id":"https:\/\/www.rajapack.ch\/verpackungsnews\/#\/schema\/logo\/image\/","url":"","contentUrl":"","caption":"RAJA Blog CH"},"image":{"@id":"https:\/\/www.rajapack.ch\/verpackungsnews\/#\/schema\/logo\/image\/"},"sameAs":["https:\/\/de.linkedin.com\/company\/rajapack-gmbh"]},{"@type":"Person","@id":"https:\/\/www.rajapack.ch\/verpackungsnews\/#\/schema\/person\/e0825d9926514f72b2ba6eafaf517f7a","name":"RAJAPACK Schweiz","image":{"@type":"ImageObject","inLanguage":"de-DE","@id":"https:\/\/www.rajapack.ch\/verpackungsnews\/#\/schema\/person\/image\/","url":"https:\/\/secure.gravatar.com\/avatar\/f391ad6b3c41197daad8136e36418c64?s=96&d=mm&r=g","contentUrl":"https:\/\/secure.gravatar.com\/avatar\/f391ad6b3c41197daad8136e36418c64?s=96&d=mm&r=g","caption":"RAJAPACK Schweiz"},"description":"Geschrieben von unseren Verpackungsexperten bei RAJAPACK Schweiz: Wir lieben Verpackungen.","url":"https:\/\/www.rajapack.ch\/verpackungsnews\/author\/raja-ch"}]}},"_links":{"self":[{"href":"https:\/\/www.rajapack.ch\/verpackungsnews\/wp-json\/wp\/v2\/posts\/8208"}],"collection":[{"href":"https:\/\/www.rajapack.ch\/verpackungsnews\/wp-json\/wp\/v2\/posts"}],"about":[{"href":"https:\/\/www.rajapack.ch\/verpackungsnews\/wp-json\/wp\/v2\/types\/post"}],"author":[{"embeddable":true,"href":"https:\/\/www.rajapack.ch\/verpackungsnews\/wp-json\/wp\/v2\/users\/20"}],"replies":[{"embeddable":true,"href":"https:\/\/www.rajapack.ch\/verpackungsnews\/wp-json\/wp\/v2\/comments?post=8208"}],"version-history":[{"count":0,"href":"https:\/\/www.rajapack.ch\/verpackungsnews\/wp-json\/wp\/v2\/posts\/8208\/revisions"}],"wp:featuredmedia":[{"embeddable":true,"href":"https:\/\/www.rajapack.ch\/verpackungsnews\/wp-json\/wp\/v2\/media\/25420"}],"wp:attachment":[{"href":"https:\/\/www.rajapack.ch\/verpackungsnews\/wp-json\/wp\/v2\/media?parent=8208"}],"wp:term":[{"taxonomy":"category","embeddable":true,"href":"https:\/\/www.rajapack.ch\/verpackungsnews\/wp-json\/wp\/v2\/categories?post=8208"},{"taxonomy":"post_tag","embeddable":true,"href":"https:\/\/www.rajapack.ch\/verpackungsnews\/wp-json\/wp\/v2\/tags?post=8208"}],"curies":[{"name":"wp","href":"https:\/\/api.w.org\/{rel}","templated":true}]}}