{"id":8679,"date":"2020-08-14T14:04:45","date_gmt":"2020-08-14T12:04:45","guid":{"rendered":"http:\/\/blog-de.rajapack.de\/?p=8679"},"modified":"2025-11-04T13:45:05","modified_gmt":"2025-11-04T12:45:05","slug":"briefumschlag-format","status":"publish","type":"post","link":"https:\/\/www.rajapack.ch\/verpackungsnews\/briefumschlag-format","title":{"rendered":"Briefumschlag-Formate und Gr\u00f6ssen"},"content":{"rendered":"<h5>Feurige Zeilen an die Liebste, geheime Gesch\u00e4ftskorrespondenz, eine hohe Rechnung oder schlicht der letzte Gehaltszettel: K\u00f6nnten Briefumschl\u00e4ge \u00fcber ihren Inhalt erz\u00e4hlen, liessen sich mit ihren Geschichten ganze Romane f\u00fcllen. Denn auch, wenn E-Mail und Co. der klassischen Post in mancher Hinsicht l\u00e4ngst den Rang abgelaufen haben, halten die Europ\u00e4er der Briefpost weiter die Treue: Laut dem dem srf verschicken die Schweizer pro Jahr ca. 2 Milliarden Briefe. Wenngleich die Zahlen jedes Jahr sinken, sind das immer noch bemerkenswert viele Briefe. All diese Umschl\u00e4ge zu falten, aufzurollen oder zu versiegeln \u2013 wie in fr\u00fcheren Zeiten \u00fcblich \u2013 liesse wohl gar keine Zeit mehr f\u00fcr etwas anderes. Verschiedene Normen f\u00fcr Briefumschl\u00e4ge und ihre Formate haben dazu gef\u00fchrt dass das Sortieren der Post maschinell erfolgen kann.<\/h5>\n<div class=\"su-divider su-divider-style-default\" style=\"margin:15px 0;border-width:3px;border-color:#999999\"><\/div><div class=\"su-spacer\" style=\"height:20px\"><\/div>\n<div class=\"su-note\" style=\"border-color:#ccd900;border-radius:2px;-moz-border-radius:2px;-webkit-border-radius:2px;\"><div class=\"su-note-inner su-u-clearfix su-u-trim\" style=\"background-color:#e6f315;border-color:#ffffe1;color:#333333;border-radius:2px;-moz-border-radius:2px;-webkit-border-radius:2px;\">\n<h2>Schon gewusst?<\/h2>\n<div class=\"su-spacer\" style=\"height:30px\"><\/div>\nDie <a href=\"https:\/\/de.wikipedia.org\/wiki\/Briefumschlag\" target=\"_blank\" rel=\"noopener\">Anf\u00e4nge des Briefumschlages<\/a> finden sich vor knapp 200 Jahren in Brighton: Dort schnitt der Buch- und Papierwarenh\u00e4ndler S.K. Brewer mit Hilfe von Blechschablonen im Jahre 1820 die ersten Briefumschl\u00e4ge weltweit zurecht. Heute sind die Briefumschl\u00e4ge ein Massenprodukt, inzwischen lassen sich 1.600 Umschl\u00e4ge pro Minute\u00a0mit speziellen Briefumschlagmaschinen herstellen.<\/div><\/div>\n<h2>Die DIN Formate f\u00fcr die Briefumschlag-Gr\u00f6sse<\/h2>\n<div class=\"su-spacer\" style=\"height:30px\"><\/div>\nWie sehr uns die DIN Papierformate, festgelegt in der DIN 476, das Leben erleichtern, haben wir bereits im Beitrag zu den DIN-Papierformaten erl\u00e4utert. Diese Papierformate bilden auch die Grundlage f\u00fcr die Standardgr\u00f6ssen von Briefumschl\u00e4ge, die in der DIN 678 sowie der ISO 269 definiert sind. Durch die Norm soll die Auswahl an m\u00f6glichen Formaten eingeschr\u00e4nkt werden, um so den Briefverkehr und damit auch die automatisierte Logistik, Sortierung und Verteilung der Briefumschl\u00e4ge durch die Post zu vereinfachen. F\u00fcr Briefumschl\u00e4ge sind die Papierformatreihen DIN B und DIN C vorgesehen. Daneben gibt es nat\u00fcrlich auch zahlreiche Sonderformate, wie quadratische Briefumschl\u00e4ge oder Umschl\u00e4ge in \u00dcbergr\u00f6ssen.<\/p>\n<p>Die Formate der <strong>DIN C-Reihe<\/strong><strong> werden<\/strong> am h\u00e4ufigsten f\u00fcr Briefumschl\u00e4ge und Versandtaschen verwendet. In diesen Umschl\u00e4gen und Taschen finden DIN A-Formate gen\u00fcgend Platz um kosten- und platzsparend auf dem Postweg verschickt werden zu k\u00f6nnen. Zudem fassen nahezu alle Briefk\u00e4sten Umschl\u00e4ge bis zu einem Format von DIN C4 (teilweise sogar DIN B4), ohne dass der Umschlag geknickt werden muss. Denn selbstverst\u00e4ndlich ist auch die g\u00e4ngige Briefkasten\u00f6ffnung genormt (DIN EN 13724).<\/p>\n<h2>Briefumschlag: Verschiedene Formate<\/h2>\n<div class=\"su-spacer\" style=\"height:30px\"><\/div>\n<div class=\"su-table 01 table { 02 background-color: #ffffff; 03 border-collapse: collapse; 04 border: 0px; 05 } 06 thead { 07 background-color: #f3c600; 08 } 09 tfoot { 10 background-color: #F7F1D4; 11 font-size: 80%; 12 border-top: 1px solid #999; 13 } 14 td, th { 15 text-align: left; 16 padding: 0.5em 1em; 17 } su-table-responsive\">\n<table style=\"height: 643px\" width=\"600\">\n<tbody>\n<tr>\n<td style=\"text-align: center\" width=\"120\"><strong>Was<\/strong><\/td>\n<td style=\"text-align: center\" width=\"120\"><strong>Masse<\/strong><\/td>\n<td style=\"text-align: center\" width=\"300\"><strong>geeignet f\u00fcr<\/strong><\/td>\n<td style=\"text-align: center\" width=\"120\"><strong>Tarif Schweizer Post<\/strong><\/td>\n<\/tr>\n<tr>\n<td width=\"120\">DIN C6<\/td>\n<td width=\"120\">16,2 x 11,4 cm<\/td>\n<td width=\"160\">\n<ul>\n<li>Privatpost<\/li>\n<li>Handgeschriebene Briefe<\/li>\n<li>F\u00fcr DIN A5 Doppelkarten, Gl\u00fcckwunschkarten und Einladungskarten<\/li>\n<\/ul>\n<\/td>\n<td width=\"120\">Standard A: 1.10 CHF<\/p>\n<p>Standard B:0.90 CHF<\/td>\n<\/tr>\n<tr>\n<td width=\"120\">DIN lang (C5\/6)<br \/>\nDIN lang+ (C6\/5)<\/td>\n<td width=\"120\">11 x 22 cm 11,4 x 22,9 cm<\/td>\n<td width=\"160\">\n<ul>\n<li>Gesch\u00e4fts- und Amstbriefe<\/li>\n<li>DIN lang f\u00fcr manuelle Bef\u00fcllung<\/li>\n<li>DIN lang+ f\u00fcr maschinelle Bef\u00fcllung (am h\u00e4ufigsten verwendetes Briefformat)<\/li>\n<\/ul>\n<\/td>\n<td width=\"120\">Standard A 1.10 CHF<\/p>\n<p>Standard B 0.90 CHF<\/p>\n<p>Midi A:\u00a0 \u00a0 \u00a0 \u00a01.40 CHF<\/p>\n<p>Midi B:\u00a0 \u00a0 \u00a0 \u00a0 1.15 CHF<\/td>\n<\/tr>\n<tr>\n<td width=\"120\">DIN C5<br \/>\nDIN B5<\/td>\n<td width=\"120\">16,2 x 22,9 cm<br \/>\n17,6 x 25 cm<\/td>\n<td width=\"160\">\n<ul>\n<li>Grosse Gl\u00fcckwunschkarten<\/li>\n<li>einfach gefaltete DIN A4 Dokumente<\/li>\n<\/ul>\n<\/td>\n<td width=\"120\">Midi A:\u00a0 \u00a0 \u00a0 \u00a01.40 CHF<\/p>\n<p>Midi B:\u00a0 \u00a0 \u00a0 \u00a0 1.15 CHF<\/p>\n<p>&nbsp;<\/td>\n<\/tr>\n<tr>\n<td width=\"120\">DIN C4<br \/>\nDIN B4<\/td>\n<td width=\"120\">22,9 x 32,4 cm<br \/>\n23,5 x 35,3 cm<\/td>\n<td width=\"160\">\n<ul>\n<li>Zeugnisse, Urkunden<\/li>\n<li>Dokumente, die nicht geknickt werden sollen<\/li>\n<li>DIN B4: Mappen mit DIN A4 Dokumenten<\/li>\n<\/ul>\n<\/td>\n<td width=\"120\">Gro\u00df A:\u00a0 \u00a0 \u00a0 \u00a02.10 &#8211; 4.10 CHF, abh\u00e4ngig vom Gewicht<\/p>\n<p>Gro\u00df B:\u00a0 \u00a0 \u00a0 \u00a01.85 -3.65 CHF, abh\u00e4ngig vom Gewicht<\/td>\n<\/tr>\n<\/tbody>\n<\/table>\n<\/div>\n<p>Generell: A-Post (Der Schnelle) wird am Folgewerktag, auch Samstag, zugestellt. B-Post (Der G\u00fcnstige) wird innerhalb max. 3 Werktagen von Montag bis Freitag zugestellt. Zur \u00dcbersicht der <a href=\"https:\/\/www.post.ch\/de\/briefe-versenden\/briefe-schweiz\" target=\"_blank\" rel=\"noopener\">Tarife Brief<\/a> bei der Post CH<\/p>\n<h2>Das richtige Briefumschlag-Format<\/h2>\n<div class=\"su-spacer\" style=\"height:30px\"><\/div>\nAls Auswahlhilfe f\u00fcr den passenden Briefumschlag, haben wir in der Tabelle die Standardgr\u00f6ssen aus der ISO269 und DIN678 aufgef\u00fchrt und das jeweilige Portoformat der Deutschen Post erg\u00e4nzt. Die Wahl des richtigen Portoformates (S-, M-, L- oder XL-Brief) richtet sich jeweils nach dem Gewicht und der Gr\u00f6sse des Briefes. Die aktuellen Portopreise gibt es auf der <a href=\"https:\/\/www.post.ch\/de\/briefe-versenden\/briefe-schweiz\" target=\"_blank\" rel=\"noopener\">Webseite der Post CH<\/a>.<\/p>\n<div class=\"su-service\"><div class=\"su-service-title\" style=\"padding-left:54px;min-height:40px;line-height:40px\"><i class=\"sui sui-forward\" style=\"font-size:40px;color:#4169ed\"><\/i> Sie fragen sich...<\/div><div class=\"su-service-content su-u-clearfix su-u-trim\" style=\"padding-left:54px\">&#8230; was der Unterschied zwischen Briefumschl\u00e4gen und Versandtaschen ist? Die Platzierung der \u00d6ffnung: Briefumschl\u00e4ge haben die \u00d6ffnung an der langen Seite, Versandtaschen haben die \u00d6ffnung an der kurzen Seite.<\/div><\/div>\n<div class=\"su-spacer\" style=\"height:30px\"><\/div>\n<h2>Die Verschlussarten bei Briefumschl\u00e4gen<\/h2>\n<div class=\"su-spacer\" style=\"height:30px\"><\/div>\nDamit beim Brief verschicken auch wirklich nichts schief l\u00e4uft muss der Briefumschlag nat\u00fcrlich verschlossen werden. Je nach Bedarf\u00a0 gibt es unterschiedliche Verschlussarten. Dabei ist es entscheidend auf die Haltbarkeit des Klebers zu achten.<br \/>\n<div class=\"su-service\"><div class=\"su-service-title\" style=\"padding-left:54px;min-height:40px;line-height:40px\"><i class=\"sui sui-envelope-o\" style=\"font-size:40px;color:#4169ed\"><\/i> Nassklebung<\/div><div class=\"su-service-content su-u-clearfix su-u-trim\" style=\"padding-left:54px\">Bei der Nassklebung ist auf der Verschlusslasche eine Gummierung aufgetragen. In Kombination mit Feuchtigkeit wird dieser Leim aktiviert und die Lasche verschliesst nach der Befeuchtung den Umschlag. Umschl\u00e4ge mit Nassklebung k\u00f6nnen sie mindestens ein halbes Jahr ohne Klebeverlust lagern.<br \/>\n<\/div><\/div>\n<div class=\"su-service\"><div class=\"su-service-title\" style=\"padding-left:54px;min-height:40px;line-height:40px\"><i class=\"sui sui-envelope-o\" style=\"font-size:40px;color:#4169ed\"><\/i> Haftklebung<\/div><div class=\"su-service-content su-u-clearfix su-u-trim\" style=\"padding-left:54px\">Bei der Haftklebung ist keine Befeuchtung notwendig, der Klebestreifen auf der Verschlusslasche ist durch einen Abdeckstreifen gesch\u00fctzt. Wird dieser abgezogen kann der Umschlag einfach verschlossen werden. Diese Verschlussart hat mit 2 Jahren eine besonders lange Haltbarkeit.<\/div><\/div>\n<div class=\"su-service\"><div class=\"su-service-title\" style=\"padding-left:54px;min-height:40px;line-height:40px\"><i class=\"sui sui-envelope-o\" style=\"font-size:40px;color:#4169ed\"><\/i> Selbstklebung<\/div><div class=\"su-service-content su-u-clearfix su-u-trim\" style=\"padding-left:54px\">Bei dem selbstklebenden Verschluss besteht der Leim aus 2 Komponenten. Ein Klebestreifen befindet sich auf der Verschlusslasche, der andere befindet sich auf der R\u00fcckseite des Briefumschlages. Der Leim klebt durch das einfache Zusammenf\u00fcgen von Lasche und R\u00fcckseite. Diese Klebemethode hat eine Haltbarkeit von 6 Monaten.<br \/>\n<\/div><\/div>\n<div class=\"su-image-carousel su-image-carousel-has-spacing su-image-carousel-has-outline su-image-carousel-adaptive su-image-carousel-slides-style-default su-image-carousel-controls-style-light su-image-carousel-align-center\" style=\"\" data-flickity-options='{\"groupCells\":true,\"cellSelector\":\".su-image-carousel-item\",\"adaptiveHeight\":true,\"cellAlign\":\"left\",\"prevNextButtons\":true,\"pageDots\":false,\"autoPlay\":false,\"imagesLoaded\":true,\"contain\":false,\"selectedAttraction\":0.025,\"friction\":0.28}' id=\"su_image_carousel_69ee4028e7735\"><div class=\"su-image-carousel-item\"><div class=\"su-image-carousel-item-content\"><a href=\"https:\/\/www.rajapack.ch\/verpackungsnews\/wp-content\/uploads\/2020\/08\/Brief-Uebergabe.png\" target=\"_blank\" rel=\"noopener noreferrer\" data-caption=\"\"><img loading=\"lazy\" decoding=\"async\" width=\"768\" height=\"510\" src=\"https:\/\/www.rajapack.ch\/verpackungsnews\/wp-content\/uploads\/2020\/08\/Brief-Uebergabe-768x510.png\" class=\"\" alt=\"Verschiedene Briefumschl\u00e4ge\" srcset=\"https:\/\/www.rajapack.ch\/verpackungsnews\/wp-content\/uploads\/2020\/08\/Brief-Uebergabe-768x510.png 768w, https:\/\/www.rajapack.ch\/verpackungsnews\/wp-content\/uploads\/2020\/08\/Brief-Uebergabe-430x286.png 430w, https:\/\/www.rajapack.ch\/verpackungsnews\/wp-content\/uploads\/2020\/08\/Brief-Uebergabe.png 1024w\" sizes=\"(max-width: 768px) 100vw, 768px\" \/><\/a><\/div><\/div><\/div><script id=\"su_image_carousel_69ee4028e7735_script\">if(window.SUImageCarousel){setTimeout(function() {window.SUImageCarousel.initGallery(document.getElementById(\"su_image_carousel_69ee4028e7735\"))}, 0);}var su_image_carousel_69ee4028e7735_script=document.getElementById(\"su_image_carousel_69ee4028e7735_script\");if(su_image_carousel_69ee4028e7735_script){su_image_carousel_69ee4028e7735_script.parentNode.removeChild(su_image_carousel_69ee4028e7735_script);}<\/script>\n<h2>Briefe richtig beschriften<\/h2>\n<div class=\"su-spacer\" style=\"height:30px\"><\/div>\nBei Briefen ohne Sichtfenster gilt als Faustregel die Einteilung Briefmarke oben rechts auf dem Kuvert, die Empf\u00e4ngeradresse steht ebenfalls auf der rechten Seite, unterhalb der Briefmarke. Der Absender findet seinen Platz in der linken oberen Ecke. Links, rechts und unten sollte jeweils ein Rand von etwa 1,5 Zentimetern bleiben. Wer garantiert alles richtig machen will, kann sich direkt bei der \u00d6sterreichischen Post informieren, online wird beschrieben wie der Brief national und international <a href=\"https:\/\/www.post.ch\/de\/briefe-versenden\/adressieren-und-gestalten\" target=\"_blank\" rel=\"noopener\">richtig addressiert<\/a> werden muss.<\/p>\n<h2>Der Gesch\u00e4ftsbrief<\/h2>\n<div class=\"su-spacer\" style=\"height:30px\"><\/div>\nUnd weil wir gerade beim Thema Normen sind: Auch beim Schreiben von Gesch\u00e4ftsbriefen gibt es Regeln, schliesslich muss der Brief optimal in den Umschlag mit Fenster passen. In der DIN 5008 sind die Schreib- und Gestaltungsregeln f\u00fcr die Textverarbeitung im Gesch\u00e4ftsbrief festgelegt. Sie beinhaltet unter anderen die Gr\u00f6sse und Positionen von Briefkopf, Anschriftfeld und Falzmarke. Man unterscheidet dabei zwischen der Gesch\u00e4ftsbrief Vorlage A mit kleinem Briefkopf und der Gesch\u00e4ftsbrief Vorlage B mit erweitertem Briefkopf. Der Unterschied liegt in der zur Verf\u00fcgung stehenden Gr\u00f6sse f\u00fcr den Briefkopf.\u00a0 So hat man beim Typ B mehr Platz f\u00fcr Logos und Informationen zum Absender, als beim Typ A.<\/p>\n<h2>Kuvertier Briefumschl\u00e4ge<div class=\"su-spacer\" style=\"height:30px\"><\/div><\/h2>\n<p>Bei hohem Briefaufkommen tragen zeitsparende Kuvertiervorg\u00e4nge f\u00fcr den Versender erheblich zur Effizienzsteigerung bei. Eine M\u00f6glichkeit bieten Kuvertiermaschinen. Mit einer solchen Maschine k\u00f6nnen Anschreiben, Mailings, Rechnungen usw. f\u00fcr den Versand vorbereitet werden. Je nach Modell werden Dokumente maschinell gesammelt, gefalzt, ins Kuvert gesteckt und verschlossen.<\/p>\n<p>Daf\u00fcr werden nat\u00fcrlich spezielle Umschl\u00e4ge ben\u00f6tigt, die automatisch mit einem Inhalt bef\u00fcllt werden. Diese\u00a0<a href=\"https:\/\/www.rajapack.ch\/de_CH\/versandtaschen-umschlaege-versandrohre\/briefumschlaege-papier-versandtaschen\/briefkuverts\/kuvertier-briefumschlaege_PDT281580.html\" target=\"_blank\" rel=\"noopener\">Kuvertier-Briefumschl\u00e4ge<\/a>\u00a0bieten optimale Laufeigenschaften f\u00fcr die Kuvertiermaschine. Grosse St\u00fcckzahlen werden innerhalb kurzer Zeit automatisch bearbeitet. Die besondere Seitenklappenverklebung stellt sicher, dass sich die H\u00fclle w\u00e4hrend des Brieftransports seitlich nicht \u00f6ffnet. Durch die besonders randnahe Verklebung wird zudem ein Einhaken der H\u00fcllen innerhalb der Kuvertiermaschine und somit die Unterbrechung des Kuvertiervorganges verhindert.<\/p>\n<p>Auch die Fensterfolie ist besonders randnah verklebt. Damit wird sichergestellt, dass der Brief nicht w\u00e4hrend des Einf\u00fcllvorganges in der H\u00fclle verhakt und so zum Stoppen der Maschine f\u00fchrt.<\/p>\n<p>Durch optimierten Leimauftrag (Dosierung und Konsistenz) auf der Verschlussklappe ist sichergestellt, dass der Briefumschlag nach dem Anfeuchten schnell und sicher verschliessbar ist. Auch die Format-Treue der Umschl\u00e4ge spielt bei der Verarbeitung mit Kuvertiermaschinen eine wichtige Rolle. Ein gleichbleibendes Format sowohl hinsichtlich Rechtwinkligkeit als auch in Bezug auf L\u00e4nge und Breite sind f\u00fcr den st\u00f6rungsfreien Kuvertierbetrieb wichtig.<\/p>\n<p>Aufgrund dieser wichtigen Qualit\u00e4tsmerkmale ist eine \u00dcberwachung des Produktionsprozesses notwendig. Dieser wird bei unseren Kuvertier-Briefumschl\u00e4gen mittels High-Speed-Kameras \u00fcberwacht. Somit wird jeder einzelne Kuvertier-Briefumschlag \u201eInline\u201c kontrolliert.<\/p>\n<p>Der Briefumschlag ist die Ur-Postverpackung. Und obwohl dem Brief schon seit Jahren das Aus prophezeit wird, gibt es ihn immer noch. Ein echtes Erfolgsmodell eben \ud83d\ude42<\/p>\n","protected":false},"excerpt":{"rendered":"<p>Feurige Zeilen an die Liebste, geheime Gesch\u00e4ftskorrespondenz, eine hohe Rechnung oder schlicht der letzte Gehaltszettel: K\u00f6nnten Briefumschl\u00e4ge \u00fcber ihren Inhalt erz\u00e4hlen, liessen sich mit ihren Geschichten ganze Romane f\u00fcllen. Denn [&#8230;]<\/p>\n","protected":false},"author":20,"featured_media":24756,"comment_status":"open","ping_status":"closed","sticky":false,"template":"","format":"standard","meta":{"_acf_changed":false,"footnotes":""},"categories":[20],"tags":[738,725],"class_list":["post-8679","post","type-post","status-publish","format-standard","has-post-thumbnail","hentry","category-know-how","tag-porto-sparen","tag-versenden"],"acf":[],"yoast_head":"\n<title>Briefumschlag-Formate und Gr\u00f6ssen - RAJA Blog CH<\/title>\n<meta name=\"description\" content=\"Die Standardgr\u00f6ssen f\u00fcr Briefumschl\u00e4ge sind nach der DIN 678 genormt. Welche Briefumschlag-Formate es gibt haben wir zusammengefasst.\" \/>\n<meta name=\"robots\" content=\"index, follow, max-snippet:-1, max-image-preview:large, max-video-preview:-1\" \/>\n<link rel=\"canonical\" href=\"https:\/\/www.rajapack.ch\/verpackungsnews\/briefumschlag-format\" \/>\n<meta property=\"og:locale\" content=\"de_DE\" \/>\n<meta property=\"og:type\" content=\"article\" \/>\n<meta property=\"og:title\" content=\"Briefumschlag-Formate und Gr\u00f6ssen - RAJA Blog CH\" \/>\n<meta property=\"og:description\" content=\"Die Standardgr\u00f6ssen f\u00fcr Briefumschl\u00e4ge sind nach der DIN 678 genormt. Welche Briefumschlag-Formate es gibt haben wir zusammengefasst.\" \/>\n<meta property=\"og:url\" content=\"https:\/\/www.rajapack.ch\/verpackungsnews\/briefumschlag-format\" \/>\n<meta property=\"og:site_name\" content=\"RAJA Blog CH\" \/>\n<meta property=\"article:published_time\" content=\"2020-08-14T12:04:45+00:00\" \/>\n<meta property=\"article:modified_time\" content=\"2025-11-04T12:45:05+00:00\" \/>\n<meta property=\"og:image\" content=\"https:\/\/www.rajapack.ch\/verpackungsnews\/wp-content\/uploads\/2020\/08\/Briefumschlag-Format.jpg\" \/>\n\t<meta property=\"og:image:width\" content=\"810\" \/>\n\t<meta property=\"og:image:height\" content=\"420\" \/>\n\t<meta property=\"og:image:type\" content=\"image\/jpeg\" \/>\n<meta name=\"author\" content=\"RAJAPACK Schweiz\" \/>\n<meta name=\"twitter:card\" content=\"summary_large_image\" \/>\n<meta name=\"twitter:title\" content=\"Briefumschlag-Formate und Gr\u00f6ssen - RAJA Blog CH\" \/>\n<meta name=\"twitter:description\" content=\"Die Standardgr\u00f6ssen f\u00fcr Briefumschl\u00e4ge sind nach der DIN 678 genormt. Welche Briefumschlag-Formate es gibt haben wir zusammengefasst.\" \/>\n<meta name=\"twitter:image\" content=\"https:\/\/www.rajapack.ch\/verpackungsnews\/wp-content\/uploads\/2020\/08\/Briefumschlag-Format.jpg\" \/>\n<meta name=\"twitter:label1\" content=\"Verfasst von\" \/>\n\t<meta name=\"twitter:data1\" content=\"RAJAPACK Schweiz\" \/>\n\t<meta name=\"twitter:label2\" content=\"Gesch\u00e4tzte Lesezeit\" \/>\n\t<meta name=\"twitter:data2\" content=\"8 Minuten\" \/>\n<script type=\"application\/ld+json\" class=\"yoast-schema-graph\">{\n\t    \"@context\": \"https:\/\/schema.org\",\n\t    \"@graph\": [\n\t        {\n\t            \"@type\": \"Article\",\n\t            \"@id\": \"https:\/\/www.rajapack.ch\/verpackungsnews\/briefumschlag-format#article\",\n\t            \"isPartOf\": {\n\t                \"@id\": \"https:\/\/www.rajapack.ch\/verpackungsnews\/briefumschlag-format\"\n\t            },\n\t            \"author\": {\n\t                \"name\": \"RAJAPACK Schweiz\",\n\t                \"@id\": \"https:\/\/www.rajapack.ch\/verpackungsnews\/#\/schema\/person\/e0825d9926514f72b2ba6eafaf517f7a\"\n\t            },\n\t            \"headline\": \"Briefumschlag-Formate und Gr\u00f6ssen\",\n\t            \"datePublished\": \"2020-08-14T12:04:45+00:00\",\n\t            \"dateModified\": \"2025-11-04T12:45:05+00:00\",\n\t            \"mainEntityOfPage\": {\n\t                \"@id\": \"https:\/\/www.rajapack.ch\/verpackungsnews\/briefumschlag-format\"\n\t            },\n\t            \"wordCount\": 1441,\n\t            \"commentCount\": 2,\n\t            \"publisher\": {\n\t                \"@id\": \"https:\/\/www.rajapack.ch\/verpackungsnews\/#organization\"\n\t            },\n\t            \"image\": {\n\t                \"@id\": \"https:\/\/www.rajapack.ch\/verpackungsnews\/briefumschlag-format#primaryimage\"\n\t            },\n\t            \"thumbnailUrl\": \"https:\/\/www.rajapack.ch\/verpackungsnews\/wp-content\/uploads\/2020\/08\/Briefumschlag-Format.jpg\",\n\t            \"keywords\": [\n\t                \"Porto sparen\",\n\t                \"Versenden\"\n\t            ],\n\t            \"articleSection\": [\n\t                \"Know How\"\n\t            ],\n\t            \"inLanguage\": \"de-DE\",\n\t            \"potentialAction\": [\n\t                {\n\t                    \"@type\": \"CommentAction\",\n\t                    \"name\": \"Comment\",\n\t                    \"target\": [\n\t                        \"https:\/\/www.rajapack.ch\/verpackungsnews\/briefumschlag-format#respond\"\n\t                    ]\n\t                }\n\t            ]\n\t        },\n\t        {\n\t            \"@type\": \"WebPage\",\n\t            \"@id\": \"https:\/\/www.rajapack.ch\/verpackungsnews\/briefumschlag-format\",\n\t            \"url\": \"https:\/\/www.rajapack.ch\/verpackungsnews\/briefumschlag-format\",\n\t            \"name\": \"Briefumschlag-Formate und Gr\u00f6ssen - RAJA Blog CH\",\n\t            \"isPartOf\": {\n\t                \"@id\": \"https:\/\/www.rajapack.ch\/verpackungsnews\/#website\"\n\t            },\n\t            \"primaryImageOfPage\": {\n\t                \"@id\": \"https:\/\/www.rajapack.ch\/verpackungsnews\/briefumschlag-format#primaryimage\"\n\t            },\n\t            \"image\": {\n\t                \"@id\": \"https:\/\/www.rajapack.ch\/verpackungsnews\/briefumschlag-format#primaryimage\"\n\t            },\n\t            \"thumbnailUrl\": \"https:\/\/www.rajapack.ch\/verpackungsnews\/wp-content\/uploads\/2020\/08\/Briefumschlag-Format.jpg\",\n\t            \"datePublished\": \"2020-08-14T12:04:45+00:00\",\n\t            \"dateModified\": \"2025-11-04T12:45:05+00:00\",\n\t            \"description\": \"Die Standardgr\u00f6ssen f\u00fcr Briefumschl\u00e4ge sind nach der DIN 678 genormt. Welche Briefumschlag-Formate es gibt haben wir zusammengefasst.\",\n\t            \"inLanguage\": \"de-DE\",\n\t            \"potentialAction\": [\n\t                {\n\t                    \"@type\": \"ReadAction\",\n\t                    \"target\": [\n\t                        \"https:\/\/www.rajapack.ch\/verpackungsnews\/briefumschlag-format\"\n\t                    ]\n\t                }\n\t            ]\n\t        },\n\t        {\n\t            \"@type\": \"ImageObject\",\n\t            \"inLanguage\": \"de-DE\",\n\t            \"@id\": \"https:\/\/www.rajapack.ch\/verpackungsnews\/briefumschlag-format#primaryimage\",\n\t            \"url\": \"https:\/\/www.rajapack.ch\/verpackungsnews\/wp-content\/uploads\/2020\/08\/Briefumschlag-Format.jpg\",\n\t            \"contentUrl\": \"https:\/\/www.rajapack.ch\/verpackungsnews\/wp-content\/uploads\/2020\/08\/Briefumschlag-Format.jpg\",\n\t            \"width\": 810,\n\t            \"height\": 420,\n\t            \"caption\": \"Briefumschlag-Formate\"\n\t        },\n\t        {\n\t            \"@type\": \"WebSite\",\n\t            \"@id\": \"https:\/\/www.rajapack.ch\/verpackungsnews\/#website\",\n\t            \"url\": \"https:\/\/www.rajapack.ch\/verpackungsnews\/\",\n\t            \"name\": \"RAJA Blog CH\",\n\t            \"description\": \"Verpackungsnews vom Experten\",\n\t            \"publisher\": {\n\t                \"@id\": \"https:\/\/www.rajapack.ch\/verpackungsnews\/#organization\"\n\t            },\n\t            \"potentialAction\": [\n\t                {\n\t                    \"@type\": \"SearchAction\",\n\t                    \"target\": {\n\t                        \"@type\": \"EntryPoint\",\n\t                        \"urlTemplate\": \"https:\/\/www.rajapack.ch\/verpackungsnews\/?s={search_term_string}\"\n\t                    },\n\t                    \"query-input\": \"required name=search_term_string\"\n\t                }\n\t            ],\n\t            \"inLanguage\": \"de-DE\"\n\t        },\n\t        {\n\t            \"@type\": \"Organization\",\n\t            \"@id\": \"https:\/\/www.rajapack.ch\/verpackungsnews\/#organization\",\n\t            \"name\": \"RAJA Blog CH\",\n\t            \"url\": \"https:\/\/www.rajapack.ch\/verpackungsnews\/\",\n\t            \"logo\": {\n\t                \"@type\": \"ImageObject\",\n\t                \"inLanguage\": \"de-DE\",\n\t                \"@id\": \"https:\/\/www.rajapack.ch\/verpackungsnews\/#\/schema\/logo\/image\/\",\n\t                \"url\": \"\",\n\t                \"contentUrl\": \"\",\n\t                \"caption\": \"RAJA Blog CH\"\n\t            },\n\t            \"image\": {\n\t                \"@id\": \"https:\/\/www.rajapack.ch\/verpackungsnews\/#\/schema\/logo\/image\/\"\n\t            },\n\t            \"sameAs\": [\n\t                \"https:\/\/de.linkedin.com\/company\/rajapack-gmbh\"\n\t            ]\n\t        },\n\t        {\n\t            \"@type\": \"Person\",\n\t            \"@id\": \"https:\/\/www.rajapack.ch\/verpackungsnews\/#\/schema\/person\/e0825d9926514f72b2ba6eafaf517f7a\",\n\t            \"name\": \"RAJAPACK Schweiz\",\n\t            \"image\": {\n\t                \"@type\": \"ImageObject\",\n\t                \"inLanguage\": \"de-DE\",\n\t                \"@id\": \"https:\/\/www.rajapack.ch\/verpackungsnews\/#\/schema\/person\/image\/\",\n\t                \"url\": \"https:\/\/secure.gravatar.com\/avatar\/f391ad6b3c41197daad8136e36418c64?s=96&d=mm&r=g\",\n\t                \"contentUrl\": \"https:\/\/secure.gravatar.com\/avatar\/f391ad6b3c41197daad8136e36418c64?s=96&d=mm&r=g\",\n\t                \"caption\": \"RAJAPACK Schweiz\"\n\t            },\n\t            \"description\": \"Geschrieben von unseren Verpackungsexperten bei RAJAPACK Schweiz: Wir lieben Verpackungen.\",\n\t            \"url\": \"https:\/\/www.rajapack.ch\/verpackungsnews\/author\/raja-ch\"\n\t        }\n\t    ]\n\t}<\/script>\n","yoast_head_json":{"title":"Briefumschlag-Formate und Gr\u00f6ssen - RAJA Blog CH","description":"Die Standardgr\u00f6ssen f\u00fcr Briefumschl\u00e4ge sind nach der DIN 678 genormt. Welche Briefumschlag-Formate es gibt haben wir zusammengefasst.","robots":{"index":"index","follow":"follow","max-snippet":"max-snippet:-1","max-image-preview":"max-image-preview:large","max-video-preview":"max-video-preview:-1"},"canonical":"https:\/\/www.rajapack.ch\/verpackungsnews\/briefumschlag-format","og_locale":"de_DE","og_type":"article","og_title":"Briefumschlag-Formate und Gr\u00f6ssen - RAJA Blog CH","og_description":"Die Standardgr\u00f6ssen f\u00fcr Briefumschl\u00e4ge sind nach der DIN 678 genormt. Welche Briefumschlag-Formate es gibt haben wir zusammengefasst.","og_url":"https:\/\/www.rajapack.ch\/verpackungsnews\/briefumschlag-format","og_site_name":"RAJA Blog CH","article_published_time":"2020-08-14T12:04:45+00:00","article_modified_time":"2025-11-04T12:45:05+00:00","og_image":[{"width":810,"height":420,"url":"https:\/\/www.rajapack.ch\/verpackungsnews\/wp-content\/uploads\/2020\/08\/Briefumschlag-Format.jpg","type":"image\/jpeg"}],"author":"RAJAPACK Schweiz","twitter_card":"summary_large_image","twitter_title":"Briefumschlag-Formate und Gr\u00f6ssen - RAJA Blog CH","twitter_description":"Die Standardgr\u00f6ssen f\u00fcr Briefumschl\u00e4ge sind nach der DIN 678 genormt. Welche Briefumschlag-Formate es gibt haben wir zusammengefasst.","twitter_image":"https:\/\/www.rajapack.ch\/verpackungsnews\/wp-content\/uploads\/2020\/08\/Briefumschlag-Format.jpg","twitter_misc":{"Verfasst von":"RAJAPACK Schweiz","Gesch\u00e4tzte Lesezeit":"8 Minuten"},"schema":{"@context":"https:\/\/schema.org","@graph":[{"@type":"Article","@id":"https:\/\/www.rajapack.ch\/verpackungsnews\/briefumschlag-format#article","isPartOf":{"@id":"https:\/\/www.rajapack.ch\/verpackungsnews\/briefumschlag-format"},"author":{"name":"RAJAPACK Schweiz","@id":"https:\/\/www.rajapack.ch\/verpackungsnews\/#\/schema\/person\/e0825d9926514f72b2ba6eafaf517f7a"},"headline":"Briefumschlag-Formate und Gr\u00f6ssen","datePublished":"2020-08-14T12:04:45+00:00","dateModified":"2025-11-04T12:45:05+00:00","mainEntityOfPage":{"@id":"https:\/\/www.rajapack.ch\/verpackungsnews\/briefumschlag-format"},"wordCount":1441,"commentCount":2,"publisher":{"@id":"https:\/\/www.rajapack.ch\/verpackungsnews\/#organization"},"image":{"@id":"https:\/\/www.rajapack.ch\/verpackungsnews\/briefumschlag-format#primaryimage"},"thumbnailUrl":"https:\/\/www.rajapack.ch\/verpackungsnews\/wp-content\/uploads\/2020\/08\/Briefumschlag-Format.jpg","keywords":["Porto sparen","Versenden"],"articleSection":["Know How"],"inLanguage":"de-DE","potentialAction":[{"@type":"CommentAction","name":"Comment","target":["https:\/\/www.rajapack.ch\/verpackungsnews\/briefumschlag-format#respond"]}]},{"@type":"WebPage","@id":"https:\/\/www.rajapack.ch\/verpackungsnews\/briefumschlag-format","url":"https:\/\/www.rajapack.ch\/verpackungsnews\/briefumschlag-format","name":"Briefumschlag-Formate und Gr\u00f6ssen - RAJA Blog CH","isPartOf":{"@id":"https:\/\/www.rajapack.ch\/verpackungsnews\/#website"},"primaryImageOfPage":{"@id":"https:\/\/www.rajapack.ch\/verpackungsnews\/briefumschlag-format#primaryimage"},"image":{"@id":"https:\/\/www.rajapack.ch\/verpackungsnews\/briefumschlag-format#primaryimage"},"thumbnailUrl":"https:\/\/www.rajapack.ch\/verpackungsnews\/wp-content\/uploads\/2020\/08\/Briefumschlag-Format.jpg","datePublished":"2020-08-14T12:04:45+00:00","dateModified":"2025-11-04T12:45:05+00:00","description":"Die Standardgr\u00f6ssen f\u00fcr Briefumschl\u00e4ge sind nach der DIN 678 genormt. Welche Briefumschlag-Formate es gibt haben wir zusammengefasst.","inLanguage":"de-DE","potentialAction":[{"@type":"ReadAction","target":["https:\/\/www.rajapack.ch\/verpackungsnews\/briefumschlag-format"]}]},{"@type":"ImageObject","inLanguage":"de-DE","@id":"https:\/\/www.rajapack.ch\/verpackungsnews\/briefumschlag-format#primaryimage","url":"https:\/\/www.rajapack.ch\/verpackungsnews\/wp-content\/uploads\/2020\/08\/Briefumschlag-Format.jpg","contentUrl":"https:\/\/www.rajapack.ch\/verpackungsnews\/wp-content\/uploads\/2020\/08\/Briefumschlag-Format.jpg","width":810,"height":420,"caption":"Briefumschlag-Formate"},{"@type":"WebSite","@id":"https:\/\/www.rajapack.ch\/verpackungsnews\/#website","url":"https:\/\/www.rajapack.ch\/verpackungsnews\/","name":"RAJA Blog CH","description":"Verpackungsnews vom Experten","publisher":{"@id":"https:\/\/www.rajapack.ch\/verpackungsnews\/#organization"},"potentialAction":[{"@type":"SearchAction","target":{"@type":"EntryPoint","urlTemplate":"https:\/\/www.rajapack.ch\/verpackungsnews\/?s={search_term_string}"},"query-input":"required name=search_term_string"}],"inLanguage":"de-DE"},{"@type":"Organization","@id":"https:\/\/www.rajapack.ch\/verpackungsnews\/#organization","name":"RAJA Blog CH","url":"https:\/\/www.rajapack.ch\/verpackungsnews\/","logo":{"@type":"ImageObject","inLanguage":"de-DE","@id":"https:\/\/www.rajapack.ch\/verpackungsnews\/#\/schema\/logo\/image\/","url":"","contentUrl":"","caption":"RAJA Blog CH"},"image":{"@id":"https:\/\/www.rajapack.ch\/verpackungsnews\/#\/schema\/logo\/image\/"},"sameAs":["https:\/\/de.linkedin.com\/company\/rajapack-gmbh"]},{"@type":"Person","@id":"https:\/\/www.rajapack.ch\/verpackungsnews\/#\/schema\/person\/e0825d9926514f72b2ba6eafaf517f7a","name":"RAJAPACK Schweiz","image":{"@type":"ImageObject","inLanguage":"de-DE","@id":"https:\/\/www.rajapack.ch\/verpackungsnews\/#\/schema\/person\/image\/","url":"https:\/\/secure.gravatar.com\/avatar\/f391ad6b3c41197daad8136e36418c64?s=96&d=mm&r=g","contentUrl":"https:\/\/secure.gravatar.com\/avatar\/f391ad6b3c41197daad8136e36418c64?s=96&d=mm&r=g","caption":"RAJAPACK Schweiz"},"description":"Geschrieben von unseren Verpackungsexperten bei RAJAPACK Schweiz: Wir lieben Verpackungen.","url":"https:\/\/www.rajapack.ch\/verpackungsnews\/author\/raja-ch"}]}},"_links":{"self":[{"href":"https:\/\/www.rajapack.ch\/verpackungsnews\/wp-json\/wp\/v2\/posts\/8679"}],"collection":[{"href":"https:\/\/www.rajapack.ch\/verpackungsnews\/wp-json\/wp\/v2\/posts"}],"about":[{"href":"https:\/\/www.rajapack.ch\/verpackungsnews\/wp-json\/wp\/v2\/types\/post"}],"author":[{"embeddable":true,"href":"https:\/\/www.rajapack.ch\/verpackungsnews\/wp-json\/wp\/v2\/users\/20"}],"replies":[{"embeddable":true,"href":"https:\/\/www.rajapack.ch\/verpackungsnews\/wp-json\/wp\/v2\/comments?post=8679"}],"version-history":[{"count":3,"href":"https:\/\/www.rajapack.ch\/verpackungsnews\/wp-json\/wp\/v2\/posts\/8679\/revisions"}],"predecessor-version":[{"id":30657,"href":"https:\/\/www.rajapack.ch\/verpackungsnews\/wp-json\/wp\/v2\/posts\/8679\/revisions\/30657"}],"wp:featuredmedia":[{"embeddable":true,"href":"https:\/\/www.rajapack.ch\/verpackungsnews\/wp-json\/wp\/v2\/media\/24756"}],"wp:attachment":[{"href":"https:\/\/www.rajapack.ch\/verpackungsnews\/wp-json\/wp\/v2\/media?parent=8679"}],"wp:term":[{"taxonomy":"category","embeddable":true,"href":"https:\/\/www.rajapack.ch\/verpackungsnews\/wp-json\/wp\/v2\/categories?post=8679"},{"taxonomy":"post_tag","embeddable":true,"href":"https:\/\/www.rajapack.ch\/verpackungsnews\/wp-json\/wp\/v2\/tags?post=8679"}],"curies":[{"name":"wp","href":"https:\/\/api.w.org\/{rel}","templated":true}]}}